{"id":989,"date":"2022-06-20T09:36:59","date_gmt":"2022-06-20T09:36:59","guid":{"rendered":"https:\/\/oeilsportif.info\/index.php\/?p=989"},"modified":"2022-06-20T09:36:59","modified_gmt":"2022-06-20T09:36:59","slug":"laffiche-officielle-de-la-coupe-dafrique-des-nations-feminine-totalenergies-maroc-2022-devoilee","status":"publish","type":"post","link":"https:\/\/oeilsportif.info\/index.php\/laffiche-officielle-de-la-coupe-dafrique-des-nations-feminine-totalenergies-maroc-2022-devoilee\/","title":{"rendered":"L&rsquo;affiche officielle de la Coupe d&rsquo;Afrique des Nations F\u00e9minine TotalEnergies, Maroc 2022 d\u00e9voil\u00e9e !"},"content":{"rendered":"<p>&nbsp;<\/p>\n<div class=\"d3-l-grid--outer\">\n<div class=\"d3-l-grid--inner\">\n<div class=\"oc-c-article__header-image d3-l-col__col-12\">\n<div class=\"d3-o-media-object\">\n<figure class=\"d3-o-media-object__figure\"><\/figure>\n<\/div>\n<\/div>\n<\/div>\n<\/div>\n<div class=\"d3-l-grid--outer\">\n<div class=\"oc-c-article__body d3-l-grid--inner\">\n<div class=\"d3-l-col__col-8\">\n<div class=\"oc-c-body-part oc-c-body-part--text\">\n<p>Inspir\u00e9e de la nouvelle orientation dynamique du football f\u00e9minin de la CAF avec une touche architecturale marocaine, l&rsquo;affiche officielle de la Coupe d&rsquo;Afrique des Nations F\u00e9minine TotalEnergies, Maroc 2022\u2122 a \u00e9t\u00e9 d\u00e9voil\u00e9e ce lundi 20 juin 2022.<\/p>\n<\/div>\n<div class=\"oc-c-body-part oc-c-body-part--text\">\n<p>A 10 jours du coup d\u2019envoi, l&rsquo;excitation est \u00e0 son comble et les 12 meilleures \u00e9quipes du continent se pr\u00e9parent \u00e0 entrer dans l\u2019ar\u00e8ne pour la plus grande comp\u00e9tition de football f\u00e9minin africain pr\u00e9vue du 2 au 23 juillet. Un \u00e9v\u00e8nement qui mettra en vedette les plus grandes stars du football africain.<\/p>\n<\/div>\n<div class=\"oc-c-body-part oc-c-body-part--text\">\n<p>Le design sur-mesure de l\u2019affiche est un ensemble symbolique illustrant le troph\u00e9e de la comp\u00e9tition en lui donnant des formes inspir\u00e9es du style architectural marocain.<\/p>\n<\/div>\n<div class=\"oc-c-body-part oc-c-body-part--text\">\n<p>L\u2019\u0153uvre enti\u00e8re symbolise l&rsquo;essence de cette 12e \u00e9dition de la Coupe d&rsquo;Afrique des Nations F\u00e9minine TotalEnergies\u2122.<\/p>\n<\/div>\n<div class=\"oc-c-body-part oc-c-body-part--text\">\n<p>Ses couleurs sont inspir\u00e9es de la nouvelle orientation strat\u00e9gique du football f\u00e9minin de la CAF qui utilise le vert comme symbole d&rsquo;unit\u00e9, et le violet comme signal fort de la nouvelle exp\u00e9rience. Par ailleurs, la mention\u00a0<em>CAF Women\u2019s Football<\/em>\u00a0rappelle que le tournoi s\u2019inscrit dans une grande dynamique d\u2019autonomisation des femmes et de promotion d\u2019\u00e9galit\u00e9 des chances.<\/p>\n<\/div>\n<div class=\"oc-c-body-part oc-c-body-part--text\">\n<p>Les riads (\u00ab\u00a0palais\u00a0\u00bb) repr\u00e9sent\u00e9s sont un embl\u00e8me de la culture marocaine. Ils symbolisent l&rsquo;histoire et la culture du Royaume \u00e0 la fois traditionnelle et moderne.<\/p>\n<\/div>\n<div class=\"oc-c-body-part oc-c-body-part--text\">\n<p>Le troph\u00e9e rappelle l&rsquo;ambition de chaque \u00e9quipe, qui est de le soulever au soir du 23 juillet et d&rsquo;\u00eatre sacr\u00e9e championne d\u2019Afrique.<\/p>\n<\/div>\n<div class=\"oc-c-body-part oc-c-body-part--text\">\n<p>La Coupe d&rsquo;Afrique des Nations F\u00e9minine TotalEnergies, Maroc 2022\u2122 r\u00e9unira 12 \u00e9quipes qui disputeront 26 matches dans deux villes h\u00f4tes : Rabat et Casablanca.<\/p>\n<\/div>\n<div class=\"oc-c-body-part oc-c-body-part--text\">\n<p>Pour plus d&rsquo;informations sur la Coupe d&rsquo;Afrique des Nations F\u00e9minine TotalEnergies Maroc 2022\u2122, rendez-vous sur\u00a0<a title=\"URL d'origine: http:\/\/www.cafonline.com\/. Cliquez ou appuyez si vous faites confiance \u00e0 ce lien.\" href=\"https:\/\/eur05.safelinks.protection.outlook.com\/?url=http%3A%2F%2Fwww.cafonline.com%2F&amp;data=05|01|faustin.akafack%40cafonline.com|25ce0da4cd96438e035d08da52240de6|b63d6d4d7e7b4b4ab6256dde1a8bae37|1|0|637912612333832527|Unknown|TWFpbGZsb3d8eyJWIjoiMC4wLjAwMDAiLCJQIjoiV2luMzIiLCJBTiI6Ik1haWwiLCJXVCI6Mn0%3D|3000|||&amp;sdata=AhiO%2B9U2vBNpJLRztM3xD2acTLRurgpZivhsUKGuowg%3D&amp;reserved=0\" target=\"_blank\" rel=\"noopener\">www.cafonline.com<\/a><\/p>\n<\/div>\n<div class=\"oc-c-body-part oc-c-body-part--text\">\n<p>Retrouvez ci-dessous l\u2019affiche officielle en version t\u00e9l\u00e9chargeable PDF, JPG\u00a0:<\/p>\n<\/div>\n<\/div>\n<div class=\"d3-l-col__col-8\">\n<div class=\"oc-c-body-part oc-c-body-part--text\">\n<p><strong>CAF Communications Department<\/strong><\/p>\n<\/div>\n<div class=\"oc-c-body-part oc-c-body-part--text\">\n<p><a href=\"mailto:mediachannel@cafonline.com\">communications@cafonline.com<\/a><\/p>\n<\/div>\n<\/div>\n<div class=\"d3-l-col__col-8\">\n<p class=\"oc-c-body-part oc-c-body-part--document\"><a href=\"https:\/\/images.cafonline.com\/image\/upload\/caf-prd\/l4xafe2bdpqoz7kzi6qv.pdf\" target=\"storydocument\" rel=\"noopener\">WAFCON Morocco 2022 Poster\u00a0<sup>[PDF]<\/sup><\/a><\/p>\n<\/div>\n<\/div>\n<\/div>\n","protected":false},"excerpt":{"rendered":"<p>&nbsp; Inspir\u00e9e de la nouvelle orientation dynamique du football f\u00e9minin de la CAF avec une touche architecturale marocaine, l&rsquo;affiche officielle de la Coupe d&rsquo;Afrique des Nations F\u00e9minine TotalEnergies, Maroc 2022\u2122 a \u00e9t\u00e9 d\u00e9voil\u00e9e ce lundi 20 juin 2022. A 10 jours du coup d\u2019envoi, l&rsquo;excitation est \u00e0 son comble et les 12 meilleures \u00e9quipes du [&hellip;]<\/p>\n","protected":false},"author":2,"featured_media":990,"comment_status":"closed","ping_status":"open","sticky":false,"template":"","format":"standard","meta":{"_jetpack_memberships_contains_paid_content":false,"footnotes":"","jetpack_publicize_message":"","jetpack_publicize_feature_enabled":true,"jetpack_social_post_already_shared":true,"jetpack_social_options":{"image_generator_settings":{"template":"highway","default_image_id":0,"font":"","enabled":false},"version":2}},"categories":[5],"tags":[],"class_list":{"0":"post-989","1":"post","2":"type-post","3":"status-publish","4":"format-standard","5":"has-post-thumbnail","7":"category-football"},"yoast_head":"<!-- This site is optimized with the Yoast SEO plugin v27.5 - https:\/\/yoast.com\/product\/yoast-seo-wordpress\/ -->\n<title>L&#039;affiche officielle de la Coupe d&#039;Afrique des Nations F\u00e9minine TotalEnergies, Maroc 2022 d\u00e9voil\u00e9e ! - le regard du sportif<\/title>\n<meta name=\"robots\" content=\"index, follow, max-snippet:-1, max-image-preview:large, max-video-preview:-1\" \/>\n<link rel=\"canonical\" href=\"https:\/\/oeilsportif.info\/index.php\/laffiche-officielle-de-la-coupe-dafrique-des-nations-feminine-totalenergies-maroc-2022-devoilee\/\" \/>\n<meta property=\"og:locale\" content=\"fr_FR\" \/>\n<meta property=\"og:type\" content=\"article\" \/>\n<meta property=\"og:title\" content=\"L&#039;affiche officielle de la Coupe d&#039;Afrique des Nations F\u00e9minine TotalEnergies, Maroc 2022 d\u00e9voil\u00e9e ! - le regard du sportif\" \/>\n<meta property=\"og:description\" content=\"&nbsp; Inspir\u00e9e de la nouvelle orientation dynamique du football f\u00e9minin de la CAF avec une touche architecturale marocaine, l&rsquo;affiche officielle de la Coupe d&rsquo;Afrique des Nations F\u00e9minine TotalEnergies, Maroc 2022\u2122 a \u00e9t\u00e9 d\u00e9voil\u00e9e ce lundi 20 juin 2022. A 10 jours du coup d\u2019envoi, l&rsquo;excitation est \u00e0 son comble et les 12 meilleures \u00e9quipes du [&hellip;]\" \/>\n<meta property=\"og:url\" content=\"https:\/\/oeilsportif.info\/index.php\/laffiche-officielle-de-la-coupe-dafrique-des-nations-feminine-totalenergies-maroc-2022-devoilee\/\" \/>\n<meta property=\"og:site_name\" content=\"le regard du sportif\" \/>\n<meta property=\"article:published_time\" content=\"2022-06-20T09:36:59+00:00\" \/>\n<meta property=\"og:image\" content=\"https:\/\/oeilsportif.info\/wp-content\/uploads\/2022\/06\/Screenshot_20220620-093309_Facebook.jpg\" \/>\n\t<meta property=\"og:image:width\" content=\"1005\" \/>\n\t<meta property=\"og:image:height\" content=\"572\" \/>\n\t<meta property=\"og:image:type\" content=\"image\/jpeg\" \/>\n<meta name=\"author\" content=\"L&#039;Equipe de la R\u00e9daction\" \/>\n<meta name=\"twitter:label1\" content=\"\u00c9crit par\" \/>\n\t<meta name=\"twitter:data1\" content=\"L&#039;Equipe de la R\u00e9daction\" \/>\n\t<meta name=\"twitter:label2\" content=\"Dur\u00e9e de lecture estim\u00e9e\" \/>\n\t<meta name=\"twitter:data2\" content=\"2 minutes\" \/>\n<script type=\"application\/ld+json\" class=\"yoast-schema-graph\">{\"@context\":\"https:\\\/\\\/schema.org\",\"@graph\":[{\"@type\":\"Article\",\"@id\":\"https:\\\/\\\/oeilsportif.info\\\/index.php\\\/laffiche-officielle-de-la-coupe-dafrique-des-nations-feminine-totalenergies-maroc-2022-devoilee\\\/#article\",\"isPartOf\":{\"@id\":\"https:\\\/\\\/oeilsportif.info\\\/index.php\\\/laffiche-officielle-de-la-coupe-dafrique-des-nations-feminine-totalenergies-maroc-2022-devoilee\\\/\"},\"author\":{\"name\":\"L'Equipe de la R\u00e9daction\",\"@id\":\"https:\\\/\\\/oeilsportif.info\\\/#\\\/schema\\\/person\\\/cfbded294aa6095f7d96608d7905e9a1\"},\"headline\":\"L&rsquo;affiche officielle de la Coupe d&rsquo;Afrique des Nations F\u00e9minine TotalEnergies, Maroc 2022 d\u00e9voil\u00e9e !\",\"datePublished\":\"2022-06-20T09:36:59+00:00\",\"mainEntityOfPage\":{\"@id\":\"https:\\\/\\\/oeilsportif.info\\\/index.php\\\/laffiche-officielle-de-la-coupe-dafrique-des-nations-feminine-totalenergies-maroc-2022-devoilee\\\/\"},\"wordCount\":350,\"image\":{\"@id\":\"https:\\\/\\\/oeilsportif.info\\\/index.php\\\/laffiche-officielle-de-la-coupe-dafrique-des-nations-feminine-totalenergies-maroc-2022-devoilee\\\/#primaryimage\"},\"thumbnailUrl\":\"https:\\\/\\\/i0.wp.com\\\/oeilsportif.info\\\/wp-content\\\/uploads\\\/2022\\\/06\\\/Screenshot_20220620-093309_Facebook.jpg?fit=1005%2C572&ssl=1\",\"articleSection\":[\"Football\"],\"inLanguage\":\"fr-FR\"},{\"@type\":\"WebPage\",\"@id\":\"https:\\\/\\\/oeilsportif.info\\\/index.php\\\/laffiche-officielle-de-la-coupe-dafrique-des-nations-feminine-totalenergies-maroc-2022-devoilee\\\/\",\"url\":\"https:\\\/\\\/oeilsportif.info\\\/index.php\\\/laffiche-officielle-de-la-coupe-dafrique-des-nations-feminine-totalenergies-maroc-2022-devoilee\\\/\",\"name\":\"L'affiche officielle de la Coupe d'Afrique des Nations F\u00e9minine TotalEnergies, Maroc 2022 d\u00e9voil\u00e9e ! - le regard du sportif\",\"isPartOf\":{\"@id\":\"https:\\\/\\\/oeilsportif.info\\\/#website\"},\"primaryImageOfPage\":{\"@id\":\"https:\\\/\\\/oeilsportif.info\\\/index.php\\\/laffiche-officielle-de-la-coupe-dafrique-des-nations-feminine-totalenergies-maroc-2022-devoilee\\\/#primaryimage\"},\"image\":{\"@id\":\"https:\\\/\\\/oeilsportif.info\\\/index.php\\\/laffiche-officielle-de-la-coupe-dafrique-des-nations-feminine-totalenergies-maroc-2022-devoilee\\\/#primaryimage\"},\"thumbnailUrl\":\"https:\\\/\\\/i0.wp.com\\\/oeilsportif.info\\\/wp-content\\\/uploads\\\/2022\\\/06\\\/Screenshot_20220620-093309_Facebook.jpg?fit=1005%2C572&ssl=1\",\"datePublished\":\"2022-06-20T09:36:59+00:00\",\"author\":{\"@id\":\"https:\\\/\\\/oeilsportif.info\\\/#\\\/schema\\\/person\\\/cfbded294aa6095f7d96608d7905e9a1\"},\"inLanguage\":\"fr-FR\",\"potentialAction\":[{\"@type\":\"ReadAction\",\"target\":[\"https:\\\/\\\/oeilsportif.info\\\/index.php\\\/laffiche-officielle-de-la-coupe-dafrique-des-nations-feminine-totalenergies-maroc-2022-devoilee\\\/\"]}]},{\"@type\":\"ImageObject\",\"inLanguage\":\"fr-FR\",\"@id\":\"https:\\\/\\\/oeilsportif.info\\\/index.php\\\/laffiche-officielle-de-la-coupe-dafrique-des-nations-feminine-totalenergies-maroc-2022-devoilee\\\/#primaryimage\",\"url\":\"https:\\\/\\\/i0.wp.com\\\/oeilsportif.info\\\/wp-content\\\/uploads\\\/2022\\\/06\\\/Screenshot_20220620-093309_Facebook.jpg?fit=1005%2C572&ssl=1\",\"contentUrl\":\"https:\\\/\\\/i0.wp.com\\\/oeilsportif.info\\\/wp-content\\\/uploads\\\/2022\\\/06\\\/Screenshot_20220620-093309_Facebook.jpg?fit=1005%2C572&ssl=1\",\"width\":1005,\"height\":572},{\"@type\":\"WebSite\",\"@id\":\"https:\\\/\\\/oeilsportif.info\\\/#website\",\"url\":\"https:\\\/\\\/oeilsportif.info\\\/\",\"name\":\"le regard du sportif\",\"description\":\"\",\"potentialAction\":[{\"@type\":\"SearchAction\",\"target\":{\"@type\":\"EntryPoint\",\"urlTemplate\":\"https:\\\/\\\/oeilsportif.info\\\/?s={search_term_string}\"},\"query-input\":{\"@type\":\"PropertyValueSpecification\",\"valueRequired\":true,\"valueName\":\"search_term_string\"}}],\"inLanguage\":\"fr-FR\"},{\"@type\":\"Person\",\"@id\":\"https:\\\/\\\/oeilsportif.info\\\/#\\\/schema\\\/person\\\/cfbded294aa6095f7d96608d7905e9a1\",\"name\":\"L'Equipe de la R\u00e9daction\",\"image\":{\"@type\":\"ImageObject\",\"inLanguage\":\"fr-FR\",\"@id\":\"https:\\\/\\\/oeilsportif.info\\\/wp-content\\\/uploads\\\/2025\\\/07\\\/cropped-cropped-logo-os-96x96.jpeg\",\"url\":\"https:\\\/\\\/oeilsportif.info\\\/wp-content\\\/uploads\\\/2025\\\/07\\\/cropped-cropped-logo-os-96x96.jpeg\",\"contentUrl\":\"https:\\\/\\\/oeilsportif.info\\\/wp-content\\\/uploads\\\/2025\\\/07\\\/cropped-cropped-logo-os-96x96.jpeg\",\"caption\":\"L'Equipe de la R\u00e9daction\"},\"url\":\"https:\\\/\\\/oeilsportif.info\\\/index.php\\\/author\\\/tawel\\\/\"}]}<\/script>\n<!-- \/ Yoast SEO plugin. -->","yoast_head_json":{"title":"L'affiche officielle de la Coupe d'Afrique des Nations F\u00e9minine TotalEnergies, Maroc 2022 d\u00e9voil\u00e9e ! - le regard du sportif","robots":{"index":"index","follow":"follow","max-snippet":"max-snippet:-1","max-image-preview":"max-image-preview:large","max-video-preview":"max-video-preview:-1"},"canonical":"https:\/\/oeilsportif.info\/index.php\/laffiche-officielle-de-la-coupe-dafrique-des-nations-feminine-totalenergies-maroc-2022-devoilee\/","og_locale":"fr_FR","og_type":"article","og_title":"L'affiche officielle de la Coupe d'Afrique des Nations F\u00e9minine TotalEnergies, Maroc 2022 d\u00e9voil\u00e9e ! - le regard du sportif","og_description":"&nbsp; Inspir\u00e9e de la nouvelle orientation dynamique du football f\u00e9minin de la CAF avec une touche architecturale marocaine, l&rsquo;affiche officielle de la Coupe d&rsquo;Afrique des Nations F\u00e9minine TotalEnergies, Maroc 2022\u2122 a \u00e9t\u00e9 d\u00e9voil\u00e9e ce lundi 20 juin 2022. A 10 jours du coup d\u2019envoi, l&rsquo;excitation est \u00e0 son comble et les 12 meilleures \u00e9quipes du [&hellip;]","og_url":"https:\/\/oeilsportif.info\/index.php\/laffiche-officielle-de-la-coupe-dafrique-des-nations-feminine-totalenergies-maroc-2022-devoilee\/","og_site_name":"le regard du sportif","article_published_time":"2022-06-20T09:36:59+00:00","og_image":[{"width":1005,"height":572,"url":"https:\/\/oeilsportif.info\/wp-content\/uploads\/2022\/06\/Screenshot_20220620-093309_Facebook.jpg","type":"image\/jpeg"}],"author":"L'Equipe de la R\u00e9daction","twitter_misc":{"\u00c9crit par":"L'Equipe de la R\u00e9daction","Dur\u00e9e de lecture estim\u00e9e":"2 minutes"},"schema":{"@context":"https:\/\/schema.org","@graph":[{"@type":"Article","@id":"https:\/\/oeilsportif.info\/index.php\/laffiche-officielle-de-la-coupe-dafrique-des-nations-feminine-totalenergies-maroc-2022-devoilee\/#article","isPartOf":{"@id":"https:\/\/oeilsportif.info\/index.php\/laffiche-officielle-de-la-coupe-dafrique-des-nations-feminine-totalenergies-maroc-2022-devoilee\/"},"author":{"name":"L'Equipe de la R\u00e9daction","@id":"https:\/\/oeilsportif.info\/#\/schema\/person\/cfbded294aa6095f7d96608d7905e9a1"},"headline":"L&rsquo;affiche officielle de la Coupe d&rsquo;Afrique des Nations F\u00e9minine TotalEnergies, Maroc 2022 d\u00e9voil\u00e9e !","datePublished":"2022-06-20T09:36:59+00:00","mainEntityOfPage":{"@id":"https:\/\/oeilsportif.info\/index.php\/laffiche-officielle-de-la-coupe-dafrique-des-nations-feminine-totalenergies-maroc-2022-devoilee\/"},"wordCount":350,"image":{"@id":"https:\/\/oeilsportif.info\/index.php\/laffiche-officielle-de-la-coupe-dafrique-des-nations-feminine-totalenergies-maroc-2022-devoilee\/#primaryimage"},"thumbnailUrl":"https:\/\/i0.wp.com\/oeilsportif.info\/wp-content\/uploads\/2022\/06\/Screenshot_20220620-093309_Facebook.jpg?fit=1005%2C572&ssl=1","articleSection":["Football"],"inLanguage":"fr-FR"},{"@type":"WebPage","@id":"https:\/\/oeilsportif.info\/index.php\/laffiche-officielle-de-la-coupe-dafrique-des-nations-feminine-totalenergies-maroc-2022-devoilee\/","url":"https:\/\/oeilsportif.info\/index.php\/laffiche-officielle-de-la-coupe-dafrique-des-nations-feminine-totalenergies-maroc-2022-devoilee\/","name":"L'affiche officielle de la Coupe d'Afrique des Nations F\u00e9minine TotalEnergies, Maroc 2022 d\u00e9voil\u00e9e ! - le regard du sportif","isPartOf":{"@id":"https:\/\/oeilsportif.info\/#website"},"primaryImageOfPage":{"@id":"https:\/\/oeilsportif.info\/index.php\/laffiche-officielle-de-la-coupe-dafrique-des-nations-feminine-totalenergies-maroc-2022-devoilee\/#primaryimage"},"image":{"@id":"https:\/\/oeilsportif.info\/index.php\/laffiche-officielle-de-la-coupe-dafrique-des-nations-feminine-totalenergies-maroc-2022-devoilee\/#primaryimage"},"thumbnailUrl":"https:\/\/i0.wp.com\/oeilsportif.info\/wp-content\/uploads\/2022\/06\/Screenshot_20220620-093309_Facebook.jpg?fit=1005%2C572&ssl=1","datePublished":"2022-06-20T09:36:59+00:00","author":{"@id":"https:\/\/oeilsportif.info\/#\/schema\/person\/cfbded294aa6095f7d96608d7905e9a1"},"inLanguage":"fr-FR","potentialAction":[{"@type":"ReadAction","target":["https:\/\/oeilsportif.info\/index.php\/laffiche-officielle-de-la-coupe-dafrique-des-nations-feminine-totalenergies-maroc-2022-devoilee\/"]}]},{"@type":"ImageObject","inLanguage":"fr-FR","@id":"https:\/\/oeilsportif.info\/index.php\/laffiche-officielle-de-la-coupe-dafrique-des-nations-feminine-totalenergies-maroc-2022-devoilee\/#primaryimage","url":"https:\/\/i0.wp.com\/oeilsportif.info\/wp-content\/uploads\/2022\/06\/Screenshot_20220620-093309_Facebook.jpg?fit=1005%2C572&ssl=1","contentUrl":"https:\/\/i0.wp.com\/oeilsportif.info\/wp-content\/uploads\/2022\/06\/Screenshot_20220620-093309_Facebook.jpg?fit=1005%2C572&ssl=1","width":1005,"height":572},{"@type":"WebSite","@id":"https:\/\/oeilsportif.info\/#website","url":"https:\/\/oeilsportif.info\/","name":"le regard du sportif","description":"","potentialAction":[{"@type":"SearchAction","target":{"@type":"EntryPoint","urlTemplate":"https:\/\/oeilsportif.info\/?s={search_term_string}"},"query-input":{"@type":"PropertyValueSpecification","valueRequired":true,"valueName":"search_term_string"}}],"inLanguage":"fr-FR"},{"@type":"Person","@id":"https:\/\/oeilsportif.info\/#\/schema\/person\/cfbded294aa6095f7d96608d7905e9a1","name":"L'Equipe de la R\u00e9daction","image":{"@type":"ImageObject","inLanguage":"fr-FR","@id":"https:\/\/oeilsportif.info\/wp-content\/uploads\/2025\/07\/cropped-cropped-logo-os-96x96.jpeg","url":"https:\/\/oeilsportif.info\/wp-content\/uploads\/2025\/07\/cropped-cropped-logo-os-96x96.jpeg","contentUrl":"https:\/\/oeilsportif.info\/wp-content\/uploads\/2025\/07\/cropped-cropped-logo-os-96x96.jpeg","caption":"L'Equipe de la R\u00e9daction"},"url":"https:\/\/oeilsportif.info\/index.php\/author\/tawel\/"}]}},"jetpack_publicize_connections":[],"jetpack_featured_media_url":"https:\/\/i0.wp.com\/oeilsportif.info\/wp-content\/uploads\/2022\/06\/Screenshot_20220620-093309_Facebook.jpg?fit=1005%2C572&ssl=1","jetpack-related-posts":[],"jetpack_sharing_enabled":true,"jetpack_likes_enabled":true,"jetpack_shortlink":"https:\/\/wp.me\/pgFE77-fX","_links":{"self":[{"href":"https:\/\/oeilsportif.info\/index.php\/wp-json\/wp\/v2\/posts\/989","targetHints":{"allow":["GET"]}}],"collection":[{"href":"https:\/\/oeilsportif.info\/index.php\/wp-json\/wp\/v2\/posts"}],"about":[{"href":"https:\/\/oeilsportif.info\/index.php\/wp-json\/wp\/v2\/types\/post"}],"author":[{"embeddable":true,"href":"https:\/\/oeilsportif.info\/index.php\/wp-json\/wp\/v2\/users\/2"}],"replies":[{"embeddable":true,"href":"https:\/\/oeilsportif.info\/index.php\/wp-json\/wp\/v2\/comments?post=989"}],"version-history":[{"count":0,"href":"https:\/\/oeilsportif.info\/index.php\/wp-json\/wp\/v2\/posts\/989\/revisions"}],"wp:featuredmedia":[{"embeddable":true,"href":"https:\/\/oeilsportif.info\/index.php\/wp-json\/wp\/v2\/media\/990"}],"wp:attachment":[{"href":"https:\/\/oeilsportif.info\/index.php\/wp-json\/wp\/v2\/media?parent=989"}],"wp:term":[{"taxonomy":"category","embeddable":true,"href":"https:\/\/oeilsportif.info\/index.php\/wp-json\/wp\/v2\/categories?post=989"},{"taxonomy":"post_tag","embeddable":true,"href":"https:\/\/oeilsportif.info\/index.php\/wp-json\/wp\/v2\/tags?post=989"}],"curies":[{"name":"wp","href":"https:\/\/api.w.org\/{rel}","templated":true}]}}