{"id":986,"date":"2022-06-20T09:11:16","date_gmt":"2022-06-20T09:11:16","guid":{"rendered":"https:\/\/oeilsportif.info\/index.php\/?p=986"},"modified":"2022-06-20T09:11:16","modified_gmt":"2022-06-20T09:11:16","slug":"mercato-abou-ouattara-a-la-relance-en-moldavie","status":"publish","type":"post","link":"https:\/\/oeilsportif.info\/index.php\/mercato-abou-ouattara-a-la-relance-en-moldavie\/","title":{"rendered":"Mercato: Abou Ouattara \u00e0 la relance en Moldavie !"},"content":{"rendered":"<p>L&rsquo;ailier Burkinab\u00e8 Abou Ouattara s&rsquo;est engag\u00e9 officiellement avec le champion de Moldavie Scherif Tiraspol.<\/p>\n<p>Le Burkinab\u00e8 qui a eu du mal \u00e0 s&rsquo;imposer en France(Lille,Amiens,Valenciennes) se trouve un nouveau challenge avec le Scherif Tiraspol en Moldavie. Il rejoint Cedric Badolo,son compatriote Burkinab\u00e8 qui est en pr\u00eat dans ce club de Sh\u00e9rif depuis Janvier dernier.<\/p>\n<p>Un nouveau d\u00e9fi pour l&rsquo;international Burkinab\u00e8 Abou Ouattara de 22 ans.<\/p>\n<p><strong>MoussavouBilla<\/strong><\/p>\n","protected":false},"excerpt":{"rendered":"<p>L&rsquo;ailier Burkinab\u00e8 Abou Ouattara s&rsquo;est engag\u00e9 officiellement avec le champion de Moldavie Scherif Tiraspol. Le Burkinab\u00e8 qui a eu du mal \u00e0 s&rsquo;imposer en France(Lille,Amiens,Valenciennes) se trouve un nouveau challenge avec le Scherif Tiraspol en Moldavie. Il rejoint Cedric Badolo,son compatriote Burkinab\u00e8 qui est en pr\u00eat dans ce club de Sh\u00e9rif depuis Janvier dernier. Un [&hellip;]<\/p>\n","protected":false},"author":2,"featured_media":987,"comment_status":"closed","ping_status":"open","sticky":false,"template":"","format":"standard","meta":{"_jetpack_memberships_contains_paid_content":false,"footnotes":"","jetpack_publicize_message":"","jetpack_publicize_feature_enabled":true,"jetpack_social_post_already_shared":true,"jetpack_social_options":{"image_generator_settings":{"template":"highway","default_image_id":0,"font":"","enabled":false},"version":2}},"categories":[5],"tags":[],"class_list":{"0":"post-986","1":"post","2":"type-post","3":"status-publish","4":"format-standard","5":"has-post-thumbnail","7":"category-football"},"yoast_head":"<!-- This site is optimized with the Yoast SEO plugin v27.5 - https:\/\/yoast.com\/product\/yoast-seo-wordpress\/ -->\n<title>Mercato: Abou Ouattara \u00e0 la relance en Moldavie ! - le regard du sportif<\/title>\n<meta name=\"robots\" content=\"index, follow, max-snippet:-1, max-image-preview:large, max-video-preview:-1\" \/>\n<link rel=\"canonical\" href=\"https:\/\/oeilsportif.info\/index.php\/mercato-abou-ouattara-a-la-relance-en-moldavie\/\" \/>\n<meta property=\"og:locale\" content=\"fr_FR\" \/>\n<meta property=\"og:type\" content=\"article\" \/>\n<meta property=\"og:title\" content=\"Mercato: Abou Ouattara \u00e0 la relance en Moldavie ! - le regard du sportif\" \/>\n<meta property=\"og:description\" content=\"L&rsquo;ailier Burkinab\u00e8 Abou Ouattara s&rsquo;est engag\u00e9 officiellement avec le champion de Moldavie Scherif Tiraspol. Le Burkinab\u00e8 qui a eu du mal \u00e0 s&rsquo;imposer en France(Lille,Amiens,Valenciennes) se trouve un nouveau challenge avec le Scherif Tiraspol en Moldavie. Il rejoint Cedric Badolo,son compatriote Burkinab\u00e8 qui est en pr\u00eat dans ce club de Sh\u00e9rif depuis Janvier dernier. Un [&hellip;]\" \/>\n<meta property=\"og:url\" content=\"https:\/\/oeilsportif.info\/index.php\/mercato-abou-ouattara-a-la-relance-en-moldavie\/\" \/>\n<meta property=\"og:site_name\" content=\"le regard du sportif\" \/>\n<meta property=\"article:published_time\" content=\"2022-06-20T09:11:16+00:00\" \/>\n<meta property=\"og:image\" content=\"https:\/\/oeilsportif.info\/wp-content\/uploads\/2022\/06\/FB_IMG_1655714378335.jpg\" \/>\n\t<meta property=\"og:image:width\" content=\"960\" \/>\n\t<meta property=\"og:image:height\" content=\"960\" \/>\n\t<meta property=\"og:image:type\" content=\"image\/jpeg\" \/>\n<meta name=\"author\" content=\"L&#039;Equipe de la R\u00e9daction\" \/>\n<meta name=\"twitter:label1\" content=\"\u00c9crit par\" \/>\n\t<meta name=\"twitter:data1\" content=\"L&#039;Equipe de la R\u00e9daction\" \/>\n\t<meta name=\"twitter:label2\" content=\"Dur\u00e9e de lecture estim\u00e9e\" \/>\n\t<meta name=\"twitter:data2\" content=\"1 minute\" \/>\n<script type=\"application\/ld+json\" class=\"yoast-schema-graph\">{\"@context\":\"https:\\\/\\\/schema.org\",\"@graph\":[{\"@type\":\"Article\",\"@id\":\"https:\\\/\\\/oeilsportif.info\\\/index.php\\\/mercato-abou-ouattara-a-la-relance-en-moldavie\\\/#article\",\"isPartOf\":{\"@id\":\"https:\\\/\\\/oeilsportif.info\\\/index.php\\\/mercato-abou-ouattara-a-la-relance-en-moldavie\\\/\"},\"author\":{\"name\":\"L'Equipe de la R\u00e9daction\",\"@id\":\"https:\\\/\\\/oeilsportif.info\\\/#\\\/schema\\\/person\\\/cfbded294aa6095f7d96608d7905e9a1\"},\"headline\":\"Mercato: Abou Ouattara \u00e0 la relance en Moldavie !\",\"datePublished\":\"2022-06-20T09:11:16+00:00\",\"mainEntityOfPage\":{\"@id\":\"https:\\\/\\\/oeilsportif.info\\\/index.php\\\/mercato-abou-ouattara-a-la-relance-en-moldavie\\\/\"},\"wordCount\":82,\"image\":{\"@id\":\"https:\\\/\\\/oeilsportif.info\\\/index.php\\\/mercato-abou-ouattara-a-la-relance-en-moldavie\\\/#primaryimage\"},\"thumbnailUrl\":\"https:\\\/\\\/i0.wp.com\\\/oeilsportif.info\\\/wp-content\\\/uploads\\\/2022\\\/06\\\/FB_IMG_1655714378335.jpg?fit=960%2C960&ssl=1\",\"articleSection\":[\"Football\"],\"inLanguage\":\"fr-FR\"},{\"@type\":\"WebPage\",\"@id\":\"https:\\\/\\\/oeilsportif.info\\\/index.php\\\/mercato-abou-ouattara-a-la-relance-en-moldavie\\\/\",\"url\":\"https:\\\/\\\/oeilsportif.info\\\/index.php\\\/mercato-abou-ouattara-a-la-relance-en-moldavie\\\/\",\"name\":\"Mercato: Abou Ouattara \u00e0 la relance en Moldavie ! - le regard du sportif\",\"isPartOf\":{\"@id\":\"https:\\\/\\\/oeilsportif.info\\\/#website\"},\"primaryImageOfPage\":{\"@id\":\"https:\\\/\\\/oeilsportif.info\\\/index.php\\\/mercato-abou-ouattara-a-la-relance-en-moldavie\\\/#primaryimage\"},\"image\":{\"@id\":\"https:\\\/\\\/oeilsportif.info\\\/index.php\\\/mercato-abou-ouattara-a-la-relance-en-moldavie\\\/#primaryimage\"},\"thumbnailUrl\":\"https:\\\/\\\/i0.wp.com\\\/oeilsportif.info\\\/wp-content\\\/uploads\\\/2022\\\/06\\\/FB_IMG_1655714378335.jpg?fit=960%2C960&ssl=1\",\"datePublished\":\"2022-06-20T09:11:16+00:00\",\"author\":{\"@id\":\"https:\\\/\\\/oeilsportif.info\\\/#\\\/schema\\\/person\\\/cfbded294aa6095f7d96608d7905e9a1\"},\"inLanguage\":\"fr-FR\",\"potentialAction\":[{\"@type\":\"ReadAction\",\"target\":[\"https:\\\/\\\/oeilsportif.info\\\/index.php\\\/mercato-abou-ouattara-a-la-relance-en-moldavie\\\/\"]}]},{\"@type\":\"ImageObject\",\"inLanguage\":\"fr-FR\",\"@id\":\"https:\\\/\\\/oeilsportif.info\\\/index.php\\\/mercato-abou-ouattara-a-la-relance-en-moldavie\\\/#primaryimage\",\"url\":\"https:\\\/\\\/i0.wp.com\\\/oeilsportif.info\\\/wp-content\\\/uploads\\\/2022\\\/06\\\/FB_IMG_1655714378335.jpg?fit=960%2C960&ssl=1\",\"contentUrl\":\"https:\\\/\\\/i0.wp.com\\\/oeilsportif.info\\\/wp-content\\\/uploads\\\/2022\\\/06\\\/FB_IMG_1655714378335.jpg?fit=960%2C960&ssl=1\",\"width\":960,\"height\":960},{\"@type\":\"WebSite\",\"@id\":\"https:\\\/\\\/oeilsportif.info\\\/#website\",\"url\":\"https:\\\/\\\/oeilsportif.info\\\/\",\"name\":\"le regard du sportif\",\"description\":\"\",\"potentialAction\":[{\"@type\":\"SearchAction\",\"target\":{\"@type\":\"EntryPoint\",\"urlTemplate\":\"https:\\\/\\\/oeilsportif.info\\\/?s={search_term_string}\"},\"query-input\":{\"@type\":\"PropertyValueSpecification\",\"valueRequired\":true,\"valueName\":\"search_term_string\"}}],\"inLanguage\":\"fr-FR\"},{\"@type\":\"Person\",\"@id\":\"https:\\\/\\\/oeilsportif.info\\\/#\\\/schema\\\/person\\\/cfbded294aa6095f7d96608d7905e9a1\",\"name\":\"L'Equipe de la R\u00e9daction\",\"image\":{\"@type\":\"ImageObject\",\"inLanguage\":\"fr-FR\",\"@id\":\"https:\\\/\\\/oeilsportif.info\\\/wp-content\\\/uploads\\\/2025\\\/07\\\/cropped-cropped-logo-os-96x96.jpeg\",\"url\":\"https:\\\/\\\/oeilsportif.info\\\/wp-content\\\/uploads\\\/2025\\\/07\\\/cropped-cropped-logo-os-96x96.jpeg\",\"contentUrl\":\"https:\\\/\\\/oeilsportif.info\\\/wp-content\\\/uploads\\\/2025\\\/07\\\/cropped-cropped-logo-os-96x96.jpeg\",\"caption\":\"L'Equipe de la R\u00e9daction\"},\"url\":\"https:\\\/\\\/oeilsportif.info\\\/index.php\\\/author\\\/tawel\\\/\"}]}<\/script>\n<!-- \/ Yoast SEO plugin. -->","yoast_head_json":{"title":"Mercato: Abou Ouattara \u00e0 la relance en Moldavie ! - le regard du sportif","robots":{"index":"index","follow":"follow","max-snippet":"max-snippet:-1","max-image-preview":"max-image-preview:large","max-video-preview":"max-video-preview:-1"},"canonical":"https:\/\/oeilsportif.info\/index.php\/mercato-abou-ouattara-a-la-relance-en-moldavie\/","og_locale":"fr_FR","og_type":"article","og_title":"Mercato: Abou Ouattara \u00e0 la relance en Moldavie ! - le regard du sportif","og_description":"L&rsquo;ailier Burkinab\u00e8 Abou Ouattara s&rsquo;est engag\u00e9 officiellement avec le champion de Moldavie Scherif Tiraspol. Le Burkinab\u00e8 qui a eu du mal \u00e0 s&rsquo;imposer en France(Lille,Amiens,Valenciennes) se trouve un nouveau challenge avec le Scherif Tiraspol en Moldavie. Il rejoint Cedric Badolo,son compatriote Burkinab\u00e8 qui est en pr\u00eat dans ce club de Sh\u00e9rif depuis Janvier dernier. Un [&hellip;]","og_url":"https:\/\/oeilsportif.info\/index.php\/mercato-abou-ouattara-a-la-relance-en-moldavie\/","og_site_name":"le regard du sportif","article_published_time":"2022-06-20T09:11:16+00:00","og_image":[{"width":960,"height":960,"url":"https:\/\/oeilsportif.info\/wp-content\/uploads\/2022\/06\/FB_IMG_1655714378335.jpg","type":"image\/jpeg"}],"author":"L'Equipe de la R\u00e9daction","twitter_misc":{"\u00c9crit par":"L'Equipe de la R\u00e9daction","Dur\u00e9e de lecture estim\u00e9e":"1 minute"},"schema":{"@context":"https:\/\/schema.org","@graph":[{"@type":"Article","@id":"https:\/\/oeilsportif.info\/index.php\/mercato-abou-ouattara-a-la-relance-en-moldavie\/#article","isPartOf":{"@id":"https:\/\/oeilsportif.info\/index.php\/mercato-abou-ouattara-a-la-relance-en-moldavie\/"},"author":{"name":"L'Equipe de la R\u00e9daction","@id":"https:\/\/oeilsportif.info\/#\/schema\/person\/cfbded294aa6095f7d96608d7905e9a1"},"headline":"Mercato: Abou Ouattara \u00e0 la relance en Moldavie !","datePublished":"2022-06-20T09:11:16+00:00","mainEntityOfPage":{"@id":"https:\/\/oeilsportif.info\/index.php\/mercato-abou-ouattara-a-la-relance-en-moldavie\/"},"wordCount":82,"image":{"@id":"https:\/\/oeilsportif.info\/index.php\/mercato-abou-ouattara-a-la-relance-en-moldavie\/#primaryimage"},"thumbnailUrl":"https:\/\/i0.wp.com\/oeilsportif.info\/wp-content\/uploads\/2022\/06\/FB_IMG_1655714378335.jpg?fit=960%2C960&ssl=1","articleSection":["Football"],"inLanguage":"fr-FR"},{"@type":"WebPage","@id":"https:\/\/oeilsportif.info\/index.php\/mercato-abou-ouattara-a-la-relance-en-moldavie\/","url":"https:\/\/oeilsportif.info\/index.php\/mercato-abou-ouattara-a-la-relance-en-moldavie\/","name":"Mercato: Abou Ouattara \u00e0 la relance en Moldavie ! - le regard du sportif","isPartOf":{"@id":"https:\/\/oeilsportif.info\/#website"},"primaryImageOfPage":{"@id":"https:\/\/oeilsportif.info\/index.php\/mercato-abou-ouattara-a-la-relance-en-moldavie\/#primaryimage"},"image":{"@id":"https:\/\/oeilsportif.info\/index.php\/mercato-abou-ouattara-a-la-relance-en-moldavie\/#primaryimage"},"thumbnailUrl":"https:\/\/i0.wp.com\/oeilsportif.info\/wp-content\/uploads\/2022\/06\/FB_IMG_1655714378335.jpg?fit=960%2C960&ssl=1","datePublished":"2022-06-20T09:11:16+00:00","author":{"@id":"https:\/\/oeilsportif.info\/#\/schema\/person\/cfbded294aa6095f7d96608d7905e9a1"},"inLanguage":"fr-FR","potentialAction":[{"@type":"ReadAction","target":["https:\/\/oeilsportif.info\/index.php\/mercato-abou-ouattara-a-la-relance-en-moldavie\/"]}]},{"@type":"ImageObject","inLanguage":"fr-FR","@id":"https:\/\/oeilsportif.info\/index.php\/mercato-abou-ouattara-a-la-relance-en-moldavie\/#primaryimage","url":"https:\/\/i0.wp.com\/oeilsportif.info\/wp-content\/uploads\/2022\/06\/FB_IMG_1655714378335.jpg?fit=960%2C960&ssl=1","contentUrl":"https:\/\/i0.wp.com\/oeilsportif.info\/wp-content\/uploads\/2022\/06\/FB_IMG_1655714378335.jpg?fit=960%2C960&ssl=1","width":960,"height":960},{"@type":"WebSite","@id":"https:\/\/oeilsportif.info\/#website","url":"https:\/\/oeilsportif.info\/","name":"le regard du sportif","description":"","potentialAction":[{"@type":"SearchAction","target":{"@type":"EntryPoint","urlTemplate":"https:\/\/oeilsportif.info\/?s={search_term_string}"},"query-input":{"@type":"PropertyValueSpecification","valueRequired":true,"valueName":"search_term_string"}}],"inLanguage":"fr-FR"},{"@type":"Person","@id":"https:\/\/oeilsportif.info\/#\/schema\/person\/cfbded294aa6095f7d96608d7905e9a1","name":"L'Equipe de la R\u00e9daction","image":{"@type":"ImageObject","inLanguage":"fr-FR","@id":"https:\/\/oeilsportif.info\/wp-content\/uploads\/2025\/07\/cropped-cropped-logo-os-96x96.jpeg","url":"https:\/\/oeilsportif.info\/wp-content\/uploads\/2025\/07\/cropped-cropped-logo-os-96x96.jpeg","contentUrl":"https:\/\/oeilsportif.info\/wp-content\/uploads\/2025\/07\/cropped-cropped-logo-os-96x96.jpeg","caption":"L'Equipe de la R\u00e9daction"},"url":"https:\/\/oeilsportif.info\/index.php\/author\/tawel\/"}]}},"jetpack_publicize_connections":[],"jetpack_featured_media_url":"https:\/\/i0.wp.com\/oeilsportif.info\/wp-content\/uploads\/2022\/06\/FB_IMG_1655714378335.jpg?fit=960%2C960&ssl=1","jetpack-related-posts":[],"jetpack_sharing_enabled":true,"jetpack_likes_enabled":true,"jetpack_shortlink":"https:\/\/wp.me\/pgFE77-fU","_links":{"self":[{"href":"https:\/\/oeilsportif.info\/index.php\/wp-json\/wp\/v2\/posts\/986","targetHints":{"allow":["GET"]}}],"collection":[{"href":"https:\/\/oeilsportif.info\/index.php\/wp-json\/wp\/v2\/posts"}],"about":[{"href":"https:\/\/oeilsportif.info\/index.php\/wp-json\/wp\/v2\/types\/post"}],"author":[{"embeddable":true,"href":"https:\/\/oeilsportif.info\/index.php\/wp-json\/wp\/v2\/users\/2"}],"replies":[{"embeddable":true,"href":"https:\/\/oeilsportif.info\/index.php\/wp-json\/wp\/v2\/comments?post=986"}],"version-history":[{"count":0,"href":"https:\/\/oeilsportif.info\/index.php\/wp-json\/wp\/v2\/posts\/986\/revisions"}],"wp:featuredmedia":[{"embeddable":true,"href":"https:\/\/oeilsportif.info\/index.php\/wp-json\/wp\/v2\/media\/987"}],"wp:attachment":[{"href":"https:\/\/oeilsportif.info\/index.php\/wp-json\/wp\/v2\/media?parent=986"}],"wp:term":[{"taxonomy":"category","embeddable":true,"href":"https:\/\/oeilsportif.info\/index.php\/wp-json\/wp\/v2\/categories?post=986"},{"taxonomy":"post_tag","embeddable":true,"href":"https:\/\/oeilsportif.info\/index.php\/wp-json\/wp\/v2\/tags?post=986"}],"curies":[{"name":"wp","href":"https:\/\/api.w.org\/{rel}","templated":true}]}}