{"id":971,"date":"2022-06-19T10:57:08","date_gmt":"2022-06-19T10:57:08","guid":{"rendered":"https:\/\/oeilsportif.info\/index.php\/?p=971"},"modified":"2022-06-19T10:57:08","modified_gmt":"2022-06-19T10:57:08","slug":"mondial-u20-depart-des-handballeuses-guineennes","status":"publish","type":"post","link":"https:\/\/oeilsportif.info\/index.php\/mondial-u20-depart-des-handballeuses-guineennes\/","title":{"rendered":"Mondial U20 : D\u00e9part des handballeuses guin\u00e9ennes !"},"content":{"rendered":"<p><strong>Le Championnat du Monde F\u00e9minins Juniors d\u00e9marre le mercredi 22 juin 2022 en Slov\u00e9nie. Le Syli Handball U20 qualifi\u00e9 pour ce rendez-vous mondial, a quitt\u00e9 Conakry ce samedi 18 juin 2022 pour la Slov\u00e9nie.<\/strong><\/p>\n<p>La derni\u00e8re partie des pr\u00e9paratifs se fera \u00e0 Prague (R\u00e9publique Tch\u00e8que), o\u00f9 Jean Louis Leblond et ses filles auront quelques jours de travail avant de s\u2019envoler pour la Slov\u00e9nie en d\u00e9but de semaine prochaine. La F\u00e9d\u00e9ration Guin\u00e9enne de Handball a r\u00e9ussi \u00e0 obtenir les visas de l\u2019espace Schengen apr\u00e8s plusieurs semaines de d\u00e9marches administratives.<\/p>\n<p>Les attentions sont d\u00e9sormais focalis\u00e9es sur la premi\u00e8re sortie de la Guin\u00e9e contre l\u2019Iran, le mercredi 22 juin 2022 \u00e0 10h30 temps universel. Sortir de la phase de groupes est le premier objectif assign\u00e9 au staff technique de l\u2019\u00e9quipe nationale Junior de Handball.<\/p>\n<p>feguihand.com<\/p>\n","protected":false},"excerpt":{"rendered":"<p>Le Championnat du Monde F\u00e9minins Juniors d\u00e9marre le mercredi 22 juin 2022 en Slov\u00e9nie. Le Syli Handball U20 qualifi\u00e9 pour ce rendez-vous mondial, a quitt\u00e9 Conakry ce samedi 18 juin 2022 pour la Slov\u00e9nie. La derni\u00e8re partie des pr\u00e9paratifs se fera \u00e0 Prague (R\u00e9publique Tch\u00e8que), o\u00f9 Jean Louis Leblond et ses filles auront quelques jours [&hellip;]<\/p>\n","protected":false},"author":2,"featured_media":972,"comment_status":"closed","ping_status":"open","sticky":false,"template":"","format":"standard","meta":{"_jetpack_memberships_contains_paid_content":false,"footnotes":"","jetpack_publicize_message":"","jetpack_publicize_feature_enabled":true,"jetpack_social_post_already_shared":true,"jetpack_social_options":{"image_generator_settings":{"template":"highway","default_image_id":0,"font":"","enabled":false},"version":2}},"categories":[6],"tags":[],"class_list":{"0":"post-971","1":"post","2":"type-post","3":"status-publish","4":"format-standard","5":"has-post-thumbnail","7":"category-handball"},"yoast_head":"<!-- This site is optimized with the Yoast SEO plugin v27.5 - https:\/\/yoast.com\/product\/yoast-seo-wordpress\/ -->\n<title>Mondial U20 : D\u00e9part des handballeuses guin\u00e9ennes ! - le regard du sportif<\/title>\n<meta name=\"robots\" content=\"index, follow, max-snippet:-1, max-image-preview:large, max-video-preview:-1\" \/>\n<link rel=\"canonical\" href=\"https:\/\/oeilsportif.info\/index.php\/mondial-u20-depart-des-handballeuses-guineennes\/\" \/>\n<meta property=\"og:locale\" content=\"fr_FR\" \/>\n<meta property=\"og:type\" content=\"article\" \/>\n<meta property=\"og:title\" content=\"Mondial U20 : D\u00e9part des handballeuses guin\u00e9ennes ! - le regard du sportif\" \/>\n<meta property=\"og:description\" content=\"Le Championnat du Monde F\u00e9minins Juniors d\u00e9marre le mercredi 22 juin 2022 en Slov\u00e9nie. Le Syli Handball U20 qualifi\u00e9 pour ce rendez-vous mondial, a quitt\u00e9 Conakry ce samedi 18 juin 2022 pour la Slov\u00e9nie. La derni\u00e8re partie des pr\u00e9paratifs se fera \u00e0 Prague (R\u00e9publique Tch\u00e8que), o\u00f9 Jean Louis Leblond et ses filles auront quelques jours [&hellip;]\" \/>\n<meta property=\"og:url\" content=\"https:\/\/oeilsportif.info\/index.php\/mondial-u20-depart-des-handballeuses-guineennes\/\" \/>\n<meta property=\"og:site_name\" content=\"le regard du sportif\" \/>\n<meta property=\"article:published_time\" content=\"2022-06-19T10:57:08+00:00\" \/>\n<meta property=\"og:image\" content=\"https:\/\/oeilsportif.info\/wp-content\/uploads\/2022\/06\/FB_IMG_1655576318879.jpg\" \/>\n\t<meta property=\"og:image:width\" content=\"720\" \/>\n\t<meta property=\"og:image:height\" content=\"960\" \/>\n\t<meta property=\"og:image:type\" content=\"image\/jpeg\" \/>\n<meta name=\"author\" content=\"L&#039;Equipe de la R\u00e9daction\" \/>\n<meta name=\"twitter:label1\" content=\"\u00c9crit par\" \/>\n\t<meta name=\"twitter:data1\" content=\"L&#039;Equipe de la R\u00e9daction\" \/>\n\t<meta name=\"twitter:label2\" content=\"Dur\u00e9e de lecture estim\u00e9e\" \/>\n\t<meta name=\"twitter:data2\" content=\"1 minute\" \/>\n<script type=\"application\/ld+json\" class=\"yoast-schema-graph\">{\"@context\":\"https:\\\/\\\/schema.org\",\"@graph\":[{\"@type\":\"Article\",\"@id\":\"https:\\\/\\\/oeilsportif.info\\\/index.php\\\/mondial-u20-depart-des-handballeuses-guineennes\\\/#article\",\"isPartOf\":{\"@id\":\"https:\\\/\\\/oeilsportif.info\\\/index.php\\\/mondial-u20-depart-des-handballeuses-guineennes\\\/\"},\"author\":{\"name\":\"L'Equipe de la R\u00e9daction\",\"@id\":\"https:\\\/\\\/oeilsportif.info\\\/#\\\/schema\\\/person\\\/cfbded294aa6095f7d96608d7905e9a1\"},\"headline\":\"Mondial U20 : D\u00e9part des handballeuses guin\u00e9ennes !\",\"datePublished\":\"2022-06-19T10:57:08+00:00\",\"mainEntityOfPage\":{\"@id\":\"https:\\\/\\\/oeilsportif.info\\\/index.php\\\/mondial-u20-depart-des-handballeuses-guineennes\\\/\"},\"wordCount\":156,\"image\":{\"@id\":\"https:\\\/\\\/oeilsportif.info\\\/index.php\\\/mondial-u20-depart-des-handballeuses-guineennes\\\/#primaryimage\"},\"thumbnailUrl\":\"https:\\\/\\\/i0.wp.com\\\/oeilsportif.info\\\/wp-content\\\/uploads\\\/2022\\\/06\\\/FB_IMG_1655576318879.jpg?fit=720%2C960&ssl=1\",\"articleSection\":[\"Handball\"],\"inLanguage\":\"fr-FR\"},{\"@type\":\"WebPage\",\"@id\":\"https:\\\/\\\/oeilsportif.info\\\/index.php\\\/mondial-u20-depart-des-handballeuses-guineennes\\\/\",\"url\":\"https:\\\/\\\/oeilsportif.info\\\/index.php\\\/mondial-u20-depart-des-handballeuses-guineennes\\\/\",\"name\":\"Mondial U20 : D\u00e9part des handballeuses guin\u00e9ennes ! - le regard du sportif\",\"isPartOf\":{\"@id\":\"https:\\\/\\\/oeilsportif.info\\\/#website\"},\"primaryImageOfPage\":{\"@id\":\"https:\\\/\\\/oeilsportif.info\\\/index.php\\\/mondial-u20-depart-des-handballeuses-guineennes\\\/#primaryimage\"},\"image\":{\"@id\":\"https:\\\/\\\/oeilsportif.info\\\/index.php\\\/mondial-u20-depart-des-handballeuses-guineennes\\\/#primaryimage\"},\"thumbnailUrl\":\"https:\\\/\\\/i0.wp.com\\\/oeilsportif.info\\\/wp-content\\\/uploads\\\/2022\\\/06\\\/FB_IMG_1655576318879.jpg?fit=720%2C960&ssl=1\",\"datePublished\":\"2022-06-19T10:57:08+00:00\",\"author\":{\"@id\":\"https:\\\/\\\/oeilsportif.info\\\/#\\\/schema\\\/person\\\/cfbded294aa6095f7d96608d7905e9a1\"},\"inLanguage\":\"fr-FR\",\"potentialAction\":[{\"@type\":\"ReadAction\",\"target\":[\"https:\\\/\\\/oeilsportif.info\\\/index.php\\\/mondial-u20-depart-des-handballeuses-guineennes\\\/\"]}]},{\"@type\":\"ImageObject\",\"inLanguage\":\"fr-FR\",\"@id\":\"https:\\\/\\\/oeilsportif.info\\\/index.php\\\/mondial-u20-depart-des-handballeuses-guineennes\\\/#primaryimage\",\"url\":\"https:\\\/\\\/i0.wp.com\\\/oeilsportif.info\\\/wp-content\\\/uploads\\\/2022\\\/06\\\/FB_IMG_1655576318879.jpg?fit=720%2C960&ssl=1\",\"contentUrl\":\"https:\\\/\\\/i0.wp.com\\\/oeilsportif.info\\\/wp-content\\\/uploads\\\/2022\\\/06\\\/FB_IMG_1655576318879.jpg?fit=720%2C960&ssl=1\",\"width\":720,\"height\":960},{\"@type\":\"WebSite\",\"@id\":\"https:\\\/\\\/oeilsportif.info\\\/#website\",\"url\":\"https:\\\/\\\/oeilsportif.info\\\/\",\"name\":\"le regard du sportif\",\"description\":\"\",\"potentialAction\":[{\"@type\":\"SearchAction\",\"target\":{\"@type\":\"EntryPoint\",\"urlTemplate\":\"https:\\\/\\\/oeilsportif.info\\\/?s={search_term_string}\"},\"query-input\":{\"@type\":\"PropertyValueSpecification\",\"valueRequired\":true,\"valueName\":\"search_term_string\"}}],\"inLanguage\":\"fr-FR\"},{\"@type\":\"Person\",\"@id\":\"https:\\\/\\\/oeilsportif.info\\\/#\\\/schema\\\/person\\\/cfbded294aa6095f7d96608d7905e9a1\",\"name\":\"L'Equipe de la R\u00e9daction\",\"image\":{\"@type\":\"ImageObject\",\"inLanguage\":\"fr-FR\",\"@id\":\"https:\\\/\\\/oeilsportif.info\\\/wp-content\\\/uploads\\\/2025\\\/07\\\/cropped-cropped-logo-os-96x96.jpeg\",\"url\":\"https:\\\/\\\/oeilsportif.info\\\/wp-content\\\/uploads\\\/2025\\\/07\\\/cropped-cropped-logo-os-96x96.jpeg\",\"contentUrl\":\"https:\\\/\\\/oeilsportif.info\\\/wp-content\\\/uploads\\\/2025\\\/07\\\/cropped-cropped-logo-os-96x96.jpeg\",\"caption\":\"L'Equipe de la R\u00e9daction\"},\"url\":\"https:\\\/\\\/oeilsportif.info\\\/index.php\\\/author\\\/tawel\\\/\"}]}<\/script>\n<!-- \/ Yoast SEO plugin. -->","yoast_head_json":{"title":"Mondial U20 : D\u00e9part des handballeuses guin\u00e9ennes ! - le regard du sportif","robots":{"index":"index","follow":"follow","max-snippet":"max-snippet:-1","max-image-preview":"max-image-preview:large","max-video-preview":"max-video-preview:-1"},"canonical":"https:\/\/oeilsportif.info\/index.php\/mondial-u20-depart-des-handballeuses-guineennes\/","og_locale":"fr_FR","og_type":"article","og_title":"Mondial U20 : D\u00e9part des handballeuses guin\u00e9ennes ! - le regard du sportif","og_description":"Le Championnat du Monde F\u00e9minins Juniors d\u00e9marre le mercredi 22 juin 2022 en Slov\u00e9nie. Le Syli Handball U20 qualifi\u00e9 pour ce rendez-vous mondial, a quitt\u00e9 Conakry ce samedi 18 juin 2022 pour la Slov\u00e9nie. La derni\u00e8re partie des pr\u00e9paratifs se fera \u00e0 Prague (R\u00e9publique Tch\u00e8que), o\u00f9 Jean Louis Leblond et ses filles auront quelques jours [&hellip;]","og_url":"https:\/\/oeilsportif.info\/index.php\/mondial-u20-depart-des-handballeuses-guineennes\/","og_site_name":"le regard du sportif","article_published_time":"2022-06-19T10:57:08+00:00","og_image":[{"width":720,"height":960,"url":"https:\/\/oeilsportif.info\/wp-content\/uploads\/2022\/06\/FB_IMG_1655576318879.jpg","type":"image\/jpeg"}],"author":"L'Equipe de la R\u00e9daction","twitter_misc":{"\u00c9crit par":"L'Equipe de la R\u00e9daction","Dur\u00e9e de lecture estim\u00e9e":"1 minute"},"schema":{"@context":"https:\/\/schema.org","@graph":[{"@type":"Article","@id":"https:\/\/oeilsportif.info\/index.php\/mondial-u20-depart-des-handballeuses-guineennes\/#article","isPartOf":{"@id":"https:\/\/oeilsportif.info\/index.php\/mondial-u20-depart-des-handballeuses-guineennes\/"},"author":{"name":"L'Equipe de la R\u00e9daction","@id":"https:\/\/oeilsportif.info\/#\/schema\/person\/cfbded294aa6095f7d96608d7905e9a1"},"headline":"Mondial U20 : D\u00e9part des handballeuses guin\u00e9ennes !","datePublished":"2022-06-19T10:57:08+00:00","mainEntityOfPage":{"@id":"https:\/\/oeilsportif.info\/index.php\/mondial-u20-depart-des-handballeuses-guineennes\/"},"wordCount":156,"image":{"@id":"https:\/\/oeilsportif.info\/index.php\/mondial-u20-depart-des-handballeuses-guineennes\/#primaryimage"},"thumbnailUrl":"https:\/\/i0.wp.com\/oeilsportif.info\/wp-content\/uploads\/2022\/06\/FB_IMG_1655576318879.jpg?fit=720%2C960&ssl=1","articleSection":["Handball"],"inLanguage":"fr-FR"},{"@type":"WebPage","@id":"https:\/\/oeilsportif.info\/index.php\/mondial-u20-depart-des-handballeuses-guineennes\/","url":"https:\/\/oeilsportif.info\/index.php\/mondial-u20-depart-des-handballeuses-guineennes\/","name":"Mondial U20 : D\u00e9part des handballeuses guin\u00e9ennes ! - le regard du sportif","isPartOf":{"@id":"https:\/\/oeilsportif.info\/#website"},"primaryImageOfPage":{"@id":"https:\/\/oeilsportif.info\/index.php\/mondial-u20-depart-des-handballeuses-guineennes\/#primaryimage"},"image":{"@id":"https:\/\/oeilsportif.info\/index.php\/mondial-u20-depart-des-handballeuses-guineennes\/#primaryimage"},"thumbnailUrl":"https:\/\/i0.wp.com\/oeilsportif.info\/wp-content\/uploads\/2022\/06\/FB_IMG_1655576318879.jpg?fit=720%2C960&ssl=1","datePublished":"2022-06-19T10:57:08+00:00","author":{"@id":"https:\/\/oeilsportif.info\/#\/schema\/person\/cfbded294aa6095f7d96608d7905e9a1"},"inLanguage":"fr-FR","potentialAction":[{"@type":"ReadAction","target":["https:\/\/oeilsportif.info\/index.php\/mondial-u20-depart-des-handballeuses-guineennes\/"]}]},{"@type":"ImageObject","inLanguage":"fr-FR","@id":"https:\/\/oeilsportif.info\/index.php\/mondial-u20-depart-des-handballeuses-guineennes\/#primaryimage","url":"https:\/\/i0.wp.com\/oeilsportif.info\/wp-content\/uploads\/2022\/06\/FB_IMG_1655576318879.jpg?fit=720%2C960&ssl=1","contentUrl":"https:\/\/i0.wp.com\/oeilsportif.info\/wp-content\/uploads\/2022\/06\/FB_IMG_1655576318879.jpg?fit=720%2C960&ssl=1","width":720,"height":960},{"@type":"WebSite","@id":"https:\/\/oeilsportif.info\/#website","url":"https:\/\/oeilsportif.info\/","name":"le regard du sportif","description":"","potentialAction":[{"@type":"SearchAction","target":{"@type":"EntryPoint","urlTemplate":"https:\/\/oeilsportif.info\/?s={search_term_string}"},"query-input":{"@type":"PropertyValueSpecification","valueRequired":true,"valueName":"search_term_string"}}],"inLanguage":"fr-FR"},{"@type":"Person","@id":"https:\/\/oeilsportif.info\/#\/schema\/person\/cfbded294aa6095f7d96608d7905e9a1","name":"L'Equipe de la R\u00e9daction","image":{"@type":"ImageObject","inLanguage":"fr-FR","@id":"https:\/\/oeilsportif.info\/wp-content\/uploads\/2025\/07\/cropped-cropped-logo-os-96x96.jpeg","url":"https:\/\/oeilsportif.info\/wp-content\/uploads\/2025\/07\/cropped-cropped-logo-os-96x96.jpeg","contentUrl":"https:\/\/oeilsportif.info\/wp-content\/uploads\/2025\/07\/cropped-cropped-logo-os-96x96.jpeg","caption":"L'Equipe de la R\u00e9daction"},"url":"https:\/\/oeilsportif.info\/index.php\/author\/tawel\/"}]}},"jetpack_publicize_connections":[],"jetpack_featured_media_url":"https:\/\/i0.wp.com\/oeilsportif.info\/wp-content\/uploads\/2022\/06\/FB_IMG_1655576318879.jpg?fit=720%2C960&ssl=1","jetpack-related-posts":[],"jetpack_sharing_enabled":true,"jetpack_likes_enabled":true,"jetpack_shortlink":"https:\/\/wp.me\/pgFE77-fF","_links":{"self":[{"href":"https:\/\/oeilsportif.info\/index.php\/wp-json\/wp\/v2\/posts\/971","targetHints":{"allow":["GET"]}}],"collection":[{"href":"https:\/\/oeilsportif.info\/index.php\/wp-json\/wp\/v2\/posts"}],"about":[{"href":"https:\/\/oeilsportif.info\/index.php\/wp-json\/wp\/v2\/types\/post"}],"author":[{"embeddable":true,"href":"https:\/\/oeilsportif.info\/index.php\/wp-json\/wp\/v2\/users\/2"}],"replies":[{"embeddable":true,"href":"https:\/\/oeilsportif.info\/index.php\/wp-json\/wp\/v2\/comments?post=971"}],"version-history":[{"count":0,"href":"https:\/\/oeilsportif.info\/index.php\/wp-json\/wp\/v2\/posts\/971\/revisions"}],"wp:featuredmedia":[{"embeddable":true,"href":"https:\/\/oeilsportif.info\/index.php\/wp-json\/wp\/v2\/media\/972"}],"wp:attachment":[{"href":"https:\/\/oeilsportif.info\/index.php\/wp-json\/wp\/v2\/media?parent=971"}],"wp:term":[{"taxonomy":"category","embeddable":true,"href":"https:\/\/oeilsportif.info\/index.php\/wp-json\/wp\/v2\/categories?post=971"},{"taxonomy":"post_tag","embeddable":true,"href":"https:\/\/oeilsportif.info\/index.php\/wp-json\/wp\/v2\/tags?post=971"}],"curies":[{"name":"wp","href":"https:\/\/api.w.org\/{rel}","templated":true}]}}