{"id":956,"date":"2022-06-18T18:45:49","date_gmt":"2022-06-18T18:45:49","guid":{"rendered":"https:\/\/oeilsportif.info\/index.php\/?p=956"},"modified":"2022-06-18T18:45:49","modified_gmt":"2022-06-18T18:45:49","slug":"handball-le-syli-feminin-recoit-le-drapeau","status":"publish","type":"post","link":"https:\/\/oeilsportif.info\/index.php\/handball-le-syli-feminin-recoit-le-drapeau\/","title":{"rendered":"Handball : le Syli f\u00e9minin re\u00e7oit le drapeau !"},"content":{"rendered":"<p>Ce samedi, 18 juin 2022, dans un complexe h\u00f4telier de Conakry, Monsieur Mohamed Billy Kaba Secr\u00e9taire G\u00e9n\u00e9ral du Minist\u00e8re de la Jeunesse et des Sports a proc\u00e9d\u00e9 \u00e0 la remise officielle du drapeau National au Syli handball f\u00e9minin.<\/p>\n<p>Cette c\u00e9r\u00e9monie s&rsquo;est d\u00e9roul\u00e9e en pr\u00e9sence de Madame la cheffe de cabinet, de Madame la DAF, de Monsieur le Directeur National Adjoint des Sports et des Activit\u00e9s Physiques sans oublier le pr\u00e9sident de ladite f\u00e9d\u00e9ration et sa d\u00e9l\u00e9gation.<\/p>\n<p><a href=\"https:\/\/i0.wp.com\/oeilsportif.info\/wp-content\/uploads\/2022\/06\/FB_IMG_1655577414899.jpg?ssl=1\"><img data-recalc-dims=\"1\" loading=\"lazy\" decoding=\"async\" class=\"alignnone size-full wp-image-957\" src=\"https:\/\/i0.wp.com\/oeilsportif.info\/wp-content\/uploads\/2022\/06\/FB_IMG_1655577414899.jpg?resize=696%2C464&#038;ssl=1\" alt=\"\" width=\"696\" height=\"464\" srcset=\"https:\/\/i0.wp.com\/oeilsportif.info\/wp-content\/uploads\/2022\/06\/FB_IMG_1655577414899.jpg?w=960&amp;ssl=1 960w, https:\/\/i0.wp.com\/oeilsportif.info\/wp-content\/uploads\/2022\/06\/FB_IMG_1655577414899.jpg?resize=300%2C200&amp;ssl=1 300w, https:\/\/i0.wp.com\/oeilsportif.info\/wp-content\/uploads\/2022\/06\/FB_IMG_1655577414899.jpg?resize=768%2C512&amp;ssl=1 768w, https:\/\/i0.wp.com\/oeilsportif.info\/wp-content\/uploads\/2022\/06\/FB_IMG_1655577414899.jpg?resize=696%2C464&amp;ssl=1 696w, https:\/\/i0.wp.com\/oeilsportif.info\/wp-content\/uploads\/2022\/06\/FB_IMG_1655577414899.jpg?resize=630%2C420&amp;ssl=1 630w\" sizes=\"auto, (max-width: 696px) 100vw, 696px\" \/><\/a><\/p>\n<p><strong>Source : Minist\u00e8re des sports<\/strong><\/p>\n","protected":false},"excerpt":{"rendered":"<p>Ce samedi, 18 juin 2022, dans un complexe h\u00f4telier de Conakry, Monsieur Mohamed Billy Kaba Secr\u00e9taire G\u00e9n\u00e9ral du Minist\u00e8re de la Jeunesse et des Sports a proc\u00e9d\u00e9 \u00e0 la remise officielle du drapeau National au Syli handball f\u00e9minin. Cette c\u00e9r\u00e9monie s&rsquo;est d\u00e9roul\u00e9e en pr\u00e9sence de Madame la cheffe de cabinet, de Madame la DAF, de [&hellip;]<\/p>\n","protected":false},"author":2,"featured_media":958,"comment_status":"closed","ping_status":"open","sticky":false,"template":"","format":"standard","meta":{"_jetpack_memberships_contains_paid_content":false,"footnotes":"","jetpack_publicize_message":"","jetpack_publicize_feature_enabled":true,"jetpack_social_post_already_shared":true,"jetpack_social_options":{"image_generator_settings":{"template":"highway","default_image_id":0,"font":"","enabled":false},"version":2}},"categories":[6],"tags":[],"class_list":{"0":"post-956","1":"post","2":"type-post","3":"status-publish","4":"format-standard","5":"has-post-thumbnail","7":"category-handball"},"yoast_head":"<!-- This site is optimized with the Yoast SEO plugin v27.5 - https:\/\/yoast.com\/product\/yoast-seo-wordpress\/ -->\n<title>Handball : le Syli f\u00e9minin re\u00e7oit le drapeau ! - le regard du sportif<\/title>\n<meta name=\"robots\" content=\"index, follow, max-snippet:-1, max-image-preview:large, max-video-preview:-1\" \/>\n<link rel=\"canonical\" href=\"https:\/\/oeilsportif.info\/index.php\/handball-le-syli-feminin-recoit-le-drapeau\/\" \/>\n<meta property=\"og:locale\" content=\"fr_FR\" \/>\n<meta property=\"og:type\" content=\"article\" \/>\n<meta property=\"og:title\" content=\"Handball : le Syli f\u00e9minin re\u00e7oit le drapeau ! - le regard du sportif\" \/>\n<meta property=\"og:description\" content=\"Ce samedi, 18 juin 2022, dans un complexe h\u00f4telier de Conakry, Monsieur Mohamed Billy Kaba Secr\u00e9taire G\u00e9n\u00e9ral du Minist\u00e8re de la Jeunesse et des Sports a proc\u00e9d\u00e9 \u00e0 la remise officielle du drapeau National au Syli handball f\u00e9minin. Cette c\u00e9r\u00e9monie s&rsquo;est d\u00e9roul\u00e9e en pr\u00e9sence de Madame la cheffe de cabinet, de Madame la DAF, de [&hellip;]\" \/>\n<meta property=\"og:url\" content=\"https:\/\/oeilsportif.info\/index.php\/handball-le-syli-feminin-recoit-le-drapeau\/\" \/>\n<meta property=\"og:site_name\" content=\"le regard du sportif\" \/>\n<meta property=\"article:published_time\" content=\"2022-06-18T18:45:49+00:00\" \/>\n<meta property=\"og:image\" content=\"https:\/\/oeilsportif.info\/wp-content\/uploads\/2022\/06\/FB_IMG_1655577424092.jpg\" \/>\n\t<meta property=\"og:image:width\" content=\"944\" \/>\n\t<meta property=\"og:image:height\" content=\"960\" \/>\n\t<meta property=\"og:image:type\" content=\"image\/jpeg\" \/>\n<meta name=\"author\" content=\"L&#039;Equipe de la R\u00e9daction\" \/>\n<meta name=\"twitter:label1\" content=\"\u00c9crit par\" \/>\n\t<meta name=\"twitter:data1\" content=\"L&#039;Equipe de la R\u00e9daction\" \/>\n\t<meta name=\"twitter:label2\" content=\"Dur\u00e9e de lecture estim\u00e9e\" \/>\n\t<meta name=\"twitter:data2\" content=\"1 minute\" \/>\n<script type=\"application\/ld+json\" class=\"yoast-schema-graph\">{\"@context\":\"https:\\\/\\\/schema.org\",\"@graph\":[{\"@type\":\"Article\",\"@id\":\"https:\\\/\\\/oeilsportif.info\\\/index.php\\\/handball-le-syli-feminin-recoit-le-drapeau\\\/#article\",\"isPartOf\":{\"@id\":\"https:\\\/\\\/oeilsportif.info\\\/index.php\\\/handball-le-syli-feminin-recoit-le-drapeau\\\/\"},\"author\":{\"name\":\"L'Equipe de la R\u00e9daction\",\"@id\":\"https:\\\/\\\/oeilsportif.info\\\/#\\\/schema\\\/person\\\/cfbded294aa6095f7d96608d7905e9a1\"},\"headline\":\"Handball : le Syli f\u00e9minin re\u00e7oit le drapeau !\",\"datePublished\":\"2022-06-18T18:45:49+00:00\",\"mainEntityOfPage\":{\"@id\":\"https:\\\/\\\/oeilsportif.info\\\/index.php\\\/handball-le-syli-feminin-recoit-le-drapeau\\\/\"},\"wordCount\":106,\"image\":{\"@id\":\"https:\\\/\\\/oeilsportif.info\\\/index.php\\\/handball-le-syli-feminin-recoit-le-drapeau\\\/#primaryimage\"},\"thumbnailUrl\":\"https:\\\/\\\/i0.wp.com\\\/oeilsportif.info\\\/wp-content\\\/uploads\\\/2022\\\/06\\\/FB_IMG_1655577424092.jpg?fit=944%2C960&ssl=1\",\"articleSection\":[\"Handball\"],\"inLanguage\":\"fr-FR\"},{\"@type\":\"WebPage\",\"@id\":\"https:\\\/\\\/oeilsportif.info\\\/index.php\\\/handball-le-syli-feminin-recoit-le-drapeau\\\/\",\"url\":\"https:\\\/\\\/oeilsportif.info\\\/index.php\\\/handball-le-syli-feminin-recoit-le-drapeau\\\/\",\"name\":\"Handball : le Syli f\u00e9minin re\u00e7oit le drapeau ! - le regard du sportif\",\"isPartOf\":{\"@id\":\"https:\\\/\\\/oeilsportif.info\\\/#website\"},\"primaryImageOfPage\":{\"@id\":\"https:\\\/\\\/oeilsportif.info\\\/index.php\\\/handball-le-syli-feminin-recoit-le-drapeau\\\/#primaryimage\"},\"image\":{\"@id\":\"https:\\\/\\\/oeilsportif.info\\\/index.php\\\/handball-le-syli-feminin-recoit-le-drapeau\\\/#primaryimage\"},\"thumbnailUrl\":\"https:\\\/\\\/i0.wp.com\\\/oeilsportif.info\\\/wp-content\\\/uploads\\\/2022\\\/06\\\/FB_IMG_1655577424092.jpg?fit=944%2C960&ssl=1\",\"datePublished\":\"2022-06-18T18:45:49+00:00\",\"author\":{\"@id\":\"https:\\\/\\\/oeilsportif.info\\\/#\\\/schema\\\/person\\\/cfbded294aa6095f7d96608d7905e9a1\"},\"inLanguage\":\"fr-FR\",\"potentialAction\":[{\"@type\":\"ReadAction\",\"target\":[\"https:\\\/\\\/oeilsportif.info\\\/index.php\\\/handball-le-syli-feminin-recoit-le-drapeau\\\/\"]}]},{\"@type\":\"ImageObject\",\"inLanguage\":\"fr-FR\",\"@id\":\"https:\\\/\\\/oeilsportif.info\\\/index.php\\\/handball-le-syli-feminin-recoit-le-drapeau\\\/#primaryimage\",\"url\":\"https:\\\/\\\/i0.wp.com\\\/oeilsportif.info\\\/wp-content\\\/uploads\\\/2022\\\/06\\\/FB_IMG_1655577424092.jpg?fit=944%2C960&ssl=1\",\"contentUrl\":\"https:\\\/\\\/i0.wp.com\\\/oeilsportif.info\\\/wp-content\\\/uploads\\\/2022\\\/06\\\/FB_IMG_1655577424092.jpg?fit=944%2C960&ssl=1\",\"width\":944,\"height\":960},{\"@type\":\"WebSite\",\"@id\":\"https:\\\/\\\/oeilsportif.info\\\/#website\",\"url\":\"https:\\\/\\\/oeilsportif.info\\\/\",\"name\":\"le regard du sportif\",\"description\":\"\",\"potentialAction\":[{\"@type\":\"SearchAction\",\"target\":{\"@type\":\"EntryPoint\",\"urlTemplate\":\"https:\\\/\\\/oeilsportif.info\\\/?s={search_term_string}\"},\"query-input\":{\"@type\":\"PropertyValueSpecification\",\"valueRequired\":true,\"valueName\":\"search_term_string\"}}],\"inLanguage\":\"fr-FR\"},{\"@type\":\"Person\",\"@id\":\"https:\\\/\\\/oeilsportif.info\\\/#\\\/schema\\\/person\\\/cfbded294aa6095f7d96608d7905e9a1\",\"name\":\"L'Equipe de la R\u00e9daction\",\"image\":{\"@type\":\"ImageObject\",\"inLanguage\":\"fr-FR\",\"@id\":\"https:\\\/\\\/oeilsportif.info\\\/wp-content\\\/uploads\\\/2025\\\/07\\\/cropped-cropped-logo-os-96x96.jpeg\",\"url\":\"https:\\\/\\\/oeilsportif.info\\\/wp-content\\\/uploads\\\/2025\\\/07\\\/cropped-cropped-logo-os-96x96.jpeg\",\"contentUrl\":\"https:\\\/\\\/oeilsportif.info\\\/wp-content\\\/uploads\\\/2025\\\/07\\\/cropped-cropped-logo-os-96x96.jpeg\",\"caption\":\"L'Equipe de la R\u00e9daction\"},\"url\":\"https:\\\/\\\/oeilsportif.info\\\/index.php\\\/author\\\/tawel\\\/\"}]}<\/script>\n<!-- \/ Yoast SEO plugin. -->","yoast_head_json":{"title":"Handball : le Syli f\u00e9minin re\u00e7oit le drapeau ! - le regard du sportif","robots":{"index":"index","follow":"follow","max-snippet":"max-snippet:-1","max-image-preview":"max-image-preview:large","max-video-preview":"max-video-preview:-1"},"canonical":"https:\/\/oeilsportif.info\/index.php\/handball-le-syli-feminin-recoit-le-drapeau\/","og_locale":"fr_FR","og_type":"article","og_title":"Handball : le Syli f\u00e9minin re\u00e7oit le drapeau ! - le regard du sportif","og_description":"Ce samedi, 18 juin 2022, dans un complexe h\u00f4telier de Conakry, Monsieur Mohamed Billy Kaba Secr\u00e9taire G\u00e9n\u00e9ral du Minist\u00e8re de la Jeunesse et des Sports a proc\u00e9d\u00e9 \u00e0 la remise officielle du drapeau National au Syli handball f\u00e9minin. Cette c\u00e9r\u00e9monie s&rsquo;est d\u00e9roul\u00e9e en pr\u00e9sence de Madame la cheffe de cabinet, de Madame la DAF, de [&hellip;]","og_url":"https:\/\/oeilsportif.info\/index.php\/handball-le-syli-feminin-recoit-le-drapeau\/","og_site_name":"le regard du sportif","article_published_time":"2022-06-18T18:45:49+00:00","og_image":[{"width":944,"height":960,"url":"https:\/\/oeilsportif.info\/wp-content\/uploads\/2022\/06\/FB_IMG_1655577424092.jpg","type":"image\/jpeg"}],"author":"L'Equipe de la R\u00e9daction","twitter_misc":{"\u00c9crit par":"L'Equipe de la R\u00e9daction","Dur\u00e9e de lecture estim\u00e9e":"1 minute"},"schema":{"@context":"https:\/\/schema.org","@graph":[{"@type":"Article","@id":"https:\/\/oeilsportif.info\/index.php\/handball-le-syli-feminin-recoit-le-drapeau\/#article","isPartOf":{"@id":"https:\/\/oeilsportif.info\/index.php\/handball-le-syli-feminin-recoit-le-drapeau\/"},"author":{"name":"L'Equipe de la R\u00e9daction","@id":"https:\/\/oeilsportif.info\/#\/schema\/person\/cfbded294aa6095f7d96608d7905e9a1"},"headline":"Handball : le Syli f\u00e9minin re\u00e7oit le drapeau !","datePublished":"2022-06-18T18:45:49+00:00","mainEntityOfPage":{"@id":"https:\/\/oeilsportif.info\/index.php\/handball-le-syli-feminin-recoit-le-drapeau\/"},"wordCount":106,"image":{"@id":"https:\/\/oeilsportif.info\/index.php\/handball-le-syli-feminin-recoit-le-drapeau\/#primaryimage"},"thumbnailUrl":"https:\/\/i0.wp.com\/oeilsportif.info\/wp-content\/uploads\/2022\/06\/FB_IMG_1655577424092.jpg?fit=944%2C960&ssl=1","articleSection":["Handball"],"inLanguage":"fr-FR"},{"@type":"WebPage","@id":"https:\/\/oeilsportif.info\/index.php\/handball-le-syli-feminin-recoit-le-drapeau\/","url":"https:\/\/oeilsportif.info\/index.php\/handball-le-syli-feminin-recoit-le-drapeau\/","name":"Handball : le Syli f\u00e9minin re\u00e7oit le drapeau ! - le regard du sportif","isPartOf":{"@id":"https:\/\/oeilsportif.info\/#website"},"primaryImageOfPage":{"@id":"https:\/\/oeilsportif.info\/index.php\/handball-le-syli-feminin-recoit-le-drapeau\/#primaryimage"},"image":{"@id":"https:\/\/oeilsportif.info\/index.php\/handball-le-syli-feminin-recoit-le-drapeau\/#primaryimage"},"thumbnailUrl":"https:\/\/i0.wp.com\/oeilsportif.info\/wp-content\/uploads\/2022\/06\/FB_IMG_1655577424092.jpg?fit=944%2C960&ssl=1","datePublished":"2022-06-18T18:45:49+00:00","author":{"@id":"https:\/\/oeilsportif.info\/#\/schema\/person\/cfbded294aa6095f7d96608d7905e9a1"},"inLanguage":"fr-FR","potentialAction":[{"@type":"ReadAction","target":["https:\/\/oeilsportif.info\/index.php\/handball-le-syli-feminin-recoit-le-drapeau\/"]}]},{"@type":"ImageObject","inLanguage":"fr-FR","@id":"https:\/\/oeilsportif.info\/index.php\/handball-le-syli-feminin-recoit-le-drapeau\/#primaryimage","url":"https:\/\/i0.wp.com\/oeilsportif.info\/wp-content\/uploads\/2022\/06\/FB_IMG_1655577424092.jpg?fit=944%2C960&ssl=1","contentUrl":"https:\/\/i0.wp.com\/oeilsportif.info\/wp-content\/uploads\/2022\/06\/FB_IMG_1655577424092.jpg?fit=944%2C960&ssl=1","width":944,"height":960},{"@type":"WebSite","@id":"https:\/\/oeilsportif.info\/#website","url":"https:\/\/oeilsportif.info\/","name":"le regard du sportif","description":"","potentialAction":[{"@type":"SearchAction","target":{"@type":"EntryPoint","urlTemplate":"https:\/\/oeilsportif.info\/?s={search_term_string}"},"query-input":{"@type":"PropertyValueSpecification","valueRequired":true,"valueName":"search_term_string"}}],"inLanguage":"fr-FR"},{"@type":"Person","@id":"https:\/\/oeilsportif.info\/#\/schema\/person\/cfbded294aa6095f7d96608d7905e9a1","name":"L'Equipe de la R\u00e9daction","image":{"@type":"ImageObject","inLanguage":"fr-FR","@id":"https:\/\/oeilsportif.info\/wp-content\/uploads\/2025\/07\/cropped-cropped-logo-os-96x96.jpeg","url":"https:\/\/oeilsportif.info\/wp-content\/uploads\/2025\/07\/cropped-cropped-logo-os-96x96.jpeg","contentUrl":"https:\/\/oeilsportif.info\/wp-content\/uploads\/2025\/07\/cropped-cropped-logo-os-96x96.jpeg","caption":"L'Equipe de la R\u00e9daction"},"url":"https:\/\/oeilsportif.info\/index.php\/author\/tawel\/"}]}},"jetpack_publicize_connections":[],"jetpack_featured_media_url":"https:\/\/i0.wp.com\/oeilsportif.info\/wp-content\/uploads\/2022\/06\/FB_IMG_1655577424092.jpg?fit=944%2C960&ssl=1","jetpack-related-posts":[],"jetpack_sharing_enabled":true,"jetpack_likes_enabled":true,"jetpack_shortlink":"https:\/\/wp.me\/pgFE77-fq","_links":{"self":[{"href":"https:\/\/oeilsportif.info\/index.php\/wp-json\/wp\/v2\/posts\/956","targetHints":{"allow":["GET"]}}],"collection":[{"href":"https:\/\/oeilsportif.info\/index.php\/wp-json\/wp\/v2\/posts"}],"about":[{"href":"https:\/\/oeilsportif.info\/index.php\/wp-json\/wp\/v2\/types\/post"}],"author":[{"embeddable":true,"href":"https:\/\/oeilsportif.info\/index.php\/wp-json\/wp\/v2\/users\/2"}],"replies":[{"embeddable":true,"href":"https:\/\/oeilsportif.info\/index.php\/wp-json\/wp\/v2\/comments?post=956"}],"version-history":[{"count":0,"href":"https:\/\/oeilsportif.info\/index.php\/wp-json\/wp\/v2\/posts\/956\/revisions"}],"wp:featuredmedia":[{"embeddable":true,"href":"https:\/\/oeilsportif.info\/index.php\/wp-json\/wp\/v2\/media\/958"}],"wp:attachment":[{"href":"https:\/\/oeilsportif.info\/index.php\/wp-json\/wp\/v2\/media?parent=956"}],"wp:term":[{"taxonomy":"category","embeddable":true,"href":"https:\/\/oeilsportif.info\/index.php\/wp-json\/wp\/v2\/categories?post=956"},{"taxonomy":"post_tag","embeddable":true,"href":"https:\/\/oeilsportif.info\/index.php\/wp-json\/wp\/v2\/tags?post=956"}],"curies":[{"name":"wp","href":"https:\/\/api.w.org\/{rel}","templated":true}]}}