{"id":938,"date":"2022-06-18T15:57:46","date_gmt":"2022-06-18T15:57:46","guid":{"rendered":"https:\/\/oeilsportif.info\/index.php\/?p=938"},"modified":"2022-06-18T15:57:46","modified_gmt":"2022-06-18T15:57:46","slug":"aifra-flex-ndieng-au-nom-de-tout-le-staff-du-hafia-je-dis-merci-au-pdg-dixit-le-nouveau-president-delegue-du-hafia-fc","status":"publish","type":"post","link":"https:\/\/oeilsportif.info\/index.php\/aifra-flex-ndieng-au-nom-de-tout-le-staff-du-hafia-je-dis-merci-au-pdg-dixit-le-nouveau-president-delegue-du-hafia-fc\/","title":{"rendered":"AIfra Flex N&rsquo;Dieng \u00a0\u00bb Au nom de tout le staff du Hafia, je dis merci au PDG \u00a0\u00bb dixit le nouveau Pr\u00e9sident d\u00e9l\u00e9gu\u00e9 du Hafia FC\u2026"},"content":{"rendered":"<p>Apr\u00e8s sa nomination pour le poste du Pr\u00e9sident d\u00e9l\u00e9gu\u00e9 du Hafia FC, en remplacement de Monsieur Ibrahima Sory N&rsquo;Gueye. Ifra Flex Dieng , le nouveau pr\u00e9sident du Hafia Football Club du Pr\u00e9sident Kerfalla Camara KPC a \u00e9crit ceci sur sa page Facebook : \u00ab <strong>Joignez vous \u00e0 moi pour dire merci \u00e0 Monsieur Kerfalla Camara Kpc. Qui m&rsquo;a fait la grande et agr\u00e9able surprise en me nommant Pr\u00e9sident d\u00e9l\u00e9gu\u00e9 du HAFIA FOOTBALL CLUB 1er Triple champion d&rsquo;Afrique. Cette marque de confiance pour diriger ce l\u00e9gendaire club \u00e0 l&rsquo;histoire glorieuse est pour moi un immense honneur et repr\u00e9senter une personnalit\u00e9 comme celle de Monsieur Kerfalla Camara est un sacerdoce. Au nom de tout le staff du Hafia, je dis merci au PDG et qu&rsquo;il re\u00e7oive ici toute ma gratitude et ma promesse ferme d&rsquo;\u0153uvrer avec tout le staff qui sera \u00e0 mes c\u00f4t\u00e9s \u00e0 aller chercher ensemble comme une seule \u00e9quipe, des r\u00e9sultats probants. Mention sp\u00e9ciale \u00e0 mon grand fr\u00e8re Ibrahima Sory Gueye pour le travail abattu depuis plusieurs ann\u00e9es, ton exp\u00e9rience me servira de bases. HAFIA F.C, LA LEGENDE CONTINUE<\/strong> \u00bb a-t-il \u00e9crit sur sa page Facebook.<\/p>\n<p><a href=\"https:\/\/i0.wp.com\/oeilsportif.info\/wp-content\/uploads\/2022\/06\/FB_IMG_1655565998637.jpg?ssl=1\"><img data-recalc-dims=\"1\" loading=\"lazy\" decoding=\"async\" class=\"alignnone size-full wp-image-939\" src=\"https:\/\/i0.wp.com\/oeilsportif.info\/wp-content\/uploads\/2022\/06\/FB_IMG_1655565998637.jpg?resize=696%2C522&#038;ssl=1\" alt=\"\" width=\"696\" height=\"522\" srcset=\"https:\/\/i0.wp.com\/oeilsportif.info\/wp-content\/uploads\/2022\/06\/FB_IMG_1655565998637.jpg?w=1080&amp;ssl=1 1080w, https:\/\/i0.wp.com\/oeilsportif.info\/wp-content\/uploads\/2022\/06\/FB_IMG_1655565998637.jpg?resize=300%2C225&amp;ssl=1 300w, https:\/\/i0.wp.com\/oeilsportif.info\/wp-content\/uploads\/2022\/06\/FB_IMG_1655565998637.jpg?resize=1024%2C768&amp;ssl=1 1024w, https:\/\/i0.wp.com\/oeilsportif.info\/wp-content\/uploads\/2022\/06\/FB_IMG_1655565998637.jpg?resize=768%2C576&amp;ssl=1 768w, https:\/\/i0.wp.com\/oeilsportif.info\/wp-content\/uploads\/2022\/06\/FB_IMG_1655565998637.jpg?resize=80%2C60&amp;ssl=1 80w, https:\/\/i0.wp.com\/oeilsportif.info\/wp-content\/uploads\/2022\/06\/FB_IMG_1655565998637.jpg?resize=265%2C198&amp;ssl=1 265w, https:\/\/i0.wp.com\/oeilsportif.info\/wp-content\/uploads\/2022\/06\/FB_IMG_1655565998637.jpg?resize=696%2C522&amp;ssl=1 696w, https:\/\/i0.wp.com\/oeilsportif.info\/wp-content\/uploads\/2022\/06\/FB_IMG_1655565998637.jpg?resize=1068%2C801&amp;ssl=1 1068w, https:\/\/i0.wp.com\/oeilsportif.info\/wp-content\/uploads\/2022\/06\/FB_IMG_1655565998637.jpg?resize=560%2C420&amp;ssl=1 560w\" sizes=\"auto, (max-width: 696px) 100vw, 696px\" \/><\/a> <a href=\"https:\/\/i0.wp.com\/oeilsportif.info\/wp-content\/uploads\/2022\/06\/FB_IMG_1655566002777.jpg?ssl=1\"><img data-recalc-dims=\"1\" loading=\"lazy\" decoding=\"async\" class=\"alignnone size-full wp-image-940\" src=\"https:\/\/i0.wp.com\/oeilsportif.info\/wp-content\/uploads\/2022\/06\/FB_IMG_1655566002777.jpg?resize=696%2C522&#038;ssl=1\" alt=\"\" width=\"696\" height=\"522\" srcset=\"https:\/\/i0.wp.com\/oeilsportif.info\/wp-content\/uploads\/2022\/06\/FB_IMG_1655566002777.jpg?w=1080&amp;ssl=1 1080w, https:\/\/i0.wp.com\/oeilsportif.info\/wp-content\/uploads\/2022\/06\/FB_IMG_1655566002777.jpg?resize=300%2C225&amp;ssl=1 300w, https:\/\/i0.wp.com\/oeilsportif.info\/wp-content\/uploads\/2022\/06\/FB_IMG_1655566002777.jpg?resize=1024%2C768&amp;ssl=1 1024w, https:\/\/i0.wp.com\/oeilsportif.info\/wp-content\/uploads\/2022\/06\/FB_IMG_1655566002777.jpg?resize=768%2C576&amp;ssl=1 768w, https:\/\/i0.wp.com\/oeilsportif.info\/wp-content\/uploads\/2022\/06\/FB_IMG_1655566002777.jpg?resize=80%2C60&amp;ssl=1 80w, https:\/\/i0.wp.com\/oeilsportif.info\/wp-content\/uploads\/2022\/06\/FB_IMG_1655566002777.jpg?resize=265%2C198&amp;ssl=1 265w, https:\/\/i0.wp.com\/oeilsportif.info\/wp-content\/uploads\/2022\/06\/FB_IMG_1655566002777.jpg?resize=696%2C522&amp;ssl=1 696w, https:\/\/i0.wp.com\/oeilsportif.info\/wp-content\/uploads\/2022\/06\/FB_IMG_1655566002777.jpg?resize=1068%2C801&amp;ssl=1 1068w, https:\/\/i0.wp.com\/oeilsportif.info\/wp-content\/uploads\/2022\/06\/FB_IMG_1655566002777.jpg?resize=560%2C420&amp;ssl=1 560w\" sizes=\"auto, (max-width: 696px) 100vw, 696px\" \/><\/a> <a href=\"https:\/\/i0.wp.com\/oeilsportif.info\/wp-content\/uploads\/2022\/06\/FB_IMG_1655567621329.jpg?ssl=1\"><img data-recalc-dims=\"1\" loading=\"lazy\" decoding=\"async\" class=\"alignnone size-full wp-image-941\" src=\"https:\/\/i0.wp.com\/oeilsportif.info\/wp-content\/uploads\/2022\/06\/FB_IMG_1655567621329.jpg?resize=696%2C928&#038;ssl=1\" alt=\"\" width=\"696\" height=\"928\" srcset=\"https:\/\/i0.wp.com\/oeilsportif.info\/wp-content\/uploads\/2022\/06\/FB_IMG_1655567621329.jpg?w=720&amp;ssl=1 720w, https:\/\/i0.wp.com\/oeilsportif.info\/wp-content\/uploads\/2022\/06\/FB_IMG_1655567621329.jpg?resize=225%2C300&amp;ssl=1 225w, https:\/\/i0.wp.com\/oeilsportif.info\/wp-content\/uploads\/2022\/06\/FB_IMG_1655567621329.jpg?resize=696%2C928&amp;ssl=1 696w, https:\/\/i0.wp.com\/oeilsportif.info\/wp-content\/uploads\/2022\/06\/FB_IMG_1655567621329.jpg?resize=315%2C420&amp;ssl=1 315w\" sizes=\"auto, (max-width: 696px) 100vw, 696px\" \/><\/a> <a href=\"https:\/\/i0.wp.com\/oeilsportif.info\/wp-content\/uploads\/2022\/06\/FB_IMG_1655567623752.jpg?ssl=1\"><img data-recalc-dims=\"1\" loading=\"lazy\" decoding=\"async\" class=\"alignnone size-full wp-image-942\" src=\"https:\/\/i0.wp.com\/oeilsportif.info\/wp-content\/uploads\/2022\/06\/FB_IMG_1655567623752.jpg?resize=696%2C522&#038;ssl=1\" alt=\"\" width=\"696\" height=\"522\" srcset=\"https:\/\/i0.wp.com\/oeilsportif.info\/wp-content\/uploads\/2022\/06\/FB_IMG_1655567623752.jpg?w=1080&amp;ssl=1 1080w, https:\/\/i0.wp.com\/oeilsportif.info\/wp-content\/uploads\/2022\/06\/FB_IMG_1655567623752.jpg?resize=300%2C225&amp;ssl=1 300w, https:\/\/i0.wp.com\/oeilsportif.info\/wp-content\/uploads\/2022\/06\/FB_IMG_1655567623752.jpg?resize=1024%2C768&amp;ssl=1 1024w, https:\/\/i0.wp.com\/oeilsportif.info\/wp-content\/uploads\/2022\/06\/FB_IMG_1655567623752.jpg?resize=768%2C576&amp;ssl=1 768w, https:\/\/i0.wp.com\/oeilsportif.info\/wp-content\/uploads\/2022\/06\/FB_IMG_1655567623752.jpg?resize=80%2C60&amp;ssl=1 80w, https:\/\/i0.wp.com\/oeilsportif.info\/wp-content\/uploads\/2022\/06\/FB_IMG_1655567623752.jpg?resize=265%2C198&amp;ssl=1 265w, https:\/\/i0.wp.com\/oeilsportif.info\/wp-content\/uploads\/2022\/06\/FB_IMG_1655567623752.jpg?resize=696%2C522&amp;ssl=1 696w, https:\/\/i0.wp.com\/oeilsportif.info\/wp-content\/uploads\/2022\/06\/FB_IMG_1655567623752.jpg?resize=1068%2C801&amp;ssl=1 1068w, https:\/\/i0.wp.com\/oeilsportif.info\/wp-content\/uploads\/2022\/06\/FB_IMG_1655567623752.jpg?resize=560%2C420&amp;ssl=1 560w\" sizes=\"auto, (max-width: 696px) 100vw, 696px\" \/><\/a> <a href=\"https:\/\/i0.wp.com\/oeilsportif.info\/wp-content\/uploads\/2022\/06\/FB_IMG_1655567625852.jpg?ssl=1\"><img data-recalc-dims=\"1\" loading=\"lazy\" decoding=\"async\" class=\"alignnone size-full wp-image-943\" src=\"https:\/\/i0.wp.com\/oeilsportif.info\/wp-content\/uploads\/2022\/06\/FB_IMG_1655567625852.jpg?resize=696%2C522&#038;ssl=1\" alt=\"\" width=\"696\" height=\"522\" srcset=\"https:\/\/i0.wp.com\/oeilsportif.info\/wp-content\/uploads\/2022\/06\/FB_IMG_1655567625852.jpg?w=1080&amp;ssl=1 1080w, https:\/\/i0.wp.com\/oeilsportif.info\/wp-content\/uploads\/2022\/06\/FB_IMG_1655567625852.jpg?resize=300%2C225&amp;ssl=1 300w, https:\/\/i0.wp.com\/oeilsportif.info\/wp-content\/uploads\/2022\/06\/FB_IMG_1655567625852.jpg?resize=1024%2C768&amp;ssl=1 1024w, https:\/\/i0.wp.com\/oeilsportif.info\/wp-content\/uploads\/2022\/06\/FB_IMG_1655567625852.jpg?resize=768%2C576&amp;ssl=1 768w, https:\/\/i0.wp.com\/oeilsportif.info\/wp-content\/uploads\/2022\/06\/FB_IMG_1655567625852.jpg?resize=80%2C60&amp;ssl=1 80w, https:\/\/i0.wp.com\/oeilsportif.info\/wp-content\/uploads\/2022\/06\/FB_IMG_1655567625852.jpg?resize=265%2C198&amp;ssl=1 265w, https:\/\/i0.wp.com\/oeilsportif.info\/wp-content\/uploads\/2022\/06\/FB_IMG_1655567625852.jpg?resize=696%2C522&amp;ssl=1 696w, https:\/\/i0.wp.com\/oeilsportif.info\/wp-content\/uploads\/2022\/06\/FB_IMG_1655567625852.jpg?resize=1068%2C801&amp;ssl=1 1068w, https:\/\/i0.wp.com\/oeilsportif.info\/wp-content\/uploads\/2022\/06\/FB_IMG_1655567625852.jpg?resize=560%2C420&amp;ssl=1 560w\" sizes=\"auto, (max-width: 696px) 100vw, 696px\" \/><\/a><\/p>\n","protected":false},"excerpt":{"rendered":"<p>Apr\u00e8s sa nomination pour le poste du Pr\u00e9sident d\u00e9l\u00e9gu\u00e9 du Hafia FC, en remplacement de Monsieur Ibrahima Sory N&rsquo;Gueye. Ifra Flex Dieng , le nouveau pr\u00e9sident du Hafia Football Club du Pr\u00e9sident Kerfalla Camara KPC a \u00e9crit ceci sur sa page Facebook : \u00ab Joignez vous \u00e0 moi pour dire merci \u00e0 Monsieur Kerfalla Camara [&hellip;]<\/p>\n","protected":false},"author":2,"featured_media":941,"comment_status":"closed","ping_status":"open","sticky":false,"template":"","format":"standard","meta":{"_jetpack_memberships_contains_paid_content":false,"footnotes":"","jetpack_publicize_message":"","jetpack_publicize_feature_enabled":true,"jetpack_social_post_already_shared":true,"jetpack_social_options":{"image_generator_settings":{"template":"highway","default_image_id":0,"font":"","enabled":false},"version":2}},"categories":[5],"tags":[],"class_list":{"0":"post-938","1":"post","2":"type-post","3":"status-publish","4":"format-standard","5":"has-post-thumbnail","7":"category-football"},"yoast_head":"<!-- This site is optimized with the Yoast SEO plugin v27.5 - https:\/\/yoast.com\/product\/yoast-seo-wordpress\/ -->\n<title>AIfra Flex N&#039;Dieng &quot; Au nom de tout le staff du Hafia, je dis merci au PDG &quot; dixit le nouveau Pr\u00e9sident d\u00e9l\u00e9gu\u00e9 du Hafia FC\u2026 - le regard du sportif<\/title>\n<meta name=\"robots\" content=\"index, follow, max-snippet:-1, max-image-preview:large, max-video-preview:-1\" \/>\n<link rel=\"canonical\" href=\"https:\/\/oeilsportif.info\/index.php\/aifra-flex-ndieng-au-nom-de-tout-le-staff-du-hafia-je-dis-merci-au-pdg-dixit-le-nouveau-president-delegue-du-hafia-fc\/\" \/>\n<meta property=\"og:locale\" content=\"fr_FR\" \/>\n<meta property=\"og:type\" content=\"article\" \/>\n<meta property=\"og:title\" content=\"AIfra Flex N&#039;Dieng &quot; Au nom de tout le staff du Hafia, je dis merci au PDG &quot; dixit le nouveau Pr\u00e9sident d\u00e9l\u00e9gu\u00e9 du Hafia FC\u2026 - le regard du sportif\" \/>\n<meta property=\"og:description\" content=\"Apr\u00e8s sa nomination pour le poste du Pr\u00e9sident d\u00e9l\u00e9gu\u00e9 du Hafia FC, en remplacement de Monsieur Ibrahima Sory N&rsquo;Gueye. Ifra Flex Dieng , le nouveau pr\u00e9sident du Hafia Football Club du Pr\u00e9sident Kerfalla Camara KPC a \u00e9crit ceci sur sa page Facebook : \u00ab Joignez vous \u00e0 moi pour dire merci \u00e0 Monsieur Kerfalla Camara [&hellip;]\" \/>\n<meta property=\"og:url\" content=\"https:\/\/oeilsportif.info\/index.php\/aifra-flex-ndieng-au-nom-de-tout-le-staff-du-hafia-je-dis-merci-au-pdg-dixit-le-nouveau-president-delegue-du-hafia-fc\/\" \/>\n<meta property=\"og:site_name\" content=\"le regard du sportif\" \/>\n<meta property=\"article:published_time\" content=\"2022-06-18T15:57:46+00:00\" \/>\n<meta property=\"og:image\" content=\"https:\/\/oeilsportif.info\/wp-content\/uploads\/2022\/06\/FB_IMG_1655567621329.jpg\" \/>\n\t<meta property=\"og:image:width\" content=\"720\" \/>\n\t<meta property=\"og:image:height\" content=\"960\" \/>\n\t<meta property=\"og:image:type\" content=\"image\/jpeg\" \/>\n<meta name=\"author\" content=\"L&#039;Equipe de la R\u00e9daction\" \/>\n<meta name=\"twitter:label1\" content=\"\u00c9crit par\" \/>\n\t<meta name=\"twitter:data1\" content=\"L&#039;Equipe de la R\u00e9daction\" \/>\n\t<meta name=\"twitter:label2\" content=\"Dur\u00e9e de lecture estim\u00e9e\" \/>\n\t<meta name=\"twitter:data2\" content=\"2 minutes\" \/>\n<script type=\"application\/ld+json\" class=\"yoast-schema-graph\">{\"@context\":\"https:\\\/\\\/schema.org\",\"@graph\":[{\"@type\":\"Article\",\"@id\":\"https:\\\/\\\/oeilsportif.info\\\/index.php\\\/aifra-flex-ndieng-au-nom-de-tout-le-staff-du-hafia-je-dis-merci-au-pdg-dixit-le-nouveau-president-delegue-du-hafia-fc\\\/#article\",\"isPartOf\":{\"@id\":\"https:\\\/\\\/oeilsportif.info\\\/index.php\\\/aifra-flex-ndieng-au-nom-de-tout-le-staff-du-hafia-je-dis-merci-au-pdg-dixit-le-nouveau-president-delegue-du-hafia-fc\\\/\"},\"author\":{\"name\":\"L'Equipe de la R\u00e9daction\",\"@id\":\"https:\\\/\\\/oeilsportif.info\\\/#\\\/schema\\\/person\\\/cfbded294aa6095f7d96608d7905e9a1\"},\"headline\":\"AIfra Flex N&rsquo;Dieng \u00a0\u00bb Au nom de tout le staff du Hafia, je dis merci au PDG \u00a0\u00bb dixit le nouveau Pr\u00e9sident d\u00e9l\u00e9gu\u00e9 du Hafia FC\u2026\",\"datePublished\":\"2022-06-18T15:57:46+00:00\",\"mainEntityOfPage\":{\"@id\":\"https:\\\/\\\/oeilsportif.info\\\/index.php\\\/aifra-flex-ndieng-au-nom-de-tout-le-staff-du-hafia-je-dis-merci-au-pdg-dixit-le-nouveau-president-delegue-du-hafia-fc\\\/\"},\"wordCount\":232,\"image\":{\"@id\":\"https:\\\/\\\/oeilsportif.info\\\/index.php\\\/aifra-flex-ndieng-au-nom-de-tout-le-staff-du-hafia-je-dis-merci-au-pdg-dixit-le-nouveau-president-delegue-du-hafia-fc\\\/#primaryimage\"},\"thumbnailUrl\":\"https:\\\/\\\/i0.wp.com\\\/oeilsportif.info\\\/wp-content\\\/uploads\\\/2022\\\/06\\\/FB_IMG_1655567621329.jpg?fit=720%2C960&ssl=1\",\"articleSection\":[\"Football\"],\"inLanguage\":\"fr-FR\"},{\"@type\":\"WebPage\",\"@id\":\"https:\\\/\\\/oeilsportif.info\\\/index.php\\\/aifra-flex-ndieng-au-nom-de-tout-le-staff-du-hafia-je-dis-merci-au-pdg-dixit-le-nouveau-president-delegue-du-hafia-fc\\\/\",\"url\":\"https:\\\/\\\/oeilsportif.info\\\/index.php\\\/aifra-flex-ndieng-au-nom-de-tout-le-staff-du-hafia-je-dis-merci-au-pdg-dixit-le-nouveau-president-delegue-du-hafia-fc\\\/\",\"name\":\"AIfra Flex N'Dieng \\\" Au nom de tout le staff du Hafia, je dis merci au PDG \\\" dixit le nouveau Pr\u00e9sident d\u00e9l\u00e9gu\u00e9 du Hafia FC\u2026 - le regard du sportif\",\"isPartOf\":{\"@id\":\"https:\\\/\\\/oeilsportif.info\\\/#website\"},\"primaryImageOfPage\":{\"@id\":\"https:\\\/\\\/oeilsportif.info\\\/index.php\\\/aifra-flex-ndieng-au-nom-de-tout-le-staff-du-hafia-je-dis-merci-au-pdg-dixit-le-nouveau-president-delegue-du-hafia-fc\\\/#primaryimage\"},\"image\":{\"@id\":\"https:\\\/\\\/oeilsportif.info\\\/index.php\\\/aifra-flex-ndieng-au-nom-de-tout-le-staff-du-hafia-je-dis-merci-au-pdg-dixit-le-nouveau-president-delegue-du-hafia-fc\\\/#primaryimage\"},\"thumbnailUrl\":\"https:\\\/\\\/i0.wp.com\\\/oeilsportif.info\\\/wp-content\\\/uploads\\\/2022\\\/06\\\/FB_IMG_1655567621329.jpg?fit=720%2C960&ssl=1\",\"datePublished\":\"2022-06-18T15:57:46+00:00\",\"author\":{\"@id\":\"https:\\\/\\\/oeilsportif.info\\\/#\\\/schema\\\/person\\\/cfbded294aa6095f7d96608d7905e9a1\"},\"inLanguage\":\"fr-FR\",\"potentialAction\":[{\"@type\":\"ReadAction\",\"target\":[\"https:\\\/\\\/oeilsportif.info\\\/index.php\\\/aifra-flex-ndieng-au-nom-de-tout-le-staff-du-hafia-je-dis-merci-au-pdg-dixit-le-nouveau-president-delegue-du-hafia-fc\\\/\"]}]},{\"@type\":\"ImageObject\",\"inLanguage\":\"fr-FR\",\"@id\":\"https:\\\/\\\/oeilsportif.info\\\/index.php\\\/aifra-flex-ndieng-au-nom-de-tout-le-staff-du-hafia-je-dis-merci-au-pdg-dixit-le-nouveau-president-delegue-du-hafia-fc\\\/#primaryimage\",\"url\":\"https:\\\/\\\/i0.wp.com\\\/oeilsportif.info\\\/wp-content\\\/uploads\\\/2022\\\/06\\\/FB_IMG_1655567621329.jpg?fit=720%2C960&ssl=1\",\"contentUrl\":\"https:\\\/\\\/i0.wp.com\\\/oeilsportif.info\\\/wp-content\\\/uploads\\\/2022\\\/06\\\/FB_IMG_1655567621329.jpg?fit=720%2C960&ssl=1\",\"width\":720,\"height\":960},{\"@type\":\"WebSite\",\"@id\":\"https:\\\/\\\/oeilsportif.info\\\/#website\",\"url\":\"https:\\\/\\\/oeilsportif.info\\\/\",\"name\":\"le regard du sportif\",\"description\":\"\",\"potentialAction\":[{\"@type\":\"SearchAction\",\"target\":{\"@type\":\"EntryPoint\",\"urlTemplate\":\"https:\\\/\\\/oeilsportif.info\\\/?s={search_term_string}\"},\"query-input\":{\"@type\":\"PropertyValueSpecification\",\"valueRequired\":true,\"valueName\":\"search_term_string\"}}],\"inLanguage\":\"fr-FR\"},{\"@type\":\"Person\",\"@id\":\"https:\\\/\\\/oeilsportif.info\\\/#\\\/schema\\\/person\\\/cfbded294aa6095f7d96608d7905e9a1\",\"name\":\"L'Equipe de la R\u00e9daction\",\"image\":{\"@type\":\"ImageObject\",\"inLanguage\":\"fr-FR\",\"@id\":\"https:\\\/\\\/oeilsportif.info\\\/wp-content\\\/uploads\\\/2025\\\/07\\\/cropped-cropped-logo-os-96x96.jpeg\",\"url\":\"https:\\\/\\\/oeilsportif.info\\\/wp-content\\\/uploads\\\/2025\\\/07\\\/cropped-cropped-logo-os-96x96.jpeg\",\"contentUrl\":\"https:\\\/\\\/oeilsportif.info\\\/wp-content\\\/uploads\\\/2025\\\/07\\\/cropped-cropped-logo-os-96x96.jpeg\",\"caption\":\"L'Equipe de la R\u00e9daction\"},\"url\":\"https:\\\/\\\/oeilsportif.info\\\/index.php\\\/author\\\/tawel\\\/\"}]}<\/script>\n<!-- \/ Yoast SEO plugin. -->","yoast_head_json":{"title":"AIfra Flex N'Dieng \" Au nom de tout le staff du Hafia, je dis merci au PDG \" dixit le nouveau Pr\u00e9sident d\u00e9l\u00e9gu\u00e9 du Hafia FC\u2026 - le regard du sportif","robots":{"index":"index","follow":"follow","max-snippet":"max-snippet:-1","max-image-preview":"max-image-preview:large","max-video-preview":"max-video-preview:-1"},"canonical":"https:\/\/oeilsportif.info\/index.php\/aifra-flex-ndieng-au-nom-de-tout-le-staff-du-hafia-je-dis-merci-au-pdg-dixit-le-nouveau-president-delegue-du-hafia-fc\/","og_locale":"fr_FR","og_type":"article","og_title":"AIfra Flex N'Dieng \" Au nom de tout le staff du Hafia, je dis merci au PDG \" dixit le nouveau Pr\u00e9sident d\u00e9l\u00e9gu\u00e9 du Hafia FC\u2026 - le regard du sportif","og_description":"Apr\u00e8s sa nomination pour le poste du Pr\u00e9sident d\u00e9l\u00e9gu\u00e9 du Hafia FC, en remplacement de Monsieur Ibrahima Sory N&rsquo;Gueye. Ifra Flex Dieng , le nouveau pr\u00e9sident du Hafia Football Club du Pr\u00e9sident Kerfalla Camara KPC a \u00e9crit ceci sur sa page Facebook : \u00ab Joignez vous \u00e0 moi pour dire merci \u00e0 Monsieur Kerfalla Camara [&hellip;]","og_url":"https:\/\/oeilsportif.info\/index.php\/aifra-flex-ndieng-au-nom-de-tout-le-staff-du-hafia-je-dis-merci-au-pdg-dixit-le-nouveau-president-delegue-du-hafia-fc\/","og_site_name":"le regard du sportif","article_published_time":"2022-06-18T15:57:46+00:00","og_image":[{"width":720,"height":960,"url":"https:\/\/oeilsportif.info\/wp-content\/uploads\/2022\/06\/FB_IMG_1655567621329.jpg","type":"image\/jpeg"}],"author":"L'Equipe de la R\u00e9daction","twitter_misc":{"\u00c9crit par":"L'Equipe de la R\u00e9daction","Dur\u00e9e de lecture estim\u00e9e":"2 minutes"},"schema":{"@context":"https:\/\/schema.org","@graph":[{"@type":"Article","@id":"https:\/\/oeilsportif.info\/index.php\/aifra-flex-ndieng-au-nom-de-tout-le-staff-du-hafia-je-dis-merci-au-pdg-dixit-le-nouveau-president-delegue-du-hafia-fc\/#article","isPartOf":{"@id":"https:\/\/oeilsportif.info\/index.php\/aifra-flex-ndieng-au-nom-de-tout-le-staff-du-hafia-je-dis-merci-au-pdg-dixit-le-nouveau-president-delegue-du-hafia-fc\/"},"author":{"name":"L'Equipe de la R\u00e9daction","@id":"https:\/\/oeilsportif.info\/#\/schema\/person\/cfbded294aa6095f7d96608d7905e9a1"},"headline":"AIfra Flex N&rsquo;Dieng \u00a0\u00bb Au nom de tout le staff du Hafia, je dis merci au PDG \u00a0\u00bb dixit le nouveau Pr\u00e9sident d\u00e9l\u00e9gu\u00e9 du Hafia FC\u2026","datePublished":"2022-06-18T15:57:46+00:00","mainEntityOfPage":{"@id":"https:\/\/oeilsportif.info\/index.php\/aifra-flex-ndieng-au-nom-de-tout-le-staff-du-hafia-je-dis-merci-au-pdg-dixit-le-nouveau-president-delegue-du-hafia-fc\/"},"wordCount":232,"image":{"@id":"https:\/\/oeilsportif.info\/index.php\/aifra-flex-ndieng-au-nom-de-tout-le-staff-du-hafia-je-dis-merci-au-pdg-dixit-le-nouveau-president-delegue-du-hafia-fc\/#primaryimage"},"thumbnailUrl":"https:\/\/i0.wp.com\/oeilsportif.info\/wp-content\/uploads\/2022\/06\/FB_IMG_1655567621329.jpg?fit=720%2C960&ssl=1","articleSection":["Football"],"inLanguage":"fr-FR"},{"@type":"WebPage","@id":"https:\/\/oeilsportif.info\/index.php\/aifra-flex-ndieng-au-nom-de-tout-le-staff-du-hafia-je-dis-merci-au-pdg-dixit-le-nouveau-president-delegue-du-hafia-fc\/","url":"https:\/\/oeilsportif.info\/index.php\/aifra-flex-ndieng-au-nom-de-tout-le-staff-du-hafia-je-dis-merci-au-pdg-dixit-le-nouveau-president-delegue-du-hafia-fc\/","name":"AIfra Flex N'Dieng \" Au nom de tout le staff du Hafia, je dis merci au PDG \" dixit le nouveau Pr\u00e9sident d\u00e9l\u00e9gu\u00e9 du Hafia FC\u2026 - le regard du sportif","isPartOf":{"@id":"https:\/\/oeilsportif.info\/#website"},"primaryImageOfPage":{"@id":"https:\/\/oeilsportif.info\/index.php\/aifra-flex-ndieng-au-nom-de-tout-le-staff-du-hafia-je-dis-merci-au-pdg-dixit-le-nouveau-president-delegue-du-hafia-fc\/#primaryimage"},"image":{"@id":"https:\/\/oeilsportif.info\/index.php\/aifra-flex-ndieng-au-nom-de-tout-le-staff-du-hafia-je-dis-merci-au-pdg-dixit-le-nouveau-president-delegue-du-hafia-fc\/#primaryimage"},"thumbnailUrl":"https:\/\/i0.wp.com\/oeilsportif.info\/wp-content\/uploads\/2022\/06\/FB_IMG_1655567621329.jpg?fit=720%2C960&ssl=1","datePublished":"2022-06-18T15:57:46+00:00","author":{"@id":"https:\/\/oeilsportif.info\/#\/schema\/person\/cfbded294aa6095f7d96608d7905e9a1"},"inLanguage":"fr-FR","potentialAction":[{"@type":"ReadAction","target":["https:\/\/oeilsportif.info\/index.php\/aifra-flex-ndieng-au-nom-de-tout-le-staff-du-hafia-je-dis-merci-au-pdg-dixit-le-nouveau-president-delegue-du-hafia-fc\/"]}]},{"@type":"ImageObject","inLanguage":"fr-FR","@id":"https:\/\/oeilsportif.info\/index.php\/aifra-flex-ndieng-au-nom-de-tout-le-staff-du-hafia-je-dis-merci-au-pdg-dixit-le-nouveau-president-delegue-du-hafia-fc\/#primaryimage","url":"https:\/\/i0.wp.com\/oeilsportif.info\/wp-content\/uploads\/2022\/06\/FB_IMG_1655567621329.jpg?fit=720%2C960&ssl=1","contentUrl":"https:\/\/i0.wp.com\/oeilsportif.info\/wp-content\/uploads\/2022\/06\/FB_IMG_1655567621329.jpg?fit=720%2C960&ssl=1","width":720,"height":960},{"@type":"WebSite","@id":"https:\/\/oeilsportif.info\/#website","url":"https:\/\/oeilsportif.info\/","name":"le regard du sportif","description":"","potentialAction":[{"@type":"SearchAction","target":{"@type":"EntryPoint","urlTemplate":"https:\/\/oeilsportif.info\/?s={search_term_string}"},"query-input":{"@type":"PropertyValueSpecification","valueRequired":true,"valueName":"search_term_string"}}],"inLanguage":"fr-FR"},{"@type":"Person","@id":"https:\/\/oeilsportif.info\/#\/schema\/person\/cfbded294aa6095f7d96608d7905e9a1","name":"L'Equipe de la R\u00e9daction","image":{"@type":"ImageObject","inLanguage":"fr-FR","@id":"https:\/\/oeilsportif.info\/wp-content\/uploads\/2025\/07\/cropped-cropped-logo-os-96x96.jpeg","url":"https:\/\/oeilsportif.info\/wp-content\/uploads\/2025\/07\/cropped-cropped-logo-os-96x96.jpeg","contentUrl":"https:\/\/oeilsportif.info\/wp-content\/uploads\/2025\/07\/cropped-cropped-logo-os-96x96.jpeg","caption":"L'Equipe de la R\u00e9daction"},"url":"https:\/\/oeilsportif.info\/index.php\/author\/tawel\/"}]}},"jetpack_publicize_connections":[],"jetpack_featured_media_url":"https:\/\/i0.wp.com\/oeilsportif.info\/wp-content\/uploads\/2022\/06\/FB_IMG_1655567621329.jpg?fit=720%2C960&ssl=1","jetpack-related-posts":[],"jetpack_sharing_enabled":true,"jetpack_likes_enabled":true,"jetpack_shortlink":"https:\/\/wp.me\/pgFE77-f8","_links":{"self":[{"href":"https:\/\/oeilsportif.info\/index.php\/wp-json\/wp\/v2\/posts\/938","targetHints":{"allow":["GET"]}}],"collection":[{"href":"https:\/\/oeilsportif.info\/index.php\/wp-json\/wp\/v2\/posts"}],"about":[{"href":"https:\/\/oeilsportif.info\/index.php\/wp-json\/wp\/v2\/types\/post"}],"author":[{"embeddable":true,"href":"https:\/\/oeilsportif.info\/index.php\/wp-json\/wp\/v2\/users\/2"}],"replies":[{"embeddable":true,"href":"https:\/\/oeilsportif.info\/index.php\/wp-json\/wp\/v2\/comments?post=938"}],"version-history":[{"count":0,"href":"https:\/\/oeilsportif.info\/index.php\/wp-json\/wp\/v2\/posts\/938\/revisions"}],"wp:featuredmedia":[{"embeddable":true,"href":"https:\/\/oeilsportif.info\/index.php\/wp-json\/wp\/v2\/media\/941"}],"wp:attachment":[{"href":"https:\/\/oeilsportif.info\/index.php\/wp-json\/wp\/v2\/media?parent=938"}],"wp:term":[{"taxonomy":"category","embeddable":true,"href":"https:\/\/oeilsportif.info\/index.php\/wp-json\/wp\/v2\/categories?post=938"},{"taxonomy":"post_tag","embeddable":true,"href":"https:\/\/oeilsportif.info\/index.php\/wp-json\/wp\/v2\/tags?post=938"}],"curies":[{"name":"wp","href":"https:\/\/api.w.org\/{rel}","templated":true}]}}