{"id":907,"date":"2022-06-16T20:25:09","date_gmt":"2022-06-16T20:25:09","guid":{"rendered":"https:\/\/oeilsportif.info\/index.php\/?p=907"},"modified":"2022-06-16T20:25:09","modified_gmt":"2022-06-16T20:25:09","slug":"audience-la-fif-celebre-rosemonde-kouassi","status":"publish","type":"post","link":"https:\/\/oeilsportif.info\/index.php\/audience-la-fif-celebre-rosemonde-kouassi\/","title":{"rendered":"Audience : La FIF C\u00e9l\u00e8bre Rosemonde Kouassi."},"content":{"rendered":"<p><strong>Rosemonde Kouassi, \u00e9lue meilleure Espoir de la Division 1 f\u00e9minine du football Fran\u00e7ais a \u00e9t\u00e9 re\u00e7ue ce jeudi 16 juin 2022 par M. Yacine Idriss Diallo, Pr\u00e9sident de la F\u00e9d\u00e9ration Ivoirienne de Football.<\/strong><\/p>\n<p>Venue avec ses troph\u00e9es, la joueuse de Fleury 91 a re\u00e7u les f\u00e9licitations de la FIF et de son Pr\u00e9sident Yacine Idriss Diallo.<\/p>\n<p>\u00ab\u00a0<strong> Au nom de la FIF, je t&rsquo;adresse mes vives f\u00e9licitations.\u00a0\u00bb,<\/strong> a d\u00e9clar\u00e9 le Pr\u00e9sident de la FIF avant de poursuivre.<\/p>\n<p>\u00a0\u00bb <strong>Tu es une grande fiert\u00e9. Mais nous te demandons plus\u00a0\u00bb<\/strong>, s&rsquo;est-il exprim\u00e9.<\/p>\n<p>Le Pr\u00e9sident de la FIF a donn\u00e9 des assurances \u00e0 l&rsquo;internationale ivoirienne quant \u00e0 la disponibilit\u00e9 de la F\u00e9d\u00e9ration Ivoirienne de Football \u00e0 l&rsquo;accompagner dans la r\u00e9alisation des espoirs plac\u00e9s en elle avec cette distinction. Ainsi a-t-il dit, \u00a0\u00bb <strong>On va te suivre, t&rsquo;accompagner. On est tous avec toi\u00a0\u00bb.<\/strong><\/p>\n<p>Yacine Idriss Diallo n&rsquo;a pas manqu\u00e9 d&rsquo;inviter l&rsquo;attaquante des El\u00e9phantes \u00e0 travailler davantage pour rester au sommet de son art. \u00a0\u00bb <strong>Au-del\u00e0 de ton talent, il faut travailler durement, avoir plus d&rsquo;exigences\u00a0\u00bb,<\/strong> a insist\u00e9 le patron du football Ivoirien.<\/p>\n<p>Yacine Idriss Diallo qui \u00e9tait accompagn\u00e9 par ses collaborateurs dont le Colonel Kon\u00e9 Mamadou, 3 \u00e8me vice-Pr\u00e9sident de la FIF, Armand Gohourou, Directeur Ex\u00e9cutif de la FIF, Christine Ozoua, Pr\u00e9sidente de la Commission du Football F\u00e9minin ainsi que la s\u00e9lectionneuse de l&rsquo;\u00e9quipe nationale f\u00e9minine, Cl\u00e9mentine Tour\u00e9 accompagn\u00e9e pour la circonstance de cinq joueuses de l&rsquo;\u00e9quipe nationale f\u00e9minine, a saisi l&rsquo;occasion pour d\u00e9voiler ses ambitions pour le football f\u00e9minin.<\/p>\n<p>\u00ab\u00a0<strong> Nous allons am\u00e9liorer les conditions des clubs et des joueuses. On va travailler s\u00e9rieusement pour se qualifier pour les jeux olympiques de Paris, l&rsquo;un des grands objectifs de la F\u00e9d\u00e9ration<\/strong>\u00a0\u00bb a d\u00e9clar\u00e9 le Pr\u00e9sident de la FIF.<\/p>\n<p>Source : FIF<\/p>\n","protected":false},"excerpt":{"rendered":"<p>Rosemonde Kouassi, \u00e9lue meilleure Espoir de la Division 1 f\u00e9minine du football Fran\u00e7ais a \u00e9t\u00e9 re\u00e7ue ce jeudi 16 juin 2022 par M. Yacine Idriss Diallo, Pr\u00e9sident de la F\u00e9d\u00e9ration Ivoirienne de Football. Venue avec ses troph\u00e9es, la joueuse de Fleury 91 a re\u00e7u les f\u00e9licitations de la FIF et de son Pr\u00e9sident Yacine Idriss [&hellip;]<\/p>\n","protected":false},"author":2,"featured_media":908,"comment_status":"closed","ping_status":"open","sticky":false,"template":"","format":"standard","meta":{"_jetpack_memberships_contains_paid_content":false,"footnotes":"","jetpack_publicize_message":"","jetpack_publicize_feature_enabled":true,"jetpack_social_post_already_shared":true,"jetpack_social_options":{"image_generator_settings":{"template":"highway","default_image_id":0,"font":"","enabled":false},"version":2}},"categories":[5],"tags":[],"class_list":{"0":"post-907","1":"post","2":"type-post","3":"status-publish","4":"format-standard","5":"has-post-thumbnail","7":"category-football"},"yoast_head":"<!-- This site is optimized with the Yoast SEO plugin v27.5 - https:\/\/yoast.com\/product\/yoast-seo-wordpress\/ -->\n<title>Audience : La FIF C\u00e9l\u00e8bre Rosemonde Kouassi. - le regard du sportif<\/title>\n<meta name=\"robots\" content=\"index, follow, max-snippet:-1, max-image-preview:large, max-video-preview:-1\" \/>\n<link rel=\"canonical\" href=\"https:\/\/oeilsportif.info\/index.php\/audience-la-fif-celebre-rosemonde-kouassi\/\" \/>\n<meta property=\"og:locale\" content=\"fr_FR\" \/>\n<meta property=\"og:type\" content=\"article\" \/>\n<meta property=\"og:title\" content=\"Audience : La FIF C\u00e9l\u00e8bre Rosemonde Kouassi. - le regard du sportif\" \/>\n<meta property=\"og:description\" content=\"Rosemonde Kouassi, \u00e9lue meilleure Espoir de la Division 1 f\u00e9minine du football Fran\u00e7ais a \u00e9t\u00e9 re\u00e7ue ce jeudi 16 juin 2022 par M. Yacine Idriss Diallo, Pr\u00e9sident de la F\u00e9d\u00e9ration Ivoirienne de Football. Venue avec ses troph\u00e9es, la joueuse de Fleury 91 a re\u00e7u les f\u00e9licitations de la FIF et de son Pr\u00e9sident Yacine Idriss [&hellip;]\" \/>\n<meta property=\"og:url\" content=\"https:\/\/oeilsportif.info\/index.php\/audience-la-fif-celebre-rosemonde-kouassi\/\" \/>\n<meta property=\"og:site_name\" content=\"le regard du sportif\" \/>\n<meta property=\"article:published_time\" content=\"2022-06-16T20:25:09+00:00\" \/>\n<meta property=\"og:image\" content=\"https:\/\/oeilsportif.info\/wp-content\/uploads\/2022\/06\/FB_IMG_1655410919701.jpg\" \/>\n\t<meta property=\"og:image:width\" content=\"1080\" \/>\n\t<meta property=\"og:image:height\" content=\"606\" \/>\n\t<meta property=\"og:image:type\" content=\"image\/jpeg\" \/>\n<meta name=\"author\" content=\"L&#039;Equipe de la R\u00e9daction\" \/>\n<meta name=\"twitter:label1\" content=\"\u00c9crit par\" \/>\n\t<meta name=\"twitter:data1\" content=\"L&#039;Equipe de la R\u00e9daction\" \/>\n\t<meta name=\"twitter:label2\" content=\"Dur\u00e9e de lecture estim\u00e9e\" \/>\n\t<meta name=\"twitter:data2\" content=\"2 minutes\" \/>\n<script type=\"application\/ld+json\" class=\"yoast-schema-graph\">{\"@context\":\"https:\\\/\\\/schema.org\",\"@graph\":[{\"@type\":\"Article\",\"@id\":\"https:\\\/\\\/oeilsportif.info\\\/index.php\\\/audience-la-fif-celebre-rosemonde-kouassi\\\/#article\",\"isPartOf\":{\"@id\":\"https:\\\/\\\/oeilsportif.info\\\/index.php\\\/audience-la-fif-celebre-rosemonde-kouassi\\\/\"},\"author\":{\"name\":\"L'Equipe de la R\u00e9daction\",\"@id\":\"https:\\\/\\\/oeilsportif.info\\\/#\\\/schema\\\/person\\\/cfbded294aa6095f7d96608d7905e9a1\"},\"headline\":\"Audience : La FIF C\u00e9l\u00e8bre Rosemonde Kouassi.\",\"datePublished\":\"2022-06-16T20:25:09+00:00\",\"mainEntityOfPage\":{\"@id\":\"https:\\\/\\\/oeilsportif.info\\\/index.php\\\/audience-la-fif-celebre-rosemonde-kouassi\\\/\"},\"wordCount\":329,\"image\":{\"@id\":\"https:\\\/\\\/oeilsportif.info\\\/index.php\\\/audience-la-fif-celebre-rosemonde-kouassi\\\/#primaryimage\"},\"thumbnailUrl\":\"https:\\\/\\\/i0.wp.com\\\/oeilsportif.info\\\/wp-content\\\/uploads\\\/2022\\\/06\\\/FB_IMG_1655410919701.jpg?fit=1080%2C606&ssl=1\",\"articleSection\":[\"Football\"],\"inLanguage\":\"fr-FR\"},{\"@type\":\"WebPage\",\"@id\":\"https:\\\/\\\/oeilsportif.info\\\/index.php\\\/audience-la-fif-celebre-rosemonde-kouassi\\\/\",\"url\":\"https:\\\/\\\/oeilsportif.info\\\/index.php\\\/audience-la-fif-celebre-rosemonde-kouassi\\\/\",\"name\":\"Audience : La FIF C\u00e9l\u00e8bre Rosemonde Kouassi. - le regard du sportif\",\"isPartOf\":{\"@id\":\"https:\\\/\\\/oeilsportif.info\\\/#website\"},\"primaryImageOfPage\":{\"@id\":\"https:\\\/\\\/oeilsportif.info\\\/index.php\\\/audience-la-fif-celebre-rosemonde-kouassi\\\/#primaryimage\"},\"image\":{\"@id\":\"https:\\\/\\\/oeilsportif.info\\\/index.php\\\/audience-la-fif-celebre-rosemonde-kouassi\\\/#primaryimage\"},\"thumbnailUrl\":\"https:\\\/\\\/i0.wp.com\\\/oeilsportif.info\\\/wp-content\\\/uploads\\\/2022\\\/06\\\/FB_IMG_1655410919701.jpg?fit=1080%2C606&ssl=1\",\"datePublished\":\"2022-06-16T20:25:09+00:00\",\"author\":{\"@id\":\"https:\\\/\\\/oeilsportif.info\\\/#\\\/schema\\\/person\\\/cfbded294aa6095f7d96608d7905e9a1\"},\"inLanguage\":\"fr-FR\",\"potentialAction\":[{\"@type\":\"ReadAction\",\"target\":[\"https:\\\/\\\/oeilsportif.info\\\/index.php\\\/audience-la-fif-celebre-rosemonde-kouassi\\\/\"]}]},{\"@type\":\"ImageObject\",\"inLanguage\":\"fr-FR\",\"@id\":\"https:\\\/\\\/oeilsportif.info\\\/index.php\\\/audience-la-fif-celebre-rosemonde-kouassi\\\/#primaryimage\",\"url\":\"https:\\\/\\\/i0.wp.com\\\/oeilsportif.info\\\/wp-content\\\/uploads\\\/2022\\\/06\\\/FB_IMG_1655410919701.jpg?fit=1080%2C606&ssl=1\",\"contentUrl\":\"https:\\\/\\\/i0.wp.com\\\/oeilsportif.info\\\/wp-content\\\/uploads\\\/2022\\\/06\\\/FB_IMG_1655410919701.jpg?fit=1080%2C606&ssl=1\",\"width\":1080,\"height\":606},{\"@type\":\"WebSite\",\"@id\":\"https:\\\/\\\/oeilsportif.info\\\/#website\",\"url\":\"https:\\\/\\\/oeilsportif.info\\\/\",\"name\":\"le regard du sportif\",\"description\":\"\",\"potentialAction\":[{\"@type\":\"SearchAction\",\"target\":{\"@type\":\"EntryPoint\",\"urlTemplate\":\"https:\\\/\\\/oeilsportif.info\\\/?s={search_term_string}\"},\"query-input\":{\"@type\":\"PropertyValueSpecification\",\"valueRequired\":true,\"valueName\":\"search_term_string\"}}],\"inLanguage\":\"fr-FR\"},{\"@type\":\"Person\",\"@id\":\"https:\\\/\\\/oeilsportif.info\\\/#\\\/schema\\\/person\\\/cfbded294aa6095f7d96608d7905e9a1\",\"name\":\"L'Equipe de la R\u00e9daction\",\"image\":{\"@type\":\"ImageObject\",\"inLanguage\":\"fr-FR\",\"@id\":\"https:\\\/\\\/oeilsportif.info\\\/wp-content\\\/uploads\\\/2025\\\/07\\\/cropped-cropped-logo-os-96x96.jpeg\",\"url\":\"https:\\\/\\\/oeilsportif.info\\\/wp-content\\\/uploads\\\/2025\\\/07\\\/cropped-cropped-logo-os-96x96.jpeg\",\"contentUrl\":\"https:\\\/\\\/oeilsportif.info\\\/wp-content\\\/uploads\\\/2025\\\/07\\\/cropped-cropped-logo-os-96x96.jpeg\",\"caption\":\"L'Equipe de la R\u00e9daction\"},\"url\":\"https:\\\/\\\/oeilsportif.info\\\/index.php\\\/author\\\/tawel\\\/\"}]}<\/script>\n<!-- \/ Yoast SEO plugin. -->","yoast_head_json":{"title":"Audience : La FIF C\u00e9l\u00e8bre Rosemonde Kouassi. - le regard du sportif","robots":{"index":"index","follow":"follow","max-snippet":"max-snippet:-1","max-image-preview":"max-image-preview:large","max-video-preview":"max-video-preview:-1"},"canonical":"https:\/\/oeilsportif.info\/index.php\/audience-la-fif-celebre-rosemonde-kouassi\/","og_locale":"fr_FR","og_type":"article","og_title":"Audience : La FIF C\u00e9l\u00e8bre Rosemonde Kouassi. - le regard du sportif","og_description":"Rosemonde Kouassi, \u00e9lue meilleure Espoir de la Division 1 f\u00e9minine du football Fran\u00e7ais a \u00e9t\u00e9 re\u00e7ue ce jeudi 16 juin 2022 par M. Yacine Idriss Diallo, Pr\u00e9sident de la F\u00e9d\u00e9ration Ivoirienne de Football. Venue avec ses troph\u00e9es, la joueuse de Fleury 91 a re\u00e7u les f\u00e9licitations de la FIF et de son Pr\u00e9sident Yacine Idriss [&hellip;]","og_url":"https:\/\/oeilsportif.info\/index.php\/audience-la-fif-celebre-rosemonde-kouassi\/","og_site_name":"le regard du sportif","article_published_time":"2022-06-16T20:25:09+00:00","og_image":[{"width":1080,"height":606,"url":"https:\/\/oeilsportif.info\/wp-content\/uploads\/2022\/06\/FB_IMG_1655410919701.jpg","type":"image\/jpeg"}],"author":"L'Equipe de la R\u00e9daction","twitter_misc":{"\u00c9crit par":"L'Equipe de la R\u00e9daction","Dur\u00e9e de lecture estim\u00e9e":"2 minutes"},"schema":{"@context":"https:\/\/schema.org","@graph":[{"@type":"Article","@id":"https:\/\/oeilsportif.info\/index.php\/audience-la-fif-celebre-rosemonde-kouassi\/#article","isPartOf":{"@id":"https:\/\/oeilsportif.info\/index.php\/audience-la-fif-celebre-rosemonde-kouassi\/"},"author":{"name":"L'Equipe de la R\u00e9daction","@id":"https:\/\/oeilsportif.info\/#\/schema\/person\/cfbded294aa6095f7d96608d7905e9a1"},"headline":"Audience : La FIF C\u00e9l\u00e8bre Rosemonde Kouassi.","datePublished":"2022-06-16T20:25:09+00:00","mainEntityOfPage":{"@id":"https:\/\/oeilsportif.info\/index.php\/audience-la-fif-celebre-rosemonde-kouassi\/"},"wordCount":329,"image":{"@id":"https:\/\/oeilsportif.info\/index.php\/audience-la-fif-celebre-rosemonde-kouassi\/#primaryimage"},"thumbnailUrl":"https:\/\/i0.wp.com\/oeilsportif.info\/wp-content\/uploads\/2022\/06\/FB_IMG_1655410919701.jpg?fit=1080%2C606&ssl=1","articleSection":["Football"],"inLanguage":"fr-FR"},{"@type":"WebPage","@id":"https:\/\/oeilsportif.info\/index.php\/audience-la-fif-celebre-rosemonde-kouassi\/","url":"https:\/\/oeilsportif.info\/index.php\/audience-la-fif-celebre-rosemonde-kouassi\/","name":"Audience : La FIF C\u00e9l\u00e8bre Rosemonde Kouassi. - le regard du sportif","isPartOf":{"@id":"https:\/\/oeilsportif.info\/#website"},"primaryImageOfPage":{"@id":"https:\/\/oeilsportif.info\/index.php\/audience-la-fif-celebre-rosemonde-kouassi\/#primaryimage"},"image":{"@id":"https:\/\/oeilsportif.info\/index.php\/audience-la-fif-celebre-rosemonde-kouassi\/#primaryimage"},"thumbnailUrl":"https:\/\/i0.wp.com\/oeilsportif.info\/wp-content\/uploads\/2022\/06\/FB_IMG_1655410919701.jpg?fit=1080%2C606&ssl=1","datePublished":"2022-06-16T20:25:09+00:00","author":{"@id":"https:\/\/oeilsportif.info\/#\/schema\/person\/cfbded294aa6095f7d96608d7905e9a1"},"inLanguage":"fr-FR","potentialAction":[{"@type":"ReadAction","target":["https:\/\/oeilsportif.info\/index.php\/audience-la-fif-celebre-rosemonde-kouassi\/"]}]},{"@type":"ImageObject","inLanguage":"fr-FR","@id":"https:\/\/oeilsportif.info\/index.php\/audience-la-fif-celebre-rosemonde-kouassi\/#primaryimage","url":"https:\/\/i0.wp.com\/oeilsportif.info\/wp-content\/uploads\/2022\/06\/FB_IMG_1655410919701.jpg?fit=1080%2C606&ssl=1","contentUrl":"https:\/\/i0.wp.com\/oeilsportif.info\/wp-content\/uploads\/2022\/06\/FB_IMG_1655410919701.jpg?fit=1080%2C606&ssl=1","width":1080,"height":606},{"@type":"WebSite","@id":"https:\/\/oeilsportif.info\/#website","url":"https:\/\/oeilsportif.info\/","name":"le regard du sportif","description":"","potentialAction":[{"@type":"SearchAction","target":{"@type":"EntryPoint","urlTemplate":"https:\/\/oeilsportif.info\/?s={search_term_string}"},"query-input":{"@type":"PropertyValueSpecification","valueRequired":true,"valueName":"search_term_string"}}],"inLanguage":"fr-FR"},{"@type":"Person","@id":"https:\/\/oeilsportif.info\/#\/schema\/person\/cfbded294aa6095f7d96608d7905e9a1","name":"L'Equipe de la R\u00e9daction","image":{"@type":"ImageObject","inLanguage":"fr-FR","@id":"https:\/\/oeilsportif.info\/wp-content\/uploads\/2025\/07\/cropped-cropped-logo-os-96x96.jpeg","url":"https:\/\/oeilsportif.info\/wp-content\/uploads\/2025\/07\/cropped-cropped-logo-os-96x96.jpeg","contentUrl":"https:\/\/oeilsportif.info\/wp-content\/uploads\/2025\/07\/cropped-cropped-logo-os-96x96.jpeg","caption":"L'Equipe de la R\u00e9daction"},"url":"https:\/\/oeilsportif.info\/index.php\/author\/tawel\/"}]}},"jetpack_publicize_connections":[],"jetpack_featured_media_url":"https:\/\/i0.wp.com\/oeilsportif.info\/wp-content\/uploads\/2022\/06\/FB_IMG_1655410919701.jpg?fit=1080%2C606&ssl=1","jetpack-related-posts":[],"jetpack_sharing_enabled":true,"jetpack_likes_enabled":true,"jetpack_shortlink":"https:\/\/wp.me\/pgFE77-eD","_links":{"self":[{"href":"https:\/\/oeilsportif.info\/index.php\/wp-json\/wp\/v2\/posts\/907","targetHints":{"allow":["GET"]}}],"collection":[{"href":"https:\/\/oeilsportif.info\/index.php\/wp-json\/wp\/v2\/posts"}],"about":[{"href":"https:\/\/oeilsportif.info\/index.php\/wp-json\/wp\/v2\/types\/post"}],"author":[{"embeddable":true,"href":"https:\/\/oeilsportif.info\/index.php\/wp-json\/wp\/v2\/users\/2"}],"replies":[{"embeddable":true,"href":"https:\/\/oeilsportif.info\/index.php\/wp-json\/wp\/v2\/comments?post=907"}],"version-history":[{"count":0,"href":"https:\/\/oeilsportif.info\/index.php\/wp-json\/wp\/v2\/posts\/907\/revisions"}],"wp:featuredmedia":[{"embeddable":true,"href":"https:\/\/oeilsportif.info\/index.php\/wp-json\/wp\/v2\/media\/908"}],"wp:attachment":[{"href":"https:\/\/oeilsportif.info\/index.php\/wp-json\/wp\/v2\/media?parent=907"}],"wp:term":[{"taxonomy":"category","embeddable":true,"href":"https:\/\/oeilsportif.info\/index.php\/wp-json\/wp\/v2\/categories?post=907"},{"taxonomy":"post_tag","embeddable":true,"href":"https:\/\/oeilsportif.info\/index.php\/wp-json\/wp\/v2\/tags?post=907"}],"curies":[{"name":"wp","href":"https:\/\/api.w.org\/{rel}","templated":true}]}}