{"id":904,"date":"2022-06-16T20:17:36","date_gmt":"2022-06-16T20:17:36","guid":{"rendered":"https:\/\/oeilsportif.info\/index.php\/?p=904"},"modified":"2022-06-16T20:17:36","modified_gmt":"2022-06-16T20:17:36","slug":"football-apres-la-fin-de-son-contrat-avec-le-horoya-morlaye-na-encore-rien-decide-de-son-futur-club","status":"publish","type":"post","link":"https:\/\/oeilsportif.info\/index.php\/football-apres-la-fin-de-son-contrat-avec-le-horoya-morlaye-na-encore-rien-decide-de-son-futur-club\/","title":{"rendered":"Football : Apr\u00e8s la fin de son contrat avec le Horoya Morlaye n\u2019a encore rien d\u00e9cid\u00e9 de son futur club\u2026"},"content":{"rendered":"<p><strong>Ce jeudi 16 2022, Morlaye Sylla officiel \u00e9tait l&rsquo;invit\u00e9 de la radio Tripicale FM Guin\u00e9e 92.0 dans l&rsquo;\u00e9mission sportive en langue soussou. Interrog\u00e9 sur son avenir apr\u00e8s la fin de son contrat avec le Horoya AC, l\u2019ancien milieu du Fello Star a dit :<\/strong> \u00ab Je suis conscient que les gens attendent beaucoup de moi sur mon avenir. Mais ce que je peux dire, mon contrat a pris fin avec le Horoya AC. Je suis entrain d\u2019observer la situation avec une attention particuli\u00e8re. Mais il faut retenir aussi que je n\u2019ai rien prononc\u00e9 sur ma prochaine destination. Les m\u00e9dias qui \u00e9crivent sur moi n\u2019\u00e9crivent que ce que leur semble bon. Mais moi Morlaye, je n\u2019ai rien dit et je n\u2019ai rien d\u00e9cid\u00e9 d\u2019abord concernant mon d\u00e9part sur le continent africain ou ailleurs. Je dis, et je le r\u00e9p\u00e8te, aucun club ne m\u2019a contact\u00e9 d\u2019abord. J\u2019ai une famille, j\u2019ai une structure bien organis\u00e9e qui travaille en symbiose pour un meilleur r\u00e9sultat (\u2026) . Apr\u00e8s nous ferons une rencontre car je ne peux pas d\u00e9cider seul. C\u2019est mon avenir avant tout. Restez dans le groupe du Horoya AC ou partir d\u00e9pendra de la volont\u00e9 de Dieu. Mais pour le moment mon objectif c\u2019est les entra\u00eenements individuels et certains matchs pour une meilleure vacance avant la derni\u00e8re ligne droite. Et ce qui est s\u00fbr je me prononcerai pour un avenir meilleur dans le football. Car c\u2019est ma vie. Mais pour le moment je n\u2019ai rien prononc\u00e9 aux m\u00e9dias concernant mon avenir avec le Horoya AC ou un autre club \u00bb.<\/p>\n","protected":false},"excerpt":{"rendered":"<p>Ce jeudi 16 2022, Morlaye Sylla officiel \u00e9tait l&rsquo;invit\u00e9 de la radio Tripicale FM Guin\u00e9e 92.0 dans l&rsquo;\u00e9mission sportive en langue soussou. Interrog\u00e9 sur son avenir apr\u00e8s la fin de son contrat avec le Horoya AC, l\u2019ancien milieu du Fello Star a dit : \u00ab Je suis conscient que les gens attendent beaucoup de moi [&hellip;]<\/p>\n","protected":false},"author":2,"featured_media":905,"comment_status":"closed","ping_status":"open","sticky":false,"template":"","format":"standard","meta":{"_jetpack_memberships_contains_paid_content":false,"footnotes":"","jetpack_publicize_message":"","jetpack_publicize_feature_enabled":true,"jetpack_social_post_already_shared":true,"jetpack_social_options":{"image_generator_settings":{"template":"highway","default_image_id":0,"font":"","enabled":false},"version":2}},"categories":[5],"tags":[],"class_list":{"0":"post-904","1":"post","2":"type-post","3":"status-publish","4":"format-standard","5":"has-post-thumbnail","7":"category-football"},"yoast_head":"<!-- This site is optimized with the Yoast SEO plugin v27.5 - https:\/\/yoast.com\/product\/yoast-seo-wordpress\/ -->\n<title>Football : Apr\u00e8s la fin de son contrat avec le Horoya Morlaye n\u2019a encore rien d\u00e9cid\u00e9 de son futur club\u2026 - le regard du sportif<\/title>\n<meta name=\"robots\" content=\"index, follow, max-snippet:-1, max-image-preview:large, max-video-preview:-1\" \/>\n<link rel=\"canonical\" href=\"https:\/\/oeilsportif.info\/index.php\/football-apres-la-fin-de-son-contrat-avec-le-horoya-morlaye-na-encore-rien-decide-de-son-futur-club\/\" \/>\n<meta property=\"og:locale\" content=\"fr_FR\" \/>\n<meta property=\"og:type\" content=\"article\" \/>\n<meta property=\"og:title\" content=\"Football : Apr\u00e8s la fin de son contrat avec le Horoya Morlaye n\u2019a encore rien d\u00e9cid\u00e9 de son futur club\u2026 - le regard du sportif\" \/>\n<meta property=\"og:description\" content=\"Ce jeudi 16 2022, Morlaye Sylla officiel \u00e9tait l&rsquo;invit\u00e9 de la radio Tripicale FM Guin\u00e9e 92.0 dans l&rsquo;\u00e9mission sportive en langue soussou. Interrog\u00e9 sur son avenir apr\u00e8s la fin de son contrat avec le Horoya AC, l\u2019ancien milieu du Fello Star a dit : \u00ab Je suis conscient que les gens attendent beaucoup de moi [&hellip;]\" \/>\n<meta property=\"og:url\" content=\"https:\/\/oeilsportif.info\/index.php\/football-apres-la-fin-de-son-contrat-avec-le-horoya-morlaye-na-encore-rien-decide-de-son-futur-club\/\" \/>\n<meta property=\"og:site_name\" content=\"le regard du sportif\" \/>\n<meta property=\"article:published_time\" content=\"2022-06-16T20:17:36+00:00\" \/>\n<meta property=\"og:image\" content=\"https:\/\/oeilsportif.info\/wp-content\/uploads\/2022\/06\/received_733993754408497.jpeg\" \/>\n\t<meta property=\"og:image:width\" content=\"526\" \/>\n\t<meta property=\"og:image:height\" content=\"530\" \/>\n\t<meta property=\"og:image:type\" content=\"image\/jpeg\" \/>\n<meta name=\"author\" content=\"L&#039;Equipe de la R\u00e9daction\" \/>\n<meta name=\"twitter:label1\" content=\"\u00c9crit par\" \/>\n\t<meta name=\"twitter:data1\" content=\"L&#039;Equipe de la R\u00e9daction\" \/>\n\t<meta name=\"twitter:label2\" content=\"Dur\u00e9e de lecture estim\u00e9e\" \/>\n\t<meta name=\"twitter:data2\" content=\"2 minutes\" \/>\n<script type=\"application\/ld+json\" class=\"yoast-schema-graph\">{\"@context\":\"https:\\\/\\\/schema.org\",\"@graph\":[{\"@type\":\"Article\",\"@id\":\"https:\\\/\\\/oeilsportif.info\\\/index.php\\\/football-apres-la-fin-de-son-contrat-avec-le-horoya-morlaye-na-encore-rien-decide-de-son-futur-club\\\/#article\",\"isPartOf\":{\"@id\":\"https:\\\/\\\/oeilsportif.info\\\/index.php\\\/football-apres-la-fin-de-son-contrat-avec-le-horoya-morlaye-na-encore-rien-decide-de-son-futur-club\\\/\"},\"author\":{\"name\":\"L'Equipe de la R\u00e9daction\",\"@id\":\"https:\\\/\\\/oeilsportif.info\\\/#\\\/schema\\\/person\\\/cfbded294aa6095f7d96608d7905e9a1\"},\"headline\":\"Football : Apr\u00e8s la fin de son contrat avec le Horoya Morlaye n\u2019a encore rien d\u00e9cid\u00e9 de son futur club\u2026\",\"datePublished\":\"2022-06-16T20:17:36+00:00\",\"mainEntityOfPage\":{\"@id\":\"https:\\\/\\\/oeilsportif.info\\\/index.php\\\/football-apres-la-fin-de-son-contrat-avec-le-horoya-morlaye-na-encore-rien-decide-de-son-futur-club\\\/\"},\"wordCount\":305,\"image\":{\"@id\":\"https:\\\/\\\/oeilsportif.info\\\/index.php\\\/football-apres-la-fin-de-son-contrat-avec-le-horoya-morlaye-na-encore-rien-decide-de-son-futur-club\\\/#primaryimage\"},\"thumbnailUrl\":\"https:\\\/\\\/i0.wp.com\\\/oeilsportif.info\\\/wp-content\\\/uploads\\\/2022\\\/06\\\/received_733993754408497.jpeg?fit=526%2C530&ssl=1\",\"articleSection\":[\"Football\"],\"inLanguage\":\"fr-FR\"},{\"@type\":\"WebPage\",\"@id\":\"https:\\\/\\\/oeilsportif.info\\\/index.php\\\/football-apres-la-fin-de-son-contrat-avec-le-horoya-morlaye-na-encore-rien-decide-de-son-futur-club\\\/\",\"url\":\"https:\\\/\\\/oeilsportif.info\\\/index.php\\\/football-apres-la-fin-de-son-contrat-avec-le-horoya-morlaye-na-encore-rien-decide-de-son-futur-club\\\/\",\"name\":\"Football : Apr\u00e8s la fin de son contrat avec le Horoya Morlaye n\u2019a encore rien d\u00e9cid\u00e9 de son futur club\u2026 - le regard du sportif\",\"isPartOf\":{\"@id\":\"https:\\\/\\\/oeilsportif.info\\\/#website\"},\"primaryImageOfPage\":{\"@id\":\"https:\\\/\\\/oeilsportif.info\\\/index.php\\\/football-apres-la-fin-de-son-contrat-avec-le-horoya-morlaye-na-encore-rien-decide-de-son-futur-club\\\/#primaryimage\"},\"image\":{\"@id\":\"https:\\\/\\\/oeilsportif.info\\\/index.php\\\/football-apres-la-fin-de-son-contrat-avec-le-horoya-morlaye-na-encore-rien-decide-de-son-futur-club\\\/#primaryimage\"},\"thumbnailUrl\":\"https:\\\/\\\/i0.wp.com\\\/oeilsportif.info\\\/wp-content\\\/uploads\\\/2022\\\/06\\\/received_733993754408497.jpeg?fit=526%2C530&ssl=1\",\"datePublished\":\"2022-06-16T20:17:36+00:00\",\"author\":{\"@id\":\"https:\\\/\\\/oeilsportif.info\\\/#\\\/schema\\\/person\\\/cfbded294aa6095f7d96608d7905e9a1\"},\"inLanguage\":\"fr-FR\",\"potentialAction\":[{\"@type\":\"ReadAction\",\"target\":[\"https:\\\/\\\/oeilsportif.info\\\/index.php\\\/football-apres-la-fin-de-son-contrat-avec-le-horoya-morlaye-na-encore-rien-decide-de-son-futur-club\\\/\"]}]},{\"@type\":\"ImageObject\",\"inLanguage\":\"fr-FR\",\"@id\":\"https:\\\/\\\/oeilsportif.info\\\/index.php\\\/football-apres-la-fin-de-son-contrat-avec-le-horoya-morlaye-na-encore-rien-decide-de-son-futur-club\\\/#primaryimage\",\"url\":\"https:\\\/\\\/i0.wp.com\\\/oeilsportif.info\\\/wp-content\\\/uploads\\\/2022\\\/06\\\/received_733993754408497.jpeg?fit=526%2C530&ssl=1\",\"contentUrl\":\"https:\\\/\\\/i0.wp.com\\\/oeilsportif.info\\\/wp-content\\\/uploads\\\/2022\\\/06\\\/received_733993754408497.jpeg?fit=526%2C530&ssl=1\",\"width\":526,\"height\":530},{\"@type\":\"WebSite\",\"@id\":\"https:\\\/\\\/oeilsportif.info\\\/#website\",\"url\":\"https:\\\/\\\/oeilsportif.info\\\/\",\"name\":\"le regard du sportif\",\"description\":\"\",\"potentialAction\":[{\"@type\":\"SearchAction\",\"target\":{\"@type\":\"EntryPoint\",\"urlTemplate\":\"https:\\\/\\\/oeilsportif.info\\\/?s={search_term_string}\"},\"query-input\":{\"@type\":\"PropertyValueSpecification\",\"valueRequired\":true,\"valueName\":\"search_term_string\"}}],\"inLanguage\":\"fr-FR\"},{\"@type\":\"Person\",\"@id\":\"https:\\\/\\\/oeilsportif.info\\\/#\\\/schema\\\/person\\\/cfbded294aa6095f7d96608d7905e9a1\",\"name\":\"L'Equipe de la R\u00e9daction\",\"image\":{\"@type\":\"ImageObject\",\"inLanguage\":\"fr-FR\",\"@id\":\"https:\\\/\\\/oeilsportif.info\\\/wp-content\\\/uploads\\\/2025\\\/07\\\/cropped-cropped-logo-os-96x96.jpeg\",\"url\":\"https:\\\/\\\/oeilsportif.info\\\/wp-content\\\/uploads\\\/2025\\\/07\\\/cropped-cropped-logo-os-96x96.jpeg\",\"contentUrl\":\"https:\\\/\\\/oeilsportif.info\\\/wp-content\\\/uploads\\\/2025\\\/07\\\/cropped-cropped-logo-os-96x96.jpeg\",\"caption\":\"L'Equipe de la R\u00e9daction\"},\"url\":\"https:\\\/\\\/oeilsportif.info\\\/index.php\\\/author\\\/tawel\\\/\"}]}<\/script>\n<!-- \/ Yoast SEO plugin. -->","yoast_head_json":{"title":"Football : Apr\u00e8s la fin de son contrat avec le Horoya Morlaye n\u2019a encore rien d\u00e9cid\u00e9 de son futur club\u2026 - le regard du sportif","robots":{"index":"index","follow":"follow","max-snippet":"max-snippet:-1","max-image-preview":"max-image-preview:large","max-video-preview":"max-video-preview:-1"},"canonical":"https:\/\/oeilsportif.info\/index.php\/football-apres-la-fin-de-son-contrat-avec-le-horoya-morlaye-na-encore-rien-decide-de-son-futur-club\/","og_locale":"fr_FR","og_type":"article","og_title":"Football : Apr\u00e8s la fin de son contrat avec le Horoya Morlaye n\u2019a encore rien d\u00e9cid\u00e9 de son futur club\u2026 - le regard du sportif","og_description":"Ce jeudi 16 2022, Morlaye Sylla officiel \u00e9tait l&rsquo;invit\u00e9 de la radio Tripicale FM Guin\u00e9e 92.0 dans l&rsquo;\u00e9mission sportive en langue soussou. Interrog\u00e9 sur son avenir apr\u00e8s la fin de son contrat avec le Horoya AC, l\u2019ancien milieu du Fello Star a dit : \u00ab Je suis conscient que les gens attendent beaucoup de moi [&hellip;]","og_url":"https:\/\/oeilsportif.info\/index.php\/football-apres-la-fin-de-son-contrat-avec-le-horoya-morlaye-na-encore-rien-decide-de-son-futur-club\/","og_site_name":"le regard du sportif","article_published_time":"2022-06-16T20:17:36+00:00","og_image":[{"width":526,"height":530,"url":"https:\/\/oeilsportif.info\/wp-content\/uploads\/2022\/06\/received_733993754408497.jpeg","type":"image\/jpeg"}],"author":"L'Equipe de la R\u00e9daction","twitter_misc":{"\u00c9crit par":"L'Equipe de la R\u00e9daction","Dur\u00e9e de lecture estim\u00e9e":"2 minutes"},"schema":{"@context":"https:\/\/schema.org","@graph":[{"@type":"Article","@id":"https:\/\/oeilsportif.info\/index.php\/football-apres-la-fin-de-son-contrat-avec-le-horoya-morlaye-na-encore-rien-decide-de-son-futur-club\/#article","isPartOf":{"@id":"https:\/\/oeilsportif.info\/index.php\/football-apres-la-fin-de-son-contrat-avec-le-horoya-morlaye-na-encore-rien-decide-de-son-futur-club\/"},"author":{"name":"L'Equipe de la R\u00e9daction","@id":"https:\/\/oeilsportif.info\/#\/schema\/person\/cfbded294aa6095f7d96608d7905e9a1"},"headline":"Football : Apr\u00e8s la fin de son contrat avec le Horoya Morlaye n\u2019a encore rien d\u00e9cid\u00e9 de son futur club\u2026","datePublished":"2022-06-16T20:17:36+00:00","mainEntityOfPage":{"@id":"https:\/\/oeilsportif.info\/index.php\/football-apres-la-fin-de-son-contrat-avec-le-horoya-morlaye-na-encore-rien-decide-de-son-futur-club\/"},"wordCount":305,"image":{"@id":"https:\/\/oeilsportif.info\/index.php\/football-apres-la-fin-de-son-contrat-avec-le-horoya-morlaye-na-encore-rien-decide-de-son-futur-club\/#primaryimage"},"thumbnailUrl":"https:\/\/i0.wp.com\/oeilsportif.info\/wp-content\/uploads\/2022\/06\/received_733993754408497.jpeg?fit=526%2C530&ssl=1","articleSection":["Football"],"inLanguage":"fr-FR"},{"@type":"WebPage","@id":"https:\/\/oeilsportif.info\/index.php\/football-apres-la-fin-de-son-contrat-avec-le-horoya-morlaye-na-encore-rien-decide-de-son-futur-club\/","url":"https:\/\/oeilsportif.info\/index.php\/football-apres-la-fin-de-son-contrat-avec-le-horoya-morlaye-na-encore-rien-decide-de-son-futur-club\/","name":"Football : Apr\u00e8s la fin de son contrat avec le Horoya Morlaye n\u2019a encore rien d\u00e9cid\u00e9 de son futur club\u2026 - le regard du sportif","isPartOf":{"@id":"https:\/\/oeilsportif.info\/#website"},"primaryImageOfPage":{"@id":"https:\/\/oeilsportif.info\/index.php\/football-apres-la-fin-de-son-contrat-avec-le-horoya-morlaye-na-encore-rien-decide-de-son-futur-club\/#primaryimage"},"image":{"@id":"https:\/\/oeilsportif.info\/index.php\/football-apres-la-fin-de-son-contrat-avec-le-horoya-morlaye-na-encore-rien-decide-de-son-futur-club\/#primaryimage"},"thumbnailUrl":"https:\/\/i0.wp.com\/oeilsportif.info\/wp-content\/uploads\/2022\/06\/received_733993754408497.jpeg?fit=526%2C530&ssl=1","datePublished":"2022-06-16T20:17:36+00:00","author":{"@id":"https:\/\/oeilsportif.info\/#\/schema\/person\/cfbded294aa6095f7d96608d7905e9a1"},"inLanguage":"fr-FR","potentialAction":[{"@type":"ReadAction","target":["https:\/\/oeilsportif.info\/index.php\/football-apres-la-fin-de-son-contrat-avec-le-horoya-morlaye-na-encore-rien-decide-de-son-futur-club\/"]}]},{"@type":"ImageObject","inLanguage":"fr-FR","@id":"https:\/\/oeilsportif.info\/index.php\/football-apres-la-fin-de-son-contrat-avec-le-horoya-morlaye-na-encore-rien-decide-de-son-futur-club\/#primaryimage","url":"https:\/\/i0.wp.com\/oeilsportif.info\/wp-content\/uploads\/2022\/06\/received_733993754408497.jpeg?fit=526%2C530&ssl=1","contentUrl":"https:\/\/i0.wp.com\/oeilsportif.info\/wp-content\/uploads\/2022\/06\/received_733993754408497.jpeg?fit=526%2C530&ssl=1","width":526,"height":530},{"@type":"WebSite","@id":"https:\/\/oeilsportif.info\/#website","url":"https:\/\/oeilsportif.info\/","name":"le regard du sportif","description":"","potentialAction":[{"@type":"SearchAction","target":{"@type":"EntryPoint","urlTemplate":"https:\/\/oeilsportif.info\/?s={search_term_string}"},"query-input":{"@type":"PropertyValueSpecification","valueRequired":true,"valueName":"search_term_string"}}],"inLanguage":"fr-FR"},{"@type":"Person","@id":"https:\/\/oeilsportif.info\/#\/schema\/person\/cfbded294aa6095f7d96608d7905e9a1","name":"L'Equipe de la R\u00e9daction","image":{"@type":"ImageObject","inLanguage":"fr-FR","@id":"https:\/\/oeilsportif.info\/wp-content\/uploads\/2025\/07\/cropped-cropped-logo-os-96x96.jpeg","url":"https:\/\/oeilsportif.info\/wp-content\/uploads\/2025\/07\/cropped-cropped-logo-os-96x96.jpeg","contentUrl":"https:\/\/oeilsportif.info\/wp-content\/uploads\/2025\/07\/cropped-cropped-logo-os-96x96.jpeg","caption":"L'Equipe de la R\u00e9daction"},"url":"https:\/\/oeilsportif.info\/index.php\/author\/tawel\/"}]}},"jetpack_publicize_connections":[],"jetpack_featured_media_url":"https:\/\/i0.wp.com\/oeilsportif.info\/wp-content\/uploads\/2022\/06\/received_733993754408497.jpeg?fit=526%2C530&ssl=1","jetpack-related-posts":[],"jetpack_sharing_enabled":true,"jetpack_likes_enabled":true,"jetpack_shortlink":"https:\/\/wp.me\/pgFE77-eA","_links":{"self":[{"href":"https:\/\/oeilsportif.info\/index.php\/wp-json\/wp\/v2\/posts\/904","targetHints":{"allow":["GET"]}}],"collection":[{"href":"https:\/\/oeilsportif.info\/index.php\/wp-json\/wp\/v2\/posts"}],"about":[{"href":"https:\/\/oeilsportif.info\/index.php\/wp-json\/wp\/v2\/types\/post"}],"author":[{"embeddable":true,"href":"https:\/\/oeilsportif.info\/index.php\/wp-json\/wp\/v2\/users\/2"}],"replies":[{"embeddable":true,"href":"https:\/\/oeilsportif.info\/index.php\/wp-json\/wp\/v2\/comments?post=904"}],"version-history":[{"count":0,"href":"https:\/\/oeilsportif.info\/index.php\/wp-json\/wp\/v2\/posts\/904\/revisions"}],"wp:featuredmedia":[{"embeddable":true,"href":"https:\/\/oeilsportif.info\/index.php\/wp-json\/wp\/v2\/media\/905"}],"wp:attachment":[{"href":"https:\/\/oeilsportif.info\/index.php\/wp-json\/wp\/v2\/media?parent=904"}],"wp:term":[{"taxonomy":"category","embeddable":true,"href":"https:\/\/oeilsportif.info\/index.php\/wp-json\/wp\/v2\/categories?post=904"},{"taxonomy":"post_tag","embeddable":true,"href":"https:\/\/oeilsportif.info\/index.php\/wp-json\/wp\/v2\/tags?post=904"}],"curies":[{"name":"wp","href":"https:\/\/api.w.org\/{rel}","templated":true}]}}