{"id":883,"date":"2022-06-15T13:22:13","date_gmt":"2022-06-15T13:22:13","guid":{"rendered":"https:\/\/oeilsportif.info\/index.php\/?p=883"},"modified":"2022-06-15T13:22:13","modified_gmt":"2022-06-15T13:22:13","slug":"hop-2022-lans-engagee-aupres-du-handisport","status":"publish","type":"post","link":"https:\/\/oeilsportif.info\/index.php\/hop-2022-lans-engagee-aupres-du-handisport\/","title":{"rendered":"HOP 2022 : L\u2019ANS engag\u00e9e aupr\u00e8s du handisport !"},"content":{"rendered":"<p><strong>Arnaud Litou, manager de la performance paralympique \u00e0 l\u2019Agence Nationale du Sport, nous pr\u00e9sente les actions de l\u2019ANS pour le handisport.<\/strong><\/p>\n<p>Une action \u00e0 court terme en vue des grandes \u00e9ch\u00e9ances, mais aussi un vrai travail de fond. C\u2019est le mot d\u2019ordre de l\u2019Agence Nationale du Sport, qui agit en vue des Jeux de Paris 2024, mais aussi au-del\u00e0. Cette volont\u00e9 se traduit aussi dans le handisport. L\u2019objectif de l\u2019ANS est ainsi d\u2019accompagner les athl\u00e8tes \u00e0 fort potentiel dans un premier temps, mais aussi de d\u00e9velopper sur le long terme les futurs champions. Plus de d\u00e9tails avec Arnaud Litou, manager de la performance paralympique \u00e0 l\u2019Agence Nationale du Sport.<\/p>\n","protected":false},"excerpt":{"rendered":"<p>Arnaud Litou, manager de la performance paralympique \u00e0 l\u2019Agence Nationale du Sport, nous pr\u00e9sente les actions de l\u2019ANS pour le handisport. Une action \u00e0 court terme en vue des grandes \u00e9ch\u00e9ances, mais aussi un vrai travail de fond. C\u2019est le mot d\u2019ordre de l\u2019Agence Nationale du Sport, qui agit en vue des Jeux de Paris [&hellip;]<\/p>\n","protected":false},"author":2,"featured_media":884,"comment_status":"closed","ping_status":"open","sticky":false,"template":"","format":"standard","meta":{"_jetpack_memberships_contains_paid_content":false,"footnotes":"","jetpack_publicize_message":"","jetpack_publicize_feature_enabled":true,"jetpack_social_post_already_shared":true,"jetpack_social_options":{"image_generator_settings":{"template":"highway","default_image_id":0,"font":"","enabled":false},"version":2}},"categories":[9],"tags":[],"class_list":{"0":"post-883","1":"post","2":"type-post","3":"status-publish","4":"format-standard","5":"has-post-thumbnail","7":"category-handisport"},"yoast_head":"<!-- This site is optimized with the Yoast SEO plugin v27.5 - https:\/\/yoast.com\/product\/yoast-seo-wordpress\/ -->\n<title>HOP 2022 : L\u2019ANS engag\u00e9e aupr\u00e8s du handisport ! - le regard du sportif<\/title>\n<meta name=\"robots\" content=\"index, follow, max-snippet:-1, max-image-preview:large, max-video-preview:-1\" \/>\n<link rel=\"canonical\" href=\"https:\/\/oeilsportif.info\/index.php\/hop-2022-lans-engagee-aupres-du-handisport\/\" \/>\n<meta property=\"og:locale\" content=\"fr_FR\" \/>\n<meta property=\"og:type\" content=\"article\" \/>\n<meta property=\"og:title\" content=\"HOP 2022 : L\u2019ANS engag\u00e9e aupr\u00e8s du handisport ! - le regard du sportif\" \/>\n<meta property=\"og:description\" content=\"Arnaud Litou, manager de la performance paralympique \u00e0 l\u2019Agence Nationale du Sport, nous pr\u00e9sente les actions de l\u2019ANS pour le handisport. Une action \u00e0 court terme en vue des grandes \u00e9ch\u00e9ances, mais aussi un vrai travail de fond. C\u2019est le mot d\u2019ordre de l\u2019Agence Nationale du Sport, qui agit en vue des Jeux de Paris [&hellip;]\" \/>\n<meta property=\"og:url\" content=\"https:\/\/oeilsportif.info\/index.php\/hop-2022-lans-engagee-aupres-du-handisport\/\" \/>\n<meta property=\"og:site_name\" content=\"le regard du sportif\" \/>\n<meta property=\"article:published_time\" content=\"2022-06-15T13:22:13+00:00\" \/>\n<meta property=\"og:image\" content=\"https:\/\/oeilsportif.info\/wp-content\/uploads\/2022\/06\/FB_IMG_1655299308000.jpg\" \/>\n\t<meta property=\"og:image:width\" content=\"447\" \/>\n\t<meta property=\"og:image:height\" content=\"446\" \/>\n\t<meta property=\"og:image:type\" content=\"image\/jpeg\" \/>\n<meta name=\"author\" content=\"L&#039;Equipe de la R\u00e9daction\" \/>\n<meta name=\"twitter:label1\" content=\"\u00c9crit par\" \/>\n\t<meta name=\"twitter:data1\" content=\"L&#039;Equipe de la R\u00e9daction\" \/>\n\t<meta name=\"twitter:label2\" content=\"Dur\u00e9e de lecture estim\u00e9e\" \/>\n\t<meta name=\"twitter:data2\" content=\"1 minute\" \/>\n<script type=\"application\/ld+json\" class=\"yoast-schema-graph\">{\"@context\":\"https:\\\/\\\/schema.org\",\"@graph\":[{\"@type\":\"Article\",\"@id\":\"https:\\\/\\\/oeilsportif.info\\\/index.php\\\/hop-2022-lans-engagee-aupres-du-handisport\\\/#article\",\"isPartOf\":{\"@id\":\"https:\\\/\\\/oeilsportif.info\\\/index.php\\\/hop-2022-lans-engagee-aupres-du-handisport\\\/\"},\"author\":{\"name\":\"L'Equipe de la R\u00e9daction\",\"@id\":\"https:\\\/\\\/oeilsportif.info\\\/#\\\/schema\\\/person\\\/cfbded294aa6095f7d96608d7905e9a1\"},\"headline\":\"HOP 2022 : L\u2019ANS engag\u00e9e aupr\u00e8s du handisport !\",\"datePublished\":\"2022-06-15T13:22:13+00:00\",\"mainEntityOfPage\":{\"@id\":\"https:\\\/\\\/oeilsportif.info\\\/index.php\\\/hop-2022-lans-engagee-aupres-du-handisport\\\/\"},\"wordCount\":127,\"image\":{\"@id\":\"https:\\\/\\\/oeilsportif.info\\\/index.php\\\/hop-2022-lans-engagee-aupres-du-handisport\\\/#primaryimage\"},\"thumbnailUrl\":\"https:\\\/\\\/i0.wp.com\\\/oeilsportif.info\\\/wp-content\\\/uploads\\\/2022\\\/06\\\/FB_IMG_1655299308000.jpg?fit=447%2C446&ssl=1\",\"articleSection\":[\"Handisport\"],\"inLanguage\":\"fr-FR\"},{\"@type\":\"WebPage\",\"@id\":\"https:\\\/\\\/oeilsportif.info\\\/index.php\\\/hop-2022-lans-engagee-aupres-du-handisport\\\/\",\"url\":\"https:\\\/\\\/oeilsportif.info\\\/index.php\\\/hop-2022-lans-engagee-aupres-du-handisport\\\/\",\"name\":\"HOP 2022 : L\u2019ANS engag\u00e9e aupr\u00e8s du handisport ! - le regard du sportif\",\"isPartOf\":{\"@id\":\"https:\\\/\\\/oeilsportif.info\\\/#website\"},\"primaryImageOfPage\":{\"@id\":\"https:\\\/\\\/oeilsportif.info\\\/index.php\\\/hop-2022-lans-engagee-aupres-du-handisport\\\/#primaryimage\"},\"image\":{\"@id\":\"https:\\\/\\\/oeilsportif.info\\\/index.php\\\/hop-2022-lans-engagee-aupres-du-handisport\\\/#primaryimage\"},\"thumbnailUrl\":\"https:\\\/\\\/i0.wp.com\\\/oeilsportif.info\\\/wp-content\\\/uploads\\\/2022\\\/06\\\/FB_IMG_1655299308000.jpg?fit=447%2C446&ssl=1\",\"datePublished\":\"2022-06-15T13:22:13+00:00\",\"author\":{\"@id\":\"https:\\\/\\\/oeilsportif.info\\\/#\\\/schema\\\/person\\\/cfbded294aa6095f7d96608d7905e9a1\"},\"inLanguage\":\"fr-FR\",\"potentialAction\":[{\"@type\":\"ReadAction\",\"target\":[\"https:\\\/\\\/oeilsportif.info\\\/index.php\\\/hop-2022-lans-engagee-aupres-du-handisport\\\/\"]}]},{\"@type\":\"ImageObject\",\"inLanguage\":\"fr-FR\",\"@id\":\"https:\\\/\\\/oeilsportif.info\\\/index.php\\\/hop-2022-lans-engagee-aupres-du-handisport\\\/#primaryimage\",\"url\":\"https:\\\/\\\/i0.wp.com\\\/oeilsportif.info\\\/wp-content\\\/uploads\\\/2022\\\/06\\\/FB_IMG_1655299308000.jpg?fit=447%2C446&ssl=1\",\"contentUrl\":\"https:\\\/\\\/i0.wp.com\\\/oeilsportif.info\\\/wp-content\\\/uploads\\\/2022\\\/06\\\/FB_IMG_1655299308000.jpg?fit=447%2C446&ssl=1\",\"width\":447,\"height\":446},{\"@type\":\"WebSite\",\"@id\":\"https:\\\/\\\/oeilsportif.info\\\/#website\",\"url\":\"https:\\\/\\\/oeilsportif.info\\\/\",\"name\":\"le regard du sportif\",\"description\":\"\",\"potentialAction\":[{\"@type\":\"SearchAction\",\"target\":{\"@type\":\"EntryPoint\",\"urlTemplate\":\"https:\\\/\\\/oeilsportif.info\\\/?s={search_term_string}\"},\"query-input\":{\"@type\":\"PropertyValueSpecification\",\"valueRequired\":true,\"valueName\":\"search_term_string\"}}],\"inLanguage\":\"fr-FR\"},{\"@type\":\"Person\",\"@id\":\"https:\\\/\\\/oeilsportif.info\\\/#\\\/schema\\\/person\\\/cfbded294aa6095f7d96608d7905e9a1\",\"name\":\"L'Equipe de la R\u00e9daction\",\"image\":{\"@type\":\"ImageObject\",\"inLanguage\":\"fr-FR\",\"@id\":\"https:\\\/\\\/oeilsportif.info\\\/wp-content\\\/uploads\\\/2025\\\/07\\\/cropped-cropped-logo-os-96x96.jpeg\",\"url\":\"https:\\\/\\\/oeilsportif.info\\\/wp-content\\\/uploads\\\/2025\\\/07\\\/cropped-cropped-logo-os-96x96.jpeg\",\"contentUrl\":\"https:\\\/\\\/oeilsportif.info\\\/wp-content\\\/uploads\\\/2025\\\/07\\\/cropped-cropped-logo-os-96x96.jpeg\",\"caption\":\"L'Equipe de la R\u00e9daction\"},\"url\":\"https:\\\/\\\/oeilsportif.info\\\/index.php\\\/author\\\/tawel\\\/\"}]}<\/script>\n<!-- \/ Yoast SEO plugin. -->","yoast_head_json":{"title":"HOP 2022 : L\u2019ANS engag\u00e9e aupr\u00e8s du handisport ! - le regard du sportif","robots":{"index":"index","follow":"follow","max-snippet":"max-snippet:-1","max-image-preview":"max-image-preview:large","max-video-preview":"max-video-preview:-1"},"canonical":"https:\/\/oeilsportif.info\/index.php\/hop-2022-lans-engagee-aupres-du-handisport\/","og_locale":"fr_FR","og_type":"article","og_title":"HOP 2022 : L\u2019ANS engag\u00e9e aupr\u00e8s du handisport ! - le regard du sportif","og_description":"Arnaud Litou, manager de la performance paralympique \u00e0 l\u2019Agence Nationale du Sport, nous pr\u00e9sente les actions de l\u2019ANS pour le handisport. Une action \u00e0 court terme en vue des grandes \u00e9ch\u00e9ances, mais aussi un vrai travail de fond. C\u2019est le mot d\u2019ordre de l\u2019Agence Nationale du Sport, qui agit en vue des Jeux de Paris [&hellip;]","og_url":"https:\/\/oeilsportif.info\/index.php\/hop-2022-lans-engagee-aupres-du-handisport\/","og_site_name":"le regard du sportif","article_published_time":"2022-06-15T13:22:13+00:00","og_image":[{"width":447,"height":446,"url":"https:\/\/oeilsportif.info\/wp-content\/uploads\/2022\/06\/FB_IMG_1655299308000.jpg","type":"image\/jpeg"}],"author":"L'Equipe de la R\u00e9daction","twitter_misc":{"\u00c9crit par":"L'Equipe de la R\u00e9daction","Dur\u00e9e de lecture estim\u00e9e":"1 minute"},"schema":{"@context":"https:\/\/schema.org","@graph":[{"@type":"Article","@id":"https:\/\/oeilsportif.info\/index.php\/hop-2022-lans-engagee-aupres-du-handisport\/#article","isPartOf":{"@id":"https:\/\/oeilsportif.info\/index.php\/hop-2022-lans-engagee-aupres-du-handisport\/"},"author":{"name":"L'Equipe de la R\u00e9daction","@id":"https:\/\/oeilsportif.info\/#\/schema\/person\/cfbded294aa6095f7d96608d7905e9a1"},"headline":"HOP 2022 : L\u2019ANS engag\u00e9e aupr\u00e8s du handisport !","datePublished":"2022-06-15T13:22:13+00:00","mainEntityOfPage":{"@id":"https:\/\/oeilsportif.info\/index.php\/hop-2022-lans-engagee-aupres-du-handisport\/"},"wordCount":127,"image":{"@id":"https:\/\/oeilsportif.info\/index.php\/hop-2022-lans-engagee-aupres-du-handisport\/#primaryimage"},"thumbnailUrl":"https:\/\/i0.wp.com\/oeilsportif.info\/wp-content\/uploads\/2022\/06\/FB_IMG_1655299308000.jpg?fit=447%2C446&ssl=1","articleSection":["Handisport"],"inLanguage":"fr-FR"},{"@type":"WebPage","@id":"https:\/\/oeilsportif.info\/index.php\/hop-2022-lans-engagee-aupres-du-handisport\/","url":"https:\/\/oeilsportif.info\/index.php\/hop-2022-lans-engagee-aupres-du-handisport\/","name":"HOP 2022 : L\u2019ANS engag\u00e9e aupr\u00e8s du handisport ! - le regard du sportif","isPartOf":{"@id":"https:\/\/oeilsportif.info\/#website"},"primaryImageOfPage":{"@id":"https:\/\/oeilsportif.info\/index.php\/hop-2022-lans-engagee-aupres-du-handisport\/#primaryimage"},"image":{"@id":"https:\/\/oeilsportif.info\/index.php\/hop-2022-lans-engagee-aupres-du-handisport\/#primaryimage"},"thumbnailUrl":"https:\/\/i0.wp.com\/oeilsportif.info\/wp-content\/uploads\/2022\/06\/FB_IMG_1655299308000.jpg?fit=447%2C446&ssl=1","datePublished":"2022-06-15T13:22:13+00:00","author":{"@id":"https:\/\/oeilsportif.info\/#\/schema\/person\/cfbded294aa6095f7d96608d7905e9a1"},"inLanguage":"fr-FR","potentialAction":[{"@type":"ReadAction","target":["https:\/\/oeilsportif.info\/index.php\/hop-2022-lans-engagee-aupres-du-handisport\/"]}]},{"@type":"ImageObject","inLanguage":"fr-FR","@id":"https:\/\/oeilsportif.info\/index.php\/hop-2022-lans-engagee-aupres-du-handisport\/#primaryimage","url":"https:\/\/i0.wp.com\/oeilsportif.info\/wp-content\/uploads\/2022\/06\/FB_IMG_1655299308000.jpg?fit=447%2C446&ssl=1","contentUrl":"https:\/\/i0.wp.com\/oeilsportif.info\/wp-content\/uploads\/2022\/06\/FB_IMG_1655299308000.jpg?fit=447%2C446&ssl=1","width":447,"height":446},{"@type":"WebSite","@id":"https:\/\/oeilsportif.info\/#website","url":"https:\/\/oeilsportif.info\/","name":"le regard du sportif","description":"","potentialAction":[{"@type":"SearchAction","target":{"@type":"EntryPoint","urlTemplate":"https:\/\/oeilsportif.info\/?s={search_term_string}"},"query-input":{"@type":"PropertyValueSpecification","valueRequired":true,"valueName":"search_term_string"}}],"inLanguage":"fr-FR"},{"@type":"Person","@id":"https:\/\/oeilsportif.info\/#\/schema\/person\/cfbded294aa6095f7d96608d7905e9a1","name":"L'Equipe de la R\u00e9daction","image":{"@type":"ImageObject","inLanguage":"fr-FR","@id":"https:\/\/oeilsportif.info\/wp-content\/uploads\/2025\/07\/cropped-cropped-logo-os-96x96.jpeg","url":"https:\/\/oeilsportif.info\/wp-content\/uploads\/2025\/07\/cropped-cropped-logo-os-96x96.jpeg","contentUrl":"https:\/\/oeilsportif.info\/wp-content\/uploads\/2025\/07\/cropped-cropped-logo-os-96x96.jpeg","caption":"L'Equipe de la R\u00e9daction"},"url":"https:\/\/oeilsportif.info\/index.php\/author\/tawel\/"}]}},"jetpack_publicize_connections":[],"jetpack_featured_media_url":"https:\/\/i0.wp.com\/oeilsportif.info\/wp-content\/uploads\/2022\/06\/FB_IMG_1655299308000.jpg?fit=447%2C446&ssl=1","jetpack-related-posts":[],"jetpack_sharing_enabled":true,"jetpack_likes_enabled":true,"jetpack_shortlink":"https:\/\/wp.me\/pgFE77-ef","_links":{"self":[{"href":"https:\/\/oeilsportif.info\/index.php\/wp-json\/wp\/v2\/posts\/883","targetHints":{"allow":["GET"]}}],"collection":[{"href":"https:\/\/oeilsportif.info\/index.php\/wp-json\/wp\/v2\/posts"}],"about":[{"href":"https:\/\/oeilsportif.info\/index.php\/wp-json\/wp\/v2\/types\/post"}],"author":[{"embeddable":true,"href":"https:\/\/oeilsportif.info\/index.php\/wp-json\/wp\/v2\/users\/2"}],"replies":[{"embeddable":true,"href":"https:\/\/oeilsportif.info\/index.php\/wp-json\/wp\/v2\/comments?post=883"}],"version-history":[{"count":0,"href":"https:\/\/oeilsportif.info\/index.php\/wp-json\/wp\/v2\/posts\/883\/revisions"}],"wp:featuredmedia":[{"embeddable":true,"href":"https:\/\/oeilsportif.info\/index.php\/wp-json\/wp\/v2\/media\/884"}],"wp:attachment":[{"href":"https:\/\/oeilsportif.info\/index.php\/wp-json\/wp\/v2\/media?parent=883"}],"wp:term":[{"taxonomy":"category","embeddable":true,"href":"https:\/\/oeilsportif.info\/index.php\/wp-json\/wp\/v2\/categories?post=883"},{"taxonomy":"post_tag","embeddable":true,"href":"https:\/\/oeilsportif.info\/index.php\/wp-json\/wp\/v2\/tags?post=883"}],"curies":[{"name":"wp","href":"https:\/\/api.w.org\/{rel}","templated":true}]}}