{"id":870,"date":"2022-06-14T06:50:31","date_gmt":"2022-06-14T06:50:31","guid":{"rendered":"https:\/\/oeilsportif.info\/index.php\/?p=870"},"modified":"2022-06-14T06:50:31","modified_gmt":"2022-06-14T06:50:31","slug":"la-federation-organise-un-stage-sur-fond-propre","status":"publish","type":"post","link":"https:\/\/oeilsportif.info\/index.php\/la-federation-organise-un-stage-sur-fond-propre\/","title":{"rendered":"La f\u00e9d\u00e9ration organise un stage sur fond propre !"},"content":{"rendered":"<p><strong>Qualifi\u00e9 pour la Coupe d\u2019Afrique des Nations Dames de Handball S\u00e9n\u00e9gal 2022, le Syli Handball Dame vient \u00e0 nouveau de b\u00e9n\u00e9ficier d\u2019un stage de pr\u00e9paration. Ce regroupement de l\u2019\u00e9quipe nationale enti\u00e8rement financ\u00e9 par la F\u00e9d\u00e9ration Guin\u00e9enne de Handball, aura lieu du 11 au 18 juin 2022 \u00e0 Conakry.<\/strong><\/p>\n<p>Durant une semaine, les handballeuses guin\u00e9ennes vont s\u2019employer sous la direction du coach Thierry Vincent. Vingt joueuses professionnelles ainsi que quelques joueuses locales seront du regroupement de Conakry.<\/p>\n<p>Billets d\u2019avions, h\u00e9bergement, prime et d\u00e9placement, tout est assur\u00e9 par l\u2019instance dirigeante du handball guin\u00e9en. Ce stage est une aubaine pour les handballeuses guin\u00e9ennes de peaufiner leur pr\u00e9paration avec le technicien fran\u00e7ais Thierry Vincent et ses hommes \u00e0 un mois du tournoi continental.<\/p>\n<p>La F\u00e9d\u00e9ration Guin\u00e9enne de Handball par le biais de son pr\u00e9sident Mamadouba Paye Camara, se bat pour offrir des pr\u00e9parations dignes de noms aux diff\u00e9rentes \u00e9quipes nationales de Handball.<\/p>\n<p><strong>Source : FEGUIHAND<\/strong><\/p>\n","protected":false},"excerpt":{"rendered":"<p>Qualifi\u00e9 pour la Coupe d\u2019Afrique des Nations Dames de Handball S\u00e9n\u00e9gal 2022, le Syli Handball Dame vient \u00e0 nouveau de b\u00e9n\u00e9ficier d\u2019un stage de pr\u00e9paration. Ce regroupement de l\u2019\u00e9quipe nationale enti\u00e8rement financ\u00e9 par la F\u00e9d\u00e9ration Guin\u00e9enne de Handball, aura lieu du 11 au 18 juin 2022 \u00e0 Conakry. Durant une semaine, les handballeuses guin\u00e9ennes vont [&hellip;]<\/p>\n","protected":false},"author":2,"featured_media":871,"comment_status":"closed","ping_status":"open","sticky":false,"template":"","format":"standard","meta":{"_jetpack_memberships_contains_paid_content":false,"footnotes":"","jetpack_publicize_message":"","jetpack_publicize_feature_enabled":true,"jetpack_social_post_already_shared":true,"jetpack_social_options":{"image_generator_settings":{"template":"highway","default_image_id":0,"font":"","enabled":false},"version":2}},"categories":[6],"tags":[],"class_list":{"0":"post-870","1":"post","2":"type-post","3":"status-publish","4":"format-standard","5":"has-post-thumbnail","7":"category-handball"},"yoast_head":"<!-- This site is optimized with the Yoast SEO plugin v27.5 - https:\/\/yoast.com\/product\/yoast-seo-wordpress\/ -->\n<title>La f\u00e9d\u00e9ration organise un stage sur fond propre ! - le regard du sportif<\/title>\n<meta name=\"robots\" content=\"index, follow, max-snippet:-1, max-image-preview:large, max-video-preview:-1\" \/>\n<link rel=\"canonical\" href=\"https:\/\/oeilsportif.info\/index.php\/la-federation-organise-un-stage-sur-fond-propre\/\" \/>\n<meta property=\"og:locale\" content=\"fr_FR\" \/>\n<meta property=\"og:type\" content=\"article\" \/>\n<meta property=\"og:title\" content=\"La f\u00e9d\u00e9ration organise un stage sur fond propre ! - le regard du sportif\" \/>\n<meta property=\"og:description\" content=\"Qualifi\u00e9 pour la Coupe d\u2019Afrique des Nations Dames de Handball S\u00e9n\u00e9gal 2022, le Syli Handball Dame vient \u00e0 nouveau de b\u00e9n\u00e9ficier d\u2019un stage de pr\u00e9paration. Ce regroupement de l\u2019\u00e9quipe nationale enti\u00e8rement financ\u00e9 par la F\u00e9d\u00e9ration Guin\u00e9enne de Handball, aura lieu du 11 au 18 juin 2022 \u00e0 Conakry. Durant une semaine, les handballeuses guin\u00e9ennes vont [&hellip;]\" \/>\n<meta property=\"og:url\" content=\"https:\/\/oeilsportif.info\/index.php\/la-federation-organise-un-stage-sur-fond-propre\/\" \/>\n<meta property=\"og:site_name\" content=\"le regard du sportif\" \/>\n<meta property=\"article:published_time\" content=\"2022-06-14T06:50:31+00:00\" \/>\n<meta property=\"og:image\" content=\"https:\/\/oeilsportif.info\/wp-content\/uploads\/2022\/06\/FB_IMG_1655189246334.jpg\" \/>\n\t<meta property=\"og:image:width\" content=\"1080\" \/>\n\t<meta property=\"og:image:height\" content=\"720\" \/>\n\t<meta property=\"og:image:type\" content=\"image\/jpeg\" \/>\n<meta name=\"author\" content=\"L&#039;Equipe de la R\u00e9daction\" \/>\n<meta name=\"twitter:label1\" content=\"\u00c9crit par\" \/>\n\t<meta name=\"twitter:data1\" content=\"L&#039;Equipe de la R\u00e9daction\" \/>\n\t<meta name=\"twitter:label2\" content=\"Dur\u00e9e de lecture estim\u00e9e\" \/>\n\t<meta name=\"twitter:data2\" content=\"1 minute\" \/>\n<script type=\"application\/ld+json\" class=\"yoast-schema-graph\">{\"@context\":\"https:\\\/\\\/schema.org\",\"@graph\":[{\"@type\":\"Article\",\"@id\":\"https:\\\/\\\/oeilsportif.info\\\/index.php\\\/la-federation-organise-un-stage-sur-fond-propre\\\/#article\",\"isPartOf\":{\"@id\":\"https:\\\/\\\/oeilsportif.info\\\/index.php\\\/la-federation-organise-un-stage-sur-fond-propre\\\/\"},\"author\":{\"name\":\"L'Equipe de la R\u00e9daction\",\"@id\":\"https:\\\/\\\/oeilsportif.info\\\/#\\\/schema\\\/person\\\/cfbded294aa6095f7d96608d7905e9a1\"},\"headline\":\"La f\u00e9d\u00e9ration organise un stage sur fond propre !\",\"datePublished\":\"2022-06-14T06:50:31+00:00\",\"mainEntityOfPage\":{\"@id\":\"https:\\\/\\\/oeilsportif.info\\\/index.php\\\/la-federation-organise-un-stage-sur-fond-propre\\\/\"},\"wordCount\":181,\"image\":{\"@id\":\"https:\\\/\\\/oeilsportif.info\\\/index.php\\\/la-federation-organise-un-stage-sur-fond-propre\\\/#primaryimage\"},\"thumbnailUrl\":\"https:\\\/\\\/i0.wp.com\\\/oeilsportif.info\\\/wp-content\\\/uploads\\\/2022\\\/06\\\/FB_IMG_1655189246334.jpg?fit=1080%2C720&ssl=1\",\"articleSection\":[\"Handball\"],\"inLanguage\":\"fr-FR\"},{\"@type\":\"WebPage\",\"@id\":\"https:\\\/\\\/oeilsportif.info\\\/index.php\\\/la-federation-organise-un-stage-sur-fond-propre\\\/\",\"url\":\"https:\\\/\\\/oeilsportif.info\\\/index.php\\\/la-federation-organise-un-stage-sur-fond-propre\\\/\",\"name\":\"La f\u00e9d\u00e9ration organise un stage sur fond propre ! - le regard du sportif\",\"isPartOf\":{\"@id\":\"https:\\\/\\\/oeilsportif.info\\\/#website\"},\"primaryImageOfPage\":{\"@id\":\"https:\\\/\\\/oeilsportif.info\\\/index.php\\\/la-federation-organise-un-stage-sur-fond-propre\\\/#primaryimage\"},\"image\":{\"@id\":\"https:\\\/\\\/oeilsportif.info\\\/index.php\\\/la-federation-organise-un-stage-sur-fond-propre\\\/#primaryimage\"},\"thumbnailUrl\":\"https:\\\/\\\/i0.wp.com\\\/oeilsportif.info\\\/wp-content\\\/uploads\\\/2022\\\/06\\\/FB_IMG_1655189246334.jpg?fit=1080%2C720&ssl=1\",\"datePublished\":\"2022-06-14T06:50:31+00:00\",\"author\":{\"@id\":\"https:\\\/\\\/oeilsportif.info\\\/#\\\/schema\\\/person\\\/cfbded294aa6095f7d96608d7905e9a1\"},\"inLanguage\":\"fr-FR\",\"potentialAction\":[{\"@type\":\"ReadAction\",\"target\":[\"https:\\\/\\\/oeilsportif.info\\\/index.php\\\/la-federation-organise-un-stage-sur-fond-propre\\\/\"]}]},{\"@type\":\"ImageObject\",\"inLanguage\":\"fr-FR\",\"@id\":\"https:\\\/\\\/oeilsportif.info\\\/index.php\\\/la-federation-organise-un-stage-sur-fond-propre\\\/#primaryimage\",\"url\":\"https:\\\/\\\/i0.wp.com\\\/oeilsportif.info\\\/wp-content\\\/uploads\\\/2022\\\/06\\\/FB_IMG_1655189246334.jpg?fit=1080%2C720&ssl=1\",\"contentUrl\":\"https:\\\/\\\/i0.wp.com\\\/oeilsportif.info\\\/wp-content\\\/uploads\\\/2022\\\/06\\\/FB_IMG_1655189246334.jpg?fit=1080%2C720&ssl=1\",\"width\":1080,\"height\":720},{\"@type\":\"WebSite\",\"@id\":\"https:\\\/\\\/oeilsportif.info\\\/#website\",\"url\":\"https:\\\/\\\/oeilsportif.info\\\/\",\"name\":\"le regard du sportif\",\"description\":\"\",\"potentialAction\":[{\"@type\":\"SearchAction\",\"target\":{\"@type\":\"EntryPoint\",\"urlTemplate\":\"https:\\\/\\\/oeilsportif.info\\\/?s={search_term_string}\"},\"query-input\":{\"@type\":\"PropertyValueSpecification\",\"valueRequired\":true,\"valueName\":\"search_term_string\"}}],\"inLanguage\":\"fr-FR\"},{\"@type\":\"Person\",\"@id\":\"https:\\\/\\\/oeilsportif.info\\\/#\\\/schema\\\/person\\\/cfbded294aa6095f7d96608d7905e9a1\",\"name\":\"L'Equipe de la R\u00e9daction\",\"image\":{\"@type\":\"ImageObject\",\"inLanguage\":\"fr-FR\",\"@id\":\"https:\\\/\\\/oeilsportif.info\\\/wp-content\\\/uploads\\\/2025\\\/07\\\/cropped-cropped-logo-os-96x96.jpeg\",\"url\":\"https:\\\/\\\/oeilsportif.info\\\/wp-content\\\/uploads\\\/2025\\\/07\\\/cropped-cropped-logo-os-96x96.jpeg\",\"contentUrl\":\"https:\\\/\\\/oeilsportif.info\\\/wp-content\\\/uploads\\\/2025\\\/07\\\/cropped-cropped-logo-os-96x96.jpeg\",\"caption\":\"L'Equipe de la R\u00e9daction\"},\"url\":\"https:\\\/\\\/oeilsportif.info\\\/index.php\\\/author\\\/tawel\\\/\"}]}<\/script>\n<!-- \/ Yoast SEO plugin. -->","yoast_head_json":{"title":"La f\u00e9d\u00e9ration organise un stage sur fond propre ! - le regard du sportif","robots":{"index":"index","follow":"follow","max-snippet":"max-snippet:-1","max-image-preview":"max-image-preview:large","max-video-preview":"max-video-preview:-1"},"canonical":"https:\/\/oeilsportif.info\/index.php\/la-federation-organise-un-stage-sur-fond-propre\/","og_locale":"fr_FR","og_type":"article","og_title":"La f\u00e9d\u00e9ration organise un stage sur fond propre ! - le regard du sportif","og_description":"Qualifi\u00e9 pour la Coupe d\u2019Afrique des Nations Dames de Handball S\u00e9n\u00e9gal 2022, le Syli Handball Dame vient \u00e0 nouveau de b\u00e9n\u00e9ficier d\u2019un stage de pr\u00e9paration. Ce regroupement de l\u2019\u00e9quipe nationale enti\u00e8rement financ\u00e9 par la F\u00e9d\u00e9ration Guin\u00e9enne de Handball, aura lieu du 11 au 18 juin 2022 \u00e0 Conakry. Durant une semaine, les handballeuses guin\u00e9ennes vont [&hellip;]","og_url":"https:\/\/oeilsportif.info\/index.php\/la-federation-organise-un-stage-sur-fond-propre\/","og_site_name":"le regard du sportif","article_published_time":"2022-06-14T06:50:31+00:00","og_image":[{"width":1080,"height":720,"url":"https:\/\/oeilsportif.info\/wp-content\/uploads\/2022\/06\/FB_IMG_1655189246334.jpg","type":"image\/jpeg"}],"author":"L'Equipe de la R\u00e9daction","twitter_misc":{"\u00c9crit par":"L'Equipe de la R\u00e9daction","Dur\u00e9e de lecture estim\u00e9e":"1 minute"},"schema":{"@context":"https:\/\/schema.org","@graph":[{"@type":"Article","@id":"https:\/\/oeilsportif.info\/index.php\/la-federation-organise-un-stage-sur-fond-propre\/#article","isPartOf":{"@id":"https:\/\/oeilsportif.info\/index.php\/la-federation-organise-un-stage-sur-fond-propre\/"},"author":{"name":"L'Equipe de la R\u00e9daction","@id":"https:\/\/oeilsportif.info\/#\/schema\/person\/cfbded294aa6095f7d96608d7905e9a1"},"headline":"La f\u00e9d\u00e9ration organise un stage sur fond propre !","datePublished":"2022-06-14T06:50:31+00:00","mainEntityOfPage":{"@id":"https:\/\/oeilsportif.info\/index.php\/la-federation-organise-un-stage-sur-fond-propre\/"},"wordCount":181,"image":{"@id":"https:\/\/oeilsportif.info\/index.php\/la-federation-organise-un-stage-sur-fond-propre\/#primaryimage"},"thumbnailUrl":"https:\/\/i0.wp.com\/oeilsportif.info\/wp-content\/uploads\/2022\/06\/FB_IMG_1655189246334.jpg?fit=1080%2C720&ssl=1","articleSection":["Handball"],"inLanguage":"fr-FR"},{"@type":"WebPage","@id":"https:\/\/oeilsportif.info\/index.php\/la-federation-organise-un-stage-sur-fond-propre\/","url":"https:\/\/oeilsportif.info\/index.php\/la-federation-organise-un-stage-sur-fond-propre\/","name":"La f\u00e9d\u00e9ration organise un stage sur fond propre ! - le regard du sportif","isPartOf":{"@id":"https:\/\/oeilsportif.info\/#website"},"primaryImageOfPage":{"@id":"https:\/\/oeilsportif.info\/index.php\/la-federation-organise-un-stage-sur-fond-propre\/#primaryimage"},"image":{"@id":"https:\/\/oeilsportif.info\/index.php\/la-federation-organise-un-stage-sur-fond-propre\/#primaryimage"},"thumbnailUrl":"https:\/\/i0.wp.com\/oeilsportif.info\/wp-content\/uploads\/2022\/06\/FB_IMG_1655189246334.jpg?fit=1080%2C720&ssl=1","datePublished":"2022-06-14T06:50:31+00:00","author":{"@id":"https:\/\/oeilsportif.info\/#\/schema\/person\/cfbded294aa6095f7d96608d7905e9a1"},"inLanguage":"fr-FR","potentialAction":[{"@type":"ReadAction","target":["https:\/\/oeilsportif.info\/index.php\/la-federation-organise-un-stage-sur-fond-propre\/"]}]},{"@type":"ImageObject","inLanguage":"fr-FR","@id":"https:\/\/oeilsportif.info\/index.php\/la-federation-organise-un-stage-sur-fond-propre\/#primaryimage","url":"https:\/\/i0.wp.com\/oeilsportif.info\/wp-content\/uploads\/2022\/06\/FB_IMG_1655189246334.jpg?fit=1080%2C720&ssl=1","contentUrl":"https:\/\/i0.wp.com\/oeilsportif.info\/wp-content\/uploads\/2022\/06\/FB_IMG_1655189246334.jpg?fit=1080%2C720&ssl=1","width":1080,"height":720},{"@type":"WebSite","@id":"https:\/\/oeilsportif.info\/#website","url":"https:\/\/oeilsportif.info\/","name":"le regard du sportif","description":"","potentialAction":[{"@type":"SearchAction","target":{"@type":"EntryPoint","urlTemplate":"https:\/\/oeilsportif.info\/?s={search_term_string}"},"query-input":{"@type":"PropertyValueSpecification","valueRequired":true,"valueName":"search_term_string"}}],"inLanguage":"fr-FR"},{"@type":"Person","@id":"https:\/\/oeilsportif.info\/#\/schema\/person\/cfbded294aa6095f7d96608d7905e9a1","name":"L'Equipe de la R\u00e9daction","image":{"@type":"ImageObject","inLanguage":"fr-FR","@id":"https:\/\/oeilsportif.info\/wp-content\/uploads\/2025\/07\/cropped-cropped-logo-os-96x96.jpeg","url":"https:\/\/oeilsportif.info\/wp-content\/uploads\/2025\/07\/cropped-cropped-logo-os-96x96.jpeg","contentUrl":"https:\/\/oeilsportif.info\/wp-content\/uploads\/2025\/07\/cropped-cropped-logo-os-96x96.jpeg","caption":"L'Equipe de la R\u00e9daction"},"url":"https:\/\/oeilsportif.info\/index.php\/author\/tawel\/"}]}},"jetpack_publicize_connections":[],"jetpack_featured_media_url":"https:\/\/i0.wp.com\/oeilsportif.info\/wp-content\/uploads\/2022\/06\/FB_IMG_1655189246334.jpg?fit=1080%2C720&ssl=1","jetpack-related-posts":[],"jetpack_sharing_enabled":true,"jetpack_likes_enabled":true,"jetpack_shortlink":"https:\/\/wp.me\/pgFE77-e2","_links":{"self":[{"href":"https:\/\/oeilsportif.info\/index.php\/wp-json\/wp\/v2\/posts\/870","targetHints":{"allow":["GET"]}}],"collection":[{"href":"https:\/\/oeilsportif.info\/index.php\/wp-json\/wp\/v2\/posts"}],"about":[{"href":"https:\/\/oeilsportif.info\/index.php\/wp-json\/wp\/v2\/types\/post"}],"author":[{"embeddable":true,"href":"https:\/\/oeilsportif.info\/index.php\/wp-json\/wp\/v2\/users\/2"}],"replies":[{"embeddable":true,"href":"https:\/\/oeilsportif.info\/index.php\/wp-json\/wp\/v2\/comments?post=870"}],"version-history":[{"count":0,"href":"https:\/\/oeilsportif.info\/index.php\/wp-json\/wp\/v2\/posts\/870\/revisions"}],"wp:featuredmedia":[{"embeddable":true,"href":"https:\/\/oeilsportif.info\/index.php\/wp-json\/wp\/v2\/media\/871"}],"wp:attachment":[{"href":"https:\/\/oeilsportif.info\/index.php\/wp-json\/wp\/v2\/media?parent=870"}],"wp:term":[{"taxonomy":"category","embeddable":true,"href":"https:\/\/oeilsportif.info\/index.php\/wp-json\/wp\/v2\/categories?post=870"},{"taxonomy":"post_tag","embeddable":true,"href":"https:\/\/oeilsportif.info\/index.php\/wp-json\/wp\/v2\/tags?post=870"}],"curies":[{"name":"wp","href":"https:\/\/api.w.org\/{rel}","templated":true}]}}