{"id":852,"date":"2022-06-13T14:31:03","date_gmt":"2022-06-13T14:31:03","guid":{"rendered":"https:\/\/oeilsportif.info\/index.php\/?p=852"},"modified":"2022-06-13T14:31:03","modified_gmt":"2022-06-13T14:31:03","slug":"gala-des-internationaux-du-syli-le-president-kerfalla-camara-kpc-au-premier-rang-des-invites","status":"publish","type":"post","link":"https:\/\/oeilsportif.info\/index.php\/gala-des-internationaux-du-syli-le-president-kerfalla-camara-kpc-au-premier-rang-des-invites\/","title":{"rendered":"Gala des internationaux du Syli : Le Pr\u00e9sident Kerfalla Camara KPC au premier rang des invit\u00e9s !"},"content":{"rendered":"<p>Ce dimanche 12 juin 2022, dans le cadre du match de gala entre les anciens internationaux et les nouveaux joueurs du Syli national de Guin\u00e9e, le Pr\u00e9sident du Hafia Football Club, Monsieur Kerfalla Camara KPC a honor\u00e9 cet \u00e9v\u00e9nement de sa pr\u00e9sence au stade annexe du 28 Septembre de Conakry pour apporter son soutien aux anciens et nouveaux footballeurs du Syli national de Guin\u00e9e.<\/p>\n<p>\u00c0 cette rencontre d&rsquo;amiti\u00e9 et de fraternit\u00e9, le pr\u00e9sident KPC \u00e9t\u00e9 accompagn\u00e9 par une forte d\u00e9l\u00e9gation. Au premier rang de cette belle retrouvaille, le pr\u00e9sident du Hafia FC est venu soutenir ce projet initi\u00e9 par les internationaux guin\u00e9ens.<br \/>\nC&rsquo;est dans une ambiance bon enfant et de fair play, que sa d\u00e9l\u00e9gation s&rsquo;est retir\u00e9e.<\/p>\n<p><strong>Mohamed Tawel Camara<\/strong><\/p>\n","protected":false},"excerpt":{"rendered":"<p>Ce dimanche 12 juin 2022, dans le cadre du match de gala entre les anciens internationaux et les nouveaux joueurs du Syli national de Guin\u00e9e, le Pr\u00e9sident du Hafia Football Club, Monsieur Kerfalla Camara KPC a honor\u00e9 cet \u00e9v\u00e9nement de sa pr\u00e9sence au stade annexe du 28 Septembre de Conakry pour apporter son soutien aux [&hellip;]<\/p>\n","protected":false},"author":2,"featured_media":853,"comment_status":"closed","ping_status":"open","sticky":false,"template":"","format":"standard","meta":{"_jetpack_memberships_contains_paid_content":false,"footnotes":"","jetpack_publicize_message":"","jetpack_publicize_feature_enabled":true,"jetpack_social_post_already_shared":true,"jetpack_social_options":{"image_generator_settings":{"template":"highway","default_image_id":0,"font":"","enabled":false},"version":2}},"categories":[5],"tags":[],"class_list":{"0":"post-852","1":"post","2":"type-post","3":"status-publish","4":"format-standard","5":"has-post-thumbnail","7":"category-football"},"yoast_head":"<!-- This site is optimized with the Yoast SEO plugin v27.5 - https:\/\/yoast.com\/product\/yoast-seo-wordpress\/ -->\n<title>Gala des internationaux du Syli : Le Pr\u00e9sident Kerfalla Camara KPC au premier rang des invit\u00e9s ! - le regard du sportif<\/title>\n<meta name=\"robots\" content=\"index, follow, max-snippet:-1, max-image-preview:large, max-video-preview:-1\" \/>\n<link rel=\"canonical\" href=\"https:\/\/oeilsportif.info\/index.php\/gala-des-internationaux-du-syli-le-president-kerfalla-camara-kpc-au-premier-rang-des-invites\/\" \/>\n<meta property=\"og:locale\" content=\"fr_FR\" \/>\n<meta property=\"og:type\" content=\"article\" \/>\n<meta property=\"og:title\" content=\"Gala des internationaux du Syli : Le Pr\u00e9sident Kerfalla Camara KPC au premier rang des invit\u00e9s ! - le regard du sportif\" \/>\n<meta property=\"og:description\" content=\"Ce dimanche 12 juin 2022, dans le cadre du match de gala entre les anciens internationaux et les nouveaux joueurs du Syli national de Guin\u00e9e, le Pr\u00e9sident du Hafia Football Club, Monsieur Kerfalla Camara KPC a honor\u00e9 cet \u00e9v\u00e9nement de sa pr\u00e9sence au stade annexe du 28 Septembre de Conakry pour apporter son soutien aux [&hellip;]\" \/>\n<meta property=\"og:url\" content=\"https:\/\/oeilsportif.info\/index.php\/gala-des-internationaux-du-syli-le-president-kerfalla-camara-kpc-au-premier-rang-des-invites\/\" \/>\n<meta property=\"og:site_name\" content=\"le regard du sportif\" \/>\n<meta property=\"article:published_time\" content=\"2022-06-13T14:31:03+00:00\" \/>\n<meta property=\"og:image\" content=\"https:\/\/oeilsportif.info\/wp-content\/uploads\/2022\/06\/FB_IMG_1655127470513.jpg\" \/>\n\t<meta property=\"og:image:width\" content=\"1080\" \/>\n\t<meta property=\"og:image:height\" content=\"718\" \/>\n\t<meta property=\"og:image:type\" content=\"image\/jpeg\" \/>\n<meta name=\"author\" content=\"L&#039;Equipe de la R\u00e9daction\" \/>\n<meta name=\"twitter:label1\" content=\"\u00c9crit par\" \/>\n\t<meta name=\"twitter:data1\" content=\"L&#039;Equipe de la R\u00e9daction\" \/>\n\t<meta name=\"twitter:label2\" content=\"Dur\u00e9e de lecture estim\u00e9e\" \/>\n\t<meta name=\"twitter:data2\" content=\"1 minute\" \/>\n<script type=\"application\/ld+json\" class=\"yoast-schema-graph\">{\"@context\":\"https:\\\/\\\/schema.org\",\"@graph\":[{\"@type\":\"Article\",\"@id\":\"https:\\\/\\\/oeilsportif.info\\\/index.php\\\/gala-des-internationaux-du-syli-le-president-kerfalla-camara-kpc-au-premier-rang-des-invites\\\/#article\",\"isPartOf\":{\"@id\":\"https:\\\/\\\/oeilsportif.info\\\/index.php\\\/gala-des-internationaux-du-syli-le-president-kerfalla-camara-kpc-au-premier-rang-des-invites\\\/\"},\"author\":{\"name\":\"L'Equipe de la R\u00e9daction\",\"@id\":\"https:\\\/\\\/oeilsportif.info\\\/#\\\/schema\\\/person\\\/cfbded294aa6095f7d96608d7905e9a1\"},\"headline\":\"Gala des internationaux du Syli : Le Pr\u00e9sident Kerfalla Camara KPC au premier rang des invit\u00e9s !\",\"datePublished\":\"2022-06-13T14:31:03+00:00\",\"mainEntityOfPage\":{\"@id\":\"https:\\\/\\\/oeilsportif.info\\\/index.php\\\/gala-des-internationaux-du-syli-le-president-kerfalla-camara-kpc-au-premier-rang-des-invites\\\/\"},\"wordCount\":149,\"image\":{\"@id\":\"https:\\\/\\\/oeilsportif.info\\\/index.php\\\/gala-des-internationaux-du-syli-le-president-kerfalla-camara-kpc-au-premier-rang-des-invites\\\/#primaryimage\"},\"thumbnailUrl\":\"https:\\\/\\\/i0.wp.com\\\/oeilsportif.info\\\/wp-content\\\/uploads\\\/2022\\\/06\\\/FB_IMG_1655127470513.jpg?fit=1080%2C718&ssl=1\",\"articleSection\":[\"Football\"],\"inLanguage\":\"fr-FR\"},{\"@type\":\"WebPage\",\"@id\":\"https:\\\/\\\/oeilsportif.info\\\/index.php\\\/gala-des-internationaux-du-syli-le-president-kerfalla-camara-kpc-au-premier-rang-des-invites\\\/\",\"url\":\"https:\\\/\\\/oeilsportif.info\\\/index.php\\\/gala-des-internationaux-du-syli-le-president-kerfalla-camara-kpc-au-premier-rang-des-invites\\\/\",\"name\":\"Gala des internationaux du Syli : Le Pr\u00e9sident Kerfalla Camara KPC au premier rang des invit\u00e9s ! - le regard du sportif\",\"isPartOf\":{\"@id\":\"https:\\\/\\\/oeilsportif.info\\\/#website\"},\"primaryImageOfPage\":{\"@id\":\"https:\\\/\\\/oeilsportif.info\\\/index.php\\\/gala-des-internationaux-du-syli-le-president-kerfalla-camara-kpc-au-premier-rang-des-invites\\\/#primaryimage\"},\"image\":{\"@id\":\"https:\\\/\\\/oeilsportif.info\\\/index.php\\\/gala-des-internationaux-du-syli-le-president-kerfalla-camara-kpc-au-premier-rang-des-invites\\\/#primaryimage\"},\"thumbnailUrl\":\"https:\\\/\\\/i0.wp.com\\\/oeilsportif.info\\\/wp-content\\\/uploads\\\/2022\\\/06\\\/FB_IMG_1655127470513.jpg?fit=1080%2C718&ssl=1\",\"datePublished\":\"2022-06-13T14:31:03+00:00\",\"author\":{\"@id\":\"https:\\\/\\\/oeilsportif.info\\\/#\\\/schema\\\/person\\\/cfbded294aa6095f7d96608d7905e9a1\"},\"inLanguage\":\"fr-FR\",\"potentialAction\":[{\"@type\":\"ReadAction\",\"target\":[\"https:\\\/\\\/oeilsportif.info\\\/index.php\\\/gala-des-internationaux-du-syli-le-president-kerfalla-camara-kpc-au-premier-rang-des-invites\\\/\"]}]},{\"@type\":\"ImageObject\",\"inLanguage\":\"fr-FR\",\"@id\":\"https:\\\/\\\/oeilsportif.info\\\/index.php\\\/gala-des-internationaux-du-syli-le-president-kerfalla-camara-kpc-au-premier-rang-des-invites\\\/#primaryimage\",\"url\":\"https:\\\/\\\/i0.wp.com\\\/oeilsportif.info\\\/wp-content\\\/uploads\\\/2022\\\/06\\\/FB_IMG_1655127470513.jpg?fit=1080%2C718&ssl=1\",\"contentUrl\":\"https:\\\/\\\/i0.wp.com\\\/oeilsportif.info\\\/wp-content\\\/uploads\\\/2022\\\/06\\\/FB_IMG_1655127470513.jpg?fit=1080%2C718&ssl=1\",\"width\":1080,\"height\":718},{\"@type\":\"WebSite\",\"@id\":\"https:\\\/\\\/oeilsportif.info\\\/#website\",\"url\":\"https:\\\/\\\/oeilsportif.info\\\/\",\"name\":\"le regard du sportif\",\"description\":\"\",\"potentialAction\":[{\"@type\":\"SearchAction\",\"target\":{\"@type\":\"EntryPoint\",\"urlTemplate\":\"https:\\\/\\\/oeilsportif.info\\\/?s={search_term_string}\"},\"query-input\":{\"@type\":\"PropertyValueSpecification\",\"valueRequired\":true,\"valueName\":\"search_term_string\"}}],\"inLanguage\":\"fr-FR\"},{\"@type\":\"Person\",\"@id\":\"https:\\\/\\\/oeilsportif.info\\\/#\\\/schema\\\/person\\\/cfbded294aa6095f7d96608d7905e9a1\",\"name\":\"L'Equipe de la R\u00e9daction\",\"image\":{\"@type\":\"ImageObject\",\"inLanguage\":\"fr-FR\",\"@id\":\"https:\\\/\\\/oeilsportif.info\\\/wp-content\\\/uploads\\\/2025\\\/07\\\/cropped-cropped-logo-os-96x96.jpeg\",\"url\":\"https:\\\/\\\/oeilsportif.info\\\/wp-content\\\/uploads\\\/2025\\\/07\\\/cropped-cropped-logo-os-96x96.jpeg\",\"contentUrl\":\"https:\\\/\\\/oeilsportif.info\\\/wp-content\\\/uploads\\\/2025\\\/07\\\/cropped-cropped-logo-os-96x96.jpeg\",\"caption\":\"L'Equipe de la R\u00e9daction\"},\"url\":\"https:\\\/\\\/oeilsportif.info\\\/index.php\\\/author\\\/tawel\\\/\"}]}<\/script>\n<!-- \/ Yoast SEO plugin. -->","yoast_head_json":{"title":"Gala des internationaux du Syli : Le Pr\u00e9sident Kerfalla Camara KPC au premier rang des invit\u00e9s ! - le regard du sportif","robots":{"index":"index","follow":"follow","max-snippet":"max-snippet:-1","max-image-preview":"max-image-preview:large","max-video-preview":"max-video-preview:-1"},"canonical":"https:\/\/oeilsportif.info\/index.php\/gala-des-internationaux-du-syli-le-president-kerfalla-camara-kpc-au-premier-rang-des-invites\/","og_locale":"fr_FR","og_type":"article","og_title":"Gala des internationaux du Syli : Le Pr\u00e9sident Kerfalla Camara KPC au premier rang des invit\u00e9s ! - le regard du sportif","og_description":"Ce dimanche 12 juin 2022, dans le cadre du match de gala entre les anciens internationaux et les nouveaux joueurs du Syli national de Guin\u00e9e, le Pr\u00e9sident du Hafia Football Club, Monsieur Kerfalla Camara KPC a honor\u00e9 cet \u00e9v\u00e9nement de sa pr\u00e9sence au stade annexe du 28 Septembre de Conakry pour apporter son soutien aux [&hellip;]","og_url":"https:\/\/oeilsportif.info\/index.php\/gala-des-internationaux-du-syli-le-president-kerfalla-camara-kpc-au-premier-rang-des-invites\/","og_site_name":"le regard du sportif","article_published_time":"2022-06-13T14:31:03+00:00","og_image":[{"width":1080,"height":718,"url":"https:\/\/oeilsportif.info\/wp-content\/uploads\/2022\/06\/FB_IMG_1655127470513.jpg","type":"image\/jpeg"}],"author":"L'Equipe de la R\u00e9daction","twitter_misc":{"\u00c9crit par":"L'Equipe de la R\u00e9daction","Dur\u00e9e de lecture estim\u00e9e":"1 minute"},"schema":{"@context":"https:\/\/schema.org","@graph":[{"@type":"Article","@id":"https:\/\/oeilsportif.info\/index.php\/gala-des-internationaux-du-syli-le-president-kerfalla-camara-kpc-au-premier-rang-des-invites\/#article","isPartOf":{"@id":"https:\/\/oeilsportif.info\/index.php\/gala-des-internationaux-du-syli-le-president-kerfalla-camara-kpc-au-premier-rang-des-invites\/"},"author":{"name":"L'Equipe de la R\u00e9daction","@id":"https:\/\/oeilsportif.info\/#\/schema\/person\/cfbded294aa6095f7d96608d7905e9a1"},"headline":"Gala des internationaux du Syli : Le Pr\u00e9sident Kerfalla Camara KPC au premier rang des invit\u00e9s !","datePublished":"2022-06-13T14:31:03+00:00","mainEntityOfPage":{"@id":"https:\/\/oeilsportif.info\/index.php\/gala-des-internationaux-du-syli-le-president-kerfalla-camara-kpc-au-premier-rang-des-invites\/"},"wordCount":149,"image":{"@id":"https:\/\/oeilsportif.info\/index.php\/gala-des-internationaux-du-syli-le-president-kerfalla-camara-kpc-au-premier-rang-des-invites\/#primaryimage"},"thumbnailUrl":"https:\/\/i0.wp.com\/oeilsportif.info\/wp-content\/uploads\/2022\/06\/FB_IMG_1655127470513.jpg?fit=1080%2C718&ssl=1","articleSection":["Football"],"inLanguage":"fr-FR"},{"@type":"WebPage","@id":"https:\/\/oeilsportif.info\/index.php\/gala-des-internationaux-du-syli-le-president-kerfalla-camara-kpc-au-premier-rang-des-invites\/","url":"https:\/\/oeilsportif.info\/index.php\/gala-des-internationaux-du-syli-le-president-kerfalla-camara-kpc-au-premier-rang-des-invites\/","name":"Gala des internationaux du Syli : Le Pr\u00e9sident Kerfalla Camara KPC au premier rang des invit\u00e9s ! - le regard du sportif","isPartOf":{"@id":"https:\/\/oeilsportif.info\/#website"},"primaryImageOfPage":{"@id":"https:\/\/oeilsportif.info\/index.php\/gala-des-internationaux-du-syli-le-president-kerfalla-camara-kpc-au-premier-rang-des-invites\/#primaryimage"},"image":{"@id":"https:\/\/oeilsportif.info\/index.php\/gala-des-internationaux-du-syli-le-president-kerfalla-camara-kpc-au-premier-rang-des-invites\/#primaryimage"},"thumbnailUrl":"https:\/\/i0.wp.com\/oeilsportif.info\/wp-content\/uploads\/2022\/06\/FB_IMG_1655127470513.jpg?fit=1080%2C718&ssl=1","datePublished":"2022-06-13T14:31:03+00:00","author":{"@id":"https:\/\/oeilsportif.info\/#\/schema\/person\/cfbded294aa6095f7d96608d7905e9a1"},"inLanguage":"fr-FR","potentialAction":[{"@type":"ReadAction","target":["https:\/\/oeilsportif.info\/index.php\/gala-des-internationaux-du-syli-le-president-kerfalla-camara-kpc-au-premier-rang-des-invites\/"]}]},{"@type":"ImageObject","inLanguage":"fr-FR","@id":"https:\/\/oeilsportif.info\/index.php\/gala-des-internationaux-du-syli-le-president-kerfalla-camara-kpc-au-premier-rang-des-invites\/#primaryimage","url":"https:\/\/i0.wp.com\/oeilsportif.info\/wp-content\/uploads\/2022\/06\/FB_IMG_1655127470513.jpg?fit=1080%2C718&ssl=1","contentUrl":"https:\/\/i0.wp.com\/oeilsportif.info\/wp-content\/uploads\/2022\/06\/FB_IMG_1655127470513.jpg?fit=1080%2C718&ssl=1","width":1080,"height":718},{"@type":"WebSite","@id":"https:\/\/oeilsportif.info\/#website","url":"https:\/\/oeilsportif.info\/","name":"le regard du sportif","description":"","potentialAction":[{"@type":"SearchAction","target":{"@type":"EntryPoint","urlTemplate":"https:\/\/oeilsportif.info\/?s={search_term_string}"},"query-input":{"@type":"PropertyValueSpecification","valueRequired":true,"valueName":"search_term_string"}}],"inLanguage":"fr-FR"},{"@type":"Person","@id":"https:\/\/oeilsportif.info\/#\/schema\/person\/cfbded294aa6095f7d96608d7905e9a1","name":"L'Equipe de la R\u00e9daction","image":{"@type":"ImageObject","inLanguage":"fr-FR","@id":"https:\/\/oeilsportif.info\/wp-content\/uploads\/2025\/07\/cropped-cropped-logo-os-96x96.jpeg","url":"https:\/\/oeilsportif.info\/wp-content\/uploads\/2025\/07\/cropped-cropped-logo-os-96x96.jpeg","contentUrl":"https:\/\/oeilsportif.info\/wp-content\/uploads\/2025\/07\/cropped-cropped-logo-os-96x96.jpeg","caption":"L'Equipe de la R\u00e9daction"},"url":"https:\/\/oeilsportif.info\/index.php\/author\/tawel\/"}]}},"jetpack_publicize_connections":[],"jetpack_featured_media_url":"https:\/\/i0.wp.com\/oeilsportif.info\/wp-content\/uploads\/2022\/06\/FB_IMG_1655127470513.jpg?fit=1080%2C718&ssl=1","jetpack-related-posts":[],"jetpack_sharing_enabled":true,"jetpack_likes_enabled":true,"jetpack_shortlink":"https:\/\/wp.me\/pgFE77-dK","_links":{"self":[{"href":"https:\/\/oeilsportif.info\/index.php\/wp-json\/wp\/v2\/posts\/852","targetHints":{"allow":["GET"]}}],"collection":[{"href":"https:\/\/oeilsportif.info\/index.php\/wp-json\/wp\/v2\/posts"}],"about":[{"href":"https:\/\/oeilsportif.info\/index.php\/wp-json\/wp\/v2\/types\/post"}],"author":[{"embeddable":true,"href":"https:\/\/oeilsportif.info\/index.php\/wp-json\/wp\/v2\/users\/2"}],"replies":[{"embeddable":true,"href":"https:\/\/oeilsportif.info\/index.php\/wp-json\/wp\/v2\/comments?post=852"}],"version-history":[{"count":0,"href":"https:\/\/oeilsportif.info\/index.php\/wp-json\/wp\/v2\/posts\/852\/revisions"}],"wp:featuredmedia":[{"embeddable":true,"href":"https:\/\/oeilsportif.info\/index.php\/wp-json\/wp\/v2\/media\/853"}],"wp:attachment":[{"href":"https:\/\/oeilsportif.info\/index.php\/wp-json\/wp\/v2\/media?parent=852"}],"wp:term":[{"taxonomy":"category","embeddable":true,"href":"https:\/\/oeilsportif.info\/index.php\/wp-json\/wp\/v2\/categories?post=852"},{"taxonomy":"post_tag","embeddable":true,"href":"https:\/\/oeilsportif.info\/index.php\/wp-json\/wp\/v2\/tags?post=852"}],"curies":[{"name":"wp","href":"https:\/\/api.w.org\/{rel}","templated":true}]}}