{"id":804,"date":"2022-06-11T19:20:11","date_gmt":"2022-06-11T19:20:11","guid":{"rendered":"https:\/\/oeilsportif.info\/index.php\/?p=804"},"modified":"2022-06-11T20:30:48","modified_gmt":"2022-06-11T20:30:48","slug":"feguifoot-madame-la-presidente-du-conor-appelle-les-acteurs-du-football-guineen-a-sunir","status":"publish","type":"post","link":"https:\/\/oeilsportif.info\/index.php\/feguifoot-madame-la-presidente-du-conor-appelle-les-acteurs-du-football-guineen-a-sunir\/","title":{"rendered":"F\u00e9guifoot : Madame la Pr\u00e9sidente du CONOR appelle les acteurs du football guin\u00e9en \u00e0 s&rsquo;unir !"},"content":{"rendered":"<p>Ce samedi 11 juin 2022 au chapiteau chez By Issa \u00e0 la faveur de la c\u00e9r\u00e9monie de troph\u00e9e du football guin\u00e9en organis\u00e9e par la LGFP, r\u00e9compensant les meilleurs acteurs de la saison 2021-2022. Invit\u00e9e prestigieuse de cette c\u00e9r\u00e9monie, Madame Mariama Diallo Sy,\u00a0 Pr\u00e9sidente du Comit\u00e9 de Normalisation de la F\u00e9d\u00e9ration Guin\u00e9enne de Football a appel\u00e9 les acteurs du football guin\u00e9en \u00e0 s&rsquo;unir pour l&rsquo;int\u00e9r\u00eat du football guin\u00e9en.Car dira -t-elle, les conflits ne peuvent pas avancer le football guin\u00e9en.<\/p>\n<p>Madame\u00a0 Mariama Diallo Sy : \u00a0\u00bb <strong>Je demande \u00e0 tous les acteurs du football guin\u00e9en d&rsquo;\u00eatre unis pour les int\u00e9r\u00eats du football guin\u00e9en. Car les conflits ne peuvent rien arranger. Je pense que si les acteurs du football guin\u00e9en sont r\u00e9unis, \u00e7a peut aider les acteurs du football guin\u00e9en &#8230;\u00a0\u00bb<\/strong> a-t-il conclu.<\/p>\n<p>Esperons qu&rsquo;apr\u00e8s cette sortie, de madame la Pr\u00e9sidente du CONOR, les acteurs du football guin\u00e9en vont faire une prise de conscience pour sortir le football guin\u00e9en de sa crise de leadership depuis 2010.<\/p>\n<p><strong>Welta pour oeilsportif.info<\/strong><\/p>\n","protected":false},"excerpt":{"rendered":"<p>Ce samedi 11 juin 2022 au chapiteau chez By Issa \u00e0 la faveur de la c\u00e9r\u00e9monie de troph\u00e9e du football guin\u00e9en organis\u00e9e par la LGFP, r\u00e9compensant les meilleurs acteurs de la saison 2021-2022. Invit\u00e9e prestigieuse de cette c\u00e9r\u00e9monie, Madame Mariama Diallo Sy,\u00a0 Pr\u00e9sidente du Comit\u00e9 de Normalisation de la F\u00e9d\u00e9ration Guin\u00e9enne de Football a appel\u00e9 [&hellip;]<\/p>\n","protected":false},"author":2,"featured_media":805,"comment_status":"closed","ping_status":"open","sticky":false,"template":"","format":"standard","meta":{"_jetpack_memberships_contains_paid_content":false,"footnotes":"","jetpack_publicize_message":"","jetpack_publicize_feature_enabled":true,"jetpack_social_post_already_shared":true,"jetpack_social_options":{"image_generator_settings":{"template":"highway","default_image_id":0,"font":"","enabled":false},"version":2}},"categories":[5],"tags":[],"class_list":{"0":"post-804","1":"post","2":"type-post","3":"status-publish","4":"format-standard","5":"has-post-thumbnail","7":"category-football"},"yoast_head":"<!-- This site is optimized with the Yoast SEO plugin v27.5 - https:\/\/yoast.com\/product\/yoast-seo-wordpress\/ -->\n<title>F\u00e9guifoot : Madame la Pr\u00e9sidente du CONOR appelle les acteurs du football guin\u00e9en \u00e0 s&#039;unir ! - le regard du sportif<\/title>\n<meta name=\"robots\" content=\"index, follow, max-snippet:-1, max-image-preview:large, max-video-preview:-1\" \/>\n<link rel=\"canonical\" href=\"https:\/\/oeilsportif.info\/index.php\/feguifoot-madame-la-presidente-du-conor-appelle-les-acteurs-du-football-guineen-a-sunir\/\" \/>\n<meta property=\"og:locale\" content=\"fr_FR\" \/>\n<meta property=\"og:type\" content=\"article\" \/>\n<meta property=\"og:title\" content=\"F\u00e9guifoot : Madame la Pr\u00e9sidente du CONOR appelle les acteurs du football guin\u00e9en \u00e0 s&#039;unir ! - le regard du sportif\" \/>\n<meta property=\"og:description\" content=\"Ce samedi 11 juin 2022 au chapiteau chez By Issa \u00e0 la faveur de la c\u00e9r\u00e9monie de troph\u00e9e du football guin\u00e9en organis\u00e9e par la LGFP, r\u00e9compensant les meilleurs acteurs de la saison 2021-2022. Invit\u00e9e prestigieuse de cette c\u00e9r\u00e9monie, Madame Mariama Diallo Sy,\u00a0 Pr\u00e9sidente du Comit\u00e9 de Normalisation de la F\u00e9d\u00e9ration Guin\u00e9enne de Football a appel\u00e9 [&hellip;]\" \/>\n<meta property=\"og:url\" content=\"https:\/\/oeilsportif.info\/index.php\/feguifoot-madame-la-presidente-du-conor-appelle-les-acteurs-du-football-guineen-a-sunir\/\" \/>\n<meta property=\"og:site_name\" content=\"le regard du sportif\" \/>\n<meta property=\"article:published_time\" content=\"2022-06-11T19:20:11+00:00\" \/>\n<meta property=\"article:modified_time\" content=\"2022-06-11T20:30:48+00:00\" \/>\n<meta property=\"og:image\" content=\"https:\/\/oeilsportif.info\/wp-content\/uploads\/2022\/06\/FB_IMG_1654974288838.jpg\" \/>\n\t<meta property=\"og:image:width\" content=\"1080\" \/>\n\t<meta property=\"og:image:height\" content=\"1104\" \/>\n\t<meta property=\"og:image:type\" content=\"image\/jpeg\" \/>\n<meta name=\"author\" content=\"L&#039;Equipe de la R\u00e9daction\" \/>\n<meta name=\"twitter:label1\" content=\"\u00c9crit par\" \/>\n\t<meta name=\"twitter:data1\" content=\"L&#039;Equipe de la R\u00e9daction\" \/>\n\t<meta name=\"twitter:label2\" content=\"Dur\u00e9e de lecture estim\u00e9e\" \/>\n\t<meta name=\"twitter:data2\" content=\"1 minute\" \/>\n<script type=\"application\/ld+json\" class=\"yoast-schema-graph\">{\"@context\":\"https:\\\/\\\/schema.org\",\"@graph\":[{\"@type\":\"Article\",\"@id\":\"https:\\\/\\\/oeilsportif.info\\\/index.php\\\/feguifoot-madame-la-presidente-du-conor-appelle-les-acteurs-du-football-guineen-a-sunir\\\/#article\",\"isPartOf\":{\"@id\":\"https:\\\/\\\/oeilsportif.info\\\/index.php\\\/feguifoot-madame-la-presidente-du-conor-appelle-les-acteurs-du-football-guineen-a-sunir\\\/\"},\"author\":{\"name\":\"L'Equipe de la R\u00e9daction\",\"@id\":\"https:\\\/\\\/oeilsportif.info\\\/#\\\/schema\\\/person\\\/cfbded294aa6095f7d96608d7905e9a1\"},\"headline\":\"F\u00e9guifoot : Madame la Pr\u00e9sidente du CONOR appelle les acteurs du football guin\u00e9en \u00e0 s&rsquo;unir !\",\"datePublished\":\"2022-06-11T19:20:11+00:00\",\"dateModified\":\"2022-06-11T20:30:48+00:00\",\"mainEntityOfPage\":{\"@id\":\"https:\\\/\\\/oeilsportif.info\\\/index.php\\\/feguifoot-madame-la-presidente-du-conor-appelle-les-acteurs-du-football-guineen-a-sunir\\\/\"},\"wordCount\":209,\"image\":{\"@id\":\"https:\\\/\\\/oeilsportif.info\\\/index.php\\\/feguifoot-madame-la-presidente-du-conor-appelle-les-acteurs-du-football-guineen-a-sunir\\\/#primaryimage\"},\"thumbnailUrl\":\"https:\\\/\\\/i0.wp.com\\\/oeilsportif.info\\\/wp-content\\\/uploads\\\/2022\\\/06\\\/FB_IMG_1654974288838.jpg?fit=1080%2C1104&ssl=1\",\"articleSection\":[\"Football\"],\"inLanguage\":\"fr-FR\"},{\"@type\":\"WebPage\",\"@id\":\"https:\\\/\\\/oeilsportif.info\\\/index.php\\\/feguifoot-madame-la-presidente-du-conor-appelle-les-acteurs-du-football-guineen-a-sunir\\\/\",\"url\":\"https:\\\/\\\/oeilsportif.info\\\/index.php\\\/feguifoot-madame-la-presidente-du-conor-appelle-les-acteurs-du-football-guineen-a-sunir\\\/\",\"name\":\"F\u00e9guifoot : Madame la Pr\u00e9sidente du CONOR appelle les acteurs du football guin\u00e9en \u00e0 s'unir ! - le regard du sportif\",\"isPartOf\":{\"@id\":\"https:\\\/\\\/oeilsportif.info\\\/#website\"},\"primaryImageOfPage\":{\"@id\":\"https:\\\/\\\/oeilsportif.info\\\/index.php\\\/feguifoot-madame-la-presidente-du-conor-appelle-les-acteurs-du-football-guineen-a-sunir\\\/#primaryimage\"},\"image\":{\"@id\":\"https:\\\/\\\/oeilsportif.info\\\/index.php\\\/feguifoot-madame-la-presidente-du-conor-appelle-les-acteurs-du-football-guineen-a-sunir\\\/#primaryimage\"},\"thumbnailUrl\":\"https:\\\/\\\/i0.wp.com\\\/oeilsportif.info\\\/wp-content\\\/uploads\\\/2022\\\/06\\\/FB_IMG_1654974288838.jpg?fit=1080%2C1104&ssl=1\",\"datePublished\":\"2022-06-11T19:20:11+00:00\",\"dateModified\":\"2022-06-11T20:30:48+00:00\",\"author\":{\"@id\":\"https:\\\/\\\/oeilsportif.info\\\/#\\\/schema\\\/person\\\/cfbded294aa6095f7d96608d7905e9a1\"},\"inLanguage\":\"fr-FR\",\"potentialAction\":[{\"@type\":\"ReadAction\",\"target\":[\"https:\\\/\\\/oeilsportif.info\\\/index.php\\\/feguifoot-madame-la-presidente-du-conor-appelle-les-acteurs-du-football-guineen-a-sunir\\\/\"]}]},{\"@type\":\"ImageObject\",\"inLanguage\":\"fr-FR\",\"@id\":\"https:\\\/\\\/oeilsportif.info\\\/index.php\\\/feguifoot-madame-la-presidente-du-conor-appelle-les-acteurs-du-football-guineen-a-sunir\\\/#primaryimage\",\"url\":\"https:\\\/\\\/i0.wp.com\\\/oeilsportif.info\\\/wp-content\\\/uploads\\\/2022\\\/06\\\/FB_IMG_1654974288838.jpg?fit=1080%2C1104&ssl=1\",\"contentUrl\":\"https:\\\/\\\/i0.wp.com\\\/oeilsportif.info\\\/wp-content\\\/uploads\\\/2022\\\/06\\\/FB_IMG_1654974288838.jpg?fit=1080%2C1104&ssl=1\",\"width\":1080,\"height\":1104},{\"@type\":\"WebSite\",\"@id\":\"https:\\\/\\\/oeilsportif.info\\\/#website\",\"url\":\"https:\\\/\\\/oeilsportif.info\\\/\",\"name\":\"le regard du sportif\",\"description\":\"\",\"potentialAction\":[{\"@type\":\"SearchAction\",\"target\":{\"@type\":\"EntryPoint\",\"urlTemplate\":\"https:\\\/\\\/oeilsportif.info\\\/?s={search_term_string}\"},\"query-input\":{\"@type\":\"PropertyValueSpecification\",\"valueRequired\":true,\"valueName\":\"search_term_string\"}}],\"inLanguage\":\"fr-FR\"},{\"@type\":\"Person\",\"@id\":\"https:\\\/\\\/oeilsportif.info\\\/#\\\/schema\\\/person\\\/cfbded294aa6095f7d96608d7905e9a1\",\"name\":\"L'Equipe de la R\u00e9daction\",\"image\":{\"@type\":\"ImageObject\",\"inLanguage\":\"fr-FR\",\"@id\":\"https:\\\/\\\/oeilsportif.info\\\/wp-content\\\/uploads\\\/2025\\\/07\\\/cropped-cropped-logo-os-96x96.jpeg\",\"url\":\"https:\\\/\\\/oeilsportif.info\\\/wp-content\\\/uploads\\\/2025\\\/07\\\/cropped-cropped-logo-os-96x96.jpeg\",\"contentUrl\":\"https:\\\/\\\/oeilsportif.info\\\/wp-content\\\/uploads\\\/2025\\\/07\\\/cropped-cropped-logo-os-96x96.jpeg\",\"caption\":\"L'Equipe de la R\u00e9daction\"},\"url\":\"https:\\\/\\\/oeilsportif.info\\\/index.php\\\/author\\\/tawel\\\/\"}]}<\/script>\n<!-- \/ Yoast SEO plugin. -->","yoast_head_json":{"title":"F\u00e9guifoot : Madame la Pr\u00e9sidente du CONOR appelle les acteurs du football guin\u00e9en \u00e0 s'unir ! - le regard du sportif","robots":{"index":"index","follow":"follow","max-snippet":"max-snippet:-1","max-image-preview":"max-image-preview:large","max-video-preview":"max-video-preview:-1"},"canonical":"https:\/\/oeilsportif.info\/index.php\/feguifoot-madame-la-presidente-du-conor-appelle-les-acteurs-du-football-guineen-a-sunir\/","og_locale":"fr_FR","og_type":"article","og_title":"F\u00e9guifoot : Madame la Pr\u00e9sidente du CONOR appelle les acteurs du football guin\u00e9en \u00e0 s'unir ! - le regard du sportif","og_description":"Ce samedi 11 juin 2022 au chapiteau chez By Issa \u00e0 la faveur de la c\u00e9r\u00e9monie de troph\u00e9e du football guin\u00e9en organis\u00e9e par la LGFP, r\u00e9compensant les meilleurs acteurs de la saison 2021-2022. Invit\u00e9e prestigieuse de cette c\u00e9r\u00e9monie, Madame Mariama Diallo Sy,\u00a0 Pr\u00e9sidente du Comit\u00e9 de Normalisation de la F\u00e9d\u00e9ration Guin\u00e9enne de Football a appel\u00e9 [&hellip;]","og_url":"https:\/\/oeilsportif.info\/index.php\/feguifoot-madame-la-presidente-du-conor-appelle-les-acteurs-du-football-guineen-a-sunir\/","og_site_name":"le regard du sportif","article_published_time":"2022-06-11T19:20:11+00:00","article_modified_time":"2022-06-11T20:30:48+00:00","og_image":[{"width":1080,"height":1104,"url":"https:\/\/oeilsportif.info\/wp-content\/uploads\/2022\/06\/FB_IMG_1654974288838.jpg","type":"image\/jpeg"}],"author":"L'Equipe de la R\u00e9daction","twitter_misc":{"\u00c9crit par":"L'Equipe de la R\u00e9daction","Dur\u00e9e de lecture estim\u00e9e":"1 minute"},"schema":{"@context":"https:\/\/schema.org","@graph":[{"@type":"Article","@id":"https:\/\/oeilsportif.info\/index.php\/feguifoot-madame-la-presidente-du-conor-appelle-les-acteurs-du-football-guineen-a-sunir\/#article","isPartOf":{"@id":"https:\/\/oeilsportif.info\/index.php\/feguifoot-madame-la-presidente-du-conor-appelle-les-acteurs-du-football-guineen-a-sunir\/"},"author":{"name":"L'Equipe de la R\u00e9daction","@id":"https:\/\/oeilsportif.info\/#\/schema\/person\/cfbded294aa6095f7d96608d7905e9a1"},"headline":"F\u00e9guifoot : Madame la Pr\u00e9sidente du CONOR appelle les acteurs du football guin\u00e9en \u00e0 s&rsquo;unir !","datePublished":"2022-06-11T19:20:11+00:00","dateModified":"2022-06-11T20:30:48+00:00","mainEntityOfPage":{"@id":"https:\/\/oeilsportif.info\/index.php\/feguifoot-madame-la-presidente-du-conor-appelle-les-acteurs-du-football-guineen-a-sunir\/"},"wordCount":209,"image":{"@id":"https:\/\/oeilsportif.info\/index.php\/feguifoot-madame-la-presidente-du-conor-appelle-les-acteurs-du-football-guineen-a-sunir\/#primaryimage"},"thumbnailUrl":"https:\/\/i0.wp.com\/oeilsportif.info\/wp-content\/uploads\/2022\/06\/FB_IMG_1654974288838.jpg?fit=1080%2C1104&ssl=1","articleSection":["Football"],"inLanguage":"fr-FR"},{"@type":"WebPage","@id":"https:\/\/oeilsportif.info\/index.php\/feguifoot-madame-la-presidente-du-conor-appelle-les-acteurs-du-football-guineen-a-sunir\/","url":"https:\/\/oeilsportif.info\/index.php\/feguifoot-madame-la-presidente-du-conor-appelle-les-acteurs-du-football-guineen-a-sunir\/","name":"F\u00e9guifoot : Madame la Pr\u00e9sidente du CONOR appelle les acteurs du football guin\u00e9en \u00e0 s'unir ! - le regard du sportif","isPartOf":{"@id":"https:\/\/oeilsportif.info\/#website"},"primaryImageOfPage":{"@id":"https:\/\/oeilsportif.info\/index.php\/feguifoot-madame-la-presidente-du-conor-appelle-les-acteurs-du-football-guineen-a-sunir\/#primaryimage"},"image":{"@id":"https:\/\/oeilsportif.info\/index.php\/feguifoot-madame-la-presidente-du-conor-appelle-les-acteurs-du-football-guineen-a-sunir\/#primaryimage"},"thumbnailUrl":"https:\/\/i0.wp.com\/oeilsportif.info\/wp-content\/uploads\/2022\/06\/FB_IMG_1654974288838.jpg?fit=1080%2C1104&ssl=1","datePublished":"2022-06-11T19:20:11+00:00","dateModified":"2022-06-11T20:30:48+00:00","author":{"@id":"https:\/\/oeilsportif.info\/#\/schema\/person\/cfbded294aa6095f7d96608d7905e9a1"},"inLanguage":"fr-FR","potentialAction":[{"@type":"ReadAction","target":["https:\/\/oeilsportif.info\/index.php\/feguifoot-madame-la-presidente-du-conor-appelle-les-acteurs-du-football-guineen-a-sunir\/"]}]},{"@type":"ImageObject","inLanguage":"fr-FR","@id":"https:\/\/oeilsportif.info\/index.php\/feguifoot-madame-la-presidente-du-conor-appelle-les-acteurs-du-football-guineen-a-sunir\/#primaryimage","url":"https:\/\/i0.wp.com\/oeilsportif.info\/wp-content\/uploads\/2022\/06\/FB_IMG_1654974288838.jpg?fit=1080%2C1104&ssl=1","contentUrl":"https:\/\/i0.wp.com\/oeilsportif.info\/wp-content\/uploads\/2022\/06\/FB_IMG_1654974288838.jpg?fit=1080%2C1104&ssl=1","width":1080,"height":1104},{"@type":"WebSite","@id":"https:\/\/oeilsportif.info\/#website","url":"https:\/\/oeilsportif.info\/","name":"le regard du sportif","description":"","potentialAction":[{"@type":"SearchAction","target":{"@type":"EntryPoint","urlTemplate":"https:\/\/oeilsportif.info\/?s={search_term_string}"},"query-input":{"@type":"PropertyValueSpecification","valueRequired":true,"valueName":"search_term_string"}}],"inLanguage":"fr-FR"},{"@type":"Person","@id":"https:\/\/oeilsportif.info\/#\/schema\/person\/cfbded294aa6095f7d96608d7905e9a1","name":"L'Equipe de la R\u00e9daction","image":{"@type":"ImageObject","inLanguage":"fr-FR","@id":"https:\/\/oeilsportif.info\/wp-content\/uploads\/2025\/07\/cropped-cropped-logo-os-96x96.jpeg","url":"https:\/\/oeilsportif.info\/wp-content\/uploads\/2025\/07\/cropped-cropped-logo-os-96x96.jpeg","contentUrl":"https:\/\/oeilsportif.info\/wp-content\/uploads\/2025\/07\/cropped-cropped-logo-os-96x96.jpeg","caption":"L'Equipe de la R\u00e9daction"},"url":"https:\/\/oeilsportif.info\/index.php\/author\/tawel\/"}]}},"jetpack_publicize_connections":[],"jetpack_featured_media_url":"https:\/\/i0.wp.com\/oeilsportif.info\/wp-content\/uploads\/2022\/06\/FB_IMG_1654974288838.jpg?fit=1080%2C1104&ssl=1","jetpack-related-posts":[],"jetpack_sharing_enabled":true,"jetpack_likes_enabled":true,"jetpack_shortlink":"https:\/\/wp.me\/pgFE77-cY","_links":{"self":[{"href":"https:\/\/oeilsportif.info\/index.php\/wp-json\/wp\/v2\/posts\/804","targetHints":{"allow":["GET"]}}],"collection":[{"href":"https:\/\/oeilsportif.info\/index.php\/wp-json\/wp\/v2\/posts"}],"about":[{"href":"https:\/\/oeilsportif.info\/index.php\/wp-json\/wp\/v2\/types\/post"}],"author":[{"embeddable":true,"href":"https:\/\/oeilsportif.info\/index.php\/wp-json\/wp\/v2\/users\/2"}],"replies":[{"embeddable":true,"href":"https:\/\/oeilsportif.info\/index.php\/wp-json\/wp\/v2\/comments?post=804"}],"version-history":[{"count":0,"href":"https:\/\/oeilsportif.info\/index.php\/wp-json\/wp\/v2\/posts\/804\/revisions"}],"wp:featuredmedia":[{"embeddable":true,"href":"https:\/\/oeilsportif.info\/index.php\/wp-json\/wp\/v2\/media\/805"}],"wp:attachment":[{"href":"https:\/\/oeilsportif.info\/index.php\/wp-json\/wp\/v2\/media?parent=804"}],"wp:term":[{"taxonomy":"category","embeddable":true,"href":"https:\/\/oeilsportif.info\/index.php\/wp-json\/wp\/v2\/categories?post=804"},{"taxonomy":"post_tag","embeddable":true,"href":"https:\/\/oeilsportif.info\/index.php\/wp-json\/wp\/v2\/tags?post=804"}],"curies":[{"name":"wp","href":"https:\/\/api.w.org\/{rel}","templated":true}]}}