{"id":7994,"date":"2026-01-25T22:57:35","date_gmt":"2026-01-25T22:57:35","guid":{"rendered":"https:\/\/oeilsportif.info\/?p=7994"},"modified":"2026-01-25T22:57:35","modified_gmt":"2026-01-25T22:57:35","slug":"officiel-mercato-karfamoriah-fc-enrole-un-nouveau-defenseur","status":"publish","type":"post","link":"https:\/\/oeilsportif.info\/index.php\/officiel-mercato-karfamoriah-fc-enrole-un-nouveau-defenseur\/","title":{"rendered":"OFFICIEL | MERCATO : Karfamoriah FC enr\u00f4le un nouveau d\u00e9fenseur"},"content":{"rendered":"<p>Le Karfamoriah Football Club vient d\u2019annoncer l\u2019arriv\u00e9e d\u2019un nouveau renfort d\u00e9fensif en provenance de l\u2019Atlantis FC de Dimbokro (Abidjan), club \u00e9voluant en 2\u1d49 division ivoirienne.<\/p>\n<p>Il s\u2019agit de VITALIS ESMEL, un d\u00e9fenseur reconnu pour sa solidit\u00e9 et son ambition. Le joueur s\u2019engage avec le Karfamoriah FC pour une dur\u00e9e de 1 an et demi.<\/p>\n","protected":false},"excerpt":{"rendered":"<p>Le Karfamoriah Football Club vient d\u2019annoncer l\u2019arriv\u00e9e d\u2019un nouveau renfort d\u00e9fensif en provenance de l\u2019Atlantis FC de Dimbokro (Abidjan), club \u00e9voluant en 2\u1d49 division ivoirienne. Il s\u2019agit de VITALIS ESMEL, un d\u00e9fenseur reconnu pour sa solidit\u00e9 et son ambition. Le joueur s\u2019engage avec le Karfamoriah FC pour une dur\u00e9e de 1 an et demi.<\/p>\n","protected":false},"author":2,"featured_media":7995,"comment_status":"closed","ping_status":"closed","sticky":false,"template":"","format":"standard","meta":{"_jetpack_memberships_contains_paid_content":false,"footnotes":"","jetpack_publicize_message":"","jetpack_publicize_feature_enabled":true,"jetpack_social_post_already_shared":true,"jetpack_social_options":{"image_generator_settings":{"template":"highway","default_image_id":0,"font":"","enabled":false},"version":2}},"categories":[10,5],"tags":[],"class_list":{"0":"post-7994","1":"post","2":"type-post","3":"status-publish","4":"format-standard","5":"has-post-thumbnail","7":"category-actualite","8":"category-football"},"yoast_head":"<!-- This site is optimized with the Yoast SEO plugin v27.5 - https:\/\/yoast.com\/product\/yoast-seo-wordpress\/ -->\n<title>OFFICIEL | MERCATO : Karfamoriah FC enr\u00f4le un nouveau d\u00e9fenseur - le regard du sportif<\/title>\n<meta name=\"robots\" content=\"index, follow, max-snippet:-1, max-image-preview:large, max-video-preview:-1\" \/>\n<link rel=\"canonical\" href=\"https:\/\/oeilsportif.info\/index.php\/officiel-mercato-karfamoriah-fc-enrole-un-nouveau-defenseur\/\" \/>\n<meta property=\"og:locale\" content=\"fr_FR\" \/>\n<meta property=\"og:type\" content=\"article\" \/>\n<meta property=\"og:title\" content=\"OFFICIEL | MERCATO : Karfamoriah FC enr\u00f4le un nouveau d\u00e9fenseur - le regard du sportif\" \/>\n<meta property=\"og:description\" content=\"Le Karfamoriah Football Club vient d\u2019annoncer l\u2019arriv\u00e9e d\u2019un nouveau renfort d\u00e9fensif en provenance de l\u2019Atlantis FC de Dimbokro (Abidjan), club \u00e9voluant en 2\u1d49 division ivoirienne. Il s\u2019agit de VITALIS ESMEL, un d\u00e9fenseur reconnu pour sa solidit\u00e9 et son ambition. Le joueur s\u2019engage avec le Karfamoriah FC pour une dur\u00e9e de 1 an et demi.\" \/>\n<meta property=\"og:url\" content=\"https:\/\/oeilsportif.info\/index.php\/officiel-mercato-karfamoriah-fc-enrole-un-nouveau-defenseur\/\" \/>\n<meta property=\"og:site_name\" content=\"le regard du sportif\" \/>\n<meta property=\"article:published_time\" content=\"2026-01-25T22:57:35+00:00\" \/>\n<meta property=\"og:image\" content=\"https:\/\/oeilsportif.info\/wp-content\/uploads\/2026\/01\/IMG_1939.jpeg\" \/>\n\t<meta property=\"og:image:width\" content=\"828\" \/>\n\t<meta property=\"og:image:height\" content=\"1050\" \/>\n\t<meta property=\"og:image:type\" content=\"image\/jpeg\" \/>\n<meta name=\"author\" content=\"L&#039;Equipe de la R\u00e9daction\" \/>\n<meta name=\"twitter:label1\" content=\"\u00c9crit par\" \/>\n\t<meta name=\"twitter:data1\" content=\"L&#039;Equipe de la R\u00e9daction\" \/>\n\t<meta name=\"twitter:label2\" content=\"Dur\u00e9e de lecture estim\u00e9e\" \/>\n\t<meta name=\"twitter:data2\" content=\"1 minute\" \/>\n<script type=\"application\/ld+json\" class=\"yoast-schema-graph\">{\"@context\":\"https:\\\/\\\/schema.org\",\"@graph\":[{\"@type\":\"Article\",\"@id\":\"https:\\\/\\\/oeilsportif.info\\\/index.php\\\/officiel-mercato-karfamoriah-fc-enrole-un-nouveau-defenseur\\\/#article\",\"isPartOf\":{\"@id\":\"https:\\\/\\\/oeilsportif.info\\\/index.php\\\/officiel-mercato-karfamoriah-fc-enrole-un-nouveau-defenseur\\\/\"},\"author\":{\"name\":\"L'Equipe de la R\u00e9daction\",\"@id\":\"https:\\\/\\\/oeilsportif.info\\\/#\\\/schema\\\/person\\\/cfbded294aa6095f7d96608d7905e9a1\"},\"headline\":\"OFFICIEL | MERCATO : Karfamoriah FC enr\u00f4le un nouveau d\u00e9fenseur\",\"datePublished\":\"2026-01-25T22:57:35+00:00\",\"mainEntityOfPage\":{\"@id\":\"https:\\\/\\\/oeilsportif.info\\\/index.php\\\/officiel-mercato-karfamoriah-fc-enrole-un-nouveau-defenseur\\\/\"},\"wordCount\":72,\"image\":{\"@id\":\"https:\\\/\\\/oeilsportif.info\\\/index.php\\\/officiel-mercato-karfamoriah-fc-enrole-un-nouveau-defenseur\\\/#primaryimage\"},\"thumbnailUrl\":\"https:\\\/\\\/i0.wp.com\\\/oeilsportif.info\\\/wp-content\\\/uploads\\\/2026\\\/01\\\/IMG_1939.jpeg?fit=828%2C1050&ssl=1\",\"articleSection\":[\"Actualit\u00e9\",\"Football\"],\"inLanguage\":\"fr-FR\"},{\"@type\":\"WebPage\",\"@id\":\"https:\\\/\\\/oeilsportif.info\\\/index.php\\\/officiel-mercato-karfamoriah-fc-enrole-un-nouveau-defenseur\\\/\",\"url\":\"https:\\\/\\\/oeilsportif.info\\\/index.php\\\/officiel-mercato-karfamoriah-fc-enrole-un-nouveau-defenseur\\\/\",\"name\":\"OFFICIEL | MERCATO : Karfamoriah FC enr\u00f4le un nouveau d\u00e9fenseur - le regard du sportif\",\"isPartOf\":{\"@id\":\"https:\\\/\\\/oeilsportif.info\\\/#website\"},\"primaryImageOfPage\":{\"@id\":\"https:\\\/\\\/oeilsportif.info\\\/index.php\\\/officiel-mercato-karfamoriah-fc-enrole-un-nouveau-defenseur\\\/#primaryimage\"},\"image\":{\"@id\":\"https:\\\/\\\/oeilsportif.info\\\/index.php\\\/officiel-mercato-karfamoriah-fc-enrole-un-nouveau-defenseur\\\/#primaryimage\"},\"thumbnailUrl\":\"https:\\\/\\\/i0.wp.com\\\/oeilsportif.info\\\/wp-content\\\/uploads\\\/2026\\\/01\\\/IMG_1939.jpeg?fit=828%2C1050&ssl=1\",\"datePublished\":\"2026-01-25T22:57:35+00:00\",\"author\":{\"@id\":\"https:\\\/\\\/oeilsportif.info\\\/#\\\/schema\\\/person\\\/cfbded294aa6095f7d96608d7905e9a1\"},\"inLanguage\":\"fr-FR\",\"potentialAction\":[{\"@type\":\"ReadAction\",\"target\":[\"https:\\\/\\\/oeilsportif.info\\\/index.php\\\/officiel-mercato-karfamoriah-fc-enrole-un-nouveau-defenseur\\\/\"]}]},{\"@type\":\"ImageObject\",\"inLanguage\":\"fr-FR\",\"@id\":\"https:\\\/\\\/oeilsportif.info\\\/index.php\\\/officiel-mercato-karfamoriah-fc-enrole-un-nouveau-defenseur\\\/#primaryimage\",\"url\":\"https:\\\/\\\/i0.wp.com\\\/oeilsportif.info\\\/wp-content\\\/uploads\\\/2026\\\/01\\\/IMG_1939.jpeg?fit=828%2C1050&ssl=1\",\"contentUrl\":\"https:\\\/\\\/i0.wp.com\\\/oeilsportif.info\\\/wp-content\\\/uploads\\\/2026\\\/01\\\/IMG_1939.jpeg?fit=828%2C1050&ssl=1\",\"width\":828,\"height\":1050},{\"@type\":\"WebSite\",\"@id\":\"https:\\\/\\\/oeilsportif.info\\\/#website\",\"url\":\"https:\\\/\\\/oeilsportif.info\\\/\",\"name\":\"le regard du sportif\",\"description\":\"\",\"potentialAction\":[{\"@type\":\"SearchAction\",\"target\":{\"@type\":\"EntryPoint\",\"urlTemplate\":\"https:\\\/\\\/oeilsportif.info\\\/?s={search_term_string}\"},\"query-input\":{\"@type\":\"PropertyValueSpecification\",\"valueRequired\":true,\"valueName\":\"search_term_string\"}}],\"inLanguage\":\"fr-FR\"},{\"@type\":\"Person\",\"@id\":\"https:\\\/\\\/oeilsportif.info\\\/#\\\/schema\\\/person\\\/cfbded294aa6095f7d96608d7905e9a1\",\"name\":\"L'Equipe de la R\u00e9daction\",\"image\":{\"@type\":\"ImageObject\",\"inLanguage\":\"fr-FR\",\"@id\":\"https:\\\/\\\/oeilsportif.info\\\/wp-content\\\/uploads\\\/2025\\\/07\\\/cropped-cropped-logo-os-96x96.jpeg\",\"url\":\"https:\\\/\\\/oeilsportif.info\\\/wp-content\\\/uploads\\\/2025\\\/07\\\/cropped-cropped-logo-os-96x96.jpeg\",\"contentUrl\":\"https:\\\/\\\/oeilsportif.info\\\/wp-content\\\/uploads\\\/2025\\\/07\\\/cropped-cropped-logo-os-96x96.jpeg\",\"caption\":\"L'Equipe de la R\u00e9daction\"},\"url\":\"https:\\\/\\\/oeilsportif.info\\\/index.php\\\/author\\\/tawel\\\/\"}]}<\/script>\n<!-- \/ Yoast SEO plugin. -->","yoast_head_json":{"title":"OFFICIEL | MERCATO : Karfamoriah FC enr\u00f4le un nouveau d\u00e9fenseur - le regard du sportif","robots":{"index":"index","follow":"follow","max-snippet":"max-snippet:-1","max-image-preview":"max-image-preview:large","max-video-preview":"max-video-preview:-1"},"canonical":"https:\/\/oeilsportif.info\/index.php\/officiel-mercato-karfamoriah-fc-enrole-un-nouveau-defenseur\/","og_locale":"fr_FR","og_type":"article","og_title":"OFFICIEL | MERCATO : Karfamoriah FC enr\u00f4le un nouveau d\u00e9fenseur - le regard du sportif","og_description":"Le Karfamoriah Football Club vient d\u2019annoncer l\u2019arriv\u00e9e d\u2019un nouveau renfort d\u00e9fensif en provenance de l\u2019Atlantis FC de Dimbokro (Abidjan), club \u00e9voluant en 2\u1d49 division ivoirienne. Il s\u2019agit de VITALIS ESMEL, un d\u00e9fenseur reconnu pour sa solidit\u00e9 et son ambition. Le joueur s\u2019engage avec le Karfamoriah FC pour une dur\u00e9e de 1 an et demi.","og_url":"https:\/\/oeilsportif.info\/index.php\/officiel-mercato-karfamoriah-fc-enrole-un-nouveau-defenseur\/","og_site_name":"le regard du sportif","article_published_time":"2026-01-25T22:57:35+00:00","og_image":[{"width":828,"height":1050,"url":"https:\/\/oeilsportif.info\/wp-content\/uploads\/2026\/01\/IMG_1939.jpeg","type":"image\/jpeg"}],"author":"L'Equipe de la R\u00e9daction","twitter_misc":{"\u00c9crit par":"L'Equipe de la R\u00e9daction","Dur\u00e9e de lecture estim\u00e9e":"1 minute"},"schema":{"@context":"https:\/\/schema.org","@graph":[{"@type":"Article","@id":"https:\/\/oeilsportif.info\/index.php\/officiel-mercato-karfamoriah-fc-enrole-un-nouveau-defenseur\/#article","isPartOf":{"@id":"https:\/\/oeilsportif.info\/index.php\/officiel-mercato-karfamoriah-fc-enrole-un-nouveau-defenseur\/"},"author":{"name":"L'Equipe de la R\u00e9daction","@id":"https:\/\/oeilsportif.info\/#\/schema\/person\/cfbded294aa6095f7d96608d7905e9a1"},"headline":"OFFICIEL | MERCATO : Karfamoriah FC enr\u00f4le un nouveau d\u00e9fenseur","datePublished":"2026-01-25T22:57:35+00:00","mainEntityOfPage":{"@id":"https:\/\/oeilsportif.info\/index.php\/officiel-mercato-karfamoriah-fc-enrole-un-nouveau-defenseur\/"},"wordCount":72,"image":{"@id":"https:\/\/oeilsportif.info\/index.php\/officiel-mercato-karfamoriah-fc-enrole-un-nouveau-defenseur\/#primaryimage"},"thumbnailUrl":"https:\/\/i0.wp.com\/oeilsportif.info\/wp-content\/uploads\/2026\/01\/IMG_1939.jpeg?fit=828%2C1050&ssl=1","articleSection":["Actualit\u00e9","Football"],"inLanguage":"fr-FR"},{"@type":"WebPage","@id":"https:\/\/oeilsportif.info\/index.php\/officiel-mercato-karfamoriah-fc-enrole-un-nouveau-defenseur\/","url":"https:\/\/oeilsportif.info\/index.php\/officiel-mercato-karfamoriah-fc-enrole-un-nouveau-defenseur\/","name":"OFFICIEL | MERCATO : Karfamoriah FC enr\u00f4le un nouveau d\u00e9fenseur - le regard du sportif","isPartOf":{"@id":"https:\/\/oeilsportif.info\/#website"},"primaryImageOfPage":{"@id":"https:\/\/oeilsportif.info\/index.php\/officiel-mercato-karfamoriah-fc-enrole-un-nouveau-defenseur\/#primaryimage"},"image":{"@id":"https:\/\/oeilsportif.info\/index.php\/officiel-mercato-karfamoriah-fc-enrole-un-nouveau-defenseur\/#primaryimage"},"thumbnailUrl":"https:\/\/i0.wp.com\/oeilsportif.info\/wp-content\/uploads\/2026\/01\/IMG_1939.jpeg?fit=828%2C1050&ssl=1","datePublished":"2026-01-25T22:57:35+00:00","author":{"@id":"https:\/\/oeilsportif.info\/#\/schema\/person\/cfbded294aa6095f7d96608d7905e9a1"},"inLanguage":"fr-FR","potentialAction":[{"@type":"ReadAction","target":["https:\/\/oeilsportif.info\/index.php\/officiel-mercato-karfamoriah-fc-enrole-un-nouveau-defenseur\/"]}]},{"@type":"ImageObject","inLanguage":"fr-FR","@id":"https:\/\/oeilsportif.info\/index.php\/officiel-mercato-karfamoriah-fc-enrole-un-nouveau-defenseur\/#primaryimage","url":"https:\/\/i0.wp.com\/oeilsportif.info\/wp-content\/uploads\/2026\/01\/IMG_1939.jpeg?fit=828%2C1050&ssl=1","contentUrl":"https:\/\/i0.wp.com\/oeilsportif.info\/wp-content\/uploads\/2026\/01\/IMG_1939.jpeg?fit=828%2C1050&ssl=1","width":828,"height":1050},{"@type":"WebSite","@id":"https:\/\/oeilsportif.info\/#website","url":"https:\/\/oeilsportif.info\/","name":"le regard du sportif","description":"","potentialAction":[{"@type":"SearchAction","target":{"@type":"EntryPoint","urlTemplate":"https:\/\/oeilsportif.info\/?s={search_term_string}"},"query-input":{"@type":"PropertyValueSpecification","valueRequired":true,"valueName":"search_term_string"}}],"inLanguage":"fr-FR"},{"@type":"Person","@id":"https:\/\/oeilsportif.info\/#\/schema\/person\/cfbded294aa6095f7d96608d7905e9a1","name":"L'Equipe de la R\u00e9daction","image":{"@type":"ImageObject","inLanguage":"fr-FR","@id":"https:\/\/oeilsportif.info\/wp-content\/uploads\/2025\/07\/cropped-cropped-logo-os-96x96.jpeg","url":"https:\/\/oeilsportif.info\/wp-content\/uploads\/2025\/07\/cropped-cropped-logo-os-96x96.jpeg","contentUrl":"https:\/\/oeilsportif.info\/wp-content\/uploads\/2025\/07\/cropped-cropped-logo-os-96x96.jpeg","caption":"L'Equipe de la R\u00e9daction"},"url":"https:\/\/oeilsportif.info\/index.php\/author\/tawel\/"}]}},"jetpack_publicize_connections":[],"jetpack_featured_media_url":"https:\/\/i0.wp.com\/oeilsportif.info\/wp-content\/uploads\/2026\/01\/IMG_1939.jpeg?fit=828%2C1050&ssl=1","jetpack-related-posts":[],"jetpack_sharing_enabled":true,"jetpack_likes_enabled":true,"jetpack_shortlink":"https:\/\/wp.me\/pgFE77-24W","_links":{"self":[{"href":"https:\/\/oeilsportif.info\/index.php\/wp-json\/wp\/v2\/posts\/7994","targetHints":{"allow":["GET"]}}],"collection":[{"href":"https:\/\/oeilsportif.info\/index.php\/wp-json\/wp\/v2\/posts"}],"about":[{"href":"https:\/\/oeilsportif.info\/index.php\/wp-json\/wp\/v2\/types\/post"}],"author":[{"embeddable":true,"href":"https:\/\/oeilsportif.info\/index.php\/wp-json\/wp\/v2\/users\/2"}],"replies":[{"embeddable":true,"href":"https:\/\/oeilsportif.info\/index.php\/wp-json\/wp\/v2\/comments?post=7994"}],"version-history":[{"count":1,"href":"https:\/\/oeilsportif.info\/index.php\/wp-json\/wp\/v2\/posts\/7994\/revisions"}],"predecessor-version":[{"id":7996,"href":"https:\/\/oeilsportif.info\/index.php\/wp-json\/wp\/v2\/posts\/7994\/revisions\/7996"}],"wp:featuredmedia":[{"embeddable":true,"href":"https:\/\/oeilsportif.info\/index.php\/wp-json\/wp\/v2\/media\/7995"}],"wp:attachment":[{"href":"https:\/\/oeilsportif.info\/index.php\/wp-json\/wp\/v2\/media?parent=7994"}],"wp:term":[{"taxonomy":"category","embeddable":true,"href":"https:\/\/oeilsportif.info\/index.php\/wp-json\/wp\/v2\/categories?post=7994"},{"taxonomy":"post_tag","embeddable":true,"href":"https:\/\/oeilsportif.info\/index.php\/wp-json\/wp\/v2\/tags?post=7994"}],"curies":[{"name":"wp","href":"https:\/\/api.w.org\/{rel}","templated":true}]}}