{"id":7843,"date":"2025-08-26T10:44:23","date_gmt":"2025-08-26T10:44:23","guid":{"rendered":"https:\/\/oeilsportif.info\/?p=7843"},"modified":"2025-08-26T10:44:23","modified_gmt":"2025-08-26T10:44:23","slug":"transfert-moussa-moise-camara-sengage-avec-al-merreikh-sc-du-soudan","status":"publish","type":"post","link":"https:\/\/oeilsportif.info\/index.php\/transfert-moussa-moise-camara-sengage-avec-al-merreikh-sc-du-soudan\/","title":{"rendered":"Transfert : Moussa Mo\u00efse Camara s\u2019engage avec Al Merreikh SC du Soudan"},"content":{"rendered":"<p><strong>Le Wakriya Athletic Club de Bok\u00e9 vient d\u2019officialiser le d\u00e9part de son attaquant Moussa Mo\u00efse Camara. L\u2019international guin\u00e9en a paraph\u00e9 un contrat de quatre (4) saisons en faveur du club soudanais d\u2019Al Merreikh SC.<\/strong><\/p>\n<p>Cette op\u00e9ration a \u00e9t\u00e9 rendue possible gr\u00e2ce \u00e0 la collaboration de l\u2019agence Visma, qui a facilit\u00e9 les n\u00e9gociations entre les deux parties.<\/p>\n<p>Promis \u00e0 un bel avenir, Moussa Mo\u00efse Camara quitte ainsi le championnat guin\u00e9en pour relever un nouveau d\u00e9fi sur la sc\u00e8ne africaine. Le Wakriya AC, reconnaissant de son apport au club, lui a adress\u00e9 ses f\u00e9licitations et ses v\u0153ux de r\u00e9ussite pour la suite de sa carri\u00e8re.<\/p>\n<p>Avec ce transfert, le club de Bok\u00e9 confirme une fois de plus son r\u00f4le de tremplin pour les jeunes talents guin\u00e9ens d\u00e9sireux d\u2019\u00e9voluer \u00e0 l\u2019international.<\/p>\n","protected":false},"excerpt":{"rendered":"<p>Le Wakriya Athletic Club de Bok\u00e9 vient d\u2019officialiser le d\u00e9part de son attaquant Moussa Mo\u00efse Camara. L\u2019international guin\u00e9en a paraph\u00e9 un contrat de quatre (4) saisons en faveur du club soudanais d\u2019Al Merreikh SC. Cette op\u00e9ration a \u00e9t\u00e9 rendue possible gr\u00e2ce \u00e0 la collaboration de l\u2019agence Visma, qui a facilit\u00e9 les n\u00e9gociations entre les deux [&hellip;]<\/p>\n","protected":false},"author":2,"featured_media":7844,"comment_status":"closed","ping_status":"closed","sticky":false,"template":"","format":"standard","meta":{"_jetpack_memberships_contains_paid_content":false,"footnotes":"","jetpack_publicize_message":"","jetpack_publicize_feature_enabled":true,"jetpack_social_post_already_shared":true,"jetpack_social_options":{"image_generator_settings":{"template":"highway","default_image_id":0,"font":"","enabled":false},"version":2}},"categories":[10,5],"tags":[],"class_list":{"0":"post-7843","1":"post","2":"type-post","3":"status-publish","4":"format-standard","5":"has-post-thumbnail","7":"category-actualite","8":"category-football"},"yoast_head":"<!-- This site is optimized with the Yoast SEO plugin v27.5 - https:\/\/yoast.com\/product\/yoast-seo-wordpress\/ -->\n<title>Transfert : Moussa Mo\u00efse Camara s\u2019engage avec Al Merreikh SC du Soudan - le regard du sportif<\/title>\n<meta name=\"robots\" content=\"index, follow, max-snippet:-1, max-image-preview:large, max-video-preview:-1\" \/>\n<link rel=\"canonical\" href=\"https:\/\/oeilsportif.info\/index.php\/transfert-moussa-moise-camara-sengage-avec-al-merreikh-sc-du-soudan\/\" \/>\n<meta property=\"og:locale\" content=\"fr_FR\" \/>\n<meta property=\"og:type\" content=\"article\" \/>\n<meta property=\"og:title\" content=\"Transfert : Moussa Mo\u00efse Camara s\u2019engage avec Al Merreikh SC du Soudan - le regard du sportif\" \/>\n<meta property=\"og:description\" content=\"Le Wakriya Athletic Club de Bok\u00e9 vient d\u2019officialiser le d\u00e9part de son attaquant Moussa Mo\u00efse Camara. L\u2019international guin\u00e9en a paraph\u00e9 un contrat de quatre (4) saisons en faveur du club soudanais d\u2019Al Merreikh SC. Cette op\u00e9ration a \u00e9t\u00e9 rendue possible gr\u00e2ce \u00e0 la collaboration de l\u2019agence Visma, qui a facilit\u00e9 les n\u00e9gociations entre les deux [&hellip;]\" \/>\n<meta property=\"og:url\" content=\"https:\/\/oeilsportif.info\/index.php\/transfert-moussa-moise-camara-sengage-avec-al-merreikh-sc-du-soudan\/\" \/>\n<meta property=\"og:site_name\" content=\"le regard du sportif\" \/>\n<meta property=\"article:published_time\" content=\"2025-08-26T10:44:23+00:00\" \/>\n<meta property=\"og:image\" content=\"https:\/\/oeilsportif.info\/wp-content\/uploads\/2025\/08\/IMG_5784.jpeg\" \/>\n\t<meta property=\"og:image:width\" content=\"1164\" \/>\n\t<meta property=\"og:image:height\" content=\"1440\" \/>\n\t<meta property=\"og:image:type\" content=\"image\/jpeg\" \/>\n<meta name=\"author\" content=\"L&#039;Equipe de la R\u00e9daction\" \/>\n<meta name=\"twitter:label1\" content=\"\u00c9crit par\" \/>\n\t<meta name=\"twitter:data1\" content=\"L&#039;Equipe de la R\u00e9daction\" \/>\n\t<meta name=\"twitter:label2\" content=\"Dur\u00e9e de lecture estim\u00e9e\" \/>\n\t<meta name=\"twitter:data2\" content=\"1 minute\" \/>\n<script type=\"application\/ld+json\" class=\"yoast-schema-graph\">{\"@context\":\"https:\\\/\\\/schema.org\",\"@graph\":[{\"@type\":\"Article\",\"@id\":\"https:\\\/\\\/oeilsportif.info\\\/index.php\\\/transfert-moussa-moise-camara-sengage-avec-al-merreikh-sc-du-soudan\\\/#article\",\"isPartOf\":{\"@id\":\"https:\\\/\\\/oeilsportif.info\\\/index.php\\\/transfert-moussa-moise-camara-sengage-avec-al-merreikh-sc-du-soudan\\\/\"},\"author\":{\"name\":\"L'Equipe de la R\u00e9daction\",\"@id\":\"https:\\\/\\\/oeilsportif.info\\\/#\\\/schema\\\/person\\\/cfbded294aa6095f7d96608d7905e9a1\"},\"headline\":\"Transfert : Moussa Mo\u00efse Camara s\u2019engage avec Al Merreikh SC du Soudan\",\"datePublished\":\"2025-08-26T10:44:23+00:00\",\"mainEntityOfPage\":{\"@id\":\"https:\\\/\\\/oeilsportif.info\\\/index.php\\\/transfert-moussa-moise-camara-sengage-avec-al-merreikh-sc-du-soudan\\\/\"},\"wordCount\":160,\"image\":{\"@id\":\"https:\\\/\\\/oeilsportif.info\\\/index.php\\\/transfert-moussa-moise-camara-sengage-avec-al-merreikh-sc-du-soudan\\\/#primaryimage\"},\"thumbnailUrl\":\"https:\\\/\\\/i0.wp.com\\\/oeilsportif.info\\\/wp-content\\\/uploads\\\/2025\\\/08\\\/IMG_5784.jpeg?fit=1164%2C1440&ssl=1\",\"articleSection\":[\"Actualit\u00e9\",\"Football\"],\"inLanguage\":\"fr-FR\"},{\"@type\":\"WebPage\",\"@id\":\"https:\\\/\\\/oeilsportif.info\\\/index.php\\\/transfert-moussa-moise-camara-sengage-avec-al-merreikh-sc-du-soudan\\\/\",\"url\":\"https:\\\/\\\/oeilsportif.info\\\/index.php\\\/transfert-moussa-moise-camara-sengage-avec-al-merreikh-sc-du-soudan\\\/\",\"name\":\"Transfert : Moussa Mo\u00efse Camara s\u2019engage avec Al Merreikh SC du Soudan - le regard du sportif\",\"isPartOf\":{\"@id\":\"https:\\\/\\\/oeilsportif.info\\\/#website\"},\"primaryImageOfPage\":{\"@id\":\"https:\\\/\\\/oeilsportif.info\\\/index.php\\\/transfert-moussa-moise-camara-sengage-avec-al-merreikh-sc-du-soudan\\\/#primaryimage\"},\"image\":{\"@id\":\"https:\\\/\\\/oeilsportif.info\\\/index.php\\\/transfert-moussa-moise-camara-sengage-avec-al-merreikh-sc-du-soudan\\\/#primaryimage\"},\"thumbnailUrl\":\"https:\\\/\\\/i0.wp.com\\\/oeilsportif.info\\\/wp-content\\\/uploads\\\/2025\\\/08\\\/IMG_5784.jpeg?fit=1164%2C1440&ssl=1\",\"datePublished\":\"2025-08-26T10:44:23+00:00\",\"author\":{\"@id\":\"https:\\\/\\\/oeilsportif.info\\\/#\\\/schema\\\/person\\\/cfbded294aa6095f7d96608d7905e9a1\"},\"inLanguage\":\"fr-FR\",\"potentialAction\":[{\"@type\":\"ReadAction\",\"target\":[\"https:\\\/\\\/oeilsportif.info\\\/index.php\\\/transfert-moussa-moise-camara-sengage-avec-al-merreikh-sc-du-soudan\\\/\"]}]},{\"@type\":\"ImageObject\",\"inLanguage\":\"fr-FR\",\"@id\":\"https:\\\/\\\/oeilsportif.info\\\/index.php\\\/transfert-moussa-moise-camara-sengage-avec-al-merreikh-sc-du-soudan\\\/#primaryimage\",\"url\":\"https:\\\/\\\/i0.wp.com\\\/oeilsportif.info\\\/wp-content\\\/uploads\\\/2025\\\/08\\\/IMG_5784.jpeg?fit=1164%2C1440&ssl=1\",\"contentUrl\":\"https:\\\/\\\/i0.wp.com\\\/oeilsportif.info\\\/wp-content\\\/uploads\\\/2025\\\/08\\\/IMG_5784.jpeg?fit=1164%2C1440&ssl=1\",\"width\":1164,\"height\":1440},{\"@type\":\"WebSite\",\"@id\":\"https:\\\/\\\/oeilsportif.info\\\/#website\",\"url\":\"https:\\\/\\\/oeilsportif.info\\\/\",\"name\":\"le regard du sportif\",\"description\":\"\",\"potentialAction\":[{\"@type\":\"SearchAction\",\"target\":{\"@type\":\"EntryPoint\",\"urlTemplate\":\"https:\\\/\\\/oeilsportif.info\\\/?s={search_term_string}\"},\"query-input\":{\"@type\":\"PropertyValueSpecification\",\"valueRequired\":true,\"valueName\":\"search_term_string\"}}],\"inLanguage\":\"fr-FR\"},{\"@type\":\"Person\",\"@id\":\"https:\\\/\\\/oeilsportif.info\\\/#\\\/schema\\\/person\\\/cfbded294aa6095f7d96608d7905e9a1\",\"name\":\"L'Equipe de la R\u00e9daction\",\"image\":{\"@type\":\"ImageObject\",\"inLanguage\":\"fr-FR\",\"@id\":\"https:\\\/\\\/oeilsportif.info\\\/wp-content\\\/uploads\\\/2025\\\/07\\\/cropped-cropped-logo-os-96x96.jpeg\",\"url\":\"https:\\\/\\\/oeilsportif.info\\\/wp-content\\\/uploads\\\/2025\\\/07\\\/cropped-cropped-logo-os-96x96.jpeg\",\"contentUrl\":\"https:\\\/\\\/oeilsportif.info\\\/wp-content\\\/uploads\\\/2025\\\/07\\\/cropped-cropped-logo-os-96x96.jpeg\",\"caption\":\"L'Equipe de la R\u00e9daction\"},\"url\":\"https:\\\/\\\/oeilsportif.info\\\/index.php\\\/author\\\/tawel\\\/\"}]}<\/script>\n<!-- \/ Yoast SEO plugin. -->","yoast_head_json":{"title":"Transfert : Moussa Mo\u00efse Camara s\u2019engage avec Al Merreikh SC du Soudan - le regard du sportif","robots":{"index":"index","follow":"follow","max-snippet":"max-snippet:-1","max-image-preview":"max-image-preview:large","max-video-preview":"max-video-preview:-1"},"canonical":"https:\/\/oeilsportif.info\/index.php\/transfert-moussa-moise-camara-sengage-avec-al-merreikh-sc-du-soudan\/","og_locale":"fr_FR","og_type":"article","og_title":"Transfert : Moussa Mo\u00efse Camara s\u2019engage avec Al Merreikh SC du Soudan - le regard du sportif","og_description":"Le Wakriya Athletic Club de Bok\u00e9 vient d\u2019officialiser le d\u00e9part de son attaquant Moussa Mo\u00efse Camara. L\u2019international guin\u00e9en a paraph\u00e9 un contrat de quatre (4) saisons en faveur du club soudanais d\u2019Al Merreikh SC. Cette op\u00e9ration a \u00e9t\u00e9 rendue possible gr\u00e2ce \u00e0 la collaboration de l\u2019agence Visma, qui a facilit\u00e9 les n\u00e9gociations entre les deux [&hellip;]","og_url":"https:\/\/oeilsportif.info\/index.php\/transfert-moussa-moise-camara-sengage-avec-al-merreikh-sc-du-soudan\/","og_site_name":"le regard du sportif","article_published_time":"2025-08-26T10:44:23+00:00","og_image":[{"width":1164,"height":1440,"url":"https:\/\/oeilsportif.info\/wp-content\/uploads\/2025\/08\/IMG_5784.jpeg","type":"image\/jpeg"}],"author":"L'Equipe de la R\u00e9daction","twitter_misc":{"\u00c9crit par":"L'Equipe de la R\u00e9daction","Dur\u00e9e de lecture estim\u00e9e":"1 minute"},"schema":{"@context":"https:\/\/schema.org","@graph":[{"@type":"Article","@id":"https:\/\/oeilsportif.info\/index.php\/transfert-moussa-moise-camara-sengage-avec-al-merreikh-sc-du-soudan\/#article","isPartOf":{"@id":"https:\/\/oeilsportif.info\/index.php\/transfert-moussa-moise-camara-sengage-avec-al-merreikh-sc-du-soudan\/"},"author":{"name":"L'Equipe de la R\u00e9daction","@id":"https:\/\/oeilsportif.info\/#\/schema\/person\/cfbded294aa6095f7d96608d7905e9a1"},"headline":"Transfert : Moussa Mo\u00efse Camara s\u2019engage avec Al Merreikh SC du Soudan","datePublished":"2025-08-26T10:44:23+00:00","mainEntityOfPage":{"@id":"https:\/\/oeilsportif.info\/index.php\/transfert-moussa-moise-camara-sengage-avec-al-merreikh-sc-du-soudan\/"},"wordCount":160,"image":{"@id":"https:\/\/oeilsportif.info\/index.php\/transfert-moussa-moise-camara-sengage-avec-al-merreikh-sc-du-soudan\/#primaryimage"},"thumbnailUrl":"https:\/\/i0.wp.com\/oeilsportif.info\/wp-content\/uploads\/2025\/08\/IMG_5784.jpeg?fit=1164%2C1440&ssl=1","articleSection":["Actualit\u00e9","Football"],"inLanguage":"fr-FR"},{"@type":"WebPage","@id":"https:\/\/oeilsportif.info\/index.php\/transfert-moussa-moise-camara-sengage-avec-al-merreikh-sc-du-soudan\/","url":"https:\/\/oeilsportif.info\/index.php\/transfert-moussa-moise-camara-sengage-avec-al-merreikh-sc-du-soudan\/","name":"Transfert : Moussa Mo\u00efse Camara s\u2019engage avec Al Merreikh SC du Soudan - le regard du sportif","isPartOf":{"@id":"https:\/\/oeilsportif.info\/#website"},"primaryImageOfPage":{"@id":"https:\/\/oeilsportif.info\/index.php\/transfert-moussa-moise-camara-sengage-avec-al-merreikh-sc-du-soudan\/#primaryimage"},"image":{"@id":"https:\/\/oeilsportif.info\/index.php\/transfert-moussa-moise-camara-sengage-avec-al-merreikh-sc-du-soudan\/#primaryimage"},"thumbnailUrl":"https:\/\/i0.wp.com\/oeilsportif.info\/wp-content\/uploads\/2025\/08\/IMG_5784.jpeg?fit=1164%2C1440&ssl=1","datePublished":"2025-08-26T10:44:23+00:00","author":{"@id":"https:\/\/oeilsportif.info\/#\/schema\/person\/cfbded294aa6095f7d96608d7905e9a1"},"inLanguage":"fr-FR","potentialAction":[{"@type":"ReadAction","target":["https:\/\/oeilsportif.info\/index.php\/transfert-moussa-moise-camara-sengage-avec-al-merreikh-sc-du-soudan\/"]}]},{"@type":"ImageObject","inLanguage":"fr-FR","@id":"https:\/\/oeilsportif.info\/index.php\/transfert-moussa-moise-camara-sengage-avec-al-merreikh-sc-du-soudan\/#primaryimage","url":"https:\/\/i0.wp.com\/oeilsportif.info\/wp-content\/uploads\/2025\/08\/IMG_5784.jpeg?fit=1164%2C1440&ssl=1","contentUrl":"https:\/\/i0.wp.com\/oeilsportif.info\/wp-content\/uploads\/2025\/08\/IMG_5784.jpeg?fit=1164%2C1440&ssl=1","width":1164,"height":1440},{"@type":"WebSite","@id":"https:\/\/oeilsportif.info\/#website","url":"https:\/\/oeilsportif.info\/","name":"le regard du sportif","description":"","potentialAction":[{"@type":"SearchAction","target":{"@type":"EntryPoint","urlTemplate":"https:\/\/oeilsportif.info\/?s={search_term_string}"},"query-input":{"@type":"PropertyValueSpecification","valueRequired":true,"valueName":"search_term_string"}}],"inLanguage":"fr-FR"},{"@type":"Person","@id":"https:\/\/oeilsportif.info\/#\/schema\/person\/cfbded294aa6095f7d96608d7905e9a1","name":"L'Equipe de la R\u00e9daction","image":{"@type":"ImageObject","inLanguage":"fr-FR","@id":"https:\/\/oeilsportif.info\/wp-content\/uploads\/2025\/07\/cropped-cropped-logo-os-96x96.jpeg","url":"https:\/\/oeilsportif.info\/wp-content\/uploads\/2025\/07\/cropped-cropped-logo-os-96x96.jpeg","contentUrl":"https:\/\/oeilsportif.info\/wp-content\/uploads\/2025\/07\/cropped-cropped-logo-os-96x96.jpeg","caption":"L'Equipe de la R\u00e9daction"},"url":"https:\/\/oeilsportif.info\/index.php\/author\/tawel\/"}]}},"jetpack_publicize_connections":[],"jetpack_featured_media_url":"https:\/\/i0.wp.com\/oeilsportif.info\/wp-content\/uploads\/2025\/08\/IMG_5784.jpeg?fit=1164%2C1440&ssl=1","jetpack-related-posts":[],"jetpack_sharing_enabled":true,"jetpack_likes_enabled":true,"jetpack_shortlink":"https:\/\/wp.me\/pgFE77-22v","_links":{"self":[{"href":"https:\/\/oeilsportif.info\/index.php\/wp-json\/wp\/v2\/posts\/7843","targetHints":{"allow":["GET"]}}],"collection":[{"href":"https:\/\/oeilsportif.info\/index.php\/wp-json\/wp\/v2\/posts"}],"about":[{"href":"https:\/\/oeilsportif.info\/index.php\/wp-json\/wp\/v2\/types\/post"}],"author":[{"embeddable":true,"href":"https:\/\/oeilsportif.info\/index.php\/wp-json\/wp\/v2\/users\/2"}],"replies":[{"embeddable":true,"href":"https:\/\/oeilsportif.info\/index.php\/wp-json\/wp\/v2\/comments?post=7843"}],"version-history":[{"count":0,"href":"https:\/\/oeilsportif.info\/index.php\/wp-json\/wp\/v2\/posts\/7843\/revisions"}],"wp:featuredmedia":[{"embeddable":true,"href":"https:\/\/oeilsportif.info\/index.php\/wp-json\/wp\/v2\/media\/7844"}],"wp:attachment":[{"href":"https:\/\/oeilsportif.info\/index.php\/wp-json\/wp\/v2\/media?parent=7843"}],"wp:term":[{"taxonomy":"category","embeddable":true,"href":"https:\/\/oeilsportif.info\/index.php\/wp-json\/wp\/v2\/categories?post=7843"},{"taxonomy":"post_tag","embeddable":true,"href":"https:\/\/oeilsportif.info\/index.php\/wp-json\/wp\/v2\/tags?post=7843"}],"curies":[{"name":"wp","href":"https:\/\/api.w.org\/{rel}","templated":true}]}}