{"id":7807,"date":"2025-07-26T16:59:34","date_gmt":"2025-07-26T16:59:34","guid":{"rendered":"https:\/\/oeilsportif.info\/?p=7807"},"modified":"2025-07-26T16:59:34","modified_gmt":"2025-07-26T16:59:34","slug":"officiel-kamou-malo-prend-les-renes-du-cik","status":"publish","type":"post","link":"https:\/\/oeilsportif.info\/index.php\/officiel-kamou-malo-prend-les-renes-du-cik\/","title":{"rendered":"Officiel : Kamou Malo prend les r\u00eanes du CIK !"},"content":{"rendered":"<p><strong>Le technicien burkinab\u00e8 Kamou Malo est d\u00e9sormais le nouvel entra\u00eeneur du Club Industriel de Kamsar (CIK). Il a officiellement sign\u00e9 un contrat d\u2019un an, assorti d\u2019une ann\u00e9e suppl\u00e9mentaire en option.<\/strong><\/p>\n<p>Avec une riche exp\u00e9rience sur le continent, l\u2019ancien s\u00e9lectionneur des \u00c9talons du Burkina Faso aura pour mission de qualifier le CIK aux comp\u00e9titions interclubs de la CAF, mais aussi de ramener le titre de champion de Guin\u00e9e au club de Kamsar.<\/p>\n<p>Une arriv\u00e9e ambitieuse qui marque un tournant dans les projets du CIK. L\u2019aventure ne fait que commencer !<\/p>\n","protected":false},"excerpt":{"rendered":"<p>Le technicien burkinab\u00e8 Kamou Malo est d\u00e9sormais le nouvel entra\u00eeneur du Club Industriel de Kamsar (CIK). Il a officiellement sign\u00e9 un contrat d\u2019un an, assorti d\u2019une ann\u00e9e suppl\u00e9mentaire en option. Avec une riche exp\u00e9rience sur le continent, l\u2019ancien s\u00e9lectionneur des \u00c9talons du Burkina Faso aura pour mission de qualifier le CIK aux comp\u00e9titions interclubs de [&hellip;]<\/p>\n","protected":false},"author":2,"featured_media":7808,"comment_status":"closed","ping_status":"closed","sticky":false,"template":"","format":"standard","meta":{"_jetpack_memberships_contains_paid_content":false,"footnotes":"","jetpack_publicize_message":"","jetpack_publicize_feature_enabled":true,"jetpack_social_post_already_shared":true,"jetpack_social_options":{"image_generator_settings":{"template":"highway","default_image_id":0,"font":"","enabled":false},"version":2}},"categories":[10,5],"tags":[],"class_list":{"0":"post-7807","1":"post","2":"type-post","3":"status-publish","4":"format-standard","5":"has-post-thumbnail","7":"category-actualite","8":"category-football"},"yoast_head":"<!-- This site is optimized with the Yoast SEO plugin v27.5 - https:\/\/yoast.com\/product\/yoast-seo-wordpress\/ -->\n<title>Officiel : Kamou Malo prend les r\u00eanes du CIK ! - le regard du sportif<\/title>\n<meta name=\"robots\" content=\"index, follow, max-snippet:-1, max-image-preview:large, max-video-preview:-1\" \/>\n<link rel=\"canonical\" href=\"https:\/\/oeilsportif.info\/index.php\/officiel-kamou-malo-prend-les-renes-du-cik\/\" \/>\n<meta property=\"og:locale\" content=\"fr_FR\" \/>\n<meta property=\"og:type\" content=\"article\" \/>\n<meta property=\"og:title\" content=\"Officiel : Kamou Malo prend les r\u00eanes du CIK ! - le regard du sportif\" \/>\n<meta property=\"og:description\" content=\"Le technicien burkinab\u00e8 Kamou Malo est d\u00e9sormais le nouvel entra\u00eeneur du Club Industriel de Kamsar (CIK). Il a officiellement sign\u00e9 un contrat d\u2019un an, assorti d\u2019une ann\u00e9e suppl\u00e9mentaire en option. Avec une riche exp\u00e9rience sur le continent, l\u2019ancien s\u00e9lectionneur des \u00c9talons du Burkina Faso aura pour mission de qualifier le CIK aux comp\u00e9titions interclubs de [&hellip;]\" \/>\n<meta property=\"og:url\" content=\"https:\/\/oeilsportif.info\/index.php\/officiel-kamou-malo-prend-les-renes-du-cik\/\" \/>\n<meta property=\"og:site_name\" content=\"le regard du sportif\" \/>\n<meta property=\"article:published_time\" content=\"2025-07-26T16:59:34+00:00\" \/>\n<meta property=\"og:image\" content=\"https:\/\/oeilsportif.info\/wp-content\/uploads\/2025\/07\/IMG_4830.jpeg\" \/>\n\t<meta property=\"og:image:width\" content=\"2040\" \/>\n\t<meta property=\"og:image:height\" content=\"942\" \/>\n\t<meta property=\"og:image:type\" content=\"image\/jpeg\" \/>\n<meta name=\"author\" content=\"L&#039;Equipe de la R\u00e9daction\" \/>\n<meta name=\"twitter:label1\" content=\"\u00c9crit par\" \/>\n\t<meta name=\"twitter:data1\" content=\"L&#039;Equipe de la R\u00e9daction\" \/>\n\t<meta name=\"twitter:label2\" content=\"Dur\u00e9e de lecture estim\u00e9e\" \/>\n\t<meta name=\"twitter:data2\" content=\"1 minute\" \/>\n<script type=\"application\/ld+json\" class=\"yoast-schema-graph\">{\"@context\":\"https:\\\/\\\/schema.org\",\"@graph\":[{\"@type\":\"Article\",\"@id\":\"https:\\\/\\\/oeilsportif.info\\\/index.php\\\/officiel-kamou-malo-prend-les-renes-du-cik\\\/#article\",\"isPartOf\":{\"@id\":\"https:\\\/\\\/oeilsportif.info\\\/index.php\\\/officiel-kamou-malo-prend-les-renes-du-cik\\\/\"},\"author\":{\"name\":\"L'Equipe de la R\u00e9daction\",\"@id\":\"https:\\\/\\\/oeilsportif.info\\\/#\\\/schema\\\/person\\\/cfbded294aa6095f7d96608d7905e9a1\"},\"headline\":\"Officiel : Kamou Malo prend les r\u00eanes du CIK !\",\"datePublished\":\"2025-07-26T16:59:34+00:00\",\"mainEntityOfPage\":{\"@id\":\"https:\\\/\\\/oeilsportif.info\\\/index.php\\\/officiel-kamou-malo-prend-les-renes-du-cik\\\/\"},\"wordCount\":110,\"image\":{\"@id\":\"https:\\\/\\\/oeilsportif.info\\\/index.php\\\/officiel-kamou-malo-prend-les-renes-du-cik\\\/#primaryimage\"},\"thumbnailUrl\":\"https:\\\/\\\/i0.wp.com\\\/oeilsportif.info\\\/wp-content\\\/uploads\\\/2025\\\/07\\\/IMG_4830.jpeg?fit=2040%2C942&ssl=1\",\"articleSection\":[\"Actualit\u00e9\",\"Football\"],\"inLanguage\":\"fr-FR\"},{\"@type\":\"WebPage\",\"@id\":\"https:\\\/\\\/oeilsportif.info\\\/index.php\\\/officiel-kamou-malo-prend-les-renes-du-cik\\\/\",\"url\":\"https:\\\/\\\/oeilsportif.info\\\/index.php\\\/officiel-kamou-malo-prend-les-renes-du-cik\\\/\",\"name\":\"Officiel : Kamou Malo prend les r\u00eanes du CIK ! - le regard du sportif\",\"isPartOf\":{\"@id\":\"https:\\\/\\\/oeilsportif.info\\\/#website\"},\"primaryImageOfPage\":{\"@id\":\"https:\\\/\\\/oeilsportif.info\\\/index.php\\\/officiel-kamou-malo-prend-les-renes-du-cik\\\/#primaryimage\"},\"image\":{\"@id\":\"https:\\\/\\\/oeilsportif.info\\\/index.php\\\/officiel-kamou-malo-prend-les-renes-du-cik\\\/#primaryimage\"},\"thumbnailUrl\":\"https:\\\/\\\/i0.wp.com\\\/oeilsportif.info\\\/wp-content\\\/uploads\\\/2025\\\/07\\\/IMG_4830.jpeg?fit=2040%2C942&ssl=1\",\"datePublished\":\"2025-07-26T16:59:34+00:00\",\"author\":{\"@id\":\"https:\\\/\\\/oeilsportif.info\\\/#\\\/schema\\\/person\\\/cfbded294aa6095f7d96608d7905e9a1\"},\"inLanguage\":\"fr-FR\",\"potentialAction\":[{\"@type\":\"ReadAction\",\"target\":[\"https:\\\/\\\/oeilsportif.info\\\/index.php\\\/officiel-kamou-malo-prend-les-renes-du-cik\\\/\"]}]},{\"@type\":\"ImageObject\",\"inLanguage\":\"fr-FR\",\"@id\":\"https:\\\/\\\/oeilsportif.info\\\/index.php\\\/officiel-kamou-malo-prend-les-renes-du-cik\\\/#primaryimage\",\"url\":\"https:\\\/\\\/i0.wp.com\\\/oeilsportif.info\\\/wp-content\\\/uploads\\\/2025\\\/07\\\/IMG_4830.jpeg?fit=2040%2C942&ssl=1\",\"contentUrl\":\"https:\\\/\\\/i0.wp.com\\\/oeilsportif.info\\\/wp-content\\\/uploads\\\/2025\\\/07\\\/IMG_4830.jpeg?fit=2040%2C942&ssl=1\",\"width\":2040,\"height\":942},{\"@type\":\"WebSite\",\"@id\":\"https:\\\/\\\/oeilsportif.info\\\/#website\",\"url\":\"https:\\\/\\\/oeilsportif.info\\\/\",\"name\":\"le regard du sportif\",\"description\":\"\",\"potentialAction\":[{\"@type\":\"SearchAction\",\"target\":{\"@type\":\"EntryPoint\",\"urlTemplate\":\"https:\\\/\\\/oeilsportif.info\\\/?s={search_term_string}\"},\"query-input\":{\"@type\":\"PropertyValueSpecification\",\"valueRequired\":true,\"valueName\":\"search_term_string\"}}],\"inLanguage\":\"fr-FR\"},{\"@type\":\"Person\",\"@id\":\"https:\\\/\\\/oeilsportif.info\\\/#\\\/schema\\\/person\\\/cfbded294aa6095f7d96608d7905e9a1\",\"name\":\"L'Equipe de la R\u00e9daction\",\"image\":{\"@type\":\"ImageObject\",\"inLanguage\":\"fr-FR\",\"@id\":\"https:\\\/\\\/oeilsportif.info\\\/wp-content\\\/uploads\\\/2025\\\/07\\\/cropped-cropped-logo-os-96x96.jpeg\",\"url\":\"https:\\\/\\\/oeilsportif.info\\\/wp-content\\\/uploads\\\/2025\\\/07\\\/cropped-cropped-logo-os-96x96.jpeg\",\"contentUrl\":\"https:\\\/\\\/oeilsportif.info\\\/wp-content\\\/uploads\\\/2025\\\/07\\\/cropped-cropped-logo-os-96x96.jpeg\",\"caption\":\"L'Equipe de la R\u00e9daction\"},\"url\":\"https:\\\/\\\/oeilsportif.info\\\/index.php\\\/author\\\/tawel\\\/\"}]}<\/script>\n<!-- \/ Yoast SEO plugin. -->","yoast_head_json":{"title":"Officiel : Kamou Malo prend les r\u00eanes du CIK ! - le regard du sportif","robots":{"index":"index","follow":"follow","max-snippet":"max-snippet:-1","max-image-preview":"max-image-preview:large","max-video-preview":"max-video-preview:-1"},"canonical":"https:\/\/oeilsportif.info\/index.php\/officiel-kamou-malo-prend-les-renes-du-cik\/","og_locale":"fr_FR","og_type":"article","og_title":"Officiel : Kamou Malo prend les r\u00eanes du CIK ! - le regard du sportif","og_description":"Le technicien burkinab\u00e8 Kamou Malo est d\u00e9sormais le nouvel entra\u00eeneur du Club Industriel de Kamsar (CIK). Il a officiellement sign\u00e9 un contrat d\u2019un an, assorti d\u2019une ann\u00e9e suppl\u00e9mentaire en option. Avec une riche exp\u00e9rience sur le continent, l\u2019ancien s\u00e9lectionneur des \u00c9talons du Burkina Faso aura pour mission de qualifier le CIK aux comp\u00e9titions interclubs de [&hellip;]","og_url":"https:\/\/oeilsportif.info\/index.php\/officiel-kamou-malo-prend-les-renes-du-cik\/","og_site_name":"le regard du sportif","article_published_time":"2025-07-26T16:59:34+00:00","og_image":[{"width":2040,"height":942,"url":"https:\/\/oeilsportif.info\/wp-content\/uploads\/2025\/07\/IMG_4830.jpeg","type":"image\/jpeg"}],"author":"L'Equipe de la R\u00e9daction","twitter_misc":{"\u00c9crit par":"L'Equipe de la R\u00e9daction","Dur\u00e9e de lecture estim\u00e9e":"1 minute"},"schema":{"@context":"https:\/\/schema.org","@graph":[{"@type":"Article","@id":"https:\/\/oeilsportif.info\/index.php\/officiel-kamou-malo-prend-les-renes-du-cik\/#article","isPartOf":{"@id":"https:\/\/oeilsportif.info\/index.php\/officiel-kamou-malo-prend-les-renes-du-cik\/"},"author":{"name":"L'Equipe de la R\u00e9daction","@id":"https:\/\/oeilsportif.info\/#\/schema\/person\/cfbded294aa6095f7d96608d7905e9a1"},"headline":"Officiel : Kamou Malo prend les r\u00eanes du CIK !","datePublished":"2025-07-26T16:59:34+00:00","mainEntityOfPage":{"@id":"https:\/\/oeilsportif.info\/index.php\/officiel-kamou-malo-prend-les-renes-du-cik\/"},"wordCount":110,"image":{"@id":"https:\/\/oeilsportif.info\/index.php\/officiel-kamou-malo-prend-les-renes-du-cik\/#primaryimage"},"thumbnailUrl":"https:\/\/i0.wp.com\/oeilsportif.info\/wp-content\/uploads\/2025\/07\/IMG_4830.jpeg?fit=2040%2C942&ssl=1","articleSection":["Actualit\u00e9","Football"],"inLanguage":"fr-FR"},{"@type":"WebPage","@id":"https:\/\/oeilsportif.info\/index.php\/officiel-kamou-malo-prend-les-renes-du-cik\/","url":"https:\/\/oeilsportif.info\/index.php\/officiel-kamou-malo-prend-les-renes-du-cik\/","name":"Officiel : Kamou Malo prend les r\u00eanes du CIK ! - le regard du sportif","isPartOf":{"@id":"https:\/\/oeilsportif.info\/#website"},"primaryImageOfPage":{"@id":"https:\/\/oeilsportif.info\/index.php\/officiel-kamou-malo-prend-les-renes-du-cik\/#primaryimage"},"image":{"@id":"https:\/\/oeilsportif.info\/index.php\/officiel-kamou-malo-prend-les-renes-du-cik\/#primaryimage"},"thumbnailUrl":"https:\/\/i0.wp.com\/oeilsportif.info\/wp-content\/uploads\/2025\/07\/IMG_4830.jpeg?fit=2040%2C942&ssl=1","datePublished":"2025-07-26T16:59:34+00:00","author":{"@id":"https:\/\/oeilsportif.info\/#\/schema\/person\/cfbded294aa6095f7d96608d7905e9a1"},"inLanguage":"fr-FR","potentialAction":[{"@type":"ReadAction","target":["https:\/\/oeilsportif.info\/index.php\/officiel-kamou-malo-prend-les-renes-du-cik\/"]}]},{"@type":"ImageObject","inLanguage":"fr-FR","@id":"https:\/\/oeilsportif.info\/index.php\/officiel-kamou-malo-prend-les-renes-du-cik\/#primaryimage","url":"https:\/\/i0.wp.com\/oeilsportif.info\/wp-content\/uploads\/2025\/07\/IMG_4830.jpeg?fit=2040%2C942&ssl=1","contentUrl":"https:\/\/i0.wp.com\/oeilsportif.info\/wp-content\/uploads\/2025\/07\/IMG_4830.jpeg?fit=2040%2C942&ssl=1","width":2040,"height":942},{"@type":"WebSite","@id":"https:\/\/oeilsportif.info\/#website","url":"https:\/\/oeilsportif.info\/","name":"le regard du sportif","description":"","potentialAction":[{"@type":"SearchAction","target":{"@type":"EntryPoint","urlTemplate":"https:\/\/oeilsportif.info\/?s={search_term_string}"},"query-input":{"@type":"PropertyValueSpecification","valueRequired":true,"valueName":"search_term_string"}}],"inLanguage":"fr-FR"},{"@type":"Person","@id":"https:\/\/oeilsportif.info\/#\/schema\/person\/cfbded294aa6095f7d96608d7905e9a1","name":"L'Equipe de la R\u00e9daction","image":{"@type":"ImageObject","inLanguage":"fr-FR","@id":"https:\/\/oeilsportif.info\/wp-content\/uploads\/2025\/07\/cropped-cropped-logo-os-96x96.jpeg","url":"https:\/\/oeilsportif.info\/wp-content\/uploads\/2025\/07\/cropped-cropped-logo-os-96x96.jpeg","contentUrl":"https:\/\/oeilsportif.info\/wp-content\/uploads\/2025\/07\/cropped-cropped-logo-os-96x96.jpeg","caption":"L'Equipe de la R\u00e9daction"},"url":"https:\/\/oeilsportif.info\/index.php\/author\/tawel\/"}]}},"jetpack_publicize_connections":[],"jetpack_featured_media_url":"https:\/\/i0.wp.com\/oeilsportif.info\/wp-content\/uploads\/2025\/07\/IMG_4830.jpeg?fit=2040%2C942&ssl=1","jetpack-related-posts":[],"jetpack_sharing_enabled":true,"jetpack_likes_enabled":true,"jetpack_shortlink":"https:\/\/wp.me\/pgFE77-21V","_links":{"self":[{"href":"https:\/\/oeilsportif.info\/index.php\/wp-json\/wp\/v2\/posts\/7807","targetHints":{"allow":["GET"]}}],"collection":[{"href":"https:\/\/oeilsportif.info\/index.php\/wp-json\/wp\/v2\/posts"}],"about":[{"href":"https:\/\/oeilsportif.info\/index.php\/wp-json\/wp\/v2\/types\/post"}],"author":[{"embeddable":true,"href":"https:\/\/oeilsportif.info\/index.php\/wp-json\/wp\/v2\/users\/2"}],"replies":[{"embeddable":true,"href":"https:\/\/oeilsportif.info\/index.php\/wp-json\/wp\/v2\/comments?post=7807"}],"version-history":[{"count":0,"href":"https:\/\/oeilsportif.info\/index.php\/wp-json\/wp\/v2\/posts\/7807\/revisions"}],"wp:featuredmedia":[{"embeddable":true,"href":"https:\/\/oeilsportif.info\/index.php\/wp-json\/wp\/v2\/media\/7808"}],"wp:attachment":[{"href":"https:\/\/oeilsportif.info\/index.php\/wp-json\/wp\/v2\/media?parent=7807"}],"wp:term":[{"taxonomy":"category","embeddable":true,"href":"https:\/\/oeilsportif.info\/index.php\/wp-json\/wp\/v2\/categories?post=7807"},{"taxonomy":"post_tag","embeddable":true,"href":"https:\/\/oeilsportif.info\/index.php\/wp-json\/wp\/v2\/tags?post=7807"}],"curies":[{"name":"wp","href":"https:\/\/api.w.org\/{rel}","templated":true}]}}