{"id":778,"date":"2022-06-10T11:08:39","date_gmt":"2022-06-10T11:08:39","guid":{"rendered":"https:\/\/oeilsportif.info\/index.php\/?p=778"},"modified":"2022-06-10T11:08:39","modified_gmt":"2022-06-10T11:08:39","slug":"basketball-africa-league-jose-neto-eluentraineur-de-lannee-2022","status":"publish","type":"post","link":"https:\/\/oeilsportif.info\/index.php\/basketball-africa-league-jose-neto-eluentraineur-de-lannee-2022\/","title":{"rendered":"Basketball Africa League : Jos\u00e9 Neto \u00e9luentra\u00eeneur de l&rsquo;ann\u00e9e 2022 !"},"content":{"rendered":"<p>Jos\u00e9 Neto a \u00e9t\u00e9 \u00e9lu entra\u00eeneur de l&rsquo;ann\u00e9e 2022 de la Basketball Africa League (BAL). C&rsquo;est la premi\u00e8re fois depuis sa cr\u00e9ation en 2021 que la BAL d\u00e9cerne un tel prix.<\/p>\n<p>Le tacticien br\u00e9silien en est \u00e0 sa deuxi\u00e8me saison BAL avec Petro de Luanda. Le prix lui a \u00e9t\u00e9 remis lors du match pour la troisi\u00e8me place durant la phase finale de la saison 2.<\/p>\n<p><strong>Source : BAL<\/strong><\/p>\n","protected":false},"excerpt":{"rendered":"<p>Jos\u00e9 Neto a \u00e9t\u00e9 \u00e9lu entra\u00eeneur de l&rsquo;ann\u00e9e 2022 de la Basketball Africa League (BAL). C&rsquo;est la premi\u00e8re fois depuis sa cr\u00e9ation en 2021 que la BAL d\u00e9cerne un tel prix. Le tacticien br\u00e9silien en est \u00e0 sa deuxi\u00e8me saison BAL avec Petro de Luanda. Le prix lui a \u00e9t\u00e9 remis lors du match pour [&hellip;]<\/p>\n","protected":false},"author":2,"featured_media":779,"comment_status":"closed","ping_status":"open","sticky":false,"template":"","format":"standard","meta":{"_jetpack_memberships_contains_paid_content":false,"footnotes":"","jetpack_publicize_message":"","jetpack_publicize_feature_enabled":true,"jetpack_social_post_already_shared":true,"jetpack_social_options":{"image_generator_settings":{"template":"highway","default_image_id":0,"font":"","enabled":false},"version":2}},"categories":[7],"tags":[],"class_list":{"0":"post-778","1":"post","2":"type-post","3":"status-publish","4":"format-standard","5":"has-post-thumbnail","7":"category-basketball"},"yoast_head":"<!-- This site is optimized with the Yoast SEO plugin v27.5 - https:\/\/yoast.com\/product\/yoast-seo-wordpress\/ -->\n<title>Basketball Africa League : Jos\u00e9 Neto \u00e9luentra\u00eeneur de l&#039;ann\u00e9e 2022 ! - le regard du sportif<\/title>\n<meta name=\"robots\" content=\"index, follow, max-snippet:-1, max-image-preview:large, max-video-preview:-1\" \/>\n<link rel=\"canonical\" href=\"https:\/\/oeilsportif.info\/index.php\/basketball-africa-league-jose-neto-eluentraineur-de-lannee-2022\/\" \/>\n<meta property=\"og:locale\" content=\"fr_FR\" \/>\n<meta property=\"og:type\" content=\"article\" \/>\n<meta property=\"og:title\" content=\"Basketball Africa League : Jos\u00e9 Neto \u00e9luentra\u00eeneur de l&#039;ann\u00e9e 2022 ! - le regard du sportif\" \/>\n<meta property=\"og:description\" content=\"Jos\u00e9 Neto a \u00e9t\u00e9 \u00e9lu entra\u00eeneur de l&rsquo;ann\u00e9e 2022 de la Basketball Africa League (BAL). C&rsquo;est la premi\u00e8re fois depuis sa cr\u00e9ation en 2021 que la BAL d\u00e9cerne un tel prix. Le tacticien br\u00e9silien en est \u00e0 sa deuxi\u00e8me saison BAL avec Petro de Luanda. Le prix lui a \u00e9t\u00e9 remis lors du match pour [&hellip;]\" \/>\n<meta property=\"og:url\" content=\"https:\/\/oeilsportif.info\/index.php\/basketball-africa-league-jose-neto-eluentraineur-de-lannee-2022\/\" \/>\n<meta property=\"og:site_name\" content=\"le regard du sportif\" \/>\n<meta property=\"article:published_time\" content=\"2022-06-10T11:08:39+00:00\" \/>\n<meta property=\"og:image\" content=\"https:\/\/oeilsportif.info\/wp-content\/uploads\/2022\/06\/FB_IMG_1654859110026.jpg\" \/>\n\t<meta property=\"og:image:width\" content=\"720\" \/>\n\t<meta property=\"og:image:height\" content=\"480\" \/>\n\t<meta property=\"og:image:type\" content=\"image\/jpeg\" \/>\n<meta name=\"author\" content=\"L&#039;Equipe de la R\u00e9daction\" \/>\n<meta name=\"twitter:label1\" content=\"\u00c9crit par\" \/>\n\t<meta name=\"twitter:data1\" content=\"L&#039;Equipe de la R\u00e9daction\" \/>\n\t<meta name=\"twitter:label2\" content=\"Dur\u00e9e de lecture estim\u00e9e\" \/>\n\t<meta name=\"twitter:data2\" content=\"1 minute\" \/>\n<script type=\"application\/ld+json\" class=\"yoast-schema-graph\">{\"@context\":\"https:\\\/\\\/schema.org\",\"@graph\":[{\"@type\":\"Article\",\"@id\":\"https:\\\/\\\/oeilsportif.info\\\/index.php\\\/basketball-africa-league-jose-neto-eluentraineur-de-lannee-2022\\\/#article\",\"isPartOf\":{\"@id\":\"https:\\\/\\\/oeilsportif.info\\\/index.php\\\/basketball-africa-league-jose-neto-eluentraineur-de-lannee-2022\\\/\"},\"author\":{\"name\":\"L'Equipe de la R\u00e9daction\",\"@id\":\"https:\\\/\\\/oeilsportif.info\\\/#\\\/schema\\\/person\\\/cfbded294aa6095f7d96608d7905e9a1\"},\"headline\":\"Basketball Africa League : Jos\u00e9 Neto \u00e9luentra\u00eeneur de l&rsquo;ann\u00e9e 2022 !\",\"datePublished\":\"2022-06-10T11:08:39+00:00\",\"mainEntityOfPage\":{\"@id\":\"https:\\\/\\\/oeilsportif.info\\\/index.php\\\/basketball-africa-league-jose-neto-eluentraineur-de-lannee-2022\\\/\"},\"wordCount\":85,\"image\":{\"@id\":\"https:\\\/\\\/oeilsportif.info\\\/index.php\\\/basketball-africa-league-jose-neto-eluentraineur-de-lannee-2022\\\/#primaryimage\"},\"thumbnailUrl\":\"https:\\\/\\\/i0.wp.com\\\/oeilsportif.info\\\/wp-content\\\/uploads\\\/2022\\\/06\\\/FB_IMG_1654859110026.jpg?fit=720%2C480&ssl=1\",\"articleSection\":[\"Basketball\"],\"inLanguage\":\"fr-FR\"},{\"@type\":\"WebPage\",\"@id\":\"https:\\\/\\\/oeilsportif.info\\\/index.php\\\/basketball-africa-league-jose-neto-eluentraineur-de-lannee-2022\\\/\",\"url\":\"https:\\\/\\\/oeilsportif.info\\\/index.php\\\/basketball-africa-league-jose-neto-eluentraineur-de-lannee-2022\\\/\",\"name\":\"Basketball Africa League : Jos\u00e9 Neto \u00e9luentra\u00eeneur de l'ann\u00e9e 2022 ! - le regard du sportif\",\"isPartOf\":{\"@id\":\"https:\\\/\\\/oeilsportif.info\\\/#website\"},\"primaryImageOfPage\":{\"@id\":\"https:\\\/\\\/oeilsportif.info\\\/index.php\\\/basketball-africa-league-jose-neto-eluentraineur-de-lannee-2022\\\/#primaryimage\"},\"image\":{\"@id\":\"https:\\\/\\\/oeilsportif.info\\\/index.php\\\/basketball-africa-league-jose-neto-eluentraineur-de-lannee-2022\\\/#primaryimage\"},\"thumbnailUrl\":\"https:\\\/\\\/i0.wp.com\\\/oeilsportif.info\\\/wp-content\\\/uploads\\\/2022\\\/06\\\/FB_IMG_1654859110026.jpg?fit=720%2C480&ssl=1\",\"datePublished\":\"2022-06-10T11:08:39+00:00\",\"author\":{\"@id\":\"https:\\\/\\\/oeilsportif.info\\\/#\\\/schema\\\/person\\\/cfbded294aa6095f7d96608d7905e9a1\"},\"inLanguage\":\"fr-FR\",\"potentialAction\":[{\"@type\":\"ReadAction\",\"target\":[\"https:\\\/\\\/oeilsportif.info\\\/index.php\\\/basketball-africa-league-jose-neto-eluentraineur-de-lannee-2022\\\/\"]}]},{\"@type\":\"ImageObject\",\"inLanguage\":\"fr-FR\",\"@id\":\"https:\\\/\\\/oeilsportif.info\\\/index.php\\\/basketball-africa-league-jose-neto-eluentraineur-de-lannee-2022\\\/#primaryimage\",\"url\":\"https:\\\/\\\/i0.wp.com\\\/oeilsportif.info\\\/wp-content\\\/uploads\\\/2022\\\/06\\\/FB_IMG_1654859110026.jpg?fit=720%2C480&ssl=1\",\"contentUrl\":\"https:\\\/\\\/i0.wp.com\\\/oeilsportif.info\\\/wp-content\\\/uploads\\\/2022\\\/06\\\/FB_IMG_1654859110026.jpg?fit=720%2C480&ssl=1\",\"width\":720,\"height\":480},{\"@type\":\"WebSite\",\"@id\":\"https:\\\/\\\/oeilsportif.info\\\/#website\",\"url\":\"https:\\\/\\\/oeilsportif.info\\\/\",\"name\":\"le regard du sportif\",\"description\":\"\",\"potentialAction\":[{\"@type\":\"SearchAction\",\"target\":{\"@type\":\"EntryPoint\",\"urlTemplate\":\"https:\\\/\\\/oeilsportif.info\\\/?s={search_term_string}\"},\"query-input\":{\"@type\":\"PropertyValueSpecification\",\"valueRequired\":true,\"valueName\":\"search_term_string\"}}],\"inLanguage\":\"fr-FR\"},{\"@type\":\"Person\",\"@id\":\"https:\\\/\\\/oeilsportif.info\\\/#\\\/schema\\\/person\\\/cfbded294aa6095f7d96608d7905e9a1\",\"name\":\"L'Equipe de la R\u00e9daction\",\"image\":{\"@type\":\"ImageObject\",\"inLanguage\":\"fr-FR\",\"@id\":\"https:\\\/\\\/oeilsportif.info\\\/wp-content\\\/uploads\\\/2025\\\/07\\\/cropped-cropped-logo-os-96x96.jpeg\",\"url\":\"https:\\\/\\\/oeilsportif.info\\\/wp-content\\\/uploads\\\/2025\\\/07\\\/cropped-cropped-logo-os-96x96.jpeg\",\"contentUrl\":\"https:\\\/\\\/oeilsportif.info\\\/wp-content\\\/uploads\\\/2025\\\/07\\\/cropped-cropped-logo-os-96x96.jpeg\",\"caption\":\"L'Equipe de la R\u00e9daction\"},\"url\":\"https:\\\/\\\/oeilsportif.info\\\/index.php\\\/author\\\/tawel\\\/\"}]}<\/script>\n<!-- \/ Yoast SEO plugin. -->","yoast_head_json":{"title":"Basketball Africa League : Jos\u00e9 Neto \u00e9luentra\u00eeneur de l'ann\u00e9e 2022 ! - le regard du sportif","robots":{"index":"index","follow":"follow","max-snippet":"max-snippet:-1","max-image-preview":"max-image-preview:large","max-video-preview":"max-video-preview:-1"},"canonical":"https:\/\/oeilsportif.info\/index.php\/basketball-africa-league-jose-neto-eluentraineur-de-lannee-2022\/","og_locale":"fr_FR","og_type":"article","og_title":"Basketball Africa League : Jos\u00e9 Neto \u00e9luentra\u00eeneur de l'ann\u00e9e 2022 ! - le regard du sportif","og_description":"Jos\u00e9 Neto a \u00e9t\u00e9 \u00e9lu entra\u00eeneur de l&rsquo;ann\u00e9e 2022 de la Basketball Africa League (BAL). C&rsquo;est la premi\u00e8re fois depuis sa cr\u00e9ation en 2021 que la BAL d\u00e9cerne un tel prix. Le tacticien br\u00e9silien en est \u00e0 sa deuxi\u00e8me saison BAL avec Petro de Luanda. Le prix lui a \u00e9t\u00e9 remis lors du match pour [&hellip;]","og_url":"https:\/\/oeilsportif.info\/index.php\/basketball-africa-league-jose-neto-eluentraineur-de-lannee-2022\/","og_site_name":"le regard du sportif","article_published_time":"2022-06-10T11:08:39+00:00","og_image":[{"width":720,"height":480,"url":"https:\/\/oeilsportif.info\/wp-content\/uploads\/2022\/06\/FB_IMG_1654859110026.jpg","type":"image\/jpeg"}],"author":"L'Equipe de la R\u00e9daction","twitter_misc":{"\u00c9crit par":"L'Equipe de la R\u00e9daction","Dur\u00e9e de lecture estim\u00e9e":"1 minute"},"schema":{"@context":"https:\/\/schema.org","@graph":[{"@type":"Article","@id":"https:\/\/oeilsportif.info\/index.php\/basketball-africa-league-jose-neto-eluentraineur-de-lannee-2022\/#article","isPartOf":{"@id":"https:\/\/oeilsportif.info\/index.php\/basketball-africa-league-jose-neto-eluentraineur-de-lannee-2022\/"},"author":{"name":"L'Equipe de la R\u00e9daction","@id":"https:\/\/oeilsportif.info\/#\/schema\/person\/cfbded294aa6095f7d96608d7905e9a1"},"headline":"Basketball Africa League : Jos\u00e9 Neto \u00e9luentra\u00eeneur de l&rsquo;ann\u00e9e 2022 !","datePublished":"2022-06-10T11:08:39+00:00","mainEntityOfPage":{"@id":"https:\/\/oeilsportif.info\/index.php\/basketball-africa-league-jose-neto-eluentraineur-de-lannee-2022\/"},"wordCount":85,"image":{"@id":"https:\/\/oeilsportif.info\/index.php\/basketball-africa-league-jose-neto-eluentraineur-de-lannee-2022\/#primaryimage"},"thumbnailUrl":"https:\/\/i0.wp.com\/oeilsportif.info\/wp-content\/uploads\/2022\/06\/FB_IMG_1654859110026.jpg?fit=720%2C480&ssl=1","articleSection":["Basketball"],"inLanguage":"fr-FR"},{"@type":"WebPage","@id":"https:\/\/oeilsportif.info\/index.php\/basketball-africa-league-jose-neto-eluentraineur-de-lannee-2022\/","url":"https:\/\/oeilsportif.info\/index.php\/basketball-africa-league-jose-neto-eluentraineur-de-lannee-2022\/","name":"Basketball Africa League : Jos\u00e9 Neto \u00e9luentra\u00eeneur de l'ann\u00e9e 2022 ! - le regard du sportif","isPartOf":{"@id":"https:\/\/oeilsportif.info\/#website"},"primaryImageOfPage":{"@id":"https:\/\/oeilsportif.info\/index.php\/basketball-africa-league-jose-neto-eluentraineur-de-lannee-2022\/#primaryimage"},"image":{"@id":"https:\/\/oeilsportif.info\/index.php\/basketball-africa-league-jose-neto-eluentraineur-de-lannee-2022\/#primaryimage"},"thumbnailUrl":"https:\/\/i0.wp.com\/oeilsportif.info\/wp-content\/uploads\/2022\/06\/FB_IMG_1654859110026.jpg?fit=720%2C480&ssl=1","datePublished":"2022-06-10T11:08:39+00:00","author":{"@id":"https:\/\/oeilsportif.info\/#\/schema\/person\/cfbded294aa6095f7d96608d7905e9a1"},"inLanguage":"fr-FR","potentialAction":[{"@type":"ReadAction","target":["https:\/\/oeilsportif.info\/index.php\/basketball-africa-league-jose-neto-eluentraineur-de-lannee-2022\/"]}]},{"@type":"ImageObject","inLanguage":"fr-FR","@id":"https:\/\/oeilsportif.info\/index.php\/basketball-africa-league-jose-neto-eluentraineur-de-lannee-2022\/#primaryimage","url":"https:\/\/i0.wp.com\/oeilsportif.info\/wp-content\/uploads\/2022\/06\/FB_IMG_1654859110026.jpg?fit=720%2C480&ssl=1","contentUrl":"https:\/\/i0.wp.com\/oeilsportif.info\/wp-content\/uploads\/2022\/06\/FB_IMG_1654859110026.jpg?fit=720%2C480&ssl=1","width":720,"height":480},{"@type":"WebSite","@id":"https:\/\/oeilsportif.info\/#website","url":"https:\/\/oeilsportif.info\/","name":"le regard du sportif","description":"","potentialAction":[{"@type":"SearchAction","target":{"@type":"EntryPoint","urlTemplate":"https:\/\/oeilsportif.info\/?s={search_term_string}"},"query-input":{"@type":"PropertyValueSpecification","valueRequired":true,"valueName":"search_term_string"}}],"inLanguage":"fr-FR"},{"@type":"Person","@id":"https:\/\/oeilsportif.info\/#\/schema\/person\/cfbded294aa6095f7d96608d7905e9a1","name":"L'Equipe de la R\u00e9daction","image":{"@type":"ImageObject","inLanguage":"fr-FR","@id":"https:\/\/oeilsportif.info\/wp-content\/uploads\/2025\/07\/cropped-cropped-logo-os-96x96.jpeg","url":"https:\/\/oeilsportif.info\/wp-content\/uploads\/2025\/07\/cropped-cropped-logo-os-96x96.jpeg","contentUrl":"https:\/\/oeilsportif.info\/wp-content\/uploads\/2025\/07\/cropped-cropped-logo-os-96x96.jpeg","caption":"L'Equipe de la R\u00e9daction"},"url":"https:\/\/oeilsportif.info\/index.php\/author\/tawel\/"}]}},"jetpack_publicize_connections":[],"jetpack_featured_media_url":"https:\/\/i0.wp.com\/oeilsportif.info\/wp-content\/uploads\/2022\/06\/FB_IMG_1654859110026.jpg?fit=720%2C480&ssl=1","jetpack-related-posts":[],"jetpack_sharing_enabled":true,"jetpack_likes_enabled":true,"jetpack_shortlink":"https:\/\/wp.me\/pgFE77-cy","_links":{"self":[{"href":"https:\/\/oeilsportif.info\/index.php\/wp-json\/wp\/v2\/posts\/778","targetHints":{"allow":["GET"]}}],"collection":[{"href":"https:\/\/oeilsportif.info\/index.php\/wp-json\/wp\/v2\/posts"}],"about":[{"href":"https:\/\/oeilsportif.info\/index.php\/wp-json\/wp\/v2\/types\/post"}],"author":[{"embeddable":true,"href":"https:\/\/oeilsportif.info\/index.php\/wp-json\/wp\/v2\/users\/2"}],"replies":[{"embeddable":true,"href":"https:\/\/oeilsportif.info\/index.php\/wp-json\/wp\/v2\/comments?post=778"}],"version-history":[{"count":0,"href":"https:\/\/oeilsportif.info\/index.php\/wp-json\/wp\/v2\/posts\/778\/revisions"}],"wp:featuredmedia":[{"embeddable":true,"href":"https:\/\/oeilsportif.info\/index.php\/wp-json\/wp\/v2\/media\/779"}],"wp:attachment":[{"href":"https:\/\/oeilsportif.info\/index.php\/wp-json\/wp\/v2\/media?parent=778"}],"wp:term":[{"taxonomy":"category","embeddable":true,"href":"https:\/\/oeilsportif.info\/index.php\/wp-json\/wp\/v2\/categories?post=778"},{"taxonomy":"post_tag","embeddable":true,"href":"https:\/\/oeilsportif.info\/index.php\/wp-json\/wp\/v2\/tags?post=778"}],"curies":[{"name":"wp","href":"https:\/\/api.w.org\/{rel}","templated":true}]}}