{"id":7771,"date":"2025-07-24T12:55:52","date_gmt":"2025-07-24T12:55:52","guid":{"rendered":"https:\/\/oeilsportif.info\/?p=7771"},"modified":"2025-07-24T12:55:52","modified_gmt":"2025-07-24T12:55:52","slug":"afrobasket-feminin-2025-le-rendez-vous-du-basketball-africain-demarre-ce-26-juillet","status":"publish","type":"post","link":"https:\/\/oeilsportif.info\/index.php\/afrobasket-feminin-2025-le-rendez-vous-du-basketball-africain-demarre-ce-26-juillet\/","title":{"rendered":"AfroBasket F\u00e9minin 2025 : Le rendez-vous du basketball africain d\u00e9marre ce 26 juillet !"},"content":{"rendered":"<p><strong>Le tr\u00e8s attendu AfroBasket F\u00e9minin 2025 ouvre ses portes ce 26 juillet \u00e0 Abidjan, pour une \u00e9dition qui s\u2019annonce spectaculaire ! Cette ann\u00e9e, la comp\u00e9tition sera diffus\u00e9e en direct sur plusieurs plateformes web, offrant aux fans du continent et d\u2019ailleurs l\u2019opportunit\u00e9 de suivre les rencontres en temps r\u00e9el, o\u00f9 qu\u2019ils soient.<\/strong><\/p>\n<p>Les meilleures s\u00e9lections f\u00e9minines africaines entreront en lice pour tenter de d\u00e9crocher le titre continental. Parmi elles, l\u2019\u00e9quipe nationale de Guin\u00e9e, gonfl\u00e9e \u00e0 bloc, entend porter haut les couleurs rouge, jaune et vert.<\/p>\n<p>Du talent, de la d\u00e9termination et de la passion seront au rendez-vous sur le parquet du Palais des Sports de Treichville, th\u00e9\u00e2tre de toutes les \u00e9motions du 26 juillet au 3 ao\u00fbt 2025.<\/p>\n<p>Ne manquez rien de cette f\u00eate du sport f\u00e9minin africain : chaque match, chaque exploit et chaque victoire seront accessibles en direct sur les sites partenaires.<\/p>\n","protected":false},"excerpt":{"rendered":"<p>Le tr\u00e8s attendu AfroBasket F\u00e9minin 2025 ouvre ses portes ce 26 juillet \u00e0 Abidjan, pour une \u00e9dition qui s\u2019annonce spectaculaire ! Cette ann\u00e9e, la comp\u00e9tition sera diffus\u00e9e en direct sur plusieurs plateformes web, offrant aux fans du continent et d\u2019ailleurs l\u2019opportunit\u00e9 de suivre les rencontres en temps r\u00e9el, o\u00f9 qu\u2019ils soient. Les meilleures s\u00e9lections f\u00e9minines [&hellip;]<\/p>\n","protected":false},"author":2,"featured_media":7772,"comment_status":"closed","ping_status":"closed","sticky":false,"template":"","format":"standard","meta":{"_jetpack_memberships_contains_paid_content":false,"footnotes":"","jetpack_publicize_message":"","jetpack_publicize_feature_enabled":true,"jetpack_social_post_already_shared":true,"jetpack_social_options":{"image_generator_settings":{"template":"highway","default_image_id":0,"font":"","enabled":false},"version":2}},"categories":[10,7],"tags":[],"class_list":{"0":"post-7771","1":"post","2":"type-post","3":"status-publish","4":"format-standard","5":"has-post-thumbnail","7":"category-actualite","8":"category-basketball"},"yoast_head":"<!-- This site is optimized with the Yoast SEO plugin v27.5 - https:\/\/yoast.com\/product\/yoast-seo-wordpress\/ -->\n<title>AfroBasket F\u00e9minin 2025 : Le rendez-vous du basketball africain d\u00e9marre ce 26 juillet ! - le regard du sportif<\/title>\n<meta name=\"robots\" content=\"index, follow, max-snippet:-1, max-image-preview:large, max-video-preview:-1\" \/>\n<link rel=\"canonical\" href=\"https:\/\/oeilsportif.info\/index.php\/afrobasket-feminin-2025-le-rendez-vous-du-basketball-africain-demarre-ce-26-juillet\/\" \/>\n<meta property=\"og:locale\" content=\"fr_FR\" \/>\n<meta property=\"og:type\" content=\"article\" \/>\n<meta property=\"og:title\" content=\"AfroBasket F\u00e9minin 2025 : Le rendez-vous du basketball africain d\u00e9marre ce 26 juillet ! - le regard du sportif\" \/>\n<meta property=\"og:description\" content=\"Le tr\u00e8s attendu AfroBasket F\u00e9minin 2025 ouvre ses portes ce 26 juillet \u00e0 Abidjan, pour une \u00e9dition qui s\u2019annonce spectaculaire ! Cette ann\u00e9e, la comp\u00e9tition sera diffus\u00e9e en direct sur plusieurs plateformes web, offrant aux fans du continent et d\u2019ailleurs l\u2019opportunit\u00e9 de suivre les rencontres en temps r\u00e9el, o\u00f9 qu\u2019ils soient. Les meilleures s\u00e9lections f\u00e9minines [&hellip;]\" \/>\n<meta property=\"og:url\" content=\"https:\/\/oeilsportif.info\/index.php\/afrobasket-feminin-2025-le-rendez-vous-du-basketball-africain-demarre-ce-26-juillet\/\" \/>\n<meta property=\"og:site_name\" content=\"le regard du sportif\" \/>\n<meta property=\"article:published_time\" content=\"2025-07-24T12:55:52+00:00\" \/>\n<meta property=\"og:image\" content=\"https:\/\/oeilsportif.info\/wp-content\/uploads\/2025\/07\/IMG_4714.jpeg\" \/>\n\t<meta property=\"og:image:width\" content=\"1080\" \/>\n\t<meta property=\"og:image:height\" content=\"1080\" \/>\n\t<meta property=\"og:image:type\" content=\"image\/jpeg\" \/>\n<meta name=\"author\" content=\"L&#039;Equipe de la R\u00e9daction\" \/>\n<meta name=\"twitter:label1\" content=\"\u00c9crit par\" \/>\n\t<meta name=\"twitter:data1\" content=\"L&#039;Equipe de la R\u00e9daction\" \/>\n\t<meta name=\"twitter:label2\" content=\"Dur\u00e9e de lecture estim\u00e9e\" \/>\n\t<meta name=\"twitter:data2\" content=\"1 minute\" \/>\n<script type=\"application\/ld+json\" class=\"yoast-schema-graph\">{\"@context\":\"https:\\\/\\\/schema.org\",\"@graph\":[{\"@type\":\"Article\",\"@id\":\"https:\\\/\\\/oeilsportif.info\\\/index.php\\\/afrobasket-feminin-2025-le-rendez-vous-du-basketball-africain-demarre-ce-26-juillet\\\/#article\",\"isPartOf\":{\"@id\":\"https:\\\/\\\/oeilsportif.info\\\/index.php\\\/afrobasket-feminin-2025-le-rendez-vous-du-basketball-africain-demarre-ce-26-juillet\\\/\"},\"author\":{\"name\":\"L'Equipe de la R\u00e9daction\",\"@id\":\"https:\\\/\\\/oeilsportif.info\\\/#\\\/schema\\\/person\\\/cfbded294aa6095f7d96608d7905e9a1\"},\"headline\":\"AfroBasket F\u00e9minin 2025 : Le rendez-vous du basketball africain d\u00e9marre ce 26 juillet !\",\"datePublished\":\"2025-07-24T12:55:52+00:00\",\"mainEntityOfPage\":{\"@id\":\"https:\\\/\\\/oeilsportif.info\\\/index.php\\\/afrobasket-feminin-2025-le-rendez-vous-du-basketball-africain-demarre-ce-26-juillet\\\/\"},\"wordCount\":167,\"image\":{\"@id\":\"https:\\\/\\\/oeilsportif.info\\\/index.php\\\/afrobasket-feminin-2025-le-rendez-vous-du-basketball-africain-demarre-ce-26-juillet\\\/#primaryimage\"},\"thumbnailUrl\":\"https:\\\/\\\/i0.wp.com\\\/oeilsportif.info\\\/wp-content\\\/uploads\\\/2025\\\/07\\\/IMG_4714.jpeg?fit=1080%2C1080&ssl=1\",\"articleSection\":[\"Actualit\u00e9\",\"Basketball\"],\"inLanguage\":\"fr-FR\"},{\"@type\":\"WebPage\",\"@id\":\"https:\\\/\\\/oeilsportif.info\\\/index.php\\\/afrobasket-feminin-2025-le-rendez-vous-du-basketball-africain-demarre-ce-26-juillet\\\/\",\"url\":\"https:\\\/\\\/oeilsportif.info\\\/index.php\\\/afrobasket-feminin-2025-le-rendez-vous-du-basketball-africain-demarre-ce-26-juillet\\\/\",\"name\":\"AfroBasket F\u00e9minin 2025 : Le rendez-vous du basketball africain d\u00e9marre ce 26 juillet ! - le regard du sportif\",\"isPartOf\":{\"@id\":\"https:\\\/\\\/oeilsportif.info\\\/#website\"},\"primaryImageOfPage\":{\"@id\":\"https:\\\/\\\/oeilsportif.info\\\/index.php\\\/afrobasket-feminin-2025-le-rendez-vous-du-basketball-africain-demarre-ce-26-juillet\\\/#primaryimage\"},\"image\":{\"@id\":\"https:\\\/\\\/oeilsportif.info\\\/index.php\\\/afrobasket-feminin-2025-le-rendez-vous-du-basketball-africain-demarre-ce-26-juillet\\\/#primaryimage\"},\"thumbnailUrl\":\"https:\\\/\\\/i0.wp.com\\\/oeilsportif.info\\\/wp-content\\\/uploads\\\/2025\\\/07\\\/IMG_4714.jpeg?fit=1080%2C1080&ssl=1\",\"datePublished\":\"2025-07-24T12:55:52+00:00\",\"author\":{\"@id\":\"https:\\\/\\\/oeilsportif.info\\\/#\\\/schema\\\/person\\\/cfbded294aa6095f7d96608d7905e9a1\"},\"inLanguage\":\"fr-FR\",\"potentialAction\":[{\"@type\":\"ReadAction\",\"target\":[\"https:\\\/\\\/oeilsportif.info\\\/index.php\\\/afrobasket-feminin-2025-le-rendez-vous-du-basketball-africain-demarre-ce-26-juillet\\\/\"]}]},{\"@type\":\"ImageObject\",\"inLanguage\":\"fr-FR\",\"@id\":\"https:\\\/\\\/oeilsportif.info\\\/index.php\\\/afrobasket-feminin-2025-le-rendez-vous-du-basketball-africain-demarre-ce-26-juillet\\\/#primaryimage\",\"url\":\"https:\\\/\\\/i0.wp.com\\\/oeilsportif.info\\\/wp-content\\\/uploads\\\/2025\\\/07\\\/IMG_4714.jpeg?fit=1080%2C1080&ssl=1\",\"contentUrl\":\"https:\\\/\\\/i0.wp.com\\\/oeilsportif.info\\\/wp-content\\\/uploads\\\/2025\\\/07\\\/IMG_4714.jpeg?fit=1080%2C1080&ssl=1\",\"width\":1080,\"height\":1080},{\"@type\":\"WebSite\",\"@id\":\"https:\\\/\\\/oeilsportif.info\\\/#website\",\"url\":\"https:\\\/\\\/oeilsportif.info\\\/\",\"name\":\"le regard du sportif\",\"description\":\"\",\"potentialAction\":[{\"@type\":\"SearchAction\",\"target\":{\"@type\":\"EntryPoint\",\"urlTemplate\":\"https:\\\/\\\/oeilsportif.info\\\/?s={search_term_string}\"},\"query-input\":{\"@type\":\"PropertyValueSpecification\",\"valueRequired\":true,\"valueName\":\"search_term_string\"}}],\"inLanguage\":\"fr-FR\"},{\"@type\":\"Person\",\"@id\":\"https:\\\/\\\/oeilsportif.info\\\/#\\\/schema\\\/person\\\/cfbded294aa6095f7d96608d7905e9a1\",\"name\":\"L'Equipe de la R\u00e9daction\",\"image\":{\"@type\":\"ImageObject\",\"inLanguage\":\"fr-FR\",\"@id\":\"https:\\\/\\\/oeilsportif.info\\\/wp-content\\\/uploads\\\/2025\\\/07\\\/cropped-cropped-logo-os-96x96.jpeg\",\"url\":\"https:\\\/\\\/oeilsportif.info\\\/wp-content\\\/uploads\\\/2025\\\/07\\\/cropped-cropped-logo-os-96x96.jpeg\",\"contentUrl\":\"https:\\\/\\\/oeilsportif.info\\\/wp-content\\\/uploads\\\/2025\\\/07\\\/cropped-cropped-logo-os-96x96.jpeg\",\"caption\":\"L'Equipe de la R\u00e9daction\"},\"url\":\"https:\\\/\\\/oeilsportif.info\\\/index.php\\\/author\\\/tawel\\\/\"}]}<\/script>\n<!-- \/ Yoast SEO plugin. -->","yoast_head_json":{"title":"AfroBasket F\u00e9minin 2025 : Le rendez-vous du basketball africain d\u00e9marre ce 26 juillet ! - le regard du sportif","robots":{"index":"index","follow":"follow","max-snippet":"max-snippet:-1","max-image-preview":"max-image-preview:large","max-video-preview":"max-video-preview:-1"},"canonical":"https:\/\/oeilsportif.info\/index.php\/afrobasket-feminin-2025-le-rendez-vous-du-basketball-africain-demarre-ce-26-juillet\/","og_locale":"fr_FR","og_type":"article","og_title":"AfroBasket F\u00e9minin 2025 : Le rendez-vous du basketball africain d\u00e9marre ce 26 juillet ! - le regard du sportif","og_description":"Le tr\u00e8s attendu AfroBasket F\u00e9minin 2025 ouvre ses portes ce 26 juillet \u00e0 Abidjan, pour une \u00e9dition qui s\u2019annonce spectaculaire ! Cette ann\u00e9e, la comp\u00e9tition sera diffus\u00e9e en direct sur plusieurs plateformes web, offrant aux fans du continent et d\u2019ailleurs l\u2019opportunit\u00e9 de suivre les rencontres en temps r\u00e9el, o\u00f9 qu\u2019ils soient. Les meilleures s\u00e9lections f\u00e9minines [&hellip;]","og_url":"https:\/\/oeilsportif.info\/index.php\/afrobasket-feminin-2025-le-rendez-vous-du-basketball-africain-demarre-ce-26-juillet\/","og_site_name":"le regard du sportif","article_published_time":"2025-07-24T12:55:52+00:00","og_image":[{"width":1080,"height":1080,"url":"https:\/\/oeilsportif.info\/wp-content\/uploads\/2025\/07\/IMG_4714.jpeg","type":"image\/jpeg"}],"author":"L'Equipe de la R\u00e9daction","twitter_misc":{"\u00c9crit par":"L'Equipe de la R\u00e9daction","Dur\u00e9e de lecture estim\u00e9e":"1 minute"},"schema":{"@context":"https:\/\/schema.org","@graph":[{"@type":"Article","@id":"https:\/\/oeilsportif.info\/index.php\/afrobasket-feminin-2025-le-rendez-vous-du-basketball-africain-demarre-ce-26-juillet\/#article","isPartOf":{"@id":"https:\/\/oeilsportif.info\/index.php\/afrobasket-feminin-2025-le-rendez-vous-du-basketball-africain-demarre-ce-26-juillet\/"},"author":{"name":"L'Equipe de la R\u00e9daction","@id":"https:\/\/oeilsportif.info\/#\/schema\/person\/cfbded294aa6095f7d96608d7905e9a1"},"headline":"AfroBasket F\u00e9minin 2025 : Le rendez-vous du basketball africain d\u00e9marre ce 26 juillet !","datePublished":"2025-07-24T12:55:52+00:00","mainEntityOfPage":{"@id":"https:\/\/oeilsportif.info\/index.php\/afrobasket-feminin-2025-le-rendez-vous-du-basketball-africain-demarre-ce-26-juillet\/"},"wordCount":167,"image":{"@id":"https:\/\/oeilsportif.info\/index.php\/afrobasket-feminin-2025-le-rendez-vous-du-basketball-africain-demarre-ce-26-juillet\/#primaryimage"},"thumbnailUrl":"https:\/\/i0.wp.com\/oeilsportif.info\/wp-content\/uploads\/2025\/07\/IMG_4714.jpeg?fit=1080%2C1080&ssl=1","articleSection":["Actualit\u00e9","Basketball"],"inLanguage":"fr-FR"},{"@type":"WebPage","@id":"https:\/\/oeilsportif.info\/index.php\/afrobasket-feminin-2025-le-rendez-vous-du-basketball-africain-demarre-ce-26-juillet\/","url":"https:\/\/oeilsportif.info\/index.php\/afrobasket-feminin-2025-le-rendez-vous-du-basketball-africain-demarre-ce-26-juillet\/","name":"AfroBasket F\u00e9minin 2025 : Le rendez-vous du basketball africain d\u00e9marre ce 26 juillet ! - le regard du sportif","isPartOf":{"@id":"https:\/\/oeilsportif.info\/#website"},"primaryImageOfPage":{"@id":"https:\/\/oeilsportif.info\/index.php\/afrobasket-feminin-2025-le-rendez-vous-du-basketball-africain-demarre-ce-26-juillet\/#primaryimage"},"image":{"@id":"https:\/\/oeilsportif.info\/index.php\/afrobasket-feminin-2025-le-rendez-vous-du-basketball-africain-demarre-ce-26-juillet\/#primaryimage"},"thumbnailUrl":"https:\/\/i0.wp.com\/oeilsportif.info\/wp-content\/uploads\/2025\/07\/IMG_4714.jpeg?fit=1080%2C1080&ssl=1","datePublished":"2025-07-24T12:55:52+00:00","author":{"@id":"https:\/\/oeilsportif.info\/#\/schema\/person\/cfbded294aa6095f7d96608d7905e9a1"},"inLanguage":"fr-FR","potentialAction":[{"@type":"ReadAction","target":["https:\/\/oeilsportif.info\/index.php\/afrobasket-feminin-2025-le-rendez-vous-du-basketball-africain-demarre-ce-26-juillet\/"]}]},{"@type":"ImageObject","inLanguage":"fr-FR","@id":"https:\/\/oeilsportif.info\/index.php\/afrobasket-feminin-2025-le-rendez-vous-du-basketball-africain-demarre-ce-26-juillet\/#primaryimage","url":"https:\/\/i0.wp.com\/oeilsportif.info\/wp-content\/uploads\/2025\/07\/IMG_4714.jpeg?fit=1080%2C1080&ssl=1","contentUrl":"https:\/\/i0.wp.com\/oeilsportif.info\/wp-content\/uploads\/2025\/07\/IMG_4714.jpeg?fit=1080%2C1080&ssl=1","width":1080,"height":1080},{"@type":"WebSite","@id":"https:\/\/oeilsportif.info\/#website","url":"https:\/\/oeilsportif.info\/","name":"le regard du sportif","description":"","potentialAction":[{"@type":"SearchAction","target":{"@type":"EntryPoint","urlTemplate":"https:\/\/oeilsportif.info\/?s={search_term_string}"},"query-input":{"@type":"PropertyValueSpecification","valueRequired":true,"valueName":"search_term_string"}}],"inLanguage":"fr-FR"},{"@type":"Person","@id":"https:\/\/oeilsportif.info\/#\/schema\/person\/cfbded294aa6095f7d96608d7905e9a1","name":"L'Equipe de la R\u00e9daction","image":{"@type":"ImageObject","inLanguage":"fr-FR","@id":"https:\/\/oeilsportif.info\/wp-content\/uploads\/2025\/07\/cropped-cropped-logo-os-96x96.jpeg","url":"https:\/\/oeilsportif.info\/wp-content\/uploads\/2025\/07\/cropped-cropped-logo-os-96x96.jpeg","contentUrl":"https:\/\/oeilsportif.info\/wp-content\/uploads\/2025\/07\/cropped-cropped-logo-os-96x96.jpeg","caption":"L'Equipe de la R\u00e9daction"},"url":"https:\/\/oeilsportif.info\/index.php\/author\/tawel\/"}]}},"jetpack_publicize_connections":[],"jetpack_featured_media_url":"https:\/\/i0.wp.com\/oeilsportif.info\/wp-content\/uploads\/2025\/07\/IMG_4714.jpeg?fit=1080%2C1080&ssl=1","jetpack-related-posts":[],"jetpack_sharing_enabled":true,"jetpack_likes_enabled":true,"jetpack_shortlink":"https:\/\/wp.me\/pgFE77-21l","_links":{"self":[{"href":"https:\/\/oeilsportif.info\/index.php\/wp-json\/wp\/v2\/posts\/7771","targetHints":{"allow":["GET"]}}],"collection":[{"href":"https:\/\/oeilsportif.info\/index.php\/wp-json\/wp\/v2\/posts"}],"about":[{"href":"https:\/\/oeilsportif.info\/index.php\/wp-json\/wp\/v2\/types\/post"}],"author":[{"embeddable":true,"href":"https:\/\/oeilsportif.info\/index.php\/wp-json\/wp\/v2\/users\/2"}],"replies":[{"embeddable":true,"href":"https:\/\/oeilsportif.info\/index.php\/wp-json\/wp\/v2\/comments?post=7771"}],"version-history":[{"count":0,"href":"https:\/\/oeilsportif.info\/index.php\/wp-json\/wp\/v2\/posts\/7771\/revisions"}],"wp:featuredmedia":[{"embeddable":true,"href":"https:\/\/oeilsportif.info\/index.php\/wp-json\/wp\/v2\/media\/7772"}],"wp:attachment":[{"href":"https:\/\/oeilsportif.info\/index.php\/wp-json\/wp\/v2\/media?parent=7771"}],"wp:term":[{"taxonomy":"category","embeddable":true,"href":"https:\/\/oeilsportif.info\/index.php\/wp-json\/wp\/v2\/categories?post=7771"},{"taxonomy":"post_tag","embeddable":true,"href":"https:\/\/oeilsportif.info\/index.php\/wp-json\/wp\/v2\/tags?post=7771"}],"curies":[{"name":"wp","href":"https:\/\/api.w.org\/{rel}","templated":true}]}}