{"id":7768,"date":"2025-07-24T12:46:14","date_gmt":"2025-07-24T12:46:14","guid":{"rendered":"https:\/\/oeilsportif.info\/?p=7768"},"modified":"2025-07-24T12:46:14","modified_gmt":"2025-07-24T12:46:14","slug":"afrobasket-feminin-2025-cap-sur-abidjan","status":"publish","type":"post","link":"https:\/\/oeilsportif.info\/index.php\/afrobasket-feminin-2025-cap-sur-abidjan\/","title":{"rendered":"Afrobasket F\u00e9minin 2025 : Cap sur Abidjan !"},"content":{"rendered":"<p><strong>L\u2019\u00e9dition 2025 de l\u2019Afrobasket F\u00e9minin se tiendra du 26 juillet au 3 ao\u00fbt au mythique Palais des Sports de Treichville, en plein c\u0153ur d\u2019Abidjan.<\/strong><\/p>\n<p>Cette grande messe du basketball f\u00e9minin africain r\u00e9unira les meilleures s\u00e9lections du continent pour une comp\u00e9tition de haut niveau. Les nations participantes s\u2019appr\u00eatent \u00e0 enflammer le parquet ivoirien, avec en ligne de mire le prestigieux troph\u00e9e continental.<\/p>\n<p>Parmi elles, le S\u00e9n\u00e9gal, l\u2019un des favoris historiques du tournoi, compte bien briller \u00e0 nouveau et d\u00e9fendre fi\u00e8rement ses couleurs.<\/p>\n<p>Rendez-vous dans la capitale \u00e9conomique ivoirienne pour dix jours de spectacle, de passion et d\u2019\u00e9motion.<\/p>\n","protected":false},"excerpt":{"rendered":"<p>L\u2019\u00e9dition 2025 de l\u2019Afrobasket F\u00e9minin se tiendra du 26 juillet au 3 ao\u00fbt au mythique Palais des Sports de Treichville, en plein c\u0153ur d\u2019Abidjan. Cette grande messe du basketball f\u00e9minin africain r\u00e9unira les meilleures s\u00e9lections du continent pour une comp\u00e9tition de haut niveau. Les nations participantes s\u2019appr\u00eatent \u00e0 enflammer le parquet ivoirien, avec en ligne [&hellip;]<\/p>\n","protected":false},"author":2,"featured_media":7769,"comment_status":"closed","ping_status":"closed","sticky":false,"template":"","format":"standard","meta":{"_jetpack_memberships_contains_paid_content":false,"footnotes":"","jetpack_publicize_message":"","jetpack_publicize_feature_enabled":true,"jetpack_social_post_already_shared":true,"jetpack_social_options":{"image_generator_settings":{"template":"highway","default_image_id":0,"font":"","enabled":false},"version":2}},"categories":[10,7],"tags":[],"class_list":{"0":"post-7768","1":"post","2":"type-post","3":"status-publish","4":"format-standard","5":"has-post-thumbnail","7":"category-actualite","8":"category-basketball"},"yoast_head":"<!-- This site is optimized with the Yoast SEO plugin v27.5 - https:\/\/yoast.com\/product\/yoast-seo-wordpress\/ -->\n<title>Afrobasket F\u00e9minin 2025 : Cap sur Abidjan ! - le regard du sportif<\/title>\n<meta name=\"robots\" content=\"index, follow, max-snippet:-1, max-image-preview:large, max-video-preview:-1\" \/>\n<link rel=\"canonical\" href=\"https:\/\/oeilsportif.info\/index.php\/afrobasket-feminin-2025-cap-sur-abidjan\/\" \/>\n<meta property=\"og:locale\" content=\"fr_FR\" \/>\n<meta property=\"og:type\" content=\"article\" \/>\n<meta property=\"og:title\" content=\"Afrobasket F\u00e9minin 2025 : Cap sur Abidjan ! - le regard du sportif\" \/>\n<meta property=\"og:description\" content=\"L\u2019\u00e9dition 2025 de l\u2019Afrobasket F\u00e9minin se tiendra du 26 juillet au 3 ao\u00fbt au mythique Palais des Sports de Treichville, en plein c\u0153ur d\u2019Abidjan. Cette grande messe du basketball f\u00e9minin africain r\u00e9unira les meilleures s\u00e9lections du continent pour une comp\u00e9tition de haut niveau. Les nations participantes s\u2019appr\u00eatent \u00e0 enflammer le parquet ivoirien, avec en ligne [&hellip;]\" \/>\n<meta property=\"og:url\" content=\"https:\/\/oeilsportif.info\/index.php\/afrobasket-feminin-2025-cap-sur-abidjan\/\" \/>\n<meta property=\"og:site_name\" content=\"le regard du sportif\" \/>\n<meta property=\"article:published_time\" content=\"2025-07-24T12:46:14+00:00\" \/>\n<meta property=\"og:image\" content=\"https:\/\/oeilsportif.info\/wp-content\/uploads\/2025\/07\/IMG_4713.jpeg\" \/>\n\t<meta property=\"og:image:width\" content=\"1280\" \/>\n\t<meta property=\"og:image:height\" content=\"960\" \/>\n\t<meta property=\"og:image:type\" content=\"image\/jpeg\" \/>\n<meta name=\"author\" content=\"L&#039;Equipe de la R\u00e9daction\" \/>\n<meta name=\"twitter:label1\" content=\"\u00c9crit par\" \/>\n\t<meta name=\"twitter:data1\" content=\"L&#039;Equipe de la R\u00e9daction\" \/>\n\t<meta name=\"twitter:label2\" content=\"Dur\u00e9e de lecture estim\u00e9e\" \/>\n\t<meta name=\"twitter:data2\" content=\"1 minute\" \/>\n<script type=\"application\/ld+json\" class=\"yoast-schema-graph\">{\"@context\":\"https:\\\/\\\/schema.org\",\"@graph\":[{\"@type\":\"Article\",\"@id\":\"https:\\\/\\\/oeilsportif.info\\\/index.php\\\/afrobasket-feminin-2025-cap-sur-abidjan\\\/#article\",\"isPartOf\":{\"@id\":\"https:\\\/\\\/oeilsportif.info\\\/index.php\\\/afrobasket-feminin-2025-cap-sur-abidjan\\\/\"},\"author\":{\"name\":\"L'Equipe de la R\u00e9daction\",\"@id\":\"https:\\\/\\\/oeilsportif.info\\\/#\\\/schema\\\/person\\\/cfbded294aa6095f7d96608d7905e9a1\"},\"headline\":\"Afrobasket F\u00e9minin 2025 : Cap sur Abidjan !\",\"datePublished\":\"2025-07-24T12:46:14+00:00\",\"mainEntityOfPage\":{\"@id\":\"https:\\\/\\\/oeilsportif.info\\\/index.php\\\/afrobasket-feminin-2025-cap-sur-abidjan\\\/\"},\"wordCount\":116,\"image\":{\"@id\":\"https:\\\/\\\/oeilsportif.info\\\/index.php\\\/afrobasket-feminin-2025-cap-sur-abidjan\\\/#primaryimage\"},\"thumbnailUrl\":\"https:\\\/\\\/i0.wp.com\\\/oeilsportif.info\\\/wp-content\\\/uploads\\\/2025\\\/07\\\/IMG_4713.jpeg?fit=1280%2C960&ssl=1\",\"articleSection\":[\"Actualit\u00e9\",\"Basketball\"],\"inLanguage\":\"fr-FR\"},{\"@type\":\"WebPage\",\"@id\":\"https:\\\/\\\/oeilsportif.info\\\/index.php\\\/afrobasket-feminin-2025-cap-sur-abidjan\\\/\",\"url\":\"https:\\\/\\\/oeilsportif.info\\\/index.php\\\/afrobasket-feminin-2025-cap-sur-abidjan\\\/\",\"name\":\"Afrobasket F\u00e9minin 2025 : Cap sur Abidjan ! - le regard du sportif\",\"isPartOf\":{\"@id\":\"https:\\\/\\\/oeilsportif.info\\\/#website\"},\"primaryImageOfPage\":{\"@id\":\"https:\\\/\\\/oeilsportif.info\\\/index.php\\\/afrobasket-feminin-2025-cap-sur-abidjan\\\/#primaryimage\"},\"image\":{\"@id\":\"https:\\\/\\\/oeilsportif.info\\\/index.php\\\/afrobasket-feminin-2025-cap-sur-abidjan\\\/#primaryimage\"},\"thumbnailUrl\":\"https:\\\/\\\/i0.wp.com\\\/oeilsportif.info\\\/wp-content\\\/uploads\\\/2025\\\/07\\\/IMG_4713.jpeg?fit=1280%2C960&ssl=1\",\"datePublished\":\"2025-07-24T12:46:14+00:00\",\"author\":{\"@id\":\"https:\\\/\\\/oeilsportif.info\\\/#\\\/schema\\\/person\\\/cfbded294aa6095f7d96608d7905e9a1\"},\"inLanguage\":\"fr-FR\",\"potentialAction\":[{\"@type\":\"ReadAction\",\"target\":[\"https:\\\/\\\/oeilsportif.info\\\/index.php\\\/afrobasket-feminin-2025-cap-sur-abidjan\\\/\"]}]},{\"@type\":\"ImageObject\",\"inLanguage\":\"fr-FR\",\"@id\":\"https:\\\/\\\/oeilsportif.info\\\/index.php\\\/afrobasket-feminin-2025-cap-sur-abidjan\\\/#primaryimage\",\"url\":\"https:\\\/\\\/i0.wp.com\\\/oeilsportif.info\\\/wp-content\\\/uploads\\\/2025\\\/07\\\/IMG_4713.jpeg?fit=1280%2C960&ssl=1\",\"contentUrl\":\"https:\\\/\\\/i0.wp.com\\\/oeilsportif.info\\\/wp-content\\\/uploads\\\/2025\\\/07\\\/IMG_4713.jpeg?fit=1280%2C960&ssl=1\",\"width\":1280,\"height\":960},{\"@type\":\"WebSite\",\"@id\":\"https:\\\/\\\/oeilsportif.info\\\/#website\",\"url\":\"https:\\\/\\\/oeilsportif.info\\\/\",\"name\":\"le regard du sportif\",\"description\":\"\",\"potentialAction\":[{\"@type\":\"SearchAction\",\"target\":{\"@type\":\"EntryPoint\",\"urlTemplate\":\"https:\\\/\\\/oeilsportif.info\\\/?s={search_term_string}\"},\"query-input\":{\"@type\":\"PropertyValueSpecification\",\"valueRequired\":true,\"valueName\":\"search_term_string\"}}],\"inLanguage\":\"fr-FR\"},{\"@type\":\"Person\",\"@id\":\"https:\\\/\\\/oeilsportif.info\\\/#\\\/schema\\\/person\\\/cfbded294aa6095f7d96608d7905e9a1\",\"name\":\"L'Equipe de la R\u00e9daction\",\"image\":{\"@type\":\"ImageObject\",\"inLanguage\":\"fr-FR\",\"@id\":\"https:\\\/\\\/oeilsportif.info\\\/wp-content\\\/uploads\\\/2025\\\/07\\\/cropped-cropped-logo-os-96x96.jpeg\",\"url\":\"https:\\\/\\\/oeilsportif.info\\\/wp-content\\\/uploads\\\/2025\\\/07\\\/cropped-cropped-logo-os-96x96.jpeg\",\"contentUrl\":\"https:\\\/\\\/oeilsportif.info\\\/wp-content\\\/uploads\\\/2025\\\/07\\\/cropped-cropped-logo-os-96x96.jpeg\",\"caption\":\"L'Equipe de la R\u00e9daction\"},\"url\":\"https:\\\/\\\/oeilsportif.info\\\/index.php\\\/author\\\/tawel\\\/\"}]}<\/script>\n<!-- \/ Yoast SEO plugin. -->","yoast_head_json":{"title":"Afrobasket F\u00e9minin 2025 : Cap sur Abidjan ! - le regard du sportif","robots":{"index":"index","follow":"follow","max-snippet":"max-snippet:-1","max-image-preview":"max-image-preview:large","max-video-preview":"max-video-preview:-1"},"canonical":"https:\/\/oeilsportif.info\/index.php\/afrobasket-feminin-2025-cap-sur-abidjan\/","og_locale":"fr_FR","og_type":"article","og_title":"Afrobasket F\u00e9minin 2025 : Cap sur Abidjan ! - le regard du sportif","og_description":"L\u2019\u00e9dition 2025 de l\u2019Afrobasket F\u00e9minin se tiendra du 26 juillet au 3 ao\u00fbt au mythique Palais des Sports de Treichville, en plein c\u0153ur d\u2019Abidjan. Cette grande messe du basketball f\u00e9minin africain r\u00e9unira les meilleures s\u00e9lections du continent pour une comp\u00e9tition de haut niveau. Les nations participantes s\u2019appr\u00eatent \u00e0 enflammer le parquet ivoirien, avec en ligne [&hellip;]","og_url":"https:\/\/oeilsportif.info\/index.php\/afrobasket-feminin-2025-cap-sur-abidjan\/","og_site_name":"le regard du sportif","article_published_time":"2025-07-24T12:46:14+00:00","og_image":[{"width":1280,"height":960,"url":"https:\/\/oeilsportif.info\/wp-content\/uploads\/2025\/07\/IMG_4713.jpeg","type":"image\/jpeg"}],"author":"L'Equipe de la R\u00e9daction","twitter_misc":{"\u00c9crit par":"L'Equipe de la R\u00e9daction","Dur\u00e9e de lecture estim\u00e9e":"1 minute"},"schema":{"@context":"https:\/\/schema.org","@graph":[{"@type":"Article","@id":"https:\/\/oeilsportif.info\/index.php\/afrobasket-feminin-2025-cap-sur-abidjan\/#article","isPartOf":{"@id":"https:\/\/oeilsportif.info\/index.php\/afrobasket-feminin-2025-cap-sur-abidjan\/"},"author":{"name":"L'Equipe de la R\u00e9daction","@id":"https:\/\/oeilsportif.info\/#\/schema\/person\/cfbded294aa6095f7d96608d7905e9a1"},"headline":"Afrobasket F\u00e9minin 2025 : Cap sur Abidjan !","datePublished":"2025-07-24T12:46:14+00:00","mainEntityOfPage":{"@id":"https:\/\/oeilsportif.info\/index.php\/afrobasket-feminin-2025-cap-sur-abidjan\/"},"wordCount":116,"image":{"@id":"https:\/\/oeilsportif.info\/index.php\/afrobasket-feminin-2025-cap-sur-abidjan\/#primaryimage"},"thumbnailUrl":"https:\/\/i0.wp.com\/oeilsportif.info\/wp-content\/uploads\/2025\/07\/IMG_4713.jpeg?fit=1280%2C960&ssl=1","articleSection":["Actualit\u00e9","Basketball"],"inLanguage":"fr-FR"},{"@type":"WebPage","@id":"https:\/\/oeilsportif.info\/index.php\/afrobasket-feminin-2025-cap-sur-abidjan\/","url":"https:\/\/oeilsportif.info\/index.php\/afrobasket-feminin-2025-cap-sur-abidjan\/","name":"Afrobasket F\u00e9minin 2025 : Cap sur Abidjan ! - le regard du sportif","isPartOf":{"@id":"https:\/\/oeilsportif.info\/#website"},"primaryImageOfPage":{"@id":"https:\/\/oeilsportif.info\/index.php\/afrobasket-feminin-2025-cap-sur-abidjan\/#primaryimage"},"image":{"@id":"https:\/\/oeilsportif.info\/index.php\/afrobasket-feminin-2025-cap-sur-abidjan\/#primaryimage"},"thumbnailUrl":"https:\/\/i0.wp.com\/oeilsportif.info\/wp-content\/uploads\/2025\/07\/IMG_4713.jpeg?fit=1280%2C960&ssl=1","datePublished":"2025-07-24T12:46:14+00:00","author":{"@id":"https:\/\/oeilsportif.info\/#\/schema\/person\/cfbded294aa6095f7d96608d7905e9a1"},"inLanguage":"fr-FR","potentialAction":[{"@type":"ReadAction","target":["https:\/\/oeilsportif.info\/index.php\/afrobasket-feminin-2025-cap-sur-abidjan\/"]}]},{"@type":"ImageObject","inLanguage":"fr-FR","@id":"https:\/\/oeilsportif.info\/index.php\/afrobasket-feminin-2025-cap-sur-abidjan\/#primaryimage","url":"https:\/\/i0.wp.com\/oeilsportif.info\/wp-content\/uploads\/2025\/07\/IMG_4713.jpeg?fit=1280%2C960&ssl=1","contentUrl":"https:\/\/i0.wp.com\/oeilsportif.info\/wp-content\/uploads\/2025\/07\/IMG_4713.jpeg?fit=1280%2C960&ssl=1","width":1280,"height":960},{"@type":"WebSite","@id":"https:\/\/oeilsportif.info\/#website","url":"https:\/\/oeilsportif.info\/","name":"le regard du sportif","description":"","potentialAction":[{"@type":"SearchAction","target":{"@type":"EntryPoint","urlTemplate":"https:\/\/oeilsportif.info\/?s={search_term_string}"},"query-input":{"@type":"PropertyValueSpecification","valueRequired":true,"valueName":"search_term_string"}}],"inLanguage":"fr-FR"},{"@type":"Person","@id":"https:\/\/oeilsportif.info\/#\/schema\/person\/cfbded294aa6095f7d96608d7905e9a1","name":"L'Equipe de la R\u00e9daction","image":{"@type":"ImageObject","inLanguage":"fr-FR","@id":"https:\/\/oeilsportif.info\/wp-content\/uploads\/2025\/07\/cropped-cropped-logo-os-96x96.jpeg","url":"https:\/\/oeilsportif.info\/wp-content\/uploads\/2025\/07\/cropped-cropped-logo-os-96x96.jpeg","contentUrl":"https:\/\/oeilsportif.info\/wp-content\/uploads\/2025\/07\/cropped-cropped-logo-os-96x96.jpeg","caption":"L'Equipe de la R\u00e9daction"},"url":"https:\/\/oeilsportif.info\/index.php\/author\/tawel\/"}]}},"jetpack_publicize_connections":[],"jetpack_featured_media_url":"https:\/\/i0.wp.com\/oeilsportif.info\/wp-content\/uploads\/2025\/07\/IMG_4713.jpeg?fit=1280%2C960&ssl=1","jetpack-related-posts":[],"jetpack_sharing_enabled":true,"jetpack_likes_enabled":true,"jetpack_shortlink":"https:\/\/wp.me\/pgFE77-21i","_links":{"self":[{"href":"https:\/\/oeilsportif.info\/index.php\/wp-json\/wp\/v2\/posts\/7768","targetHints":{"allow":["GET"]}}],"collection":[{"href":"https:\/\/oeilsportif.info\/index.php\/wp-json\/wp\/v2\/posts"}],"about":[{"href":"https:\/\/oeilsportif.info\/index.php\/wp-json\/wp\/v2\/types\/post"}],"author":[{"embeddable":true,"href":"https:\/\/oeilsportif.info\/index.php\/wp-json\/wp\/v2\/users\/2"}],"replies":[{"embeddable":true,"href":"https:\/\/oeilsportif.info\/index.php\/wp-json\/wp\/v2\/comments?post=7768"}],"version-history":[{"count":0,"href":"https:\/\/oeilsportif.info\/index.php\/wp-json\/wp\/v2\/posts\/7768\/revisions"}],"wp:featuredmedia":[{"embeddable":true,"href":"https:\/\/oeilsportif.info\/index.php\/wp-json\/wp\/v2\/media\/7769"}],"wp:attachment":[{"href":"https:\/\/oeilsportif.info\/index.php\/wp-json\/wp\/v2\/media?parent=7768"}],"wp:term":[{"taxonomy":"category","embeddable":true,"href":"https:\/\/oeilsportif.info\/index.php\/wp-json\/wp\/v2\/categories?post=7768"},{"taxonomy":"post_tag","embeddable":true,"href":"https:\/\/oeilsportif.info\/index.php\/wp-json\/wp\/v2\/tags?post=7768"}],"curies":[{"name":"wp","href":"https:\/\/api.w.org\/{rel}","templated":true}]}}