{"id":7482,"date":"2025-05-31T08:59:15","date_gmt":"2025-05-31T08:59:15","guid":{"rendered":"https:\/\/oeilsportif.info\/index.php\/?p=7482"},"modified":"2025-05-31T08:59:15","modified_gmt":"2025-05-31T08:59:15","slug":"le-president-paye-camara-preside-le-tournoi-kalon-breizh-cup","status":"publish","type":"post","link":"https:\/\/oeilsportif.info\/index.php\/le-president-paye-camara-preside-le-tournoi-kalon-breizh-cup\/","title":{"rendered":"Le Pr\u00e9sident Paye Camara pr\u00e9side le Tournoi Kalon Breizh Cup :"},"content":{"rendered":"<p>&nbsp;<\/p>\n<p><strong>Le Pr\u00e9sident de la F\u00e9d\u00e9ration Guin\u00e9enne de Handball, le G\u00e9n\u00e9ral Mamadou Paye Camara, est actuellement \u00e0 Pontivy, en France, o\u00f9 il pr\u00e9side la 5\u1d49 \u00e9dition du Tournoi Kalon Breizh Cup, qui se d\u00e9roule du 30 au 31 mai 2025 dans le Centre Bretagne.<\/strong><\/p>\n<p>Invit\u00e9 d\u2019honneur de ce grand rendez-vous du handball, le G\u00e9n\u00e9ral Paye Camara a rencontr\u00e9 plusieurs responsables sportifs avec lesquels il a \u00e9chang\u00e9 sur la participation des \u00e9quipes guin\u00e9ennes \u00e0 la prochaine \u00e9dition du tournoi.<\/p>\n<p>Le mod\u00e8le de r\u00e9ussite du handball guin\u00e9en a \u00e9t\u00e9 salu\u00e9 et mis en valeur lors de cette \u00e9dition du Tournoi Kalon Breizh Cup, qui r\u00e9unit cette ann\u00e9e 1 200 athl\u00e8tes, 56 arbitres et 28 formateurs d\u2019arbitres.<\/p>\n<p>Le concept Kalon 2025 comprend quatre volets majeurs, m\u00ealant enjeux sportifs et soci\u00e9taux : un tournoi traditionnel, une formation de jeunes arbitres, un colloque d\u2019entra\u00eeneurs, ainsi qu\u2019une op\u00e9ration d\u2019\u00e9changes internationaux.<\/p>\n<p><strong>FEGUIHAND<\/strong><\/p>\n","protected":false},"excerpt":{"rendered":"<p>&nbsp; Le Pr\u00e9sident de la F\u00e9d\u00e9ration Guin\u00e9enne de Handball, le G\u00e9n\u00e9ral Mamadou Paye Camara, est actuellement \u00e0 Pontivy, en France, o\u00f9 il pr\u00e9side la 5\u1d49 \u00e9dition du Tournoi Kalon Breizh Cup, qui se d\u00e9roule du 30 au 31 mai 2025 dans le Centre Bretagne. Invit\u00e9 d\u2019honneur de ce grand rendez-vous du handball, le G\u00e9n\u00e9ral Paye [&hellip;]<\/p>\n","protected":false},"author":2,"featured_media":7483,"comment_status":"closed","ping_status":"closed","sticky":false,"template":"","format":"standard","meta":{"_jetpack_memberships_contains_paid_content":false,"footnotes":"","jetpack_publicize_message":"","jetpack_publicize_feature_enabled":true,"jetpack_social_post_already_shared":true,"jetpack_social_options":{"image_generator_settings":{"template":"highway","default_image_id":0,"font":"","enabled":false},"version":2}},"categories":[10,6],"tags":[],"class_list":{"0":"post-7482","1":"post","2":"type-post","3":"status-publish","4":"format-standard","5":"has-post-thumbnail","7":"category-actualite","8":"category-handball"},"yoast_head":"<!-- This site is optimized with the Yoast SEO plugin v27.5 - https:\/\/yoast.com\/product\/yoast-seo-wordpress\/ -->\n<title>Le Pr\u00e9sident Paye Camara pr\u00e9side le Tournoi Kalon Breizh Cup : - le regard du sportif<\/title>\n<meta name=\"robots\" content=\"index, follow, max-snippet:-1, max-image-preview:large, max-video-preview:-1\" \/>\n<link rel=\"canonical\" href=\"https:\/\/oeilsportif.info\/index.php\/le-president-paye-camara-preside-le-tournoi-kalon-breizh-cup\/\" \/>\n<meta property=\"og:locale\" content=\"fr_FR\" \/>\n<meta property=\"og:type\" content=\"article\" \/>\n<meta property=\"og:title\" content=\"Le Pr\u00e9sident Paye Camara pr\u00e9side le Tournoi Kalon Breizh Cup : - le regard du sportif\" \/>\n<meta property=\"og:description\" content=\"&nbsp; Le Pr\u00e9sident de la F\u00e9d\u00e9ration Guin\u00e9enne de Handball, le G\u00e9n\u00e9ral Mamadou Paye Camara, est actuellement \u00e0 Pontivy, en France, o\u00f9 il pr\u00e9side la 5\u1d49 \u00e9dition du Tournoi Kalon Breizh Cup, qui se d\u00e9roule du 30 au 31 mai 2025 dans le Centre Bretagne. Invit\u00e9 d\u2019honneur de ce grand rendez-vous du handball, le G\u00e9n\u00e9ral Paye [&hellip;]\" \/>\n<meta property=\"og:url\" content=\"https:\/\/oeilsportif.info\/index.php\/le-president-paye-camara-preside-le-tournoi-kalon-breizh-cup\/\" \/>\n<meta property=\"og:site_name\" content=\"le regard du sportif\" \/>\n<meta property=\"article:published_time\" content=\"2025-05-31T08:59:15+00:00\" \/>\n<meta property=\"og:image\" content=\"https:\/\/oeilsportif.info\/wp-content\/uploads\/2025\/05\/IMG_3136.jpeg\" \/>\n\t<meta property=\"og:image:width\" content=\"1200\" \/>\n\t<meta property=\"og:image:height\" content=\"946\" \/>\n\t<meta property=\"og:image:type\" content=\"image\/jpeg\" \/>\n<meta name=\"author\" content=\"L&#039;Equipe de la R\u00e9daction\" \/>\n<meta name=\"twitter:label1\" content=\"\u00c9crit par\" \/>\n\t<meta name=\"twitter:data1\" content=\"L&#039;Equipe de la R\u00e9daction\" \/>\n\t<meta name=\"twitter:label2\" content=\"Dur\u00e9e de lecture estim\u00e9e\" \/>\n\t<meta name=\"twitter:data2\" content=\"1 minute\" \/>\n<script type=\"application\/ld+json\" class=\"yoast-schema-graph\">{\"@context\":\"https:\\\/\\\/schema.org\",\"@graph\":[{\"@type\":\"Article\",\"@id\":\"https:\\\/\\\/oeilsportif.info\\\/index.php\\\/le-president-paye-camara-preside-le-tournoi-kalon-breizh-cup\\\/#article\",\"isPartOf\":{\"@id\":\"https:\\\/\\\/oeilsportif.info\\\/index.php\\\/le-president-paye-camara-preside-le-tournoi-kalon-breizh-cup\\\/\"},\"author\":{\"name\":\"L'Equipe de la R\u00e9daction\",\"@id\":\"https:\\\/\\\/oeilsportif.info\\\/#\\\/schema\\\/person\\\/cfbded294aa6095f7d96608d7905e9a1\"},\"headline\":\"Le Pr\u00e9sident Paye Camara pr\u00e9side le Tournoi Kalon Breizh Cup :\",\"datePublished\":\"2025-05-31T08:59:15+00:00\",\"mainEntityOfPage\":{\"@id\":\"https:\\\/\\\/oeilsportif.info\\\/index.php\\\/le-president-paye-camara-preside-le-tournoi-kalon-breizh-cup\\\/\"},\"wordCount\":171,\"image\":{\"@id\":\"https:\\\/\\\/oeilsportif.info\\\/index.php\\\/le-president-paye-camara-preside-le-tournoi-kalon-breizh-cup\\\/#primaryimage\"},\"thumbnailUrl\":\"https:\\\/\\\/i0.wp.com\\\/oeilsportif.info\\\/wp-content\\\/uploads\\\/2025\\\/05\\\/IMG_3136.jpeg?fit=1200%2C946&ssl=1\",\"articleSection\":[\"Actualit\u00e9\",\"Handball\"],\"inLanguage\":\"fr-FR\"},{\"@type\":\"WebPage\",\"@id\":\"https:\\\/\\\/oeilsportif.info\\\/index.php\\\/le-president-paye-camara-preside-le-tournoi-kalon-breizh-cup\\\/\",\"url\":\"https:\\\/\\\/oeilsportif.info\\\/index.php\\\/le-president-paye-camara-preside-le-tournoi-kalon-breizh-cup\\\/\",\"name\":\"Le Pr\u00e9sident Paye Camara pr\u00e9side le Tournoi Kalon Breizh Cup : - le regard du sportif\",\"isPartOf\":{\"@id\":\"https:\\\/\\\/oeilsportif.info\\\/#website\"},\"primaryImageOfPage\":{\"@id\":\"https:\\\/\\\/oeilsportif.info\\\/index.php\\\/le-president-paye-camara-preside-le-tournoi-kalon-breizh-cup\\\/#primaryimage\"},\"image\":{\"@id\":\"https:\\\/\\\/oeilsportif.info\\\/index.php\\\/le-president-paye-camara-preside-le-tournoi-kalon-breizh-cup\\\/#primaryimage\"},\"thumbnailUrl\":\"https:\\\/\\\/i0.wp.com\\\/oeilsportif.info\\\/wp-content\\\/uploads\\\/2025\\\/05\\\/IMG_3136.jpeg?fit=1200%2C946&ssl=1\",\"datePublished\":\"2025-05-31T08:59:15+00:00\",\"author\":{\"@id\":\"https:\\\/\\\/oeilsportif.info\\\/#\\\/schema\\\/person\\\/cfbded294aa6095f7d96608d7905e9a1\"},\"inLanguage\":\"fr-FR\",\"potentialAction\":[{\"@type\":\"ReadAction\",\"target\":[\"https:\\\/\\\/oeilsportif.info\\\/index.php\\\/le-president-paye-camara-preside-le-tournoi-kalon-breizh-cup\\\/\"]}]},{\"@type\":\"ImageObject\",\"inLanguage\":\"fr-FR\",\"@id\":\"https:\\\/\\\/oeilsportif.info\\\/index.php\\\/le-president-paye-camara-preside-le-tournoi-kalon-breizh-cup\\\/#primaryimage\",\"url\":\"https:\\\/\\\/i0.wp.com\\\/oeilsportif.info\\\/wp-content\\\/uploads\\\/2025\\\/05\\\/IMG_3136.jpeg?fit=1200%2C946&ssl=1\",\"contentUrl\":\"https:\\\/\\\/i0.wp.com\\\/oeilsportif.info\\\/wp-content\\\/uploads\\\/2025\\\/05\\\/IMG_3136.jpeg?fit=1200%2C946&ssl=1\",\"width\":1200,\"height\":946},{\"@type\":\"WebSite\",\"@id\":\"https:\\\/\\\/oeilsportif.info\\\/#website\",\"url\":\"https:\\\/\\\/oeilsportif.info\\\/\",\"name\":\"le regard du sportif\",\"description\":\"\",\"potentialAction\":[{\"@type\":\"SearchAction\",\"target\":{\"@type\":\"EntryPoint\",\"urlTemplate\":\"https:\\\/\\\/oeilsportif.info\\\/?s={search_term_string}\"},\"query-input\":{\"@type\":\"PropertyValueSpecification\",\"valueRequired\":true,\"valueName\":\"search_term_string\"}}],\"inLanguage\":\"fr-FR\"},{\"@type\":\"Person\",\"@id\":\"https:\\\/\\\/oeilsportif.info\\\/#\\\/schema\\\/person\\\/cfbded294aa6095f7d96608d7905e9a1\",\"name\":\"L'Equipe de la R\u00e9daction\",\"image\":{\"@type\":\"ImageObject\",\"inLanguage\":\"fr-FR\",\"@id\":\"https:\\\/\\\/oeilsportif.info\\\/wp-content\\\/uploads\\\/2025\\\/07\\\/cropped-cropped-logo-os-96x96.jpeg\",\"url\":\"https:\\\/\\\/oeilsportif.info\\\/wp-content\\\/uploads\\\/2025\\\/07\\\/cropped-cropped-logo-os-96x96.jpeg\",\"contentUrl\":\"https:\\\/\\\/oeilsportif.info\\\/wp-content\\\/uploads\\\/2025\\\/07\\\/cropped-cropped-logo-os-96x96.jpeg\",\"caption\":\"L'Equipe de la R\u00e9daction\"},\"url\":\"https:\\\/\\\/oeilsportif.info\\\/index.php\\\/author\\\/tawel\\\/\"}]}<\/script>\n<!-- \/ Yoast SEO plugin. -->","yoast_head_json":{"title":"Le Pr\u00e9sident Paye Camara pr\u00e9side le Tournoi Kalon Breizh Cup : - le regard du sportif","robots":{"index":"index","follow":"follow","max-snippet":"max-snippet:-1","max-image-preview":"max-image-preview:large","max-video-preview":"max-video-preview:-1"},"canonical":"https:\/\/oeilsportif.info\/index.php\/le-president-paye-camara-preside-le-tournoi-kalon-breizh-cup\/","og_locale":"fr_FR","og_type":"article","og_title":"Le Pr\u00e9sident Paye Camara pr\u00e9side le Tournoi Kalon Breizh Cup : - le regard du sportif","og_description":"&nbsp; Le Pr\u00e9sident de la F\u00e9d\u00e9ration Guin\u00e9enne de Handball, le G\u00e9n\u00e9ral Mamadou Paye Camara, est actuellement \u00e0 Pontivy, en France, o\u00f9 il pr\u00e9side la 5\u1d49 \u00e9dition du Tournoi Kalon Breizh Cup, qui se d\u00e9roule du 30 au 31 mai 2025 dans le Centre Bretagne. Invit\u00e9 d\u2019honneur de ce grand rendez-vous du handball, le G\u00e9n\u00e9ral Paye [&hellip;]","og_url":"https:\/\/oeilsportif.info\/index.php\/le-president-paye-camara-preside-le-tournoi-kalon-breizh-cup\/","og_site_name":"le regard du sportif","article_published_time":"2025-05-31T08:59:15+00:00","og_image":[{"width":1200,"height":946,"url":"https:\/\/oeilsportif.info\/wp-content\/uploads\/2025\/05\/IMG_3136.jpeg","type":"image\/jpeg"}],"author":"L'Equipe de la R\u00e9daction","twitter_misc":{"\u00c9crit par":"L'Equipe de la R\u00e9daction","Dur\u00e9e de lecture estim\u00e9e":"1 minute"},"schema":{"@context":"https:\/\/schema.org","@graph":[{"@type":"Article","@id":"https:\/\/oeilsportif.info\/index.php\/le-president-paye-camara-preside-le-tournoi-kalon-breizh-cup\/#article","isPartOf":{"@id":"https:\/\/oeilsportif.info\/index.php\/le-president-paye-camara-preside-le-tournoi-kalon-breizh-cup\/"},"author":{"name":"L'Equipe de la R\u00e9daction","@id":"https:\/\/oeilsportif.info\/#\/schema\/person\/cfbded294aa6095f7d96608d7905e9a1"},"headline":"Le Pr\u00e9sident Paye Camara pr\u00e9side le Tournoi Kalon Breizh Cup :","datePublished":"2025-05-31T08:59:15+00:00","mainEntityOfPage":{"@id":"https:\/\/oeilsportif.info\/index.php\/le-president-paye-camara-preside-le-tournoi-kalon-breizh-cup\/"},"wordCount":171,"image":{"@id":"https:\/\/oeilsportif.info\/index.php\/le-president-paye-camara-preside-le-tournoi-kalon-breizh-cup\/#primaryimage"},"thumbnailUrl":"https:\/\/i0.wp.com\/oeilsportif.info\/wp-content\/uploads\/2025\/05\/IMG_3136.jpeg?fit=1200%2C946&ssl=1","articleSection":["Actualit\u00e9","Handball"],"inLanguage":"fr-FR"},{"@type":"WebPage","@id":"https:\/\/oeilsportif.info\/index.php\/le-president-paye-camara-preside-le-tournoi-kalon-breizh-cup\/","url":"https:\/\/oeilsportif.info\/index.php\/le-president-paye-camara-preside-le-tournoi-kalon-breizh-cup\/","name":"Le Pr\u00e9sident Paye Camara pr\u00e9side le Tournoi Kalon Breizh Cup : - le regard du sportif","isPartOf":{"@id":"https:\/\/oeilsportif.info\/#website"},"primaryImageOfPage":{"@id":"https:\/\/oeilsportif.info\/index.php\/le-president-paye-camara-preside-le-tournoi-kalon-breizh-cup\/#primaryimage"},"image":{"@id":"https:\/\/oeilsportif.info\/index.php\/le-president-paye-camara-preside-le-tournoi-kalon-breizh-cup\/#primaryimage"},"thumbnailUrl":"https:\/\/i0.wp.com\/oeilsportif.info\/wp-content\/uploads\/2025\/05\/IMG_3136.jpeg?fit=1200%2C946&ssl=1","datePublished":"2025-05-31T08:59:15+00:00","author":{"@id":"https:\/\/oeilsportif.info\/#\/schema\/person\/cfbded294aa6095f7d96608d7905e9a1"},"inLanguage":"fr-FR","potentialAction":[{"@type":"ReadAction","target":["https:\/\/oeilsportif.info\/index.php\/le-president-paye-camara-preside-le-tournoi-kalon-breizh-cup\/"]}]},{"@type":"ImageObject","inLanguage":"fr-FR","@id":"https:\/\/oeilsportif.info\/index.php\/le-president-paye-camara-preside-le-tournoi-kalon-breizh-cup\/#primaryimage","url":"https:\/\/i0.wp.com\/oeilsportif.info\/wp-content\/uploads\/2025\/05\/IMG_3136.jpeg?fit=1200%2C946&ssl=1","contentUrl":"https:\/\/i0.wp.com\/oeilsportif.info\/wp-content\/uploads\/2025\/05\/IMG_3136.jpeg?fit=1200%2C946&ssl=1","width":1200,"height":946},{"@type":"WebSite","@id":"https:\/\/oeilsportif.info\/#website","url":"https:\/\/oeilsportif.info\/","name":"le regard du sportif","description":"","potentialAction":[{"@type":"SearchAction","target":{"@type":"EntryPoint","urlTemplate":"https:\/\/oeilsportif.info\/?s={search_term_string}"},"query-input":{"@type":"PropertyValueSpecification","valueRequired":true,"valueName":"search_term_string"}}],"inLanguage":"fr-FR"},{"@type":"Person","@id":"https:\/\/oeilsportif.info\/#\/schema\/person\/cfbded294aa6095f7d96608d7905e9a1","name":"L'Equipe de la R\u00e9daction","image":{"@type":"ImageObject","inLanguage":"fr-FR","@id":"https:\/\/oeilsportif.info\/wp-content\/uploads\/2025\/07\/cropped-cropped-logo-os-96x96.jpeg","url":"https:\/\/oeilsportif.info\/wp-content\/uploads\/2025\/07\/cropped-cropped-logo-os-96x96.jpeg","contentUrl":"https:\/\/oeilsportif.info\/wp-content\/uploads\/2025\/07\/cropped-cropped-logo-os-96x96.jpeg","caption":"L'Equipe de la R\u00e9daction"},"url":"https:\/\/oeilsportif.info\/index.php\/author\/tawel\/"}]}},"jetpack_publicize_connections":[],"jetpack_featured_media_url":"https:\/\/i0.wp.com\/oeilsportif.info\/wp-content\/uploads\/2025\/05\/IMG_3136.jpeg?fit=1200%2C946&ssl=1","jetpack-related-posts":[],"jetpack_sharing_enabled":true,"jetpack_likes_enabled":true,"jetpack_shortlink":"https:\/\/wp.me\/pgFE77-1WG","_links":{"self":[{"href":"https:\/\/oeilsportif.info\/index.php\/wp-json\/wp\/v2\/posts\/7482","targetHints":{"allow":["GET"]}}],"collection":[{"href":"https:\/\/oeilsportif.info\/index.php\/wp-json\/wp\/v2\/posts"}],"about":[{"href":"https:\/\/oeilsportif.info\/index.php\/wp-json\/wp\/v2\/types\/post"}],"author":[{"embeddable":true,"href":"https:\/\/oeilsportif.info\/index.php\/wp-json\/wp\/v2\/users\/2"}],"replies":[{"embeddable":true,"href":"https:\/\/oeilsportif.info\/index.php\/wp-json\/wp\/v2\/comments?post=7482"}],"version-history":[{"count":0,"href":"https:\/\/oeilsportif.info\/index.php\/wp-json\/wp\/v2\/posts\/7482\/revisions"}],"wp:featuredmedia":[{"embeddable":true,"href":"https:\/\/oeilsportif.info\/index.php\/wp-json\/wp\/v2\/media\/7483"}],"wp:attachment":[{"href":"https:\/\/oeilsportif.info\/index.php\/wp-json\/wp\/v2\/media?parent=7482"}],"wp:term":[{"taxonomy":"category","embeddable":true,"href":"https:\/\/oeilsportif.info\/index.php\/wp-json\/wp\/v2\/categories?post=7482"},{"taxonomy":"post_tag","embeddable":true,"href":"https:\/\/oeilsportif.info\/index.php\/wp-json\/wp\/v2\/tags?post=7482"}],"curies":[{"name":"wp","href":"https:\/\/api.w.org\/{rel}","templated":true}]}}