{"id":746,"date":"2022-06-08T15:25:27","date_gmt":"2022-06-08T15:25:27","guid":{"rendered":"https:\/\/oeilsportif.info\/index.php\/?p=746"},"modified":"2022-06-08T15:25:27","modified_gmt":"2022-06-08T15:25:27","slug":"african-youth-cup-nous-avons-bien-prepare-ce-tournoi-dixit-mbemba-sylla-lentraineur-de-lequipe-reserve-du-hafia-fc","status":"publish","type":"post","link":"https:\/\/oeilsportif.info\/index.php\/african-youth-cup-nous-avons-bien-prepare-ce-tournoi-dixit-mbemba-sylla-lentraineur-de-lequipe-reserve-du-hafia-fc\/","title":{"rendered":"AFRICAN YOUTH CUP : \u00ab Nous avons bien pr\u00e9par\u00e9 ce tournoi ! \u00bb dixit, M\u2019bemba Sylla, l\u2019entra\u00eeneur de l\u2019\u00e9quipe r\u00e9serve du Hafia FC"},"content":{"rendered":"<p><strong>Ce jeudi 09 juin 2022 \u00e0 08H l\u2019\u00e9quipe r\u00e9serve du Hafia Football Club du Pr\u00e9sident KPC, joue son premier match du tournoi International de d\u00e9tection de Football U-18 qui verra la participation de huit (8) Acad\u00e9mies du continent dont 4 acad\u00e9mies guin\u00e9enne et 4 autres acad\u00e9mies de la sous-r\u00e9gion Ouest africaine du 09 au 13 juin 2022 \u00e0 Conakry.<\/strong><\/p>\n<p>A quelques heures de ce tournoi, nous avons rencontr\u00e9 l\u2019entra\u00eeneur de l\u2019\u00e9quipe r\u00e9serve du Hafia Football Club pour nous parler des pr\u00e9paratifs, l\u2019objectif et l\u2019\u00e9tat d\u2019esprit de son groupe avant son premier match dans ce tournoi contre le SOAR ACAD\u00c9MIE . Coach, M\u2019bemba Sylla Ben <strong>:\u00ab Nous avons bien pr\u00e9par\u00e9 ce tournoi, je pense que nous sommes pr\u00eats pour bien aborder ce tournoi. Pour l\u2019heure tous les joueurs sont aptes pour disputer cette comp\u00e9tition. \u00bb<\/strong> A-t-il d\u00e9clar\u00e9, avant de parler l\u2019objectif de son \u00e9quipe<strong> : \u00ab notre objectif c\u2019est de gagner le premier match contre le SOAR ACAD\u00c9MIE, ensuite remporter le second match, et une fois en finale, l\u2019objectif c\u2019est d\u2019avoir le troph\u00e9e (\u2026)\u00bb A-t-i<\/strong>l conclu.<\/p>\n<p>Dans ce tournoi, l\u2019\u00e9quipe junior du Hafia d\u00e9marre face au SOAR ACAD\u00c9MIE, et le second match sera contre Ivoire Acad\u00e9mie.<\/p>\n<p>&nbsp;<\/p>\n<p><strong>Mohamed Tawel Camara\u00a0<\/strong><\/p>\n","protected":false},"excerpt":{"rendered":"<p>Ce jeudi 09 juin 2022 \u00e0 08H l\u2019\u00e9quipe r\u00e9serve du Hafia Football Club du Pr\u00e9sident KPC, joue son premier match du tournoi International de d\u00e9tection de Football U-18 qui verra la participation de huit (8) Acad\u00e9mies du continent dont 4 acad\u00e9mies guin\u00e9enne et 4 autres acad\u00e9mies de la sous-r\u00e9gion Ouest africaine du 09 au 13 [&hellip;]<\/p>\n","protected":false},"author":2,"featured_media":747,"comment_status":"closed","ping_status":"open","sticky":false,"template":"","format":"standard","meta":{"_jetpack_memberships_contains_paid_content":false,"footnotes":"","jetpack_publicize_message":"","jetpack_publicize_feature_enabled":true,"jetpack_social_post_already_shared":true,"jetpack_social_options":{"image_generator_settings":{"template":"highway","default_image_id":0,"font":"","enabled":false},"version":2}},"categories":[5],"tags":[],"class_list":{"0":"post-746","1":"post","2":"type-post","3":"status-publish","4":"format-standard","5":"has-post-thumbnail","7":"category-football"},"yoast_head":"<!-- This site is optimized with the Yoast SEO plugin v27.5 - https:\/\/yoast.com\/product\/yoast-seo-wordpress\/ -->\n<title>AFRICAN YOUTH CUP : \u00ab Nous avons bien pr\u00e9par\u00e9 ce tournoi ! \u00bb dixit, M\u2019bemba Sylla, l\u2019entra\u00eeneur de l\u2019\u00e9quipe r\u00e9serve du Hafia FC - le regard du sportif<\/title>\n<meta name=\"robots\" content=\"index, follow, max-snippet:-1, max-image-preview:large, max-video-preview:-1\" \/>\n<link rel=\"canonical\" href=\"https:\/\/oeilsportif.info\/index.php\/african-youth-cup-nous-avons-bien-prepare-ce-tournoi-dixit-mbemba-sylla-lentraineur-de-lequipe-reserve-du-hafia-fc\/\" \/>\n<meta property=\"og:locale\" content=\"fr_FR\" \/>\n<meta property=\"og:type\" content=\"article\" \/>\n<meta property=\"og:title\" content=\"AFRICAN YOUTH CUP : \u00ab Nous avons bien pr\u00e9par\u00e9 ce tournoi ! \u00bb dixit, M\u2019bemba Sylla, l\u2019entra\u00eeneur de l\u2019\u00e9quipe r\u00e9serve du Hafia FC - le regard du sportif\" \/>\n<meta property=\"og:description\" content=\"Ce jeudi 09 juin 2022 \u00e0 08H l\u2019\u00e9quipe r\u00e9serve du Hafia Football Club du Pr\u00e9sident KPC, joue son premier match du tournoi International de d\u00e9tection de Football U-18 qui verra la participation de huit (8) Acad\u00e9mies du continent dont 4 acad\u00e9mies guin\u00e9enne et 4 autres acad\u00e9mies de la sous-r\u00e9gion Ouest africaine du 09 au 13 [&hellip;]\" \/>\n<meta property=\"og:url\" content=\"https:\/\/oeilsportif.info\/index.php\/african-youth-cup-nous-avons-bien-prepare-ce-tournoi-dixit-mbemba-sylla-lentraineur-de-lequipe-reserve-du-hafia-fc\/\" \/>\n<meta property=\"og:site_name\" content=\"le regard du sportif\" \/>\n<meta property=\"article:published_time\" content=\"2022-06-08T15:25:27+00:00\" \/>\n<meta property=\"og:image\" content=\"https:\/\/oeilsportif.info\/wp-content\/uploads\/2022\/06\/Screenshot_20220608-152411_Gallery.jpg\" \/>\n\t<meta property=\"og:image:width\" content=\"1080\" \/>\n\t<meta property=\"og:image:height\" content=\"1087\" \/>\n\t<meta property=\"og:image:type\" content=\"image\/jpeg\" \/>\n<meta name=\"author\" content=\"L&#039;Equipe de la R\u00e9daction\" \/>\n<meta name=\"twitter:label1\" content=\"\u00c9crit par\" \/>\n\t<meta name=\"twitter:data1\" content=\"L&#039;Equipe de la R\u00e9daction\" \/>\n\t<meta name=\"twitter:label2\" content=\"Dur\u00e9e de lecture estim\u00e9e\" \/>\n\t<meta name=\"twitter:data2\" content=\"1 minute\" \/>\n<script type=\"application\/ld+json\" class=\"yoast-schema-graph\">{\"@context\":\"https:\\\/\\\/schema.org\",\"@graph\":[{\"@type\":\"Article\",\"@id\":\"https:\\\/\\\/oeilsportif.info\\\/index.php\\\/african-youth-cup-nous-avons-bien-prepare-ce-tournoi-dixit-mbemba-sylla-lentraineur-de-lequipe-reserve-du-hafia-fc\\\/#article\",\"isPartOf\":{\"@id\":\"https:\\\/\\\/oeilsportif.info\\\/index.php\\\/african-youth-cup-nous-avons-bien-prepare-ce-tournoi-dixit-mbemba-sylla-lentraineur-de-lequipe-reserve-du-hafia-fc\\\/\"},\"author\":{\"name\":\"L'Equipe de la R\u00e9daction\",\"@id\":\"https:\\\/\\\/oeilsportif.info\\\/#\\\/schema\\\/person\\\/cfbded294aa6095f7d96608d7905e9a1\"},\"headline\":\"AFRICAN YOUTH CUP : \u00ab Nous avons bien pr\u00e9par\u00e9 ce tournoi ! \u00bb dixit, M\u2019bemba Sylla, l\u2019entra\u00eeneur de l\u2019\u00e9quipe r\u00e9serve du Hafia FC\",\"datePublished\":\"2022-06-08T15:25:27+00:00\",\"mainEntityOfPage\":{\"@id\":\"https:\\\/\\\/oeilsportif.info\\\/index.php\\\/african-youth-cup-nous-avons-bien-prepare-ce-tournoi-dixit-mbemba-sylla-lentraineur-de-lequipe-reserve-du-hafia-fc\\\/\"},\"wordCount\":243,\"image\":{\"@id\":\"https:\\\/\\\/oeilsportif.info\\\/index.php\\\/african-youth-cup-nous-avons-bien-prepare-ce-tournoi-dixit-mbemba-sylla-lentraineur-de-lequipe-reserve-du-hafia-fc\\\/#primaryimage\"},\"thumbnailUrl\":\"https:\\\/\\\/i0.wp.com\\\/oeilsportif.info\\\/wp-content\\\/uploads\\\/2022\\\/06\\\/Screenshot_20220608-152411_Gallery.jpg?fit=1080%2C1087&ssl=1\",\"articleSection\":[\"Football\"],\"inLanguage\":\"fr-FR\"},{\"@type\":\"WebPage\",\"@id\":\"https:\\\/\\\/oeilsportif.info\\\/index.php\\\/african-youth-cup-nous-avons-bien-prepare-ce-tournoi-dixit-mbemba-sylla-lentraineur-de-lequipe-reserve-du-hafia-fc\\\/\",\"url\":\"https:\\\/\\\/oeilsportif.info\\\/index.php\\\/african-youth-cup-nous-avons-bien-prepare-ce-tournoi-dixit-mbemba-sylla-lentraineur-de-lequipe-reserve-du-hafia-fc\\\/\",\"name\":\"AFRICAN YOUTH CUP : \u00ab Nous avons bien pr\u00e9par\u00e9 ce tournoi ! \u00bb dixit, M\u2019bemba Sylla, l\u2019entra\u00eeneur de l\u2019\u00e9quipe r\u00e9serve du Hafia FC - le regard du sportif\",\"isPartOf\":{\"@id\":\"https:\\\/\\\/oeilsportif.info\\\/#website\"},\"primaryImageOfPage\":{\"@id\":\"https:\\\/\\\/oeilsportif.info\\\/index.php\\\/african-youth-cup-nous-avons-bien-prepare-ce-tournoi-dixit-mbemba-sylla-lentraineur-de-lequipe-reserve-du-hafia-fc\\\/#primaryimage\"},\"image\":{\"@id\":\"https:\\\/\\\/oeilsportif.info\\\/index.php\\\/african-youth-cup-nous-avons-bien-prepare-ce-tournoi-dixit-mbemba-sylla-lentraineur-de-lequipe-reserve-du-hafia-fc\\\/#primaryimage\"},\"thumbnailUrl\":\"https:\\\/\\\/i0.wp.com\\\/oeilsportif.info\\\/wp-content\\\/uploads\\\/2022\\\/06\\\/Screenshot_20220608-152411_Gallery.jpg?fit=1080%2C1087&ssl=1\",\"datePublished\":\"2022-06-08T15:25:27+00:00\",\"author\":{\"@id\":\"https:\\\/\\\/oeilsportif.info\\\/#\\\/schema\\\/person\\\/cfbded294aa6095f7d96608d7905e9a1\"},\"inLanguage\":\"fr-FR\",\"potentialAction\":[{\"@type\":\"ReadAction\",\"target\":[\"https:\\\/\\\/oeilsportif.info\\\/index.php\\\/african-youth-cup-nous-avons-bien-prepare-ce-tournoi-dixit-mbemba-sylla-lentraineur-de-lequipe-reserve-du-hafia-fc\\\/\"]}]},{\"@type\":\"ImageObject\",\"inLanguage\":\"fr-FR\",\"@id\":\"https:\\\/\\\/oeilsportif.info\\\/index.php\\\/african-youth-cup-nous-avons-bien-prepare-ce-tournoi-dixit-mbemba-sylla-lentraineur-de-lequipe-reserve-du-hafia-fc\\\/#primaryimage\",\"url\":\"https:\\\/\\\/i0.wp.com\\\/oeilsportif.info\\\/wp-content\\\/uploads\\\/2022\\\/06\\\/Screenshot_20220608-152411_Gallery.jpg?fit=1080%2C1087&ssl=1\",\"contentUrl\":\"https:\\\/\\\/i0.wp.com\\\/oeilsportif.info\\\/wp-content\\\/uploads\\\/2022\\\/06\\\/Screenshot_20220608-152411_Gallery.jpg?fit=1080%2C1087&ssl=1\",\"width\":1080,\"height\":1087},{\"@type\":\"WebSite\",\"@id\":\"https:\\\/\\\/oeilsportif.info\\\/#website\",\"url\":\"https:\\\/\\\/oeilsportif.info\\\/\",\"name\":\"le regard du sportif\",\"description\":\"\",\"potentialAction\":[{\"@type\":\"SearchAction\",\"target\":{\"@type\":\"EntryPoint\",\"urlTemplate\":\"https:\\\/\\\/oeilsportif.info\\\/?s={search_term_string}\"},\"query-input\":{\"@type\":\"PropertyValueSpecification\",\"valueRequired\":true,\"valueName\":\"search_term_string\"}}],\"inLanguage\":\"fr-FR\"},{\"@type\":\"Person\",\"@id\":\"https:\\\/\\\/oeilsportif.info\\\/#\\\/schema\\\/person\\\/cfbded294aa6095f7d96608d7905e9a1\",\"name\":\"L'Equipe de la R\u00e9daction\",\"image\":{\"@type\":\"ImageObject\",\"inLanguage\":\"fr-FR\",\"@id\":\"https:\\\/\\\/oeilsportif.info\\\/wp-content\\\/uploads\\\/2025\\\/07\\\/cropped-cropped-logo-os-96x96.jpeg\",\"url\":\"https:\\\/\\\/oeilsportif.info\\\/wp-content\\\/uploads\\\/2025\\\/07\\\/cropped-cropped-logo-os-96x96.jpeg\",\"contentUrl\":\"https:\\\/\\\/oeilsportif.info\\\/wp-content\\\/uploads\\\/2025\\\/07\\\/cropped-cropped-logo-os-96x96.jpeg\",\"caption\":\"L'Equipe de la R\u00e9daction\"},\"url\":\"https:\\\/\\\/oeilsportif.info\\\/index.php\\\/author\\\/tawel\\\/\"}]}<\/script>\n<!-- \/ Yoast SEO plugin. -->","yoast_head_json":{"title":"AFRICAN YOUTH CUP : \u00ab Nous avons bien pr\u00e9par\u00e9 ce tournoi ! \u00bb dixit, M\u2019bemba Sylla, l\u2019entra\u00eeneur de l\u2019\u00e9quipe r\u00e9serve du Hafia FC - le regard du sportif","robots":{"index":"index","follow":"follow","max-snippet":"max-snippet:-1","max-image-preview":"max-image-preview:large","max-video-preview":"max-video-preview:-1"},"canonical":"https:\/\/oeilsportif.info\/index.php\/african-youth-cup-nous-avons-bien-prepare-ce-tournoi-dixit-mbemba-sylla-lentraineur-de-lequipe-reserve-du-hafia-fc\/","og_locale":"fr_FR","og_type":"article","og_title":"AFRICAN YOUTH CUP : \u00ab Nous avons bien pr\u00e9par\u00e9 ce tournoi ! \u00bb dixit, M\u2019bemba Sylla, l\u2019entra\u00eeneur de l\u2019\u00e9quipe r\u00e9serve du Hafia FC - le regard du sportif","og_description":"Ce jeudi 09 juin 2022 \u00e0 08H l\u2019\u00e9quipe r\u00e9serve du Hafia Football Club du Pr\u00e9sident KPC, joue son premier match du tournoi International de d\u00e9tection de Football U-18 qui verra la participation de huit (8) Acad\u00e9mies du continent dont 4 acad\u00e9mies guin\u00e9enne et 4 autres acad\u00e9mies de la sous-r\u00e9gion Ouest africaine du 09 au 13 [&hellip;]","og_url":"https:\/\/oeilsportif.info\/index.php\/african-youth-cup-nous-avons-bien-prepare-ce-tournoi-dixit-mbemba-sylla-lentraineur-de-lequipe-reserve-du-hafia-fc\/","og_site_name":"le regard du sportif","article_published_time":"2022-06-08T15:25:27+00:00","og_image":[{"width":1080,"height":1087,"url":"https:\/\/oeilsportif.info\/wp-content\/uploads\/2022\/06\/Screenshot_20220608-152411_Gallery.jpg","type":"image\/jpeg"}],"author":"L'Equipe de la R\u00e9daction","twitter_misc":{"\u00c9crit par":"L'Equipe de la R\u00e9daction","Dur\u00e9e de lecture estim\u00e9e":"1 minute"},"schema":{"@context":"https:\/\/schema.org","@graph":[{"@type":"Article","@id":"https:\/\/oeilsportif.info\/index.php\/african-youth-cup-nous-avons-bien-prepare-ce-tournoi-dixit-mbemba-sylla-lentraineur-de-lequipe-reserve-du-hafia-fc\/#article","isPartOf":{"@id":"https:\/\/oeilsportif.info\/index.php\/african-youth-cup-nous-avons-bien-prepare-ce-tournoi-dixit-mbemba-sylla-lentraineur-de-lequipe-reserve-du-hafia-fc\/"},"author":{"name":"L'Equipe de la R\u00e9daction","@id":"https:\/\/oeilsportif.info\/#\/schema\/person\/cfbded294aa6095f7d96608d7905e9a1"},"headline":"AFRICAN YOUTH CUP : \u00ab Nous avons bien pr\u00e9par\u00e9 ce tournoi ! \u00bb dixit, M\u2019bemba Sylla, l\u2019entra\u00eeneur de l\u2019\u00e9quipe r\u00e9serve du Hafia FC","datePublished":"2022-06-08T15:25:27+00:00","mainEntityOfPage":{"@id":"https:\/\/oeilsportif.info\/index.php\/african-youth-cup-nous-avons-bien-prepare-ce-tournoi-dixit-mbemba-sylla-lentraineur-de-lequipe-reserve-du-hafia-fc\/"},"wordCount":243,"image":{"@id":"https:\/\/oeilsportif.info\/index.php\/african-youth-cup-nous-avons-bien-prepare-ce-tournoi-dixit-mbemba-sylla-lentraineur-de-lequipe-reserve-du-hafia-fc\/#primaryimage"},"thumbnailUrl":"https:\/\/i0.wp.com\/oeilsportif.info\/wp-content\/uploads\/2022\/06\/Screenshot_20220608-152411_Gallery.jpg?fit=1080%2C1087&ssl=1","articleSection":["Football"],"inLanguage":"fr-FR"},{"@type":"WebPage","@id":"https:\/\/oeilsportif.info\/index.php\/african-youth-cup-nous-avons-bien-prepare-ce-tournoi-dixit-mbemba-sylla-lentraineur-de-lequipe-reserve-du-hafia-fc\/","url":"https:\/\/oeilsportif.info\/index.php\/african-youth-cup-nous-avons-bien-prepare-ce-tournoi-dixit-mbemba-sylla-lentraineur-de-lequipe-reserve-du-hafia-fc\/","name":"AFRICAN YOUTH CUP : \u00ab Nous avons bien pr\u00e9par\u00e9 ce tournoi ! \u00bb dixit, M\u2019bemba Sylla, l\u2019entra\u00eeneur de l\u2019\u00e9quipe r\u00e9serve du Hafia FC - le regard du sportif","isPartOf":{"@id":"https:\/\/oeilsportif.info\/#website"},"primaryImageOfPage":{"@id":"https:\/\/oeilsportif.info\/index.php\/african-youth-cup-nous-avons-bien-prepare-ce-tournoi-dixit-mbemba-sylla-lentraineur-de-lequipe-reserve-du-hafia-fc\/#primaryimage"},"image":{"@id":"https:\/\/oeilsportif.info\/index.php\/african-youth-cup-nous-avons-bien-prepare-ce-tournoi-dixit-mbemba-sylla-lentraineur-de-lequipe-reserve-du-hafia-fc\/#primaryimage"},"thumbnailUrl":"https:\/\/i0.wp.com\/oeilsportif.info\/wp-content\/uploads\/2022\/06\/Screenshot_20220608-152411_Gallery.jpg?fit=1080%2C1087&ssl=1","datePublished":"2022-06-08T15:25:27+00:00","author":{"@id":"https:\/\/oeilsportif.info\/#\/schema\/person\/cfbded294aa6095f7d96608d7905e9a1"},"inLanguage":"fr-FR","potentialAction":[{"@type":"ReadAction","target":["https:\/\/oeilsportif.info\/index.php\/african-youth-cup-nous-avons-bien-prepare-ce-tournoi-dixit-mbemba-sylla-lentraineur-de-lequipe-reserve-du-hafia-fc\/"]}]},{"@type":"ImageObject","inLanguage":"fr-FR","@id":"https:\/\/oeilsportif.info\/index.php\/african-youth-cup-nous-avons-bien-prepare-ce-tournoi-dixit-mbemba-sylla-lentraineur-de-lequipe-reserve-du-hafia-fc\/#primaryimage","url":"https:\/\/i0.wp.com\/oeilsportif.info\/wp-content\/uploads\/2022\/06\/Screenshot_20220608-152411_Gallery.jpg?fit=1080%2C1087&ssl=1","contentUrl":"https:\/\/i0.wp.com\/oeilsportif.info\/wp-content\/uploads\/2022\/06\/Screenshot_20220608-152411_Gallery.jpg?fit=1080%2C1087&ssl=1","width":1080,"height":1087},{"@type":"WebSite","@id":"https:\/\/oeilsportif.info\/#website","url":"https:\/\/oeilsportif.info\/","name":"le regard du sportif","description":"","potentialAction":[{"@type":"SearchAction","target":{"@type":"EntryPoint","urlTemplate":"https:\/\/oeilsportif.info\/?s={search_term_string}"},"query-input":{"@type":"PropertyValueSpecification","valueRequired":true,"valueName":"search_term_string"}}],"inLanguage":"fr-FR"},{"@type":"Person","@id":"https:\/\/oeilsportif.info\/#\/schema\/person\/cfbded294aa6095f7d96608d7905e9a1","name":"L'Equipe de la R\u00e9daction","image":{"@type":"ImageObject","inLanguage":"fr-FR","@id":"https:\/\/oeilsportif.info\/wp-content\/uploads\/2025\/07\/cropped-cropped-logo-os-96x96.jpeg","url":"https:\/\/oeilsportif.info\/wp-content\/uploads\/2025\/07\/cropped-cropped-logo-os-96x96.jpeg","contentUrl":"https:\/\/oeilsportif.info\/wp-content\/uploads\/2025\/07\/cropped-cropped-logo-os-96x96.jpeg","caption":"L'Equipe de la R\u00e9daction"},"url":"https:\/\/oeilsportif.info\/index.php\/author\/tawel\/"}]}},"jetpack_publicize_connections":[],"jetpack_featured_media_url":"https:\/\/i0.wp.com\/oeilsportif.info\/wp-content\/uploads\/2022\/06\/Screenshot_20220608-152411_Gallery.jpg?fit=1080%2C1087&ssl=1","jetpack-related-posts":[],"jetpack_sharing_enabled":true,"jetpack_likes_enabled":true,"jetpack_shortlink":"https:\/\/wp.me\/pgFE77-c2","_links":{"self":[{"href":"https:\/\/oeilsportif.info\/index.php\/wp-json\/wp\/v2\/posts\/746","targetHints":{"allow":["GET"]}}],"collection":[{"href":"https:\/\/oeilsportif.info\/index.php\/wp-json\/wp\/v2\/posts"}],"about":[{"href":"https:\/\/oeilsportif.info\/index.php\/wp-json\/wp\/v2\/types\/post"}],"author":[{"embeddable":true,"href":"https:\/\/oeilsportif.info\/index.php\/wp-json\/wp\/v2\/users\/2"}],"replies":[{"embeddable":true,"href":"https:\/\/oeilsportif.info\/index.php\/wp-json\/wp\/v2\/comments?post=746"}],"version-history":[{"count":0,"href":"https:\/\/oeilsportif.info\/index.php\/wp-json\/wp\/v2\/posts\/746\/revisions"}],"wp:featuredmedia":[{"embeddable":true,"href":"https:\/\/oeilsportif.info\/index.php\/wp-json\/wp\/v2\/media\/747"}],"wp:attachment":[{"href":"https:\/\/oeilsportif.info\/index.php\/wp-json\/wp\/v2\/media?parent=746"}],"wp:term":[{"taxonomy":"category","embeddable":true,"href":"https:\/\/oeilsportif.info\/index.php\/wp-json\/wp\/v2\/categories?post=746"},{"taxonomy":"post_tag","embeddable":true,"href":"https:\/\/oeilsportif.info\/index.php\/wp-json\/wp\/v2\/tags?post=746"}],"curies":[{"name":"wp","href":"https:\/\/api.w.org\/{rel}","templated":true}]}}