{"id":7288,"date":"2025-05-14T17:49:47","date_gmt":"2025-05-14T17:49:47","guid":{"rendered":"https:\/\/oeilsportif.info\/index.php\/?p=7288"},"modified":"2025-05-14T17:49:47","modified_gmt":"2025-05-14T17:49:47","slug":"la-fifa-leve-la-suspension-de-la-federation-congolaise","status":"publish","type":"post","link":"https:\/\/oeilsportif.info\/index.php\/la-fifa-leve-la-suspension-de-la-federation-congolaise\/","title":{"rendered":"LA FIFA L\u00c8VE LA SUSPENSION DE LA F\u00c9D\u00c9RATION CONGOLAISE"},"content":{"rendered":"<p class=\"p1\"><strong><span class=\"s1\">Une nouvelle particuli\u00e8rement attendue vient d&rsquo;\u00eatre communiqu\u00e9e par la F\u00e9d\u00e9ration Internationale de Football Association (FIFA). \u00c0 quelques heures seulement de l&rsquo;ouverture officielle de sa 75e Conf\u00e9rence, l&rsquo;instance dirigeante du football mondial a annonc\u00e9 la lev\u00e9e de la suspension qui frappait la F\u00e9d\u00e9ration Congolaise de Football (FECOFOOT).<\/span><\/strong><\/p>\n<p class=\"p1\"><span class=\"s1\">Cette d\u00e9cision marque la conclusion d&rsquo;une p\u00e9riode difficile pour le football congolais, qui avait \u00e9t\u00e9 exclu des comp\u00e9titions internationales et priv\u00e9 des programmes de d\u00e9veloppement et de financement de la FIFA. La suspension, qui \u00e9tait motiv\u00e9e par des probl\u00e8mes de gouvernance et d&rsquo;ing\u00e9rence politique, avait consid\u00e9rablement affect\u00e9 l&rsquo;ensemble de l&rsquo;\u00e9cosyst\u00e8me footballistique du pays.<\/span><\/p>\n<p class=\"p1\"><span class=\"s1\">Le choix de cette annonce, quelques heures avant l&rsquo;ouverture solennelle de la 75e Conf\u00e9rence de la FIFA, n&rsquo;est pas anodin. Il permet \u00e0 la d\u00e9l\u00e9gation congolaise de participer pleinement \u00e0 cet \u00e9v\u00e9nement majeur du calendrier institutionnel du football mondial, et symbolise le retour officiel de la FECOFOOT au sein de la communaut\u00e9 internationale du football.<\/span><\/p>\n<p class=\"p1\"><span class=\"s1\">Cette r\u00e9int\u00e9gration ouvre la voie \u00e0 une nouvelle \u00e8re pour le football congolais. Les s\u00e9lections nationales pourront \u00e0 nouveau participer aux comp\u00e9titions internationales, les clubs congolais retrouveront l&rsquo;acc\u00e8s aux tournois continentaux, et la f\u00e9d\u00e9ration pourra b\u00e9n\u00e9ficier des programmes de d\u00e9veloppement et des subventions de la FIFA pour relancer ses projets.<\/span><\/p>\n<p class=\"p1\"><span class=\"s1\">Pour Jean Guy Blaise Mayolas, pr\u00e9sident de la FECOFOOT, et son \u00e9quipe, qui avaient r\u00e9cemment retrouv\u00e9 leurs bureaux suite \u00e0 une d\u00e9cision de la Cour d&rsquo;appel, cette reconnaissance internationale constitue une validation suppl\u00e9mentaire de leur l\u00e9gitimit\u00e9 et de leur travail pour conformer la structure f\u00e9d\u00e9rale aux standards internationaux.<\/span><\/p>\n<p><strong>Ci- dessous le courrier de la FIFA<\/strong><\/p>\n<p><a href=\"https:\/\/i0.wp.com\/oeilsportif.info\/wp-content\/uploads\/2025\/05\/IMG_1994.jpeg?ssl=1\"><img data-recalc-dims=\"1\" loading=\"lazy\" decoding=\"async\" class=\"alignnone size-full wp-image-7290\" src=\"https:\/\/i0.wp.com\/oeilsportif.info\/wp-content\/uploads\/2025\/05\/IMG_1994.jpeg?resize=696%2C987&#038;ssl=1\" alt=\"\" width=\"696\" height=\"987\" srcset=\"https:\/\/i0.wp.com\/oeilsportif.info\/wp-content\/uploads\/2025\/05\/IMG_1994.jpeg?w=1080&amp;ssl=1 1080w, https:\/\/i0.wp.com\/oeilsportif.info\/wp-content\/uploads\/2025\/05\/IMG_1994.jpeg?resize=211%2C300&amp;ssl=1 211w, https:\/\/i0.wp.com\/oeilsportif.info\/wp-content\/uploads\/2025\/05\/IMG_1994.jpeg?resize=722%2C1024&amp;ssl=1 722w, https:\/\/i0.wp.com\/oeilsportif.info\/wp-content\/uploads\/2025\/05\/IMG_1994.jpeg?resize=768%2C1089&amp;ssl=1 768w, https:\/\/i0.wp.com\/oeilsportif.info\/wp-content\/uploads\/2025\/05\/IMG_1994.jpeg?resize=696%2C987&amp;ssl=1 696w, https:\/\/i0.wp.com\/oeilsportif.info\/wp-content\/uploads\/2025\/05\/IMG_1994.jpeg?resize=1068%2C1515&amp;ssl=1 1068w, https:\/\/i0.wp.com\/oeilsportif.info\/wp-content\/uploads\/2025\/05\/IMG_1994.jpeg?resize=296%2C420&amp;ssl=1 296w\" sizes=\"auto, (max-width: 696px) 100vw, 696px\" \/><\/a><\/p>\n","protected":false},"excerpt":{"rendered":"<p>Une nouvelle particuli\u00e8rement attendue vient d&rsquo;\u00eatre communiqu\u00e9e par la F\u00e9d\u00e9ration Internationale de Football Association (FIFA). \u00c0 quelques heures seulement de l&rsquo;ouverture officielle de sa 75e Conf\u00e9rence, l&rsquo;instance dirigeante du football mondial a annonc\u00e9 la lev\u00e9e de la suspension qui frappait la F\u00e9d\u00e9ration Congolaise de Football (FECOFOOT). Cette d\u00e9cision marque la conclusion d&rsquo;une p\u00e9riode difficile pour [&hellip;]<\/p>\n","protected":false},"author":2,"featured_media":7289,"comment_status":"closed","ping_status":"closed","sticky":false,"template":"","format":"standard","meta":{"_jetpack_memberships_contains_paid_content":false,"footnotes":"","jetpack_publicize_message":"","jetpack_publicize_feature_enabled":true,"jetpack_social_post_already_shared":true,"jetpack_social_options":{"image_generator_settings":{"template":"highway","default_image_id":0,"font":"","enabled":false},"version":2}},"categories":[10,5],"tags":[],"class_list":{"0":"post-7288","1":"post","2":"type-post","3":"status-publish","4":"format-standard","5":"has-post-thumbnail","7":"category-actualite","8":"category-football"},"yoast_head":"<!-- This site is optimized with the Yoast SEO plugin v27.5 - https:\/\/yoast.com\/product\/yoast-seo-wordpress\/ -->\n<title>LA FIFA L\u00c8VE LA SUSPENSION DE LA F\u00c9D\u00c9RATION CONGOLAISE - le regard du sportif<\/title>\n<meta name=\"robots\" content=\"index, follow, max-snippet:-1, max-image-preview:large, max-video-preview:-1\" \/>\n<link rel=\"canonical\" href=\"https:\/\/oeilsportif.info\/index.php\/la-fifa-leve-la-suspension-de-la-federation-congolaise\/\" \/>\n<meta property=\"og:locale\" content=\"fr_FR\" \/>\n<meta property=\"og:type\" content=\"article\" \/>\n<meta property=\"og:title\" content=\"LA FIFA L\u00c8VE LA SUSPENSION DE LA F\u00c9D\u00c9RATION CONGOLAISE - le regard du sportif\" \/>\n<meta property=\"og:description\" content=\"Une nouvelle particuli\u00e8rement attendue vient d&rsquo;\u00eatre communiqu\u00e9e par la F\u00e9d\u00e9ration Internationale de Football Association (FIFA). \u00c0 quelques heures seulement de l&rsquo;ouverture officielle de sa 75e Conf\u00e9rence, l&rsquo;instance dirigeante du football mondial a annonc\u00e9 la lev\u00e9e de la suspension qui frappait la F\u00e9d\u00e9ration Congolaise de Football (FECOFOOT). Cette d\u00e9cision marque la conclusion d&rsquo;une p\u00e9riode difficile pour [&hellip;]\" \/>\n<meta property=\"og:url\" content=\"https:\/\/oeilsportif.info\/index.php\/la-fifa-leve-la-suspension-de-la-federation-congolaise\/\" \/>\n<meta property=\"og:site_name\" content=\"le regard du sportif\" \/>\n<meta property=\"article:published_time\" content=\"2025-05-14T17:49:47+00:00\" \/>\n<meta property=\"og:image\" content=\"https:\/\/oeilsportif.info\/wp-content\/uploads\/2025\/05\/IMG_1996.jpeg\" \/>\n\t<meta property=\"og:image:width\" content=\"1290\" \/>\n\t<meta property=\"og:image:height\" content=\"785\" \/>\n\t<meta property=\"og:image:type\" content=\"image\/jpeg\" \/>\n<meta name=\"author\" content=\"L&#039;Equipe de la R\u00e9daction\" \/>\n<meta name=\"twitter:label1\" content=\"\u00c9crit par\" \/>\n\t<meta name=\"twitter:data1\" content=\"L&#039;Equipe de la R\u00e9daction\" \/>\n\t<meta name=\"twitter:label2\" content=\"Dur\u00e9e de lecture estim\u00e9e\" \/>\n\t<meta name=\"twitter:data2\" content=\"2 minutes\" \/>\n<script type=\"application\/ld+json\" class=\"yoast-schema-graph\">{\"@context\":\"https:\\\/\\\/schema.org\",\"@graph\":[{\"@type\":\"Article\",\"@id\":\"https:\\\/\\\/oeilsportif.info\\\/index.php\\\/la-fifa-leve-la-suspension-de-la-federation-congolaise\\\/#article\",\"isPartOf\":{\"@id\":\"https:\\\/\\\/oeilsportif.info\\\/index.php\\\/la-fifa-leve-la-suspension-de-la-federation-congolaise\\\/\"},\"author\":{\"name\":\"L'Equipe de la R\u00e9daction\",\"@id\":\"https:\\\/\\\/oeilsportif.info\\\/#\\\/schema\\\/person\\\/cfbded294aa6095f7d96608d7905e9a1\"},\"headline\":\"LA FIFA L\u00c8VE LA SUSPENSION DE LA F\u00c9D\u00c9RATION CONGOLAISE\",\"datePublished\":\"2025-05-14T17:49:47+00:00\",\"mainEntityOfPage\":{\"@id\":\"https:\\\/\\\/oeilsportif.info\\\/index.php\\\/la-fifa-leve-la-suspension-de-la-federation-congolaise\\\/\"},\"wordCount\":314,\"image\":{\"@id\":\"https:\\\/\\\/oeilsportif.info\\\/index.php\\\/la-fifa-leve-la-suspension-de-la-federation-congolaise\\\/#primaryimage\"},\"thumbnailUrl\":\"https:\\\/\\\/i0.wp.com\\\/oeilsportif.info\\\/wp-content\\\/uploads\\\/2025\\\/05\\\/IMG_1996.jpeg?fit=1290%2C785&ssl=1\",\"articleSection\":[\"Actualit\u00e9\",\"Football\"],\"inLanguage\":\"fr-FR\"},{\"@type\":\"WebPage\",\"@id\":\"https:\\\/\\\/oeilsportif.info\\\/index.php\\\/la-fifa-leve-la-suspension-de-la-federation-congolaise\\\/\",\"url\":\"https:\\\/\\\/oeilsportif.info\\\/index.php\\\/la-fifa-leve-la-suspension-de-la-federation-congolaise\\\/\",\"name\":\"LA FIFA L\u00c8VE LA SUSPENSION DE LA F\u00c9D\u00c9RATION CONGOLAISE - le regard du sportif\",\"isPartOf\":{\"@id\":\"https:\\\/\\\/oeilsportif.info\\\/#website\"},\"primaryImageOfPage\":{\"@id\":\"https:\\\/\\\/oeilsportif.info\\\/index.php\\\/la-fifa-leve-la-suspension-de-la-federation-congolaise\\\/#primaryimage\"},\"image\":{\"@id\":\"https:\\\/\\\/oeilsportif.info\\\/index.php\\\/la-fifa-leve-la-suspension-de-la-federation-congolaise\\\/#primaryimage\"},\"thumbnailUrl\":\"https:\\\/\\\/i0.wp.com\\\/oeilsportif.info\\\/wp-content\\\/uploads\\\/2025\\\/05\\\/IMG_1996.jpeg?fit=1290%2C785&ssl=1\",\"datePublished\":\"2025-05-14T17:49:47+00:00\",\"author\":{\"@id\":\"https:\\\/\\\/oeilsportif.info\\\/#\\\/schema\\\/person\\\/cfbded294aa6095f7d96608d7905e9a1\"},\"inLanguage\":\"fr-FR\",\"potentialAction\":[{\"@type\":\"ReadAction\",\"target\":[\"https:\\\/\\\/oeilsportif.info\\\/index.php\\\/la-fifa-leve-la-suspension-de-la-federation-congolaise\\\/\"]}]},{\"@type\":\"ImageObject\",\"inLanguage\":\"fr-FR\",\"@id\":\"https:\\\/\\\/oeilsportif.info\\\/index.php\\\/la-fifa-leve-la-suspension-de-la-federation-congolaise\\\/#primaryimage\",\"url\":\"https:\\\/\\\/i0.wp.com\\\/oeilsportif.info\\\/wp-content\\\/uploads\\\/2025\\\/05\\\/IMG_1996.jpeg?fit=1290%2C785&ssl=1\",\"contentUrl\":\"https:\\\/\\\/i0.wp.com\\\/oeilsportif.info\\\/wp-content\\\/uploads\\\/2025\\\/05\\\/IMG_1996.jpeg?fit=1290%2C785&ssl=1\",\"width\":1290,\"height\":785},{\"@type\":\"WebSite\",\"@id\":\"https:\\\/\\\/oeilsportif.info\\\/#website\",\"url\":\"https:\\\/\\\/oeilsportif.info\\\/\",\"name\":\"le regard du sportif\",\"description\":\"\",\"potentialAction\":[{\"@type\":\"SearchAction\",\"target\":{\"@type\":\"EntryPoint\",\"urlTemplate\":\"https:\\\/\\\/oeilsportif.info\\\/?s={search_term_string}\"},\"query-input\":{\"@type\":\"PropertyValueSpecification\",\"valueRequired\":true,\"valueName\":\"search_term_string\"}}],\"inLanguage\":\"fr-FR\"},{\"@type\":\"Person\",\"@id\":\"https:\\\/\\\/oeilsportif.info\\\/#\\\/schema\\\/person\\\/cfbded294aa6095f7d96608d7905e9a1\",\"name\":\"L'Equipe de la R\u00e9daction\",\"image\":{\"@type\":\"ImageObject\",\"inLanguage\":\"fr-FR\",\"@id\":\"https:\\\/\\\/oeilsportif.info\\\/wp-content\\\/uploads\\\/2025\\\/07\\\/cropped-cropped-logo-os-96x96.jpeg\",\"url\":\"https:\\\/\\\/oeilsportif.info\\\/wp-content\\\/uploads\\\/2025\\\/07\\\/cropped-cropped-logo-os-96x96.jpeg\",\"contentUrl\":\"https:\\\/\\\/oeilsportif.info\\\/wp-content\\\/uploads\\\/2025\\\/07\\\/cropped-cropped-logo-os-96x96.jpeg\",\"caption\":\"L'Equipe de la R\u00e9daction\"},\"url\":\"https:\\\/\\\/oeilsportif.info\\\/index.php\\\/author\\\/tawel\\\/\"}]}<\/script>\n<!-- \/ Yoast SEO plugin. -->","yoast_head_json":{"title":"LA FIFA L\u00c8VE LA SUSPENSION DE LA F\u00c9D\u00c9RATION CONGOLAISE - le regard du sportif","robots":{"index":"index","follow":"follow","max-snippet":"max-snippet:-1","max-image-preview":"max-image-preview:large","max-video-preview":"max-video-preview:-1"},"canonical":"https:\/\/oeilsportif.info\/index.php\/la-fifa-leve-la-suspension-de-la-federation-congolaise\/","og_locale":"fr_FR","og_type":"article","og_title":"LA FIFA L\u00c8VE LA SUSPENSION DE LA F\u00c9D\u00c9RATION CONGOLAISE - le regard du sportif","og_description":"Une nouvelle particuli\u00e8rement attendue vient d&rsquo;\u00eatre communiqu\u00e9e par la F\u00e9d\u00e9ration Internationale de Football Association (FIFA). \u00c0 quelques heures seulement de l&rsquo;ouverture officielle de sa 75e Conf\u00e9rence, l&rsquo;instance dirigeante du football mondial a annonc\u00e9 la lev\u00e9e de la suspension qui frappait la F\u00e9d\u00e9ration Congolaise de Football (FECOFOOT). Cette d\u00e9cision marque la conclusion d&rsquo;une p\u00e9riode difficile pour [&hellip;]","og_url":"https:\/\/oeilsportif.info\/index.php\/la-fifa-leve-la-suspension-de-la-federation-congolaise\/","og_site_name":"le regard du sportif","article_published_time":"2025-05-14T17:49:47+00:00","og_image":[{"width":1290,"height":785,"url":"https:\/\/oeilsportif.info\/wp-content\/uploads\/2025\/05\/IMG_1996.jpeg","type":"image\/jpeg"}],"author":"L'Equipe de la R\u00e9daction","twitter_misc":{"\u00c9crit par":"L'Equipe de la R\u00e9daction","Dur\u00e9e de lecture estim\u00e9e":"2 minutes"},"schema":{"@context":"https:\/\/schema.org","@graph":[{"@type":"Article","@id":"https:\/\/oeilsportif.info\/index.php\/la-fifa-leve-la-suspension-de-la-federation-congolaise\/#article","isPartOf":{"@id":"https:\/\/oeilsportif.info\/index.php\/la-fifa-leve-la-suspension-de-la-federation-congolaise\/"},"author":{"name":"L'Equipe de la R\u00e9daction","@id":"https:\/\/oeilsportif.info\/#\/schema\/person\/cfbded294aa6095f7d96608d7905e9a1"},"headline":"LA FIFA L\u00c8VE LA SUSPENSION DE LA F\u00c9D\u00c9RATION CONGOLAISE","datePublished":"2025-05-14T17:49:47+00:00","mainEntityOfPage":{"@id":"https:\/\/oeilsportif.info\/index.php\/la-fifa-leve-la-suspension-de-la-federation-congolaise\/"},"wordCount":314,"image":{"@id":"https:\/\/oeilsportif.info\/index.php\/la-fifa-leve-la-suspension-de-la-federation-congolaise\/#primaryimage"},"thumbnailUrl":"https:\/\/i0.wp.com\/oeilsportif.info\/wp-content\/uploads\/2025\/05\/IMG_1996.jpeg?fit=1290%2C785&ssl=1","articleSection":["Actualit\u00e9","Football"],"inLanguage":"fr-FR"},{"@type":"WebPage","@id":"https:\/\/oeilsportif.info\/index.php\/la-fifa-leve-la-suspension-de-la-federation-congolaise\/","url":"https:\/\/oeilsportif.info\/index.php\/la-fifa-leve-la-suspension-de-la-federation-congolaise\/","name":"LA FIFA L\u00c8VE LA SUSPENSION DE LA F\u00c9D\u00c9RATION CONGOLAISE - le regard du sportif","isPartOf":{"@id":"https:\/\/oeilsportif.info\/#website"},"primaryImageOfPage":{"@id":"https:\/\/oeilsportif.info\/index.php\/la-fifa-leve-la-suspension-de-la-federation-congolaise\/#primaryimage"},"image":{"@id":"https:\/\/oeilsportif.info\/index.php\/la-fifa-leve-la-suspension-de-la-federation-congolaise\/#primaryimage"},"thumbnailUrl":"https:\/\/i0.wp.com\/oeilsportif.info\/wp-content\/uploads\/2025\/05\/IMG_1996.jpeg?fit=1290%2C785&ssl=1","datePublished":"2025-05-14T17:49:47+00:00","author":{"@id":"https:\/\/oeilsportif.info\/#\/schema\/person\/cfbded294aa6095f7d96608d7905e9a1"},"inLanguage":"fr-FR","potentialAction":[{"@type":"ReadAction","target":["https:\/\/oeilsportif.info\/index.php\/la-fifa-leve-la-suspension-de-la-federation-congolaise\/"]}]},{"@type":"ImageObject","inLanguage":"fr-FR","@id":"https:\/\/oeilsportif.info\/index.php\/la-fifa-leve-la-suspension-de-la-federation-congolaise\/#primaryimage","url":"https:\/\/i0.wp.com\/oeilsportif.info\/wp-content\/uploads\/2025\/05\/IMG_1996.jpeg?fit=1290%2C785&ssl=1","contentUrl":"https:\/\/i0.wp.com\/oeilsportif.info\/wp-content\/uploads\/2025\/05\/IMG_1996.jpeg?fit=1290%2C785&ssl=1","width":1290,"height":785},{"@type":"WebSite","@id":"https:\/\/oeilsportif.info\/#website","url":"https:\/\/oeilsportif.info\/","name":"le regard du sportif","description":"","potentialAction":[{"@type":"SearchAction","target":{"@type":"EntryPoint","urlTemplate":"https:\/\/oeilsportif.info\/?s={search_term_string}"},"query-input":{"@type":"PropertyValueSpecification","valueRequired":true,"valueName":"search_term_string"}}],"inLanguage":"fr-FR"},{"@type":"Person","@id":"https:\/\/oeilsportif.info\/#\/schema\/person\/cfbded294aa6095f7d96608d7905e9a1","name":"L'Equipe de la R\u00e9daction","image":{"@type":"ImageObject","inLanguage":"fr-FR","@id":"https:\/\/oeilsportif.info\/wp-content\/uploads\/2025\/07\/cropped-cropped-logo-os-96x96.jpeg","url":"https:\/\/oeilsportif.info\/wp-content\/uploads\/2025\/07\/cropped-cropped-logo-os-96x96.jpeg","contentUrl":"https:\/\/oeilsportif.info\/wp-content\/uploads\/2025\/07\/cropped-cropped-logo-os-96x96.jpeg","caption":"L'Equipe de la R\u00e9daction"},"url":"https:\/\/oeilsportif.info\/index.php\/author\/tawel\/"}]}},"jetpack_publicize_connections":[],"jetpack_featured_media_url":"https:\/\/i0.wp.com\/oeilsportif.info\/wp-content\/uploads\/2025\/05\/IMG_1996.jpeg?fit=1290%2C785&ssl=1","jetpack-related-posts":[],"jetpack_sharing_enabled":true,"jetpack_likes_enabled":true,"jetpack_shortlink":"https:\/\/wp.me\/pgFE77-1Ty","_links":{"self":[{"href":"https:\/\/oeilsportif.info\/index.php\/wp-json\/wp\/v2\/posts\/7288","targetHints":{"allow":["GET"]}}],"collection":[{"href":"https:\/\/oeilsportif.info\/index.php\/wp-json\/wp\/v2\/posts"}],"about":[{"href":"https:\/\/oeilsportif.info\/index.php\/wp-json\/wp\/v2\/types\/post"}],"author":[{"embeddable":true,"href":"https:\/\/oeilsportif.info\/index.php\/wp-json\/wp\/v2\/users\/2"}],"replies":[{"embeddable":true,"href":"https:\/\/oeilsportif.info\/index.php\/wp-json\/wp\/v2\/comments?post=7288"}],"version-history":[{"count":0,"href":"https:\/\/oeilsportif.info\/index.php\/wp-json\/wp\/v2\/posts\/7288\/revisions"}],"wp:featuredmedia":[{"embeddable":true,"href":"https:\/\/oeilsportif.info\/index.php\/wp-json\/wp\/v2\/media\/7289"}],"wp:attachment":[{"href":"https:\/\/oeilsportif.info\/index.php\/wp-json\/wp\/v2\/media?parent=7288"}],"wp:term":[{"taxonomy":"category","embeddable":true,"href":"https:\/\/oeilsportif.info\/index.php\/wp-json\/wp\/v2\/categories?post=7288"},{"taxonomy":"post_tag","embeddable":true,"href":"https:\/\/oeilsportif.info\/index.php\/wp-json\/wp\/v2\/tags?post=7288"}],"curies":[{"name":"wp","href":"https:\/\/api.w.org\/{rel}","templated":true}]}}