{"id":7285,"date":"2025-05-14T17:46:16","date_gmt":"2025-05-14T17:46:16","guid":{"rendered":"https:\/\/oeilsportif.info\/index.php\/?p=7285"},"modified":"2025-05-14T17:46:16","modified_gmt":"2025-05-14T17:46:16","slug":"cyclisme-une-echappee-courageuse-neutralisee-dans-le-final","status":"publish","type":"post","link":"https:\/\/oeilsportif.info\/index.php\/cyclisme-une-echappee-courageuse-neutralisee-dans-le-final\/","title":{"rendered":"CYCLISME : Une \u00e9chapp\u00e9e courageuse neutralis\u00e9e dans le final"},"content":{"rendered":"<p class=\"p1\">\n<p class=\"p1\"><strong><span class=\"s1\">La 66\u00e8me \u00e9dition des 4 Jours de Dunkerque a d\u00e9but\u00e9 aujourd&rsquo;hui avec une premi\u00e8re \u00e9tape anim\u00e9e qui a tenu en haleine spectateurs et suiveurs jusqu&rsquo;aux derniers kilom\u00e8tres. Le sc\u00e9nario de course, typique des premi\u00e8res journ\u00e9es de cette \u00e9preuve nordiste, a oscill\u00e9 entre audace des attaquants et contr\u00f4le des \u00e9quipes de sprinteurs.<\/span><\/strong><\/p>\n<p class=\"p1\"><span class=\"s1\">D\u00e8s les premiers kilom\u00e8tres, une \u00e9chapp\u00e9e d\u00e9termin\u00e9e s&rsquo;est form\u00e9e et a rapidement creus\u00e9 un \u00e9cart cons\u00e9quent avec le peloton. Ce groupe d&rsquo;audacieux a longtemps cru en ses chances, maintenant une avance qui aurait pu \u00eatre suffisante pour se disputer la victoire entre baroudeurs.<\/span><\/p>\n","protected":false},"excerpt":{"rendered":"<p>La 66\u00e8me \u00e9dition des 4 Jours de Dunkerque a d\u00e9but\u00e9 aujourd&rsquo;hui avec une premi\u00e8re \u00e9tape anim\u00e9e qui a tenu en haleine spectateurs et suiveurs jusqu&rsquo;aux derniers kilom\u00e8tres. Le sc\u00e9nario de course, typique des premi\u00e8res journ\u00e9es de cette \u00e9preuve nordiste, a oscill\u00e9 entre audace des attaquants et contr\u00f4le des \u00e9quipes de sprinteurs. D\u00e8s les premiers kilom\u00e8tres, [&hellip;]<\/p>\n","protected":false},"author":2,"featured_media":7286,"comment_status":"closed","ping_status":"closed","sticky":false,"template":"","format":"standard","meta":{"_jetpack_memberships_contains_paid_content":false,"footnotes":"","jetpack_publicize_message":"","jetpack_publicize_feature_enabled":true,"jetpack_social_post_already_shared":true,"jetpack_social_options":{"image_generator_settings":{"template":"highway","default_image_id":0,"font":"","enabled":false},"version":2}},"categories":[10,8],"tags":[],"class_list":{"0":"post-7285","1":"post","2":"type-post","3":"status-publish","4":"format-standard","5":"has-post-thumbnail","7":"category-actualite","8":"category-cyclisme"},"yoast_head":"<!-- This site is optimized with the Yoast SEO plugin v27.5 - https:\/\/yoast.com\/product\/yoast-seo-wordpress\/ -->\n<title>CYCLISME : Une \u00e9chapp\u00e9e courageuse neutralis\u00e9e dans le final - le regard du sportif<\/title>\n<meta name=\"robots\" content=\"index, follow, max-snippet:-1, max-image-preview:large, max-video-preview:-1\" \/>\n<link rel=\"canonical\" href=\"https:\/\/oeilsportif.info\/index.php\/cyclisme-une-echappee-courageuse-neutralisee-dans-le-final\/\" \/>\n<meta property=\"og:locale\" content=\"fr_FR\" \/>\n<meta property=\"og:type\" content=\"article\" \/>\n<meta property=\"og:title\" content=\"CYCLISME : Une \u00e9chapp\u00e9e courageuse neutralis\u00e9e dans le final - le regard du sportif\" \/>\n<meta property=\"og:description\" content=\"La 66\u00e8me \u00e9dition des 4 Jours de Dunkerque a d\u00e9but\u00e9 aujourd&rsquo;hui avec une premi\u00e8re \u00e9tape anim\u00e9e qui a tenu en haleine spectateurs et suiveurs jusqu&rsquo;aux derniers kilom\u00e8tres. Le sc\u00e9nario de course, typique des premi\u00e8res journ\u00e9es de cette \u00e9preuve nordiste, a oscill\u00e9 entre audace des attaquants et contr\u00f4le des \u00e9quipes de sprinteurs. D\u00e8s les premiers kilom\u00e8tres, [&hellip;]\" \/>\n<meta property=\"og:url\" content=\"https:\/\/oeilsportif.info\/index.php\/cyclisme-une-echappee-courageuse-neutralisee-dans-le-final\/\" \/>\n<meta property=\"og:site_name\" content=\"le regard du sportif\" \/>\n<meta property=\"article:published_time\" content=\"2025-05-14T17:46:16+00:00\" \/>\n<meta property=\"og:image\" content=\"https:\/\/oeilsportif.info\/wp-content\/uploads\/2025\/05\/IMG_1989.jpeg\" \/>\n\t<meta property=\"og:image:width\" content=\"1080\" \/>\n\t<meta property=\"og:image:height\" content=\"1350\" \/>\n\t<meta property=\"og:image:type\" content=\"image\/jpeg\" \/>\n<meta name=\"author\" content=\"L&#039;Equipe de la R\u00e9daction\" \/>\n<meta name=\"twitter:label1\" content=\"\u00c9crit par\" \/>\n\t<meta name=\"twitter:data1\" content=\"L&#039;Equipe de la R\u00e9daction\" \/>\n\t<meta name=\"twitter:label2\" content=\"Dur\u00e9e de lecture estim\u00e9e\" \/>\n\t<meta name=\"twitter:data2\" content=\"1 minute\" \/>\n<script type=\"application\/ld+json\" class=\"yoast-schema-graph\">{\"@context\":\"https:\\\/\\\/schema.org\",\"@graph\":[{\"@type\":\"Article\",\"@id\":\"https:\\\/\\\/oeilsportif.info\\\/index.php\\\/cyclisme-une-echappee-courageuse-neutralisee-dans-le-final\\\/#article\",\"isPartOf\":{\"@id\":\"https:\\\/\\\/oeilsportif.info\\\/index.php\\\/cyclisme-une-echappee-courageuse-neutralisee-dans-le-final\\\/\"},\"author\":{\"name\":\"L'Equipe de la R\u00e9daction\",\"@id\":\"https:\\\/\\\/oeilsportif.info\\\/#\\\/schema\\\/person\\\/cfbded294aa6095f7d96608d7905e9a1\"},\"headline\":\"CYCLISME : Une \u00e9chapp\u00e9e courageuse neutralis\u00e9e dans le final\",\"datePublished\":\"2025-05-14T17:46:16+00:00\",\"mainEntityOfPage\":{\"@id\":\"https:\\\/\\\/oeilsportif.info\\\/index.php\\\/cyclisme-une-echappee-courageuse-neutralisee-dans-le-final\\\/\"},\"wordCount\":122,\"image\":{\"@id\":\"https:\\\/\\\/oeilsportif.info\\\/index.php\\\/cyclisme-une-echappee-courageuse-neutralisee-dans-le-final\\\/#primaryimage\"},\"thumbnailUrl\":\"https:\\\/\\\/i0.wp.com\\\/oeilsportif.info\\\/wp-content\\\/uploads\\\/2025\\\/05\\\/IMG_1989.jpeg?fit=1080%2C1350&ssl=1\",\"articleSection\":[\"Actualit\u00e9\",\"Cyclisme\"],\"inLanguage\":\"fr-FR\"},{\"@type\":\"WebPage\",\"@id\":\"https:\\\/\\\/oeilsportif.info\\\/index.php\\\/cyclisme-une-echappee-courageuse-neutralisee-dans-le-final\\\/\",\"url\":\"https:\\\/\\\/oeilsportif.info\\\/index.php\\\/cyclisme-une-echappee-courageuse-neutralisee-dans-le-final\\\/\",\"name\":\"CYCLISME : Une \u00e9chapp\u00e9e courageuse neutralis\u00e9e dans le final - le regard du sportif\",\"isPartOf\":{\"@id\":\"https:\\\/\\\/oeilsportif.info\\\/#website\"},\"primaryImageOfPage\":{\"@id\":\"https:\\\/\\\/oeilsportif.info\\\/index.php\\\/cyclisme-une-echappee-courageuse-neutralisee-dans-le-final\\\/#primaryimage\"},\"image\":{\"@id\":\"https:\\\/\\\/oeilsportif.info\\\/index.php\\\/cyclisme-une-echappee-courageuse-neutralisee-dans-le-final\\\/#primaryimage\"},\"thumbnailUrl\":\"https:\\\/\\\/i0.wp.com\\\/oeilsportif.info\\\/wp-content\\\/uploads\\\/2025\\\/05\\\/IMG_1989.jpeg?fit=1080%2C1350&ssl=1\",\"datePublished\":\"2025-05-14T17:46:16+00:00\",\"author\":{\"@id\":\"https:\\\/\\\/oeilsportif.info\\\/#\\\/schema\\\/person\\\/cfbded294aa6095f7d96608d7905e9a1\"},\"inLanguage\":\"fr-FR\",\"potentialAction\":[{\"@type\":\"ReadAction\",\"target\":[\"https:\\\/\\\/oeilsportif.info\\\/index.php\\\/cyclisme-une-echappee-courageuse-neutralisee-dans-le-final\\\/\"]}]},{\"@type\":\"ImageObject\",\"inLanguage\":\"fr-FR\",\"@id\":\"https:\\\/\\\/oeilsportif.info\\\/index.php\\\/cyclisme-une-echappee-courageuse-neutralisee-dans-le-final\\\/#primaryimage\",\"url\":\"https:\\\/\\\/i0.wp.com\\\/oeilsportif.info\\\/wp-content\\\/uploads\\\/2025\\\/05\\\/IMG_1989.jpeg?fit=1080%2C1350&ssl=1\",\"contentUrl\":\"https:\\\/\\\/i0.wp.com\\\/oeilsportif.info\\\/wp-content\\\/uploads\\\/2025\\\/05\\\/IMG_1989.jpeg?fit=1080%2C1350&ssl=1\",\"width\":1080,\"height\":1350},{\"@type\":\"WebSite\",\"@id\":\"https:\\\/\\\/oeilsportif.info\\\/#website\",\"url\":\"https:\\\/\\\/oeilsportif.info\\\/\",\"name\":\"le regard du sportif\",\"description\":\"\",\"potentialAction\":[{\"@type\":\"SearchAction\",\"target\":{\"@type\":\"EntryPoint\",\"urlTemplate\":\"https:\\\/\\\/oeilsportif.info\\\/?s={search_term_string}\"},\"query-input\":{\"@type\":\"PropertyValueSpecification\",\"valueRequired\":true,\"valueName\":\"search_term_string\"}}],\"inLanguage\":\"fr-FR\"},{\"@type\":\"Person\",\"@id\":\"https:\\\/\\\/oeilsportif.info\\\/#\\\/schema\\\/person\\\/cfbded294aa6095f7d96608d7905e9a1\",\"name\":\"L'Equipe de la R\u00e9daction\",\"image\":{\"@type\":\"ImageObject\",\"inLanguage\":\"fr-FR\",\"@id\":\"https:\\\/\\\/oeilsportif.info\\\/wp-content\\\/uploads\\\/2025\\\/07\\\/cropped-cropped-logo-os-96x96.jpeg\",\"url\":\"https:\\\/\\\/oeilsportif.info\\\/wp-content\\\/uploads\\\/2025\\\/07\\\/cropped-cropped-logo-os-96x96.jpeg\",\"contentUrl\":\"https:\\\/\\\/oeilsportif.info\\\/wp-content\\\/uploads\\\/2025\\\/07\\\/cropped-cropped-logo-os-96x96.jpeg\",\"caption\":\"L'Equipe de la R\u00e9daction\"},\"url\":\"https:\\\/\\\/oeilsportif.info\\\/index.php\\\/author\\\/tawel\\\/\"}]}<\/script>\n<!-- \/ Yoast SEO plugin. -->","yoast_head_json":{"title":"CYCLISME : Une \u00e9chapp\u00e9e courageuse neutralis\u00e9e dans le final - le regard du sportif","robots":{"index":"index","follow":"follow","max-snippet":"max-snippet:-1","max-image-preview":"max-image-preview:large","max-video-preview":"max-video-preview:-1"},"canonical":"https:\/\/oeilsportif.info\/index.php\/cyclisme-une-echappee-courageuse-neutralisee-dans-le-final\/","og_locale":"fr_FR","og_type":"article","og_title":"CYCLISME : Une \u00e9chapp\u00e9e courageuse neutralis\u00e9e dans le final - le regard du sportif","og_description":"La 66\u00e8me \u00e9dition des 4 Jours de Dunkerque a d\u00e9but\u00e9 aujourd&rsquo;hui avec une premi\u00e8re \u00e9tape anim\u00e9e qui a tenu en haleine spectateurs et suiveurs jusqu&rsquo;aux derniers kilom\u00e8tres. Le sc\u00e9nario de course, typique des premi\u00e8res journ\u00e9es de cette \u00e9preuve nordiste, a oscill\u00e9 entre audace des attaquants et contr\u00f4le des \u00e9quipes de sprinteurs. D\u00e8s les premiers kilom\u00e8tres, [&hellip;]","og_url":"https:\/\/oeilsportif.info\/index.php\/cyclisme-une-echappee-courageuse-neutralisee-dans-le-final\/","og_site_name":"le regard du sportif","article_published_time":"2025-05-14T17:46:16+00:00","og_image":[{"width":1080,"height":1350,"url":"https:\/\/oeilsportif.info\/wp-content\/uploads\/2025\/05\/IMG_1989.jpeg","type":"image\/jpeg"}],"author":"L'Equipe de la R\u00e9daction","twitter_misc":{"\u00c9crit par":"L'Equipe de la R\u00e9daction","Dur\u00e9e de lecture estim\u00e9e":"1 minute"},"schema":{"@context":"https:\/\/schema.org","@graph":[{"@type":"Article","@id":"https:\/\/oeilsportif.info\/index.php\/cyclisme-une-echappee-courageuse-neutralisee-dans-le-final\/#article","isPartOf":{"@id":"https:\/\/oeilsportif.info\/index.php\/cyclisme-une-echappee-courageuse-neutralisee-dans-le-final\/"},"author":{"name":"L'Equipe de la R\u00e9daction","@id":"https:\/\/oeilsportif.info\/#\/schema\/person\/cfbded294aa6095f7d96608d7905e9a1"},"headline":"CYCLISME : Une \u00e9chapp\u00e9e courageuse neutralis\u00e9e dans le final","datePublished":"2025-05-14T17:46:16+00:00","mainEntityOfPage":{"@id":"https:\/\/oeilsportif.info\/index.php\/cyclisme-une-echappee-courageuse-neutralisee-dans-le-final\/"},"wordCount":122,"image":{"@id":"https:\/\/oeilsportif.info\/index.php\/cyclisme-une-echappee-courageuse-neutralisee-dans-le-final\/#primaryimage"},"thumbnailUrl":"https:\/\/i0.wp.com\/oeilsportif.info\/wp-content\/uploads\/2025\/05\/IMG_1989.jpeg?fit=1080%2C1350&ssl=1","articleSection":["Actualit\u00e9","Cyclisme"],"inLanguage":"fr-FR"},{"@type":"WebPage","@id":"https:\/\/oeilsportif.info\/index.php\/cyclisme-une-echappee-courageuse-neutralisee-dans-le-final\/","url":"https:\/\/oeilsportif.info\/index.php\/cyclisme-une-echappee-courageuse-neutralisee-dans-le-final\/","name":"CYCLISME : Une \u00e9chapp\u00e9e courageuse neutralis\u00e9e dans le final - le regard du sportif","isPartOf":{"@id":"https:\/\/oeilsportif.info\/#website"},"primaryImageOfPage":{"@id":"https:\/\/oeilsportif.info\/index.php\/cyclisme-une-echappee-courageuse-neutralisee-dans-le-final\/#primaryimage"},"image":{"@id":"https:\/\/oeilsportif.info\/index.php\/cyclisme-une-echappee-courageuse-neutralisee-dans-le-final\/#primaryimage"},"thumbnailUrl":"https:\/\/i0.wp.com\/oeilsportif.info\/wp-content\/uploads\/2025\/05\/IMG_1989.jpeg?fit=1080%2C1350&ssl=1","datePublished":"2025-05-14T17:46:16+00:00","author":{"@id":"https:\/\/oeilsportif.info\/#\/schema\/person\/cfbded294aa6095f7d96608d7905e9a1"},"inLanguage":"fr-FR","potentialAction":[{"@type":"ReadAction","target":["https:\/\/oeilsportif.info\/index.php\/cyclisme-une-echappee-courageuse-neutralisee-dans-le-final\/"]}]},{"@type":"ImageObject","inLanguage":"fr-FR","@id":"https:\/\/oeilsportif.info\/index.php\/cyclisme-une-echappee-courageuse-neutralisee-dans-le-final\/#primaryimage","url":"https:\/\/i0.wp.com\/oeilsportif.info\/wp-content\/uploads\/2025\/05\/IMG_1989.jpeg?fit=1080%2C1350&ssl=1","contentUrl":"https:\/\/i0.wp.com\/oeilsportif.info\/wp-content\/uploads\/2025\/05\/IMG_1989.jpeg?fit=1080%2C1350&ssl=1","width":1080,"height":1350},{"@type":"WebSite","@id":"https:\/\/oeilsportif.info\/#website","url":"https:\/\/oeilsportif.info\/","name":"le regard du sportif","description":"","potentialAction":[{"@type":"SearchAction","target":{"@type":"EntryPoint","urlTemplate":"https:\/\/oeilsportif.info\/?s={search_term_string}"},"query-input":{"@type":"PropertyValueSpecification","valueRequired":true,"valueName":"search_term_string"}}],"inLanguage":"fr-FR"},{"@type":"Person","@id":"https:\/\/oeilsportif.info\/#\/schema\/person\/cfbded294aa6095f7d96608d7905e9a1","name":"L'Equipe de la R\u00e9daction","image":{"@type":"ImageObject","inLanguage":"fr-FR","@id":"https:\/\/oeilsportif.info\/wp-content\/uploads\/2025\/07\/cropped-cropped-logo-os-96x96.jpeg","url":"https:\/\/oeilsportif.info\/wp-content\/uploads\/2025\/07\/cropped-cropped-logo-os-96x96.jpeg","contentUrl":"https:\/\/oeilsportif.info\/wp-content\/uploads\/2025\/07\/cropped-cropped-logo-os-96x96.jpeg","caption":"L'Equipe de la R\u00e9daction"},"url":"https:\/\/oeilsportif.info\/index.php\/author\/tawel\/"}]}},"jetpack_publicize_connections":[],"jetpack_featured_media_url":"https:\/\/i0.wp.com\/oeilsportif.info\/wp-content\/uploads\/2025\/05\/IMG_1989.jpeg?fit=1080%2C1350&ssl=1","jetpack-related-posts":[],"jetpack_sharing_enabled":true,"jetpack_likes_enabled":true,"jetpack_shortlink":"https:\/\/wp.me\/pgFE77-1Tv","_links":{"self":[{"href":"https:\/\/oeilsportif.info\/index.php\/wp-json\/wp\/v2\/posts\/7285","targetHints":{"allow":["GET"]}}],"collection":[{"href":"https:\/\/oeilsportif.info\/index.php\/wp-json\/wp\/v2\/posts"}],"about":[{"href":"https:\/\/oeilsportif.info\/index.php\/wp-json\/wp\/v2\/types\/post"}],"author":[{"embeddable":true,"href":"https:\/\/oeilsportif.info\/index.php\/wp-json\/wp\/v2\/users\/2"}],"replies":[{"embeddable":true,"href":"https:\/\/oeilsportif.info\/index.php\/wp-json\/wp\/v2\/comments?post=7285"}],"version-history":[{"count":0,"href":"https:\/\/oeilsportif.info\/index.php\/wp-json\/wp\/v2\/posts\/7285\/revisions"}],"wp:featuredmedia":[{"embeddable":true,"href":"https:\/\/oeilsportif.info\/index.php\/wp-json\/wp\/v2\/media\/7286"}],"wp:attachment":[{"href":"https:\/\/oeilsportif.info\/index.php\/wp-json\/wp\/v2\/media?parent=7285"}],"wp:term":[{"taxonomy":"category","embeddable":true,"href":"https:\/\/oeilsportif.info\/index.php\/wp-json\/wp\/v2\/categories?post=7285"},{"taxonomy":"post_tag","embeddable":true,"href":"https:\/\/oeilsportif.info\/index.php\/wp-json\/wp\/v2\/tags?post=7285"}],"curies":[{"name":"wp","href":"https:\/\/api.w.org\/{rel}","templated":true}]}}