{"id":713,"date":"2022-06-07T15:58:35","date_gmt":"2022-06-07T15:58:35","guid":{"rendered":"https:\/\/oeilsportif.info\/index.php\/?p=713"},"modified":"2022-06-07T15:58:35","modified_gmt":"2022-06-07T15:58:35","slug":"cyclisme-le-circuit-het-nieuwsblad-a-debute-la-saison-cycliste-belge-est-lancee","status":"publish","type":"post","link":"https:\/\/oeilsportif.info\/index.php\/cyclisme-le-circuit-het-nieuwsblad-a-debute-la-saison-cycliste-belge-est-lancee\/","title":{"rendered":"Cyclisme: le Circuit Het Nieuwsblad a d\u00e9but\u00e9, la saison cycliste belge est lanc\u00e9e !"},"content":{"rendered":"<p><strong>La saison cycliste belge a officiellement \u00e9t\u00e9 lanc\u00e9e samedi \u00e0 11h \u00e0 Gand avec le d\u00e9part, sous le soleil, du Circuit Het Nieuwsblad (WorldTour), qui ouvre traditionnellement la saison de cyclisme sur route en Belgique.<\/strong><\/p>\n<p>C\u2019est parti ! Mais il y a deux absents de marque au d\u00e9part : Tim Wellens (Lotto Soudal) et le vainqueur de l\u2019\u00e9dition 2012, Sep Vanmarcke (Israel \u2013 Premier Tech), malades, ont en effet d\u00e9clar\u00e9 forfait, tout comme le N\u00e9erlandais Nils Eekhoff (DSM), qui a lui \u00e9t\u00e9 test\u00e9 positif au Covid-19.<\/p>\n<p>Cette 77e \u00e9dition du Circuit Het Nieuwsblad se dispute en pr\u00e9sence de public. Les organisateurs ont pr\u00e9vu des mesures sanitaires, mais elles sont loin d\u2019\u00eatre aussi strictes qu\u2019en 2021.<\/p>\n","protected":false},"excerpt":{"rendered":"<p>La saison cycliste belge a officiellement \u00e9t\u00e9 lanc\u00e9e samedi \u00e0 11h \u00e0 Gand avec le d\u00e9part, sous le soleil, du Circuit Het Nieuwsblad (WorldTour), qui ouvre traditionnellement la saison de cyclisme sur route en Belgique. C\u2019est parti ! Mais il y a deux absents de marque au d\u00e9part : Tim Wellens (Lotto Soudal) et le [&hellip;]<\/p>\n","protected":false},"author":2,"featured_media":714,"comment_status":"closed","ping_status":"open","sticky":false,"template":"","format":"standard","meta":{"_jetpack_memberships_contains_paid_content":false,"footnotes":"","jetpack_publicize_message":"","jetpack_publicize_feature_enabled":true,"jetpack_social_post_already_shared":true,"jetpack_social_options":{"image_generator_settings":{"template":"highway","default_image_id":0,"font":"","enabled":false},"version":2}},"categories":[8],"tags":[],"class_list":{"0":"post-713","1":"post","2":"type-post","3":"status-publish","4":"format-standard","5":"has-post-thumbnail","7":"category-cyclisme"},"yoast_head":"<!-- This site is optimized with the Yoast SEO plugin v27.5 - https:\/\/yoast.com\/product\/yoast-seo-wordpress\/ -->\n<title>Cyclisme: le Circuit Het Nieuwsblad a d\u00e9but\u00e9, la saison cycliste belge est lanc\u00e9e ! - le regard du sportif<\/title>\n<meta name=\"robots\" content=\"index, follow, max-snippet:-1, max-image-preview:large, max-video-preview:-1\" \/>\n<link rel=\"canonical\" href=\"https:\/\/oeilsportif.info\/index.php\/cyclisme-le-circuit-het-nieuwsblad-a-debute-la-saison-cycliste-belge-est-lancee\/\" \/>\n<meta property=\"og:locale\" content=\"fr_FR\" \/>\n<meta property=\"og:type\" content=\"article\" \/>\n<meta property=\"og:title\" content=\"Cyclisme: le Circuit Het Nieuwsblad a d\u00e9but\u00e9, la saison cycliste belge est lanc\u00e9e ! - le regard du sportif\" \/>\n<meta property=\"og:description\" content=\"La saison cycliste belge a officiellement \u00e9t\u00e9 lanc\u00e9e samedi \u00e0 11h \u00e0 Gand avec le d\u00e9part, sous le soleil, du Circuit Het Nieuwsblad (WorldTour), qui ouvre traditionnellement la saison de cyclisme sur route en Belgique. C\u2019est parti ! Mais il y a deux absents de marque au d\u00e9part : Tim Wellens (Lotto Soudal) et le [&hellip;]\" \/>\n<meta property=\"og:url\" content=\"https:\/\/oeilsportif.info\/index.php\/cyclisme-le-circuit-het-nieuwsblad-a-debute-la-saison-cycliste-belge-est-lancee\/\" \/>\n<meta property=\"og:site_name\" content=\"le regard du sportif\" \/>\n<meta property=\"article:published_time\" content=\"2022-06-07T15:58:35+00:00\" \/>\n<meta property=\"og:image\" content=\"https:\/\/oeilsportif.info\/wp-content\/uploads\/2022\/06\/3381658-69113428-2560-1440.jpg\" \/>\n\t<meta property=\"og:image:width\" content=\"2560\" \/>\n\t<meta property=\"og:image:height\" content=\"1440\" \/>\n\t<meta property=\"og:image:type\" content=\"image\/jpeg\" \/>\n<meta name=\"author\" content=\"L&#039;Equipe de la R\u00e9daction\" \/>\n<meta name=\"twitter:label1\" content=\"\u00c9crit par\" \/>\n\t<meta name=\"twitter:data1\" content=\"L&#039;Equipe de la R\u00e9daction\" \/>\n\t<meta name=\"twitter:label2\" content=\"Dur\u00e9e de lecture estim\u00e9e\" \/>\n\t<meta name=\"twitter:data2\" content=\"1 minute\" \/>\n<script type=\"application\/ld+json\" class=\"yoast-schema-graph\">{\"@context\":\"https:\\\/\\\/schema.org\",\"@graph\":[{\"@type\":\"Article\",\"@id\":\"https:\\\/\\\/oeilsportif.info\\\/index.php\\\/cyclisme-le-circuit-het-nieuwsblad-a-debute-la-saison-cycliste-belge-est-lancee\\\/#article\",\"isPartOf\":{\"@id\":\"https:\\\/\\\/oeilsportif.info\\\/index.php\\\/cyclisme-le-circuit-het-nieuwsblad-a-debute-la-saison-cycliste-belge-est-lancee\\\/\"},\"author\":{\"name\":\"L'Equipe de la R\u00e9daction\",\"@id\":\"https:\\\/\\\/oeilsportif.info\\\/#\\\/schema\\\/person\\\/cfbded294aa6095f7d96608d7905e9a1\"},\"headline\":\"Cyclisme: le Circuit Het Nieuwsblad a d\u00e9but\u00e9, la saison cycliste belge est lanc\u00e9e !\",\"datePublished\":\"2022-06-07T15:58:35+00:00\",\"mainEntityOfPage\":{\"@id\":\"https:\\\/\\\/oeilsportif.info\\\/index.php\\\/cyclisme-le-circuit-het-nieuwsblad-a-debute-la-saison-cycliste-belge-est-lancee\\\/\"},\"wordCount\":134,\"image\":{\"@id\":\"https:\\\/\\\/oeilsportif.info\\\/index.php\\\/cyclisme-le-circuit-het-nieuwsblad-a-debute-la-saison-cycliste-belge-est-lancee\\\/#primaryimage\"},\"thumbnailUrl\":\"https:\\\/\\\/i0.wp.com\\\/oeilsportif.info\\\/wp-content\\\/uploads\\\/2022\\\/06\\\/3381658-69113428-2560-1440.jpg?fit=2560%2C1440&ssl=1\",\"articleSection\":[\"Cyclisme\"],\"inLanguage\":\"fr-FR\"},{\"@type\":\"WebPage\",\"@id\":\"https:\\\/\\\/oeilsportif.info\\\/index.php\\\/cyclisme-le-circuit-het-nieuwsblad-a-debute-la-saison-cycliste-belge-est-lancee\\\/\",\"url\":\"https:\\\/\\\/oeilsportif.info\\\/index.php\\\/cyclisme-le-circuit-het-nieuwsblad-a-debute-la-saison-cycliste-belge-est-lancee\\\/\",\"name\":\"Cyclisme: le Circuit Het Nieuwsblad a d\u00e9but\u00e9, la saison cycliste belge est lanc\u00e9e ! - le regard du sportif\",\"isPartOf\":{\"@id\":\"https:\\\/\\\/oeilsportif.info\\\/#website\"},\"primaryImageOfPage\":{\"@id\":\"https:\\\/\\\/oeilsportif.info\\\/index.php\\\/cyclisme-le-circuit-het-nieuwsblad-a-debute-la-saison-cycliste-belge-est-lancee\\\/#primaryimage\"},\"image\":{\"@id\":\"https:\\\/\\\/oeilsportif.info\\\/index.php\\\/cyclisme-le-circuit-het-nieuwsblad-a-debute-la-saison-cycliste-belge-est-lancee\\\/#primaryimage\"},\"thumbnailUrl\":\"https:\\\/\\\/i0.wp.com\\\/oeilsportif.info\\\/wp-content\\\/uploads\\\/2022\\\/06\\\/3381658-69113428-2560-1440.jpg?fit=2560%2C1440&ssl=1\",\"datePublished\":\"2022-06-07T15:58:35+00:00\",\"author\":{\"@id\":\"https:\\\/\\\/oeilsportif.info\\\/#\\\/schema\\\/person\\\/cfbded294aa6095f7d96608d7905e9a1\"},\"inLanguage\":\"fr-FR\",\"potentialAction\":[{\"@type\":\"ReadAction\",\"target\":[\"https:\\\/\\\/oeilsportif.info\\\/index.php\\\/cyclisme-le-circuit-het-nieuwsblad-a-debute-la-saison-cycliste-belge-est-lancee\\\/\"]}]},{\"@type\":\"ImageObject\",\"inLanguage\":\"fr-FR\",\"@id\":\"https:\\\/\\\/oeilsportif.info\\\/index.php\\\/cyclisme-le-circuit-het-nieuwsblad-a-debute-la-saison-cycliste-belge-est-lancee\\\/#primaryimage\",\"url\":\"https:\\\/\\\/i0.wp.com\\\/oeilsportif.info\\\/wp-content\\\/uploads\\\/2022\\\/06\\\/3381658-69113428-2560-1440.jpg?fit=2560%2C1440&ssl=1\",\"contentUrl\":\"https:\\\/\\\/i0.wp.com\\\/oeilsportif.info\\\/wp-content\\\/uploads\\\/2022\\\/06\\\/3381658-69113428-2560-1440.jpg?fit=2560%2C1440&ssl=1\",\"width\":2560,\"height\":1440},{\"@type\":\"WebSite\",\"@id\":\"https:\\\/\\\/oeilsportif.info\\\/#website\",\"url\":\"https:\\\/\\\/oeilsportif.info\\\/\",\"name\":\"le regard du sportif\",\"description\":\"\",\"potentialAction\":[{\"@type\":\"SearchAction\",\"target\":{\"@type\":\"EntryPoint\",\"urlTemplate\":\"https:\\\/\\\/oeilsportif.info\\\/?s={search_term_string}\"},\"query-input\":{\"@type\":\"PropertyValueSpecification\",\"valueRequired\":true,\"valueName\":\"search_term_string\"}}],\"inLanguage\":\"fr-FR\"},{\"@type\":\"Person\",\"@id\":\"https:\\\/\\\/oeilsportif.info\\\/#\\\/schema\\\/person\\\/cfbded294aa6095f7d96608d7905e9a1\",\"name\":\"L'Equipe de la R\u00e9daction\",\"image\":{\"@type\":\"ImageObject\",\"inLanguage\":\"fr-FR\",\"@id\":\"https:\\\/\\\/oeilsportif.info\\\/wp-content\\\/uploads\\\/2025\\\/07\\\/cropped-cropped-logo-os-96x96.jpeg\",\"url\":\"https:\\\/\\\/oeilsportif.info\\\/wp-content\\\/uploads\\\/2025\\\/07\\\/cropped-cropped-logo-os-96x96.jpeg\",\"contentUrl\":\"https:\\\/\\\/oeilsportif.info\\\/wp-content\\\/uploads\\\/2025\\\/07\\\/cropped-cropped-logo-os-96x96.jpeg\",\"caption\":\"L'Equipe de la R\u00e9daction\"},\"url\":\"https:\\\/\\\/oeilsportif.info\\\/index.php\\\/author\\\/tawel\\\/\"}]}<\/script>\n<!-- \/ Yoast SEO plugin. -->","yoast_head_json":{"title":"Cyclisme: le Circuit Het Nieuwsblad a d\u00e9but\u00e9, la saison cycliste belge est lanc\u00e9e ! - le regard du sportif","robots":{"index":"index","follow":"follow","max-snippet":"max-snippet:-1","max-image-preview":"max-image-preview:large","max-video-preview":"max-video-preview:-1"},"canonical":"https:\/\/oeilsportif.info\/index.php\/cyclisme-le-circuit-het-nieuwsblad-a-debute-la-saison-cycliste-belge-est-lancee\/","og_locale":"fr_FR","og_type":"article","og_title":"Cyclisme: le Circuit Het Nieuwsblad a d\u00e9but\u00e9, la saison cycliste belge est lanc\u00e9e ! - le regard du sportif","og_description":"La saison cycliste belge a officiellement \u00e9t\u00e9 lanc\u00e9e samedi \u00e0 11h \u00e0 Gand avec le d\u00e9part, sous le soleil, du Circuit Het Nieuwsblad (WorldTour), qui ouvre traditionnellement la saison de cyclisme sur route en Belgique. C\u2019est parti ! Mais il y a deux absents de marque au d\u00e9part : Tim Wellens (Lotto Soudal) et le [&hellip;]","og_url":"https:\/\/oeilsportif.info\/index.php\/cyclisme-le-circuit-het-nieuwsblad-a-debute-la-saison-cycliste-belge-est-lancee\/","og_site_name":"le regard du sportif","article_published_time":"2022-06-07T15:58:35+00:00","og_image":[{"width":2560,"height":1440,"url":"https:\/\/oeilsportif.info\/wp-content\/uploads\/2022\/06\/3381658-69113428-2560-1440.jpg","type":"image\/jpeg"}],"author":"L'Equipe de la R\u00e9daction","twitter_misc":{"\u00c9crit par":"L'Equipe de la R\u00e9daction","Dur\u00e9e de lecture estim\u00e9e":"1 minute"},"schema":{"@context":"https:\/\/schema.org","@graph":[{"@type":"Article","@id":"https:\/\/oeilsportif.info\/index.php\/cyclisme-le-circuit-het-nieuwsblad-a-debute-la-saison-cycliste-belge-est-lancee\/#article","isPartOf":{"@id":"https:\/\/oeilsportif.info\/index.php\/cyclisme-le-circuit-het-nieuwsblad-a-debute-la-saison-cycliste-belge-est-lancee\/"},"author":{"name":"L'Equipe de la R\u00e9daction","@id":"https:\/\/oeilsportif.info\/#\/schema\/person\/cfbded294aa6095f7d96608d7905e9a1"},"headline":"Cyclisme: le Circuit Het Nieuwsblad a d\u00e9but\u00e9, la saison cycliste belge est lanc\u00e9e !","datePublished":"2022-06-07T15:58:35+00:00","mainEntityOfPage":{"@id":"https:\/\/oeilsportif.info\/index.php\/cyclisme-le-circuit-het-nieuwsblad-a-debute-la-saison-cycliste-belge-est-lancee\/"},"wordCount":134,"image":{"@id":"https:\/\/oeilsportif.info\/index.php\/cyclisme-le-circuit-het-nieuwsblad-a-debute-la-saison-cycliste-belge-est-lancee\/#primaryimage"},"thumbnailUrl":"https:\/\/i0.wp.com\/oeilsportif.info\/wp-content\/uploads\/2022\/06\/3381658-69113428-2560-1440.jpg?fit=2560%2C1440&ssl=1","articleSection":["Cyclisme"],"inLanguage":"fr-FR"},{"@type":"WebPage","@id":"https:\/\/oeilsportif.info\/index.php\/cyclisme-le-circuit-het-nieuwsblad-a-debute-la-saison-cycliste-belge-est-lancee\/","url":"https:\/\/oeilsportif.info\/index.php\/cyclisme-le-circuit-het-nieuwsblad-a-debute-la-saison-cycliste-belge-est-lancee\/","name":"Cyclisme: le Circuit Het Nieuwsblad a d\u00e9but\u00e9, la saison cycliste belge est lanc\u00e9e ! - le regard du sportif","isPartOf":{"@id":"https:\/\/oeilsportif.info\/#website"},"primaryImageOfPage":{"@id":"https:\/\/oeilsportif.info\/index.php\/cyclisme-le-circuit-het-nieuwsblad-a-debute-la-saison-cycliste-belge-est-lancee\/#primaryimage"},"image":{"@id":"https:\/\/oeilsportif.info\/index.php\/cyclisme-le-circuit-het-nieuwsblad-a-debute-la-saison-cycliste-belge-est-lancee\/#primaryimage"},"thumbnailUrl":"https:\/\/i0.wp.com\/oeilsportif.info\/wp-content\/uploads\/2022\/06\/3381658-69113428-2560-1440.jpg?fit=2560%2C1440&ssl=1","datePublished":"2022-06-07T15:58:35+00:00","author":{"@id":"https:\/\/oeilsportif.info\/#\/schema\/person\/cfbded294aa6095f7d96608d7905e9a1"},"inLanguage":"fr-FR","potentialAction":[{"@type":"ReadAction","target":["https:\/\/oeilsportif.info\/index.php\/cyclisme-le-circuit-het-nieuwsblad-a-debute-la-saison-cycliste-belge-est-lancee\/"]}]},{"@type":"ImageObject","inLanguage":"fr-FR","@id":"https:\/\/oeilsportif.info\/index.php\/cyclisme-le-circuit-het-nieuwsblad-a-debute-la-saison-cycliste-belge-est-lancee\/#primaryimage","url":"https:\/\/i0.wp.com\/oeilsportif.info\/wp-content\/uploads\/2022\/06\/3381658-69113428-2560-1440.jpg?fit=2560%2C1440&ssl=1","contentUrl":"https:\/\/i0.wp.com\/oeilsportif.info\/wp-content\/uploads\/2022\/06\/3381658-69113428-2560-1440.jpg?fit=2560%2C1440&ssl=1","width":2560,"height":1440},{"@type":"WebSite","@id":"https:\/\/oeilsportif.info\/#website","url":"https:\/\/oeilsportif.info\/","name":"le regard du sportif","description":"","potentialAction":[{"@type":"SearchAction","target":{"@type":"EntryPoint","urlTemplate":"https:\/\/oeilsportif.info\/?s={search_term_string}"},"query-input":{"@type":"PropertyValueSpecification","valueRequired":true,"valueName":"search_term_string"}}],"inLanguage":"fr-FR"},{"@type":"Person","@id":"https:\/\/oeilsportif.info\/#\/schema\/person\/cfbded294aa6095f7d96608d7905e9a1","name":"L'Equipe de la R\u00e9daction","image":{"@type":"ImageObject","inLanguage":"fr-FR","@id":"https:\/\/oeilsportif.info\/wp-content\/uploads\/2025\/07\/cropped-cropped-logo-os-96x96.jpeg","url":"https:\/\/oeilsportif.info\/wp-content\/uploads\/2025\/07\/cropped-cropped-logo-os-96x96.jpeg","contentUrl":"https:\/\/oeilsportif.info\/wp-content\/uploads\/2025\/07\/cropped-cropped-logo-os-96x96.jpeg","caption":"L'Equipe de la R\u00e9daction"},"url":"https:\/\/oeilsportif.info\/index.php\/author\/tawel\/"}]}},"jetpack_publicize_connections":[],"jetpack_featured_media_url":"https:\/\/i0.wp.com\/oeilsportif.info\/wp-content\/uploads\/2022\/06\/3381658-69113428-2560-1440.jpg?fit=2560%2C1440&ssl=1","jetpack-related-posts":[],"jetpack_sharing_enabled":true,"jetpack_likes_enabled":true,"jetpack_shortlink":"https:\/\/wp.me\/pgFE77-bv","_links":{"self":[{"href":"https:\/\/oeilsportif.info\/index.php\/wp-json\/wp\/v2\/posts\/713","targetHints":{"allow":["GET"]}}],"collection":[{"href":"https:\/\/oeilsportif.info\/index.php\/wp-json\/wp\/v2\/posts"}],"about":[{"href":"https:\/\/oeilsportif.info\/index.php\/wp-json\/wp\/v2\/types\/post"}],"author":[{"embeddable":true,"href":"https:\/\/oeilsportif.info\/index.php\/wp-json\/wp\/v2\/users\/2"}],"replies":[{"embeddable":true,"href":"https:\/\/oeilsportif.info\/index.php\/wp-json\/wp\/v2\/comments?post=713"}],"version-history":[{"count":0,"href":"https:\/\/oeilsportif.info\/index.php\/wp-json\/wp\/v2\/posts\/713\/revisions"}],"wp:featuredmedia":[{"embeddable":true,"href":"https:\/\/oeilsportif.info\/index.php\/wp-json\/wp\/v2\/media\/714"}],"wp:attachment":[{"href":"https:\/\/oeilsportif.info\/index.php\/wp-json\/wp\/v2\/media?parent=713"}],"wp:term":[{"taxonomy":"category","embeddable":true,"href":"https:\/\/oeilsportif.info\/index.php\/wp-json\/wp\/v2\/categories?post=713"},{"taxonomy":"post_tag","embeddable":true,"href":"https:\/\/oeilsportif.info\/index.php\/wp-json\/wp\/v2\/tags?post=713"}],"curies":[{"name":"wp","href":"https:\/\/api.w.org\/{rel}","templated":true}]}}