{"id":707,"date":"2022-06-07T15:52:58","date_gmt":"2022-06-07T15:52:58","guid":{"rendered":"https:\/\/oeilsportif.info\/index.php\/?p=707"},"modified":"2022-06-07T15:52:58","modified_gmt":"2022-06-07T15:52:58","slug":"cyclisme-un-tour-de-france-feminin-en-2022","status":"publish","type":"post","link":"https:\/\/oeilsportif.info\/index.php\/cyclisme-un-tour-de-france-feminin-en-2022\/","title":{"rendered":"Cyclisme : un Tour de France f\u00e9minin en 2022 ?"},"content":{"rendered":"<p><strong>L\u2019organisation d\u2019un Paris-Roubaix pour les femmes le m\u00eame jour que les hommes le 25 octobre, suscite l\u2019enthousiasme du cyclisme f\u00e9minin. Et annonce un tr\u00e8s probable retour d\u2019une Grande Boucle f\u00e9minine.<\/strong><\/p>\n<p>Sous les pav\u00e9s, le Tour? C&rsquo;est presque pass\u00e9 inaper\u00e7u mais le cyclisme f\u00e9minin fran\u00e7ais a re\u00e7u un \u00e9norme coup de pouce mardi dernier avec l&rsquo;annonce du nouveau calendrier du cyclisme. A la surprise g\u00e9n\u00e9rale, Amaury Sport Organisation (ASO), l&rsquo;organisateur du Tour de France et de Paris-Roubaix a annonc\u00e9 que la 118e \u00e9dition de l&rsquo;Enfer du Nord se disputerait le 25 octobre mais surtout qu&rsquo;un Paris-Roubaix f\u00e9minin serait organis\u00e9 le m\u00eame jour. Et Christian Prudhomme, le patron d&rsquo;ASO, a annonc\u00e9 dans la foul\u00e9e que l&rsquo;organisation d&rsquo;un Tour de France f\u00e9minin, un sujet longtemps tabou chez ASO, n&rsquo;\u00e9tait pas exclue pour 2022.<\/p>\n","protected":false},"excerpt":{"rendered":"<p>L\u2019organisation d\u2019un Paris-Roubaix pour les femmes le m\u00eame jour que les hommes le 25 octobre, suscite l\u2019enthousiasme du cyclisme f\u00e9minin. Et annonce un tr\u00e8s probable retour d\u2019une Grande Boucle f\u00e9minine. Sous les pav\u00e9s, le Tour? C&rsquo;est presque pass\u00e9 inaper\u00e7u mais le cyclisme f\u00e9minin fran\u00e7ais a re\u00e7u un \u00e9norme coup de pouce mardi dernier avec l&rsquo;annonce [&hellip;]<\/p>\n","protected":false},"author":2,"featured_media":708,"comment_status":"closed","ping_status":"open","sticky":false,"template":"","format":"standard","meta":{"_jetpack_memberships_contains_paid_content":false,"footnotes":"","jetpack_publicize_message":"","jetpack_publicize_feature_enabled":true,"jetpack_social_post_already_shared":true,"jetpack_social_options":{"image_generator_settings":{"template":"highway","default_image_id":0,"font":"","enabled":false},"version":2}},"categories":[8],"tags":[],"class_list":{"0":"post-707","1":"post","2":"type-post","3":"status-publish","4":"format-standard","5":"has-post-thumbnail","7":"category-cyclisme"},"yoast_head":"<!-- This site is optimized with the Yoast SEO plugin v27.5 - https:\/\/yoast.com\/product\/yoast-seo-wordpress\/ -->\n<title>Cyclisme : un Tour de France f\u00e9minin en 2022 ? - le regard du sportif<\/title>\n<meta name=\"robots\" content=\"index, follow, max-snippet:-1, max-image-preview:large, max-video-preview:-1\" \/>\n<link rel=\"canonical\" href=\"https:\/\/oeilsportif.info\/index.php\/cyclisme-un-tour-de-france-feminin-en-2022\/\" \/>\n<meta property=\"og:locale\" content=\"fr_FR\" \/>\n<meta property=\"og:type\" content=\"article\" \/>\n<meta property=\"og:title\" content=\"Cyclisme : un Tour de France f\u00e9minin en 2022 ? - le regard du sportif\" \/>\n<meta property=\"og:description\" content=\"L\u2019organisation d\u2019un Paris-Roubaix pour les femmes le m\u00eame jour que les hommes le 25 octobre, suscite l\u2019enthousiasme du cyclisme f\u00e9minin. Et annonce un tr\u00e8s probable retour d\u2019une Grande Boucle f\u00e9minine. Sous les pav\u00e9s, le Tour? C&rsquo;est presque pass\u00e9 inaper\u00e7u mais le cyclisme f\u00e9minin fran\u00e7ais a re\u00e7u un \u00e9norme coup de pouce mardi dernier avec l&rsquo;annonce [&hellip;]\" \/>\n<meta property=\"og:url\" content=\"https:\/\/oeilsportif.info\/index.php\/cyclisme-un-tour-de-france-feminin-en-2022\/\" \/>\n<meta property=\"og:site_name\" content=\"le regard du sportif\" \/>\n<meta property=\"article:published_time\" content=\"2022-06-07T15:52:58+00:00\" \/>\n<meta property=\"og:image\" content=\"https:\/\/oeilsportif.info\/wp-content\/uploads\/2022\/06\/XRONBZRFKJKIFKZSVUTXAEAHK4.jpg\" \/>\n\t<meta property=\"og:image:width\" content=\"932\" \/>\n\t<meta property=\"og:image:height\" content=\"582\" \/>\n\t<meta property=\"og:image:type\" content=\"image\/jpeg\" \/>\n<meta name=\"author\" content=\"L&#039;Equipe de la R\u00e9daction\" \/>\n<meta name=\"twitter:label1\" content=\"\u00c9crit par\" \/>\n\t<meta name=\"twitter:data1\" content=\"L&#039;Equipe de la R\u00e9daction\" \/>\n\t<meta name=\"twitter:label2\" content=\"Dur\u00e9e de lecture estim\u00e9e\" \/>\n\t<meta name=\"twitter:data2\" content=\"1 minute\" \/>\n<script type=\"application\/ld+json\" class=\"yoast-schema-graph\">{\"@context\":\"https:\\\/\\\/schema.org\",\"@graph\":[{\"@type\":\"Article\",\"@id\":\"https:\\\/\\\/oeilsportif.info\\\/index.php\\\/cyclisme-un-tour-de-france-feminin-en-2022\\\/#article\",\"isPartOf\":{\"@id\":\"https:\\\/\\\/oeilsportif.info\\\/index.php\\\/cyclisme-un-tour-de-france-feminin-en-2022\\\/\"},\"author\":{\"name\":\"L'Equipe de la R\u00e9daction\",\"@id\":\"https:\\\/\\\/oeilsportif.info\\\/#\\\/schema\\\/person\\\/cfbded294aa6095f7d96608d7905e9a1\"},\"headline\":\"Cyclisme : un Tour de France f\u00e9minin en 2022 ?\",\"datePublished\":\"2022-06-07T15:52:58+00:00\",\"mainEntityOfPage\":{\"@id\":\"https:\\\/\\\/oeilsportif.info\\\/index.php\\\/cyclisme-un-tour-de-france-feminin-en-2022\\\/\"},\"wordCount\":163,\"image\":{\"@id\":\"https:\\\/\\\/oeilsportif.info\\\/index.php\\\/cyclisme-un-tour-de-france-feminin-en-2022\\\/#primaryimage\"},\"thumbnailUrl\":\"https:\\\/\\\/i0.wp.com\\\/oeilsportif.info\\\/wp-content\\\/uploads\\\/2022\\\/06\\\/XRONBZRFKJKIFKZSVUTXAEAHK4.jpg?fit=932%2C582&ssl=1\",\"articleSection\":[\"Cyclisme\"],\"inLanguage\":\"fr-FR\"},{\"@type\":\"WebPage\",\"@id\":\"https:\\\/\\\/oeilsportif.info\\\/index.php\\\/cyclisme-un-tour-de-france-feminin-en-2022\\\/\",\"url\":\"https:\\\/\\\/oeilsportif.info\\\/index.php\\\/cyclisme-un-tour-de-france-feminin-en-2022\\\/\",\"name\":\"Cyclisme : un Tour de France f\u00e9minin en 2022 ? - le regard du sportif\",\"isPartOf\":{\"@id\":\"https:\\\/\\\/oeilsportif.info\\\/#website\"},\"primaryImageOfPage\":{\"@id\":\"https:\\\/\\\/oeilsportif.info\\\/index.php\\\/cyclisme-un-tour-de-france-feminin-en-2022\\\/#primaryimage\"},\"image\":{\"@id\":\"https:\\\/\\\/oeilsportif.info\\\/index.php\\\/cyclisme-un-tour-de-france-feminin-en-2022\\\/#primaryimage\"},\"thumbnailUrl\":\"https:\\\/\\\/i0.wp.com\\\/oeilsportif.info\\\/wp-content\\\/uploads\\\/2022\\\/06\\\/XRONBZRFKJKIFKZSVUTXAEAHK4.jpg?fit=932%2C582&ssl=1\",\"datePublished\":\"2022-06-07T15:52:58+00:00\",\"author\":{\"@id\":\"https:\\\/\\\/oeilsportif.info\\\/#\\\/schema\\\/person\\\/cfbded294aa6095f7d96608d7905e9a1\"},\"inLanguage\":\"fr-FR\",\"potentialAction\":[{\"@type\":\"ReadAction\",\"target\":[\"https:\\\/\\\/oeilsportif.info\\\/index.php\\\/cyclisme-un-tour-de-france-feminin-en-2022\\\/\"]}]},{\"@type\":\"ImageObject\",\"inLanguage\":\"fr-FR\",\"@id\":\"https:\\\/\\\/oeilsportif.info\\\/index.php\\\/cyclisme-un-tour-de-france-feminin-en-2022\\\/#primaryimage\",\"url\":\"https:\\\/\\\/i0.wp.com\\\/oeilsportif.info\\\/wp-content\\\/uploads\\\/2022\\\/06\\\/XRONBZRFKJKIFKZSVUTXAEAHK4.jpg?fit=932%2C582&ssl=1\",\"contentUrl\":\"https:\\\/\\\/i0.wp.com\\\/oeilsportif.info\\\/wp-content\\\/uploads\\\/2022\\\/06\\\/XRONBZRFKJKIFKZSVUTXAEAHK4.jpg?fit=932%2C582&ssl=1\",\"width\":932,\"height\":582},{\"@type\":\"WebSite\",\"@id\":\"https:\\\/\\\/oeilsportif.info\\\/#website\",\"url\":\"https:\\\/\\\/oeilsportif.info\\\/\",\"name\":\"le regard du sportif\",\"description\":\"\",\"potentialAction\":[{\"@type\":\"SearchAction\",\"target\":{\"@type\":\"EntryPoint\",\"urlTemplate\":\"https:\\\/\\\/oeilsportif.info\\\/?s={search_term_string}\"},\"query-input\":{\"@type\":\"PropertyValueSpecification\",\"valueRequired\":true,\"valueName\":\"search_term_string\"}}],\"inLanguage\":\"fr-FR\"},{\"@type\":\"Person\",\"@id\":\"https:\\\/\\\/oeilsportif.info\\\/#\\\/schema\\\/person\\\/cfbded294aa6095f7d96608d7905e9a1\",\"name\":\"L'Equipe de la R\u00e9daction\",\"image\":{\"@type\":\"ImageObject\",\"inLanguage\":\"fr-FR\",\"@id\":\"https:\\\/\\\/oeilsportif.info\\\/wp-content\\\/uploads\\\/2025\\\/07\\\/cropped-cropped-logo-os-96x96.jpeg\",\"url\":\"https:\\\/\\\/oeilsportif.info\\\/wp-content\\\/uploads\\\/2025\\\/07\\\/cropped-cropped-logo-os-96x96.jpeg\",\"contentUrl\":\"https:\\\/\\\/oeilsportif.info\\\/wp-content\\\/uploads\\\/2025\\\/07\\\/cropped-cropped-logo-os-96x96.jpeg\",\"caption\":\"L'Equipe de la R\u00e9daction\"},\"url\":\"https:\\\/\\\/oeilsportif.info\\\/index.php\\\/author\\\/tawel\\\/\"}]}<\/script>\n<!-- \/ Yoast SEO plugin. -->","yoast_head_json":{"title":"Cyclisme : un Tour de France f\u00e9minin en 2022 ? - le regard du sportif","robots":{"index":"index","follow":"follow","max-snippet":"max-snippet:-1","max-image-preview":"max-image-preview:large","max-video-preview":"max-video-preview:-1"},"canonical":"https:\/\/oeilsportif.info\/index.php\/cyclisme-un-tour-de-france-feminin-en-2022\/","og_locale":"fr_FR","og_type":"article","og_title":"Cyclisme : un Tour de France f\u00e9minin en 2022 ? - le regard du sportif","og_description":"L\u2019organisation d\u2019un Paris-Roubaix pour les femmes le m\u00eame jour que les hommes le 25 octobre, suscite l\u2019enthousiasme du cyclisme f\u00e9minin. Et annonce un tr\u00e8s probable retour d\u2019une Grande Boucle f\u00e9minine. Sous les pav\u00e9s, le Tour? C&rsquo;est presque pass\u00e9 inaper\u00e7u mais le cyclisme f\u00e9minin fran\u00e7ais a re\u00e7u un \u00e9norme coup de pouce mardi dernier avec l&rsquo;annonce [&hellip;]","og_url":"https:\/\/oeilsportif.info\/index.php\/cyclisme-un-tour-de-france-feminin-en-2022\/","og_site_name":"le regard du sportif","article_published_time":"2022-06-07T15:52:58+00:00","og_image":[{"width":932,"height":582,"url":"https:\/\/oeilsportif.info\/wp-content\/uploads\/2022\/06\/XRONBZRFKJKIFKZSVUTXAEAHK4.jpg","type":"image\/jpeg"}],"author":"L'Equipe de la R\u00e9daction","twitter_misc":{"\u00c9crit par":"L'Equipe de la R\u00e9daction","Dur\u00e9e de lecture estim\u00e9e":"1 minute"},"schema":{"@context":"https:\/\/schema.org","@graph":[{"@type":"Article","@id":"https:\/\/oeilsportif.info\/index.php\/cyclisme-un-tour-de-france-feminin-en-2022\/#article","isPartOf":{"@id":"https:\/\/oeilsportif.info\/index.php\/cyclisme-un-tour-de-france-feminin-en-2022\/"},"author":{"name":"L'Equipe de la R\u00e9daction","@id":"https:\/\/oeilsportif.info\/#\/schema\/person\/cfbded294aa6095f7d96608d7905e9a1"},"headline":"Cyclisme : un Tour de France f\u00e9minin en 2022 ?","datePublished":"2022-06-07T15:52:58+00:00","mainEntityOfPage":{"@id":"https:\/\/oeilsportif.info\/index.php\/cyclisme-un-tour-de-france-feminin-en-2022\/"},"wordCount":163,"image":{"@id":"https:\/\/oeilsportif.info\/index.php\/cyclisme-un-tour-de-france-feminin-en-2022\/#primaryimage"},"thumbnailUrl":"https:\/\/i0.wp.com\/oeilsportif.info\/wp-content\/uploads\/2022\/06\/XRONBZRFKJKIFKZSVUTXAEAHK4.jpg?fit=932%2C582&ssl=1","articleSection":["Cyclisme"],"inLanguage":"fr-FR"},{"@type":"WebPage","@id":"https:\/\/oeilsportif.info\/index.php\/cyclisme-un-tour-de-france-feminin-en-2022\/","url":"https:\/\/oeilsportif.info\/index.php\/cyclisme-un-tour-de-france-feminin-en-2022\/","name":"Cyclisme : un Tour de France f\u00e9minin en 2022 ? - le regard du sportif","isPartOf":{"@id":"https:\/\/oeilsportif.info\/#website"},"primaryImageOfPage":{"@id":"https:\/\/oeilsportif.info\/index.php\/cyclisme-un-tour-de-france-feminin-en-2022\/#primaryimage"},"image":{"@id":"https:\/\/oeilsportif.info\/index.php\/cyclisme-un-tour-de-france-feminin-en-2022\/#primaryimage"},"thumbnailUrl":"https:\/\/i0.wp.com\/oeilsportif.info\/wp-content\/uploads\/2022\/06\/XRONBZRFKJKIFKZSVUTXAEAHK4.jpg?fit=932%2C582&ssl=1","datePublished":"2022-06-07T15:52:58+00:00","author":{"@id":"https:\/\/oeilsportif.info\/#\/schema\/person\/cfbded294aa6095f7d96608d7905e9a1"},"inLanguage":"fr-FR","potentialAction":[{"@type":"ReadAction","target":["https:\/\/oeilsportif.info\/index.php\/cyclisme-un-tour-de-france-feminin-en-2022\/"]}]},{"@type":"ImageObject","inLanguage":"fr-FR","@id":"https:\/\/oeilsportif.info\/index.php\/cyclisme-un-tour-de-france-feminin-en-2022\/#primaryimage","url":"https:\/\/i0.wp.com\/oeilsportif.info\/wp-content\/uploads\/2022\/06\/XRONBZRFKJKIFKZSVUTXAEAHK4.jpg?fit=932%2C582&ssl=1","contentUrl":"https:\/\/i0.wp.com\/oeilsportif.info\/wp-content\/uploads\/2022\/06\/XRONBZRFKJKIFKZSVUTXAEAHK4.jpg?fit=932%2C582&ssl=1","width":932,"height":582},{"@type":"WebSite","@id":"https:\/\/oeilsportif.info\/#website","url":"https:\/\/oeilsportif.info\/","name":"le regard du sportif","description":"","potentialAction":[{"@type":"SearchAction","target":{"@type":"EntryPoint","urlTemplate":"https:\/\/oeilsportif.info\/?s={search_term_string}"},"query-input":{"@type":"PropertyValueSpecification","valueRequired":true,"valueName":"search_term_string"}}],"inLanguage":"fr-FR"},{"@type":"Person","@id":"https:\/\/oeilsportif.info\/#\/schema\/person\/cfbded294aa6095f7d96608d7905e9a1","name":"L'Equipe de la R\u00e9daction","image":{"@type":"ImageObject","inLanguage":"fr-FR","@id":"https:\/\/oeilsportif.info\/wp-content\/uploads\/2025\/07\/cropped-cropped-logo-os-96x96.jpeg","url":"https:\/\/oeilsportif.info\/wp-content\/uploads\/2025\/07\/cropped-cropped-logo-os-96x96.jpeg","contentUrl":"https:\/\/oeilsportif.info\/wp-content\/uploads\/2025\/07\/cropped-cropped-logo-os-96x96.jpeg","caption":"L'Equipe de la R\u00e9daction"},"url":"https:\/\/oeilsportif.info\/index.php\/author\/tawel\/"}]}},"jetpack_publicize_connections":[],"jetpack_featured_media_url":"https:\/\/i0.wp.com\/oeilsportif.info\/wp-content\/uploads\/2022\/06\/XRONBZRFKJKIFKZSVUTXAEAHK4.jpg?fit=932%2C582&ssl=1","jetpack-related-posts":[],"jetpack_sharing_enabled":true,"jetpack_likes_enabled":true,"jetpack_shortlink":"https:\/\/wp.me\/pgFE77-bp","_links":{"self":[{"href":"https:\/\/oeilsportif.info\/index.php\/wp-json\/wp\/v2\/posts\/707","targetHints":{"allow":["GET"]}}],"collection":[{"href":"https:\/\/oeilsportif.info\/index.php\/wp-json\/wp\/v2\/posts"}],"about":[{"href":"https:\/\/oeilsportif.info\/index.php\/wp-json\/wp\/v2\/types\/post"}],"author":[{"embeddable":true,"href":"https:\/\/oeilsportif.info\/index.php\/wp-json\/wp\/v2\/users\/2"}],"replies":[{"embeddable":true,"href":"https:\/\/oeilsportif.info\/index.php\/wp-json\/wp\/v2\/comments?post=707"}],"version-history":[{"count":0,"href":"https:\/\/oeilsportif.info\/index.php\/wp-json\/wp\/v2\/posts\/707\/revisions"}],"wp:featuredmedia":[{"embeddable":true,"href":"https:\/\/oeilsportif.info\/index.php\/wp-json\/wp\/v2\/media\/708"}],"wp:attachment":[{"href":"https:\/\/oeilsportif.info\/index.php\/wp-json\/wp\/v2\/media?parent=707"}],"wp:term":[{"taxonomy":"category","embeddable":true,"href":"https:\/\/oeilsportif.info\/index.php\/wp-json\/wp\/v2\/categories?post=707"},{"taxonomy":"post_tag","embeddable":true,"href":"https:\/\/oeilsportif.info\/index.php\/wp-json\/wp\/v2\/tags?post=707"}],"curies":[{"name":"wp","href":"https:\/\/api.w.org\/{rel}","templated":true}]}}