{"id":703,"date":"2022-06-07T15:31:08","date_gmt":"2022-06-07T15:31:08","guid":{"rendered":"https:\/\/oeilsportif.info\/index.php\/?p=703"},"modified":"2022-06-07T15:31:08","modified_gmt":"2022-06-07T15:31:08","slug":"elim-can-2022-j-2-le-burkina-faso-enchaine-la-victoire-face-leswatini","status":"publish","type":"post","link":"https:\/\/oeilsportif.info\/index.php\/elim-can-2022-j-2-le-burkina-faso-enchaine-la-victoire-face-leswatini\/","title":{"rendered":"ELIM-CAN 2022 (J-2) : le Burkina Faso encha\u00eene la victoire face l&rsquo;Eswatini."},"content":{"rendered":"<p>Ce mardi, 07 juin 2022 le Burkina Faso a domin\u00e9 l&rsquo;Eswatini sur le score de 3 buts \u00e0 1 pour le compte de la deuxi\u00e8me journ\u00e9e des \u00e9liminatoires de la Coupe d&rsquo;Afrique des Nations 2023 en C\u00f4te d&rsquo;Ivoire.<\/p>\n<p>Face \u00e0 l&rsquo;Eswatini, les \u00c9talons du Burkina Faso ont pris belle option pour la qualification de la CAN 2023. Dans un match largement ma\u00eetris\u00e9, les \u00c9talons ont men\u00e9 gr\u00e2ce \u00e0 un doubl\u00e9 de Dango Ouattara et 1 but de Aziz Ky.<\/p>\n<p>Avec ce deuxi\u00e8me succ\u00e8s, le Burkina Faso totalise 6 points.<\/p>\n<p><strong>Welta<\/strong><\/p>\n","protected":false},"excerpt":{"rendered":"<p>Ce mardi, 07 juin 2022 le Burkina Faso a domin\u00e9 l&rsquo;Eswatini sur le score de 3 buts \u00e0 1 pour le compte de la deuxi\u00e8me journ\u00e9e des \u00e9liminatoires de la Coupe d&rsquo;Afrique des Nations 2023 en C\u00f4te d&rsquo;Ivoire. Face \u00e0 l&rsquo;Eswatini, les \u00c9talons du Burkina Faso ont pris belle option pour la qualification de la [&hellip;]<\/p>\n","protected":false},"author":2,"featured_media":704,"comment_status":"closed","ping_status":"open","sticky":false,"template":"","format":"standard","meta":{"_jetpack_memberships_contains_paid_content":false,"footnotes":"","jetpack_publicize_message":"","jetpack_publicize_feature_enabled":true,"jetpack_social_post_already_shared":true,"jetpack_social_options":{"image_generator_settings":{"template":"highway","default_image_id":0,"font":"","enabled":false},"version":2}},"categories":[5],"tags":[],"class_list":{"0":"post-703","1":"post","2":"type-post","3":"status-publish","4":"format-standard","5":"has-post-thumbnail","7":"category-football"},"yoast_head":"<!-- This site is optimized with the Yoast SEO plugin v27.5 - https:\/\/yoast.com\/product\/yoast-seo-wordpress\/ -->\n<title>ELIM-CAN 2022 (J-2) : le Burkina Faso encha\u00eene la victoire face l&#039;Eswatini. - le regard du sportif<\/title>\n<meta name=\"robots\" content=\"index, follow, max-snippet:-1, max-image-preview:large, max-video-preview:-1\" \/>\n<link rel=\"canonical\" href=\"https:\/\/oeilsportif.info\/index.php\/elim-can-2022-j-2-le-burkina-faso-enchaine-la-victoire-face-leswatini\/\" \/>\n<meta property=\"og:locale\" content=\"fr_FR\" \/>\n<meta property=\"og:type\" content=\"article\" \/>\n<meta property=\"og:title\" content=\"ELIM-CAN 2022 (J-2) : le Burkina Faso encha\u00eene la victoire face l&#039;Eswatini. - le regard du sportif\" \/>\n<meta property=\"og:description\" content=\"Ce mardi, 07 juin 2022 le Burkina Faso a domin\u00e9 l&rsquo;Eswatini sur le score de 3 buts \u00e0 1 pour le compte de la deuxi\u00e8me journ\u00e9e des \u00e9liminatoires de la Coupe d&rsquo;Afrique des Nations 2023 en C\u00f4te d&rsquo;Ivoire. Face \u00e0 l&rsquo;Eswatini, les \u00c9talons du Burkina Faso ont pris belle option pour la qualification de la [&hellip;]\" \/>\n<meta property=\"og:url\" content=\"https:\/\/oeilsportif.info\/index.php\/elim-can-2022-j-2-le-burkina-faso-enchaine-la-victoire-face-leswatini\/\" \/>\n<meta property=\"og:site_name\" content=\"le regard du sportif\" \/>\n<meta property=\"article:published_time\" content=\"2022-06-07T15:31:08+00:00\" \/>\n<meta property=\"og:image\" content=\"https:\/\/oeilsportif.info\/wp-content\/uploads\/2022\/06\/FB_IMG_1654614516816.jpg\" \/>\n\t<meta property=\"og:image:width\" content=\"1080\" \/>\n\t<meta property=\"og:image:height\" content=\"720\" \/>\n\t<meta property=\"og:image:type\" content=\"image\/jpeg\" \/>\n<meta name=\"author\" content=\"L&#039;Equipe de la R\u00e9daction\" \/>\n<meta name=\"twitter:label1\" content=\"\u00c9crit par\" \/>\n\t<meta name=\"twitter:data1\" content=\"L&#039;Equipe de la R\u00e9daction\" \/>\n\t<meta name=\"twitter:label2\" content=\"Dur\u00e9e de lecture estim\u00e9e\" \/>\n\t<meta name=\"twitter:data2\" content=\"1 minute\" \/>\n<script type=\"application\/ld+json\" class=\"yoast-schema-graph\">{\"@context\":\"https:\\\/\\\/schema.org\",\"@graph\":[{\"@type\":\"Article\",\"@id\":\"https:\\\/\\\/oeilsportif.info\\\/index.php\\\/elim-can-2022-j-2-le-burkina-faso-enchaine-la-victoire-face-leswatini\\\/#article\",\"isPartOf\":{\"@id\":\"https:\\\/\\\/oeilsportif.info\\\/index.php\\\/elim-can-2022-j-2-le-burkina-faso-enchaine-la-victoire-face-leswatini\\\/\"},\"author\":{\"name\":\"L'Equipe de la R\u00e9daction\",\"@id\":\"https:\\\/\\\/oeilsportif.info\\\/#\\\/schema\\\/person\\\/cfbded294aa6095f7d96608d7905e9a1\"},\"headline\":\"ELIM-CAN 2022 (J-2) : le Burkina Faso encha\u00eene la victoire face l&rsquo;Eswatini.\",\"datePublished\":\"2022-06-07T15:31:08+00:00\",\"mainEntityOfPage\":{\"@id\":\"https:\\\/\\\/oeilsportif.info\\\/index.php\\\/elim-can-2022-j-2-le-burkina-faso-enchaine-la-victoire-face-leswatini\\\/\"},\"wordCount\":102,\"image\":{\"@id\":\"https:\\\/\\\/oeilsportif.info\\\/index.php\\\/elim-can-2022-j-2-le-burkina-faso-enchaine-la-victoire-face-leswatini\\\/#primaryimage\"},\"thumbnailUrl\":\"https:\\\/\\\/i0.wp.com\\\/oeilsportif.info\\\/wp-content\\\/uploads\\\/2022\\\/06\\\/FB_IMG_1654614516816.jpg?fit=1080%2C720&ssl=1\",\"articleSection\":[\"Football\"],\"inLanguage\":\"fr-FR\"},{\"@type\":\"WebPage\",\"@id\":\"https:\\\/\\\/oeilsportif.info\\\/index.php\\\/elim-can-2022-j-2-le-burkina-faso-enchaine-la-victoire-face-leswatini\\\/\",\"url\":\"https:\\\/\\\/oeilsportif.info\\\/index.php\\\/elim-can-2022-j-2-le-burkina-faso-enchaine-la-victoire-face-leswatini\\\/\",\"name\":\"ELIM-CAN 2022 (J-2) : le Burkina Faso encha\u00eene la victoire face l'Eswatini. - le regard du sportif\",\"isPartOf\":{\"@id\":\"https:\\\/\\\/oeilsportif.info\\\/#website\"},\"primaryImageOfPage\":{\"@id\":\"https:\\\/\\\/oeilsportif.info\\\/index.php\\\/elim-can-2022-j-2-le-burkina-faso-enchaine-la-victoire-face-leswatini\\\/#primaryimage\"},\"image\":{\"@id\":\"https:\\\/\\\/oeilsportif.info\\\/index.php\\\/elim-can-2022-j-2-le-burkina-faso-enchaine-la-victoire-face-leswatini\\\/#primaryimage\"},\"thumbnailUrl\":\"https:\\\/\\\/i0.wp.com\\\/oeilsportif.info\\\/wp-content\\\/uploads\\\/2022\\\/06\\\/FB_IMG_1654614516816.jpg?fit=1080%2C720&ssl=1\",\"datePublished\":\"2022-06-07T15:31:08+00:00\",\"author\":{\"@id\":\"https:\\\/\\\/oeilsportif.info\\\/#\\\/schema\\\/person\\\/cfbded294aa6095f7d96608d7905e9a1\"},\"inLanguage\":\"fr-FR\",\"potentialAction\":[{\"@type\":\"ReadAction\",\"target\":[\"https:\\\/\\\/oeilsportif.info\\\/index.php\\\/elim-can-2022-j-2-le-burkina-faso-enchaine-la-victoire-face-leswatini\\\/\"]}]},{\"@type\":\"ImageObject\",\"inLanguage\":\"fr-FR\",\"@id\":\"https:\\\/\\\/oeilsportif.info\\\/index.php\\\/elim-can-2022-j-2-le-burkina-faso-enchaine-la-victoire-face-leswatini\\\/#primaryimage\",\"url\":\"https:\\\/\\\/i0.wp.com\\\/oeilsportif.info\\\/wp-content\\\/uploads\\\/2022\\\/06\\\/FB_IMG_1654614516816.jpg?fit=1080%2C720&ssl=1\",\"contentUrl\":\"https:\\\/\\\/i0.wp.com\\\/oeilsportif.info\\\/wp-content\\\/uploads\\\/2022\\\/06\\\/FB_IMG_1654614516816.jpg?fit=1080%2C720&ssl=1\",\"width\":1080,\"height\":720},{\"@type\":\"WebSite\",\"@id\":\"https:\\\/\\\/oeilsportif.info\\\/#website\",\"url\":\"https:\\\/\\\/oeilsportif.info\\\/\",\"name\":\"le regard du sportif\",\"description\":\"\",\"potentialAction\":[{\"@type\":\"SearchAction\",\"target\":{\"@type\":\"EntryPoint\",\"urlTemplate\":\"https:\\\/\\\/oeilsportif.info\\\/?s={search_term_string}\"},\"query-input\":{\"@type\":\"PropertyValueSpecification\",\"valueRequired\":true,\"valueName\":\"search_term_string\"}}],\"inLanguage\":\"fr-FR\"},{\"@type\":\"Person\",\"@id\":\"https:\\\/\\\/oeilsportif.info\\\/#\\\/schema\\\/person\\\/cfbded294aa6095f7d96608d7905e9a1\",\"name\":\"L'Equipe de la R\u00e9daction\",\"image\":{\"@type\":\"ImageObject\",\"inLanguage\":\"fr-FR\",\"@id\":\"https:\\\/\\\/oeilsportif.info\\\/wp-content\\\/uploads\\\/2025\\\/07\\\/cropped-cropped-logo-os-96x96.jpeg\",\"url\":\"https:\\\/\\\/oeilsportif.info\\\/wp-content\\\/uploads\\\/2025\\\/07\\\/cropped-cropped-logo-os-96x96.jpeg\",\"contentUrl\":\"https:\\\/\\\/oeilsportif.info\\\/wp-content\\\/uploads\\\/2025\\\/07\\\/cropped-cropped-logo-os-96x96.jpeg\",\"caption\":\"L'Equipe de la R\u00e9daction\"},\"url\":\"https:\\\/\\\/oeilsportif.info\\\/index.php\\\/author\\\/tawel\\\/\"}]}<\/script>\n<!-- \/ Yoast SEO plugin. -->","yoast_head_json":{"title":"ELIM-CAN 2022 (J-2) : le Burkina Faso encha\u00eene la victoire face l'Eswatini. - le regard du sportif","robots":{"index":"index","follow":"follow","max-snippet":"max-snippet:-1","max-image-preview":"max-image-preview:large","max-video-preview":"max-video-preview:-1"},"canonical":"https:\/\/oeilsportif.info\/index.php\/elim-can-2022-j-2-le-burkina-faso-enchaine-la-victoire-face-leswatini\/","og_locale":"fr_FR","og_type":"article","og_title":"ELIM-CAN 2022 (J-2) : le Burkina Faso encha\u00eene la victoire face l'Eswatini. - le regard du sportif","og_description":"Ce mardi, 07 juin 2022 le Burkina Faso a domin\u00e9 l&rsquo;Eswatini sur le score de 3 buts \u00e0 1 pour le compte de la deuxi\u00e8me journ\u00e9e des \u00e9liminatoires de la Coupe d&rsquo;Afrique des Nations 2023 en C\u00f4te d&rsquo;Ivoire. Face \u00e0 l&rsquo;Eswatini, les \u00c9talons du Burkina Faso ont pris belle option pour la qualification de la [&hellip;]","og_url":"https:\/\/oeilsportif.info\/index.php\/elim-can-2022-j-2-le-burkina-faso-enchaine-la-victoire-face-leswatini\/","og_site_name":"le regard du sportif","article_published_time":"2022-06-07T15:31:08+00:00","og_image":[{"width":1080,"height":720,"url":"https:\/\/oeilsportif.info\/wp-content\/uploads\/2022\/06\/FB_IMG_1654614516816.jpg","type":"image\/jpeg"}],"author":"L'Equipe de la R\u00e9daction","twitter_misc":{"\u00c9crit par":"L'Equipe de la R\u00e9daction","Dur\u00e9e de lecture estim\u00e9e":"1 minute"},"schema":{"@context":"https:\/\/schema.org","@graph":[{"@type":"Article","@id":"https:\/\/oeilsportif.info\/index.php\/elim-can-2022-j-2-le-burkina-faso-enchaine-la-victoire-face-leswatini\/#article","isPartOf":{"@id":"https:\/\/oeilsportif.info\/index.php\/elim-can-2022-j-2-le-burkina-faso-enchaine-la-victoire-face-leswatini\/"},"author":{"name":"L'Equipe de la R\u00e9daction","@id":"https:\/\/oeilsportif.info\/#\/schema\/person\/cfbded294aa6095f7d96608d7905e9a1"},"headline":"ELIM-CAN 2022 (J-2) : le Burkina Faso encha\u00eene la victoire face l&rsquo;Eswatini.","datePublished":"2022-06-07T15:31:08+00:00","mainEntityOfPage":{"@id":"https:\/\/oeilsportif.info\/index.php\/elim-can-2022-j-2-le-burkina-faso-enchaine-la-victoire-face-leswatini\/"},"wordCount":102,"image":{"@id":"https:\/\/oeilsportif.info\/index.php\/elim-can-2022-j-2-le-burkina-faso-enchaine-la-victoire-face-leswatini\/#primaryimage"},"thumbnailUrl":"https:\/\/i0.wp.com\/oeilsportif.info\/wp-content\/uploads\/2022\/06\/FB_IMG_1654614516816.jpg?fit=1080%2C720&ssl=1","articleSection":["Football"],"inLanguage":"fr-FR"},{"@type":"WebPage","@id":"https:\/\/oeilsportif.info\/index.php\/elim-can-2022-j-2-le-burkina-faso-enchaine-la-victoire-face-leswatini\/","url":"https:\/\/oeilsportif.info\/index.php\/elim-can-2022-j-2-le-burkina-faso-enchaine-la-victoire-face-leswatini\/","name":"ELIM-CAN 2022 (J-2) : le Burkina Faso encha\u00eene la victoire face l'Eswatini. - le regard du sportif","isPartOf":{"@id":"https:\/\/oeilsportif.info\/#website"},"primaryImageOfPage":{"@id":"https:\/\/oeilsportif.info\/index.php\/elim-can-2022-j-2-le-burkina-faso-enchaine-la-victoire-face-leswatini\/#primaryimage"},"image":{"@id":"https:\/\/oeilsportif.info\/index.php\/elim-can-2022-j-2-le-burkina-faso-enchaine-la-victoire-face-leswatini\/#primaryimage"},"thumbnailUrl":"https:\/\/i0.wp.com\/oeilsportif.info\/wp-content\/uploads\/2022\/06\/FB_IMG_1654614516816.jpg?fit=1080%2C720&ssl=1","datePublished":"2022-06-07T15:31:08+00:00","author":{"@id":"https:\/\/oeilsportif.info\/#\/schema\/person\/cfbded294aa6095f7d96608d7905e9a1"},"inLanguage":"fr-FR","potentialAction":[{"@type":"ReadAction","target":["https:\/\/oeilsportif.info\/index.php\/elim-can-2022-j-2-le-burkina-faso-enchaine-la-victoire-face-leswatini\/"]}]},{"@type":"ImageObject","inLanguage":"fr-FR","@id":"https:\/\/oeilsportif.info\/index.php\/elim-can-2022-j-2-le-burkina-faso-enchaine-la-victoire-face-leswatini\/#primaryimage","url":"https:\/\/i0.wp.com\/oeilsportif.info\/wp-content\/uploads\/2022\/06\/FB_IMG_1654614516816.jpg?fit=1080%2C720&ssl=1","contentUrl":"https:\/\/i0.wp.com\/oeilsportif.info\/wp-content\/uploads\/2022\/06\/FB_IMG_1654614516816.jpg?fit=1080%2C720&ssl=1","width":1080,"height":720},{"@type":"WebSite","@id":"https:\/\/oeilsportif.info\/#website","url":"https:\/\/oeilsportif.info\/","name":"le regard du sportif","description":"","potentialAction":[{"@type":"SearchAction","target":{"@type":"EntryPoint","urlTemplate":"https:\/\/oeilsportif.info\/?s={search_term_string}"},"query-input":{"@type":"PropertyValueSpecification","valueRequired":true,"valueName":"search_term_string"}}],"inLanguage":"fr-FR"},{"@type":"Person","@id":"https:\/\/oeilsportif.info\/#\/schema\/person\/cfbded294aa6095f7d96608d7905e9a1","name":"L'Equipe de la R\u00e9daction","image":{"@type":"ImageObject","inLanguage":"fr-FR","@id":"https:\/\/oeilsportif.info\/wp-content\/uploads\/2025\/07\/cropped-cropped-logo-os-96x96.jpeg","url":"https:\/\/oeilsportif.info\/wp-content\/uploads\/2025\/07\/cropped-cropped-logo-os-96x96.jpeg","contentUrl":"https:\/\/oeilsportif.info\/wp-content\/uploads\/2025\/07\/cropped-cropped-logo-os-96x96.jpeg","caption":"L'Equipe de la R\u00e9daction"},"url":"https:\/\/oeilsportif.info\/index.php\/author\/tawel\/"}]}},"jetpack_publicize_connections":[],"jetpack_featured_media_url":"https:\/\/i0.wp.com\/oeilsportif.info\/wp-content\/uploads\/2022\/06\/FB_IMG_1654614516816.jpg?fit=1080%2C720&ssl=1","jetpack-related-posts":[],"jetpack_sharing_enabled":true,"jetpack_likes_enabled":true,"jetpack_shortlink":"https:\/\/wp.me\/pgFE77-bl","_links":{"self":[{"href":"https:\/\/oeilsportif.info\/index.php\/wp-json\/wp\/v2\/posts\/703","targetHints":{"allow":["GET"]}}],"collection":[{"href":"https:\/\/oeilsportif.info\/index.php\/wp-json\/wp\/v2\/posts"}],"about":[{"href":"https:\/\/oeilsportif.info\/index.php\/wp-json\/wp\/v2\/types\/post"}],"author":[{"embeddable":true,"href":"https:\/\/oeilsportif.info\/index.php\/wp-json\/wp\/v2\/users\/2"}],"replies":[{"embeddable":true,"href":"https:\/\/oeilsportif.info\/index.php\/wp-json\/wp\/v2\/comments?post=703"}],"version-history":[{"count":0,"href":"https:\/\/oeilsportif.info\/index.php\/wp-json\/wp\/v2\/posts\/703\/revisions"}],"wp:featuredmedia":[{"embeddable":true,"href":"https:\/\/oeilsportif.info\/index.php\/wp-json\/wp\/v2\/media\/704"}],"wp:attachment":[{"href":"https:\/\/oeilsportif.info\/index.php\/wp-json\/wp\/v2\/media?parent=703"}],"wp:term":[{"taxonomy":"category","embeddable":true,"href":"https:\/\/oeilsportif.info\/index.php\/wp-json\/wp\/v2\/categories?post=703"},{"taxonomy":"post_tag","embeddable":true,"href":"https:\/\/oeilsportif.info\/index.php\/wp-json\/wp\/v2\/tags?post=703"}],"curies":[{"name":"wp","href":"https:\/\/api.w.org\/{rel}","templated":true}]}}