{"id":700,"date":"2022-06-07T13:12:35","date_gmt":"2022-06-07T13:12:35","guid":{"rendered":"https:\/\/oeilsportif.info\/index.php\/?p=700"},"modified":"2022-06-07T13:12:35","modified_gmt":"2022-06-07T13:12:35","slug":"football-le-retour-du-syli-national-en-guinee","status":"publish","type":"post","link":"https:\/\/oeilsportif.info\/index.php\/football-le-retour-du-syli-national-en-guinee\/","title":{"rendered":"FOOTBALL : le retour du Syli national en Guin\u00e9e !"},"content":{"rendered":"<p><strong>Apr\u00e8s la d\u00e9faite en terre \u00e9gyptienne contre les pharaons d&rsquo;\u00c9gypte ce dimanche 05 juin lors de la premi\u00e8re journ\u00e9e des \u00e9liminatoires de la Coupe d&rsquo;Afrique des nations de football 2023, le Syli national de Guin\u00e9e a \u00e9t\u00e9 accueilli ce lundi 6 juin \u00e0 l&rsquo;a\u00e9roport international \u00ab\u00a0feu\u00a0\u00bb Ahamed S\u00e9kou Tour\u00e9 pour pr\u00e9parer le match de la deuxi\u00e8me journ\u00e9e des \u00e9liminatoires de la CAN 2023 contre le Malawi pr\u00e9vu ce jeudi 09 juin 2022 au stade G\u00e9n\u00e9ral Lansana Cont\u00e9 de Nongo \u00e0 16H.<\/strong><\/p>\n<p>En mettant sur pause toutes les critiques, les supporters du Syli national de Guin\u00e9e de diff\u00e9rents bords se sont retrouv\u00e9s \u00e0 l&rsquo;a\u00e9roport international \u00ab\u00a0feu\u00a0\u00bb Ahamed S\u00e9kou Tour\u00e9 de Gb\u00e8ssia pour accueillir son \u00e9quipe en h\u00e9ro. Dans une ambiance chaleureuse, autour du Syli national de Guin\u00e9e, nous avons rencontr\u00e9 un employ\u00e9 du Guicopres qui y \u00e9tait et nous a confi\u00e9 ceci : <em><strong>\u00ab Ce Syli m\u00e9rite notre soutien, qu&rsquo;on les honore et qu&rsquo;on soit avec eux. C&rsquo;est une communion \u00e0 laquelle nous ne pouvons pas ne pas participer &#8230;\u00bb<\/strong><\/em>, a d\u00e9clar\u00e9, notre interlocuteur \u00e0 l&rsquo;anonymat.<\/p>\n<p>Pour le match contre le Malawi, le Pr\u00e9sident Kerfalla Camara \u00ab\u00a0KPC\u00a0\u00bb, PDG du groupe Guicopres, sponsor officiel des \u00e9quipes nationales de Guin\u00e9e et des comp\u00e9titions de la F\u00e9guifoot ainsi que tout le peuple de Guin\u00e9e mais aussi le personnel du Guicopres soutiennent le Syli national de Guin\u00e9e.<\/p>\n<p>Allez Syli , Guicopres est derri\u00e8re vous !<\/p>\n<p><strong>Mohamed Tawel Camara<\/strong><\/p>\n","protected":false},"excerpt":{"rendered":"<p>Apr\u00e8s la d\u00e9faite en terre \u00e9gyptienne contre les pharaons d&rsquo;\u00c9gypte ce dimanche 05 juin lors de la premi\u00e8re journ\u00e9e des \u00e9liminatoires de la Coupe d&rsquo;Afrique des nations de football 2023, le Syli national de Guin\u00e9e a \u00e9t\u00e9 accueilli ce lundi 6 juin \u00e0 l&rsquo;a\u00e9roport international \u00ab\u00a0feu\u00a0\u00bb Ahamed S\u00e9kou Tour\u00e9 pour pr\u00e9parer le match de la [&hellip;]<\/p>\n","protected":false},"author":2,"featured_media":701,"comment_status":"closed","ping_status":"open","sticky":false,"template":"","format":"standard","meta":{"_jetpack_memberships_contains_paid_content":false,"footnotes":"","jetpack_publicize_message":"","jetpack_publicize_feature_enabled":true,"jetpack_social_post_already_shared":true,"jetpack_social_options":{"image_generator_settings":{"template":"highway","default_image_id":0,"font":"","enabled":false},"version":2}},"categories":[5],"tags":[],"class_list":{"0":"post-700","1":"post","2":"type-post","3":"status-publish","4":"format-standard","5":"has-post-thumbnail","7":"category-football"},"yoast_head":"<!-- This site is optimized with the Yoast SEO plugin v27.5 - https:\/\/yoast.com\/product\/yoast-seo-wordpress\/ -->\n<title>FOOTBALL : le retour du Syli national en Guin\u00e9e ! - le regard du sportif<\/title>\n<meta name=\"robots\" content=\"index, follow, max-snippet:-1, max-image-preview:large, max-video-preview:-1\" \/>\n<link rel=\"canonical\" href=\"https:\/\/oeilsportif.info\/index.php\/football-le-retour-du-syli-national-en-guinee\/\" \/>\n<meta property=\"og:locale\" content=\"fr_FR\" \/>\n<meta property=\"og:type\" content=\"article\" \/>\n<meta property=\"og:title\" content=\"FOOTBALL : le retour du Syli national en Guin\u00e9e ! - le regard du sportif\" \/>\n<meta property=\"og:description\" content=\"Apr\u00e8s la d\u00e9faite en terre \u00e9gyptienne contre les pharaons d&rsquo;\u00c9gypte ce dimanche 05 juin lors de la premi\u00e8re journ\u00e9e des \u00e9liminatoires de la Coupe d&rsquo;Afrique des nations de football 2023, le Syli national de Guin\u00e9e a \u00e9t\u00e9 accueilli ce lundi 6 juin \u00e0 l&rsquo;a\u00e9roport international \u00ab\u00a0feu\u00a0\u00bb Ahamed S\u00e9kou Tour\u00e9 pour pr\u00e9parer le match de la [&hellip;]\" \/>\n<meta property=\"og:url\" content=\"https:\/\/oeilsportif.info\/index.php\/football-le-retour-du-syli-national-en-guinee\/\" \/>\n<meta property=\"og:site_name\" content=\"le regard du sportif\" \/>\n<meta property=\"article:published_time\" content=\"2022-06-07T13:12:35+00:00\" \/>\n<meta property=\"og:image\" content=\"https:\/\/oeilsportif.info\/wp-content\/uploads\/2022\/06\/FB_IMG_1654561218360.jpg\" \/>\n\t<meta property=\"og:image:width\" content=\"1081\" \/>\n\t<meta property=\"og:image:height\" content=\"720\" \/>\n\t<meta property=\"og:image:type\" content=\"image\/jpeg\" \/>\n<meta name=\"author\" content=\"L&#039;Equipe de la R\u00e9daction\" \/>\n<meta name=\"twitter:label1\" content=\"\u00c9crit par\" \/>\n\t<meta name=\"twitter:data1\" content=\"L&#039;Equipe de la R\u00e9daction\" \/>\n\t<meta name=\"twitter:label2\" content=\"Dur\u00e9e de lecture estim\u00e9e\" \/>\n\t<meta name=\"twitter:data2\" content=\"2 minutes\" \/>\n<script type=\"application\/ld+json\" class=\"yoast-schema-graph\">{\"@context\":\"https:\\\/\\\/schema.org\",\"@graph\":[{\"@type\":\"Article\",\"@id\":\"https:\\\/\\\/oeilsportif.info\\\/index.php\\\/football-le-retour-du-syli-national-en-guinee\\\/#article\",\"isPartOf\":{\"@id\":\"https:\\\/\\\/oeilsportif.info\\\/index.php\\\/football-le-retour-du-syli-national-en-guinee\\\/\"},\"author\":{\"name\":\"L'Equipe de la R\u00e9daction\",\"@id\":\"https:\\\/\\\/oeilsportif.info\\\/#\\\/schema\\\/person\\\/cfbded294aa6095f7d96608d7905e9a1\"},\"headline\":\"FOOTBALL : le retour du Syli national en Guin\u00e9e !\",\"datePublished\":\"2022-06-07T13:12:35+00:00\",\"mainEntityOfPage\":{\"@id\":\"https:\\\/\\\/oeilsportif.info\\\/index.php\\\/football-le-retour-du-syli-national-en-guinee\\\/\"},\"wordCount\":264,\"image\":{\"@id\":\"https:\\\/\\\/oeilsportif.info\\\/index.php\\\/football-le-retour-du-syli-national-en-guinee\\\/#primaryimage\"},\"thumbnailUrl\":\"https:\\\/\\\/i0.wp.com\\\/oeilsportif.info\\\/wp-content\\\/uploads\\\/2022\\\/06\\\/FB_IMG_1654561218360.jpg?fit=1081%2C720&ssl=1\",\"articleSection\":[\"Football\"],\"inLanguage\":\"fr-FR\"},{\"@type\":\"WebPage\",\"@id\":\"https:\\\/\\\/oeilsportif.info\\\/index.php\\\/football-le-retour-du-syli-national-en-guinee\\\/\",\"url\":\"https:\\\/\\\/oeilsportif.info\\\/index.php\\\/football-le-retour-du-syli-national-en-guinee\\\/\",\"name\":\"FOOTBALL : le retour du Syli national en Guin\u00e9e ! - le regard du sportif\",\"isPartOf\":{\"@id\":\"https:\\\/\\\/oeilsportif.info\\\/#website\"},\"primaryImageOfPage\":{\"@id\":\"https:\\\/\\\/oeilsportif.info\\\/index.php\\\/football-le-retour-du-syli-national-en-guinee\\\/#primaryimage\"},\"image\":{\"@id\":\"https:\\\/\\\/oeilsportif.info\\\/index.php\\\/football-le-retour-du-syli-national-en-guinee\\\/#primaryimage\"},\"thumbnailUrl\":\"https:\\\/\\\/i0.wp.com\\\/oeilsportif.info\\\/wp-content\\\/uploads\\\/2022\\\/06\\\/FB_IMG_1654561218360.jpg?fit=1081%2C720&ssl=1\",\"datePublished\":\"2022-06-07T13:12:35+00:00\",\"author\":{\"@id\":\"https:\\\/\\\/oeilsportif.info\\\/#\\\/schema\\\/person\\\/cfbded294aa6095f7d96608d7905e9a1\"},\"inLanguage\":\"fr-FR\",\"potentialAction\":[{\"@type\":\"ReadAction\",\"target\":[\"https:\\\/\\\/oeilsportif.info\\\/index.php\\\/football-le-retour-du-syli-national-en-guinee\\\/\"]}]},{\"@type\":\"ImageObject\",\"inLanguage\":\"fr-FR\",\"@id\":\"https:\\\/\\\/oeilsportif.info\\\/index.php\\\/football-le-retour-du-syli-national-en-guinee\\\/#primaryimage\",\"url\":\"https:\\\/\\\/i0.wp.com\\\/oeilsportif.info\\\/wp-content\\\/uploads\\\/2022\\\/06\\\/FB_IMG_1654561218360.jpg?fit=1081%2C720&ssl=1\",\"contentUrl\":\"https:\\\/\\\/i0.wp.com\\\/oeilsportif.info\\\/wp-content\\\/uploads\\\/2022\\\/06\\\/FB_IMG_1654561218360.jpg?fit=1081%2C720&ssl=1\",\"width\":1081,\"height\":720},{\"@type\":\"WebSite\",\"@id\":\"https:\\\/\\\/oeilsportif.info\\\/#website\",\"url\":\"https:\\\/\\\/oeilsportif.info\\\/\",\"name\":\"le regard du sportif\",\"description\":\"\",\"potentialAction\":[{\"@type\":\"SearchAction\",\"target\":{\"@type\":\"EntryPoint\",\"urlTemplate\":\"https:\\\/\\\/oeilsportif.info\\\/?s={search_term_string}\"},\"query-input\":{\"@type\":\"PropertyValueSpecification\",\"valueRequired\":true,\"valueName\":\"search_term_string\"}}],\"inLanguage\":\"fr-FR\"},{\"@type\":\"Person\",\"@id\":\"https:\\\/\\\/oeilsportif.info\\\/#\\\/schema\\\/person\\\/cfbded294aa6095f7d96608d7905e9a1\",\"name\":\"L'Equipe de la R\u00e9daction\",\"image\":{\"@type\":\"ImageObject\",\"inLanguage\":\"fr-FR\",\"@id\":\"https:\\\/\\\/oeilsportif.info\\\/wp-content\\\/uploads\\\/2025\\\/07\\\/cropped-cropped-logo-os-96x96.jpeg\",\"url\":\"https:\\\/\\\/oeilsportif.info\\\/wp-content\\\/uploads\\\/2025\\\/07\\\/cropped-cropped-logo-os-96x96.jpeg\",\"contentUrl\":\"https:\\\/\\\/oeilsportif.info\\\/wp-content\\\/uploads\\\/2025\\\/07\\\/cropped-cropped-logo-os-96x96.jpeg\",\"caption\":\"L'Equipe de la R\u00e9daction\"},\"url\":\"https:\\\/\\\/oeilsportif.info\\\/index.php\\\/author\\\/tawel\\\/\"}]}<\/script>\n<!-- \/ Yoast SEO plugin. -->","yoast_head_json":{"title":"FOOTBALL : le retour du Syli national en Guin\u00e9e ! - le regard du sportif","robots":{"index":"index","follow":"follow","max-snippet":"max-snippet:-1","max-image-preview":"max-image-preview:large","max-video-preview":"max-video-preview:-1"},"canonical":"https:\/\/oeilsportif.info\/index.php\/football-le-retour-du-syli-national-en-guinee\/","og_locale":"fr_FR","og_type":"article","og_title":"FOOTBALL : le retour du Syli national en Guin\u00e9e ! - le regard du sportif","og_description":"Apr\u00e8s la d\u00e9faite en terre \u00e9gyptienne contre les pharaons d&rsquo;\u00c9gypte ce dimanche 05 juin lors de la premi\u00e8re journ\u00e9e des \u00e9liminatoires de la Coupe d&rsquo;Afrique des nations de football 2023, le Syli national de Guin\u00e9e a \u00e9t\u00e9 accueilli ce lundi 6 juin \u00e0 l&rsquo;a\u00e9roport international \u00ab\u00a0feu\u00a0\u00bb Ahamed S\u00e9kou Tour\u00e9 pour pr\u00e9parer le match de la [&hellip;]","og_url":"https:\/\/oeilsportif.info\/index.php\/football-le-retour-du-syli-national-en-guinee\/","og_site_name":"le regard du sportif","article_published_time":"2022-06-07T13:12:35+00:00","og_image":[{"width":1081,"height":720,"url":"https:\/\/oeilsportif.info\/wp-content\/uploads\/2022\/06\/FB_IMG_1654561218360.jpg","type":"image\/jpeg"}],"author":"L'Equipe de la R\u00e9daction","twitter_misc":{"\u00c9crit par":"L'Equipe de la R\u00e9daction","Dur\u00e9e de lecture estim\u00e9e":"2 minutes"},"schema":{"@context":"https:\/\/schema.org","@graph":[{"@type":"Article","@id":"https:\/\/oeilsportif.info\/index.php\/football-le-retour-du-syli-national-en-guinee\/#article","isPartOf":{"@id":"https:\/\/oeilsportif.info\/index.php\/football-le-retour-du-syli-national-en-guinee\/"},"author":{"name":"L'Equipe de la R\u00e9daction","@id":"https:\/\/oeilsportif.info\/#\/schema\/person\/cfbded294aa6095f7d96608d7905e9a1"},"headline":"FOOTBALL : le retour du Syli national en Guin\u00e9e !","datePublished":"2022-06-07T13:12:35+00:00","mainEntityOfPage":{"@id":"https:\/\/oeilsportif.info\/index.php\/football-le-retour-du-syli-national-en-guinee\/"},"wordCount":264,"image":{"@id":"https:\/\/oeilsportif.info\/index.php\/football-le-retour-du-syli-national-en-guinee\/#primaryimage"},"thumbnailUrl":"https:\/\/i0.wp.com\/oeilsportif.info\/wp-content\/uploads\/2022\/06\/FB_IMG_1654561218360.jpg?fit=1081%2C720&ssl=1","articleSection":["Football"],"inLanguage":"fr-FR"},{"@type":"WebPage","@id":"https:\/\/oeilsportif.info\/index.php\/football-le-retour-du-syli-national-en-guinee\/","url":"https:\/\/oeilsportif.info\/index.php\/football-le-retour-du-syli-national-en-guinee\/","name":"FOOTBALL : le retour du Syli national en Guin\u00e9e ! - le regard du sportif","isPartOf":{"@id":"https:\/\/oeilsportif.info\/#website"},"primaryImageOfPage":{"@id":"https:\/\/oeilsportif.info\/index.php\/football-le-retour-du-syli-national-en-guinee\/#primaryimage"},"image":{"@id":"https:\/\/oeilsportif.info\/index.php\/football-le-retour-du-syli-national-en-guinee\/#primaryimage"},"thumbnailUrl":"https:\/\/i0.wp.com\/oeilsportif.info\/wp-content\/uploads\/2022\/06\/FB_IMG_1654561218360.jpg?fit=1081%2C720&ssl=1","datePublished":"2022-06-07T13:12:35+00:00","author":{"@id":"https:\/\/oeilsportif.info\/#\/schema\/person\/cfbded294aa6095f7d96608d7905e9a1"},"inLanguage":"fr-FR","potentialAction":[{"@type":"ReadAction","target":["https:\/\/oeilsportif.info\/index.php\/football-le-retour-du-syli-national-en-guinee\/"]}]},{"@type":"ImageObject","inLanguage":"fr-FR","@id":"https:\/\/oeilsportif.info\/index.php\/football-le-retour-du-syli-national-en-guinee\/#primaryimage","url":"https:\/\/i0.wp.com\/oeilsportif.info\/wp-content\/uploads\/2022\/06\/FB_IMG_1654561218360.jpg?fit=1081%2C720&ssl=1","contentUrl":"https:\/\/i0.wp.com\/oeilsportif.info\/wp-content\/uploads\/2022\/06\/FB_IMG_1654561218360.jpg?fit=1081%2C720&ssl=1","width":1081,"height":720},{"@type":"WebSite","@id":"https:\/\/oeilsportif.info\/#website","url":"https:\/\/oeilsportif.info\/","name":"le regard du sportif","description":"","potentialAction":[{"@type":"SearchAction","target":{"@type":"EntryPoint","urlTemplate":"https:\/\/oeilsportif.info\/?s={search_term_string}"},"query-input":{"@type":"PropertyValueSpecification","valueRequired":true,"valueName":"search_term_string"}}],"inLanguage":"fr-FR"},{"@type":"Person","@id":"https:\/\/oeilsportif.info\/#\/schema\/person\/cfbded294aa6095f7d96608d7905e9a1","name":"L'Equipe de la R\u00e9daction","image":{"@type":"ImageObject","inLanguage":"fr-FR","@id":"https:\/\/oeilsportif.info\/wp-content\/uploads\/2025\/07\/cropped-cropped-logo-os-96x96.jpeg","url":"https:\/\/oeilsportif.info\/wp-content\/uploads\/2025\/07\/cropped-cropped-logo-os-96x96.jpeg","contentUrl":"https:\/\/oeilsportif.info\/wp-content\/uploads\/2025\/07\/cropped-cropped-logo-os-96x96.jpeg","caption":"L'Equipe de la R\u00e9daction"},"url":"https:\/\/oeilsportif.info\/index.php\/author\/tawel\/"}]}},"jetpack_publicize_connections":[],"jetpack_featured_media_url":"https:\/\/i0.wp.com\/oeilsportif.info\/wp-content\/uploads\/2022\/06\/FB_IMG_1654561218360.jpg?fit=1081%2C720&ssl=1","jetpack-related-posts":[],"jetpack_sharing_enabled":true,"jetpack_likes_enabled":true,"jetpack_shortlink":"https:\/\/wp.me\/pgFE77-bi","_links":{"self":[{"href":"https:\/\/oeilsportif.info\/index.php\/wp-json\/wp\/v2\/posts\/700","targetHints":{"allow":["GET"]}}],"collection":[{"href":"https:\/\/oeilsportif.info\/index.php\/wp-json\/wp\/v2\/posts"}],"about":[{"href":"https:\/\/oeilsportif.info\/index.php\/wp-json\/wp\/v2\/types\/post"}],"author":[{"embeddable":true,"href":"https:\/\/oeilsportif.info\/index.php\/wp-json\/wp\/v2\/users\/2"}],"replies":[{"embeddable":true,"href":"https:\/\/oeilsportif.info\/index.php\/wp-json\/wp\/v2\/comments?post=700"}],"version-history":[{"count":0,"href":"https:\/\/oeilsportif.info\/index.php\/wp-json\/wp\/v2\/posts\/700\/revisions"}],"wp:featuredmedia":[{"embeddable":true,"href":"https:\/\/oeilsportif.info\/index.php\/wp-json\/wp\/v2\/media\/701"}],"wp:attachment":[{"href":"https:\/\/oeilsportif.info\/index.php\/wp-json\/wp\/v2\/media?parent=700"}],"wp:term":[{"taxonomy":"category","embeddable":true,"href":"https:\/\/oeilsportif.info\/index.php\/wp-json\/wp\/v2\/categories?post=700"},{"taxonomy":"post_tag","embeddable":true,"href":"https:\/\/oeilsportif.info\/index.php\/wp-json\/wp\/v2\/tags?post=700"}],"curies":[{"name":"wp","href":"https:\/\/api.w.org\/{rel}","templated":true}]}}