{"id":6911,"date":"2025-05-08T15:18:08","date_gmt":"2025-05-08T15:18:08","guid":{"rendered":"https:\/\/oeilsportif.info\/index.php\/?p=6911"},"modified":"2025-05-08T15:30:49","modified_gmt":"2025-05-08T15:30:49","slug":"assemblee-generale-de-la-fgf-entre-crise-de-gouvernance-et-appel-a-la-transparence","status":"publish","type":"post","link":"https:\/\/oeilsportif.info\/index.php\/assemblee-generale-de-la-fgf-entre-crise-de-gouvernance-et-appel-a-la-transparence\/","title":{"rendered":"ASSEMBL\u00c9E G\u00c9N\u00c9RALE DE LA FGF : ENTRE CRISE DE GOUVERNANCE ET APPEL \u00c0 LA TRANSPARENCE"},"content":{"rendered":"<p><strong>La 18\u00e8me Assembl\u00e9e G\u00e9n\u00e9rale Ordinaire de la F\u00e9d\u00e9ration Guin\u00e9enne de Football s&rsquo;est d\u00e9roul\u00e9e ce jeudi dans un contexte particuli\u00e8rement tendu, marqu\u00e9 par une profonde crise institutionnelle. L&rsquo;\u00e9v\u00e9nement, plac\u00e9 sous surveillance renforc\u00e9e, a \u00e9t\u00e9 significativement impact\u00e9 par l&rsquo;absence remarqu\u00e9e du pr\u00e9sident Bouba Sampil, dont la r\u00e9vocation figurait explicitement \u00e0 l&rsquo;ordre du jour.<\/strong><\/p>\n<p>Dans son allocution d&rsquo;ouverture, le Ministre de la Jeunesse et des Sports, M. Bogola Haba, a clairement d\u00e9limit\u00e9 le p\u00e9rim\u00e8tre d&rsquo;intervention de son d\u00e9partement : <em><strong>\u00ab Notre mission n&rsquo;est pas de g\u00e9rer des conflits internes, mais d&rsquo;assurer la p\u00e9rennit\u00e9 de la pratique sportive, le bon d\u00e9roulement des comp\u00e9titions et l&rsquo;acc\u00e8s des jeunes aux infrastructures. \u00bb<\/strong><\/em><\/p>\n<p>Cette d\u00e9claration s&rsquo;inscrit dans la lign\u00e9e des engagements pris lors de la r\u00e9union pr\u00e9paratoire du 17 avril, o\u00f9 l&rsquo;ensemble des parties prenantes s&rsquo;\u00e9taient accord\u00e9es sur l&rsquo;importance de garantir le d\u00e9roulement serein de cette assembl\u00e9e qualifi\u00e9e de \u00ab <strong><em>souveraine<\/em><\/strong> \u00bb par le ministre.<\/p>\n<p>Le ministre a salu\u00e9 les efforts d\u00e9ploy\u00e9s pour maintenir les calendriers sportifs actifs malgr\u00e9 les turbulences institutionnelles, soulignant avec satisfaction que \u00ab <em><strong>le ballon continue de rouler \u00bb<\/strong> <\/em>&#8211; une r\u00e9f\u00e9rence explicite \u00e0 la poursuite des championnats nationaux et \u00e0 la participation du pays aux comp\u00e9titions continentales et internationales.<\/p>\n<p>L&rsquo;autre volet majeur de l&rsquo;intervention minist\u00e9rielle concernait la gestion financi\u00e8re de la f\u00e9d\u00e9ration. M. Haba a express\u00e9ment demand\u00e9 que toute la lumi\u00e8re soit faite sur l&rsquo;utilisation des ressources allou\u00e9es \u00e0 la FGF, qu&rsquo;elles proviennent du budget national ou des subventions des instances internationales comme la FIFA et la CAF.<\/p>\n<p>\u00ab <strong><em>Nous ne voulons plus que les questions financi\u00e8res polluent l&rsquo;atmosph\u00e8re de notre environnement sportif,<\/em><\/strong> \u00bb a-t-il affirm\u00e9 avec d\u00e9termination, insistant sur la n\u00e9cessit\u00e9 d&rsquo;une pr\u00e9sentation exhaustive des rapports du commissaire aux comptes et des organes de contr\u00f4le financier.<\/p>\n","protected":false},"excerpt":{"rendered":"<p>La 18\u00e8me Assembl\u00e9e G\u00e9n\u00e9rale Ordinaire de la F\u00e9d\u00e9ration Guin\u00e9enne de Football s&rsquo;est d\u00e9roul\u00e9e ce jeudi dans un contexte particuli\u00e8rement tendu, marqu\u00e9 par une profonde crise institutionnelle. L&rsquo;\u00e9v\u00e9nement, plac\u00e9 sous surveillance renforc\u00e9e, a \u00e9t\u00e9 significativement impact\u00e9 par l&rsquo;absence remarqu\u00e9e du pr\u00e9sident Bouba Sampil, dont la r\u00e9vocation figurait explicitement \u00e0 l&rsquo;ordre du jour. Dans son allocution d&rsquo;ouverture, [&hellip;]<\/p>\n","protected":false},"author":2,"featured_media":6912,"comment_status":"closed","ping_status":"closed","sticky":false,"template":"","format":"standard","meta":{"_jetpack_memberships_contains_paid_content":false,"footnotes":"","jetpack_publicize_message":"","jetpack_publicize_feature_enabled":true,"jetpack_social_post_already_shared":true,"jetpack_social_options":{"image_generator_settings":{"template":"highway","default_image_id":0,"font":"","enabled":false},"version":2}},"categories":[10,5],"tags":[],"class_list":{"0":"post-6911","1":"post","2":"type-post","3":"status-publish","4":"format-standard","5":"has-post-thumbnail","7":"category-actualite","8":"category-football"},"yoast_head":"<!-- This site is optimized with the Yoast SEO plugin v27.5 - https:\/\/yoast.com\/product\/yoast-seo-wordpress\/ -->\n<title>ASSEMBL\u00c9E G\u00c9N\u00c9RALE DE LA FGF : ENTRE CRISE DE GOUVERNANCE ET APPEL \u00c0 LA TRANSPARENCE - le regard du sportif<\/title>\n<meta name=\"robots\" content=\"index, follow, max-snippet:-1, max-image-preview:large, max-video-preview:-1\" \/>\n<link rel=\"canonical\" href=\"https:\/\/oeilsportif.info\/index.php\/assemblee-generale-de-la-fgf-entre-crise-de-gouvernance-et-appel-a-la-transparence\/\" \/>\n<meta property=\"og:locale\" content=\"fr_FR\" \/>\n<meta property=\"og:type\" content=\"article\" \/>\n<meta property=\"og:title\" content=\"ASSEMBL\u00c9E G\u00c9N\u00c9RALE DE LA FGF : ENTRE CRISE DE GOUVERNANCE ET APPEL \u00c0 LA TRANSPARENCE - le regard du sportif\" \/>\n<meta property=\"og:description\" content=\"La 18\u00e8me Assembl\u00e9e G\u00e9n\u00e9rale Ordinaire de la F\u00e9d\u00e9ration Guin\u00e9enne de Football s&rsquo;est d\u00e9roul\u00e9e ce jeudi dans un contexte particuli\u00e8rement tendu, marqu\u00e9 par une profonde crise institutionnelle. L&rsquo;\u00e9v\u00e9nement, plac\u00e9 sous surveillance renforc\u00e9e, a \u00e9t\u00e9 significativement impact\u00e9 par l&rsquo;absence remarqu\u00e9e du pr\u00e9sident Bouba Sampil, dont la r\u00e9vocation figurait explicitement \u00e0 l&rsquo;ordre du jour. Dans son allocution d&rsquo;ouverture, [&hellip;]\" \/>\n<meta property=\"og:url\" content=\"https:\/\/oeilsportif.info\/index.php\/assemblee-generale-de-la-fgf-entre-crise-de-gouvernance-et-appel-a-la-transparence\/\" \/>\n<meta property=\"og:site_name\" content=\"le regard du sportif\" \/>\n<meta property=\"article:published_time\" content=\"2025-05-08T15:18:08+00:00\" \/>\n<meta property=\"article:modified_time\" content=\"2025-05-08T15:30:49+00:00\" \/>\n<meta property=\"og:image\" content=\"https:\/\/oeilsportif.info\/wp-content\/uploads\/2025\/05\/IMG_1537.jpeg\" \/>\n\t<meta property=\"og:image:width\" content=\"2048\" \/>\n\t<meta property=\"og:image:height\" content=\"1365\" \/>\n\t<meta property=\"og:image:type\" content=\"image\/jpeg\" \/>\n<meta name=\"author\" content=\"L&#039;Equipe de la R\u00e9daction\" \/>\n<meta name=\"twitter:label1\" content=\"\u00c9crit par\" \/>\n\t<meta name=\"twitter:data1\" content=\"L&#039;Equipe de la R\u00e9daction\" \/>\n\t<meta name=\"twitter:label2\" content=\"Dur\u00e9e de lecture estim\u00e9e\" \/>\n\t<meta name=\"twitter:data2\" content=\"2 minutes\" \/>\n<script type=\"application\/ld+json\" class=\"yoast-schema-graph\">{\"@context\":\"https:\\\/\\\/schema.org\",\"@graph\":[{\"@type\":\"Article\",\"@id\":\"https:\\\/\\\/oeilsportif.info\\\/index.php\\\/assemblee-generale-de-la-fgf-entre-crise-de-gouvernance-et-appel-a-la-transparence\\\/#article\",\"isPartOf\":{\"@id\":\"https:\\\/\\\/oeilsportif.info\\\/index.php\\\/assemblee-generale-de-la-fgf-entre-crise-de-gouvernance-et-appel-a-la-transparence\\\/\"},\"author\":{\"name\":\"L'Equipe de la R\u00e9daction\",\"@id\":\"https:\\\/\\\/oeilsportif.info\\\/#\\\/schema\\\/person\\\/cfbded294aa6095f7d96608d7905e9a1\"},\"headline\":\"ASSEMBL\u00c9E G\u00c9N\u00c9RALE DE LA FGF : ENTRE CRISE DE GOUVERNANCE ET APPEL \u00c0 LA TRANSPARENCE\",\"datePublished\":\"2025-05-08T15:18:08+00:00\",\"dateModified\":\"2025-05-08T15:30:49+00:00\",\"mainEntityOfPage\":{\"@id\":\"https:\\\/\\\/oeilsportif.info\\\/index.php\\\/assemblee-generale-de-la-fgf-entre-crise-de-gouvernance-et-appel-a-la-transparence\\\/\"},\"wordCount\":355,\"image\":{\"@id\":\"https:\\\/\\\/oeilsportif.info\\\/index.php\\\/assemblee-generale-de-la-fgf-entre-crise-de-gouvernance-et-appel-a-la-transparence\\\/#primaryimage\"},\"thumbnailUrl\":\"https:\\\/\\\/i0.wp.com\\\/oeilsportif.info\\\/wp-content\\\/uploads\\\/2025\\\/05\\\/IMG_1537.jpeg?fit=2048%2C1365&ssl=1\",\"articleSection\":[\"Actualit\u00e9\",\"Football\"],\"inLanguage\":\"fr-FR\"},{\"@type\":\"WebPage\",\"@id\":\"https:\\\/\\\/oeilsportif.info\\\/index.php\\\/assemblee-generale-de-la-fgf-entre-crise-de-gouvernance-et-appel-a-la-transparence\\\/\",\"url\":\"https:\\\/\\\/oeilsportif.info\\\/index.php\\\/assemblee-generale-de-la-fgf-entre-crise-de-gouvernance-et-appel-a-la-transparence\\\/\",\"name\":\"ASSEMBL\u00c9E G\u00c9N\u00c9RALE DE LA FGF : ENTRE CRISE DE GOUVERNANCE ET APPEL \u00c0 LA TRANSPARENCE - le regard du sportif\",\"isPartOf\":{\"@id\":\"https:\\\/\\\/oeilsportif.info\\\/#website\"},\"primaryImageOfPage\":{\"@id\":\"https:\\\/\\\/oeilsportif.info\\\/index.php\\\/assemblee-generale-de-la-fgf-entre-crise-de-gouvernance-et-appel-a-la-transparence\\\/#primaryimage\"},\"image\":{\"@id\":\"https:\\\/\\\/oeilsportif.info\\\/index.php\\\/assemblee-generale-de-la-fgf-entre-crise-de-gouvernance-et-appel-a-la-transparence\\\/#primaryimage\"},\"thumbnailUrl\":\"https:\\\/\\\/i0.wp.com\\\/oeilsportif.info\\\/wp-content\\\/uploads\\\/2025\\\/05\\\/IMG_1537.jpeg?fit=2048%2C1365&ssl=1\",\"datePublished\":\"2025-05-08T15:18:08+00:00\",\"dateModified\":\"2025-05-08T15:30:49+00:00\",\"author\":{\"@id\":\"https:\\\/\\\/oeilsportif.info\\\/#\\\/schema\\\/person\\\/cfbded294aa6095f7d96608d7905e9a1\"},\"inLanguage\":\"fr-FR\",\"potentialAction\":[{\"@type\":\"ReadAction\",\"target\":[\"https:\\\/\\\/oeilsportif.info\\\/index.php\\\/assemblee-generale-de-la-fgf-entre-crise-de-gouvernance-et-appel-a-la-transparence\\\/\"]}]},{\"@type\":\"ImageObject\",\"inLanguage\":\"fr-FR\",\"@id\":\"https:\\\/\\\/oeilsportif.info\\\/index.php\\\/assemblee-generale-de-la-fgf-entre-crise-de-gouvernance-et-appel-a-la-transparence\\\/#primaryimage\",\"url\":\"https:\\\/\\\/i0.wp.com\\\/oeilsportif.info\\\/wp-content\\\/uploads\\\/2025\\\/05\\\/IMG_1537.jpeg?fit=2048%2C1365&ssl=1\",\"contentUrl\":\"https:\\\/\\\/i0.wp.com\\\/oeilsportif.info\\\/wp-content\\\/uploads\\\/2025\\\/05\\\/IMG_1537.jpeg?fit=2048%2C1365&ssl=1\",\"width\":2048,\"height\":1365},{\"@type\":\"WebSite\",\"@id\":\"https:\\\/\\\/oeilsportif.info\\\/#website\",\"url\":\"https:\\\/\\\/oeilsportif.info\\\/\",\"name\":\"le regard du sportif\",\"description\":\"\",\"potentialAction\":[{\"@type\":\"SearchAction\",\"target\":{\"@type\":\"EntryPoint\",\"urlTemplate\":\"https:\\\/\\\/oeilsportif.info\\\/?s={search_term_string}\"},\"query-input\":{\"@type\":\"PropertyValueSpecification\",\"valueRequired\":true,\"valueName\":\"search_term_string\"}}],\"inLanguage\":\"fr-FR\"},{\"@type\":\"Person\",\"@id\":\"https:\\\/\\\/oeilsportif.info\\\/#\\\/schema\\\/person\\\/cfbded294aa6095f7d96608d7905e9a1\",\"name\":\"L'Equipe de la R\u00e9daction\",\"image\":{\"@type\":\"ImageObject\",\"inLanguage\":\"fr-FR\",\"@id\":\"https:\\\/\\\/oeilsportif.info\\\/wp-content\\\/uploads\\\/2025\\\/07\\\/cropped-cropped-logo-os-96x96.jpeg\",\"url\":\"https:\\\/\\\/oeilsportif.info\\\/wp-content\\\/uploads\\\/2025\\\/07\\\/cropped-cropped-logo-os-96x96.jpeg\",\"contentUrl\":\"https:\\\/\\\/oeilsportif.info\\\/wp-content\\\/uploads\\\/2025\\\/07\\\/cropped-cropped-logo-os-96x96.jpeg\",\"caption\":\"L'Equipe de la R\u00e9daction\"},\"url\":\"https:\\\/\\\/oeilsportif.info\\\/index.php\\\/author\\\/tawel\\\/\"}]}<\/script>\n<!-- \/ Yoast SEO plugin. -->","yoast_head_json":{"title":"ASSEMBL\u00c9E G\u00c9N\u00c9RALE DE LA FGF : ENTRE CRISE DE GOUVERNANCE ET APPEL \u00c0 LA TRANSPARENCE - le regard du sportif","robots":{"index":"index","follow":"follow","max-snippet":"max-snippet:-1","max-image-preview":"max-image-preview:large","max-video-preview":"max-video-preview:-1"},"canonical":"https:\/\/oeilsportif.info\/index.php\/assemblee-generale-de-la-fgf-entre-crise-de-gouvernance-et-appel-a-la-transparence\/","og_locale":"fr_FR","og_type":"article","og_title":"ASSEMBL\u00c9E G\u00c9N\u00c9RALE DE LA FGF : ENTRE CRISE DE GOUVERNANCE ET APPEL \u00c0 LA TRANSPARENCE - le regard du sportif","og_description":"La 18\u00e8me Assembl\u00e9e G\u00e9n\u00e9rale Ordinaire de la F\u00e9d\u00e9ration Guin\u00e9enne de Football s&rsquo;est d\u00e9roul\u00e9e ce jeudi dans un contexte particuli\u00e8rement tendu, marqu\u00e9 par une profonde crise institutionnelle. L&rsquo;\u00e9v\u00e9nement, plac\u00e9 sous surveillance renforc\u00e9e, a \u00e9t\u00e9 significativement impact\u00e9 par l&rsquo;absence remarqu\u00e9e du pr\u00e9sident Bouba Sampil, dont la r\u00e9vocation figurait explicitement \u00e0 l&rsquo;ordre du jour. Dans son allocution d&rsquo;ouverture, [&hellip;]","og_url":"https:\/\/oeilsportif.info\/index.php\/assemblee-generale-de-la-fgf-entre-crise-de-gouvernance-et-appel-a-la-transparence\/","og_site_name":"le regard du sportif","article_published_time":"2025-05-08T15:18:08+00:00","article_modified_time":"2025-05-08T15:30:49+00:00","og_image":[{"width":2048,"height":1365,"url":"https:\/\/oeilsportif.info\/wp-content\/uploads\/2025\/05\/IMG_1537.jpeg","type":"image\/jpeg"}],"author":"L'Equipe de la R\u00e9daction","twitter_misc":{"\u00c9crit par":"L'Equipe de la R\u00e9daction","Dur\u00e9e de lecture estim\u00e9e":"2 minutes"},"schema":{"@context":"https:\/\/schema.org","@graph":[{"@type":"Article","@id":"https:\/\/oeilsportif.info\/index.php\/assemblee-generale-de-la-fgf-entre-crise-de-gouvernance-et-appel-a-la-transparence\/#article","isPartOf":{"@id":"https:\/\/oeilsportif.info\/index.php\/assemblee-generale-de-la-fgf-entre-crise-de-gouvernance-et-appel-a-la-transparence\/"},"author":{"name":"L'Equipe de la R\u00e9daction","@id":"https:\/\/oeilsportif.info\/#\/schema\/person\/cfbded294aa6095f7d96608d7905e9a1"},"headline":"ASSEMBL\u00c9E G\u00c9N\u00c9RALE DE LA FGF : ENTRE CRISE DE GOUVERNANCE ET APPEL \u00c0 LA TRANSPARENCE","datePublished":"2025-05-08T15:18:08+00:00","dateModified":"2025-05-08T15:30:49+00:00","mainEntityOfPage":{"@id":"https:\/\/oeilsportif.info\/index.php\/assemblee-generale-de-la-fgf-entre-crise-de-gouvernance-et-appel-a-la-transparence\/"},"wordCount":355,"image":{"@id":"https:\/\/oeilsportif.info\/index.php\/assemblee-generale-de-la-fgf-entre-crise-de-gouvernance-et-appel-a-la-transparence\/#primaryimage"},"thumbnailUrl":"https:\/\/i0.wp.com\/oeilsportif.info\/wp-content\/uploads\/2025\/05\/IMG_1537.jpeg?fit=2048%2C1365&ssl=1","articleSection":["Actualit\u00e9","Football"],"inLanguage":"fr-FR"},{"@type":"WebPage","@id":"https:\/\/oeilsportif.info\/index.php\/assemblee-generale-de-la-fgf-entre-crise-de-gouvernance-et-appel-a-la-transparence\/","url":"https:\/\/oeilsportif.info\/index.php\/assemblee-generale-de-la-fgf-entre-crise-de-gouvernance-et-appel-a-la-transparence\/","name":"ASSEMBL\u00c9E G\u00c9N\u00c9RALE DE LA FGF : ENTRE CRISE DE GOUVERNANCE ET APPEL \u00c0 LA TRANSPARENCE - le regard du sportif","isPartOf":{"@id":"https:\/\/oeilsportif.info\/#website"},"primaryImageOfPage":{"@id":"https:\/\/oeilsportif.info\/index.php\/assemblee-generale-de-la-fgf-entre-crise-de-gouvernance-et-appel-a-la-transparence\/#primaryimage"},"image":{"@id":"https:\/\/oeilsportif.info\/index.php\/assemblee-generale-de-la-fgf-entre-crise-de-gouvernance-et-appel-a-la-transparence\/#primaryimage"},"thumbnailUrl":"https:\/\/i0.wp.com\/oeilsportif.info\/wp-content\/uploads\/2025\/05\/IMG_1537.jpeg?fit=2048%2C1365&ssl=1","datePublished":"2025-05-08T15:18:08+00:00","dateModified":"2025-05-08T15:30:49+00:00","author":{"@id":"https:\/\/oeilsportif.info\/#\/schema\/person\/cfbded294aa6095f7d96608d7905e9a1"},"inLanguage":"fr-FR","potentialAction":[{"@type":"ReadAction","target":["https:\/\/oeilsportif.info\/index.php\/assemblee-generale-de-la-fgf-entre-crise-de-gouvernance-et-appel-a-la-transparence\/"]}]},{"@type":"ImageObject","inLanguage":"fr-FR","@id":"https:\/\/oeilsportif.info\/index.php\/assemblee-generale-de-la-fgf-entre-crise-de-gouvernance-et-appel-a-la-transparence\/#primaryimage","url":"https:\/\/i0.wp.com\/oeilsportif.info\/wp-content\/uploads\/2025\/05\/IMG_1537.jpeg?fit=2048%2C1365&ssl=1","contentUrl":"https:\/\/i0.wp.com\/oeilsportif.info\/wp-content\/uploads\/2025\/05\/IMG_1537.jpeg?fit=2048%2C1365&ssl=1","width":2048,"height":1365},{"@type":"WebSite","@id":"https:\/\/oeilsportif.info\/#website","url":"https:\/\/oeilsportif.info\/","name":"le regard du sportif","description":"","potentialAction":[{"@type":"SearchAction","target":{"@type":"EntryPoint","urlTemplate":"https:\/\/oeilsportif.info\/?s={search_term_string}"},"query-input":{"@type":"PropertyValueSpecification","valueRequired":true,"valueName":"search_term_string"}}],"inLanguage":"fr-FR"},{"@type":"Person","@id":"https:\/\/oeilsportif.info\/#\/schema\/person\/cfbded294aa6095f7d96608d7905e9a1","name":"L'Equipe de la R\u00e9daction","image":{"@type":"ImageObject","inLanguage":"fr-FR","@id":"https:\/\/oeilsportif.info\/wp-content\/uploads\/2025\/07\/cropped-cropped-logo-os-96x96.jpeg","url":"https:\/\/oeilsportif.info\/wp-content\/uploads\/2025\/07\/cropped-cropped-logo-os-96x96.jpeg","contentUrl":"https:\/\/oeilsportif.info\/wp-content\/uploads\/2025\/07\/cropped-cropped-logo-os-96x96.jpeg","caption":"L'Equipe de la R\u00e9daction"},"url":"https:\/\/oeilsportif.info\/index.php\/author\/tawel\/"}]}},"jetpack_publicize_connections":[],"jetpack_featured_media_url":"https:\/\/i0.wp.com\/oeilsportif.info\/wp-content\/uploads\/2025\/05\/IMG_1537.jpeg?fit=2048%2C1365&ssl=1","jetpack-related-posts":[],"jetpack_sharing_enabled":true,"jetpack_likes_enabled":true,"jetpack_shortlink":"https:\/\/wp.me\/pgFE77-1Nt","_links":{"self":[{"href":"https:\/\/oeilsportif.info\/index.php\/wp-json\/wp\/v2\/posts\/6911","targetHints":{"allow":["GET"]}}],"collection":[{"href":"https:\/\/oeilsportif.info\/index.php\/wp-json\/wp\/v2\/posts"}],"about":[{"href":"https:\/\/oeilsportif.info\/index.php\/wp-json\/wp\/v2\/types\/post"}],"author":[{"embeddable":true,"href":"https:\/\/oeilsportif.info\/index.php\/wp-json\/wp\/v2\/users\/2"}],"replies":[{"embeddable":true,"href":"https:\/\/oeilsportif.info\/index.php\/wp-json\/wp\/v2\/comments?post=6911"}],"version-history":[{"count":0,"href":"https:\/\/oeilsportif.info\/index.php\/wp-json\/wp\/v2\/posts\/6911\/revisions"}],"wp:featuredmedia":[{"embeddable":true,"href":"https:\/\/oeilsportif.info\/index.php\/wp-json\/wp\/v2\/media\/6912"}],"wp:attachment":[{"href":"https:\/\/oeilsportif.info\/index.php\/wp-json\/wp\/v2\/media?parent=6911"}],"wp:term":[{"taxonomy":"category","embeddable":true,"href":"https:\/\/oeilsportif.info\/index.php\/wp-json\/wp\/v2\/categories?post=6911"},{"taxonomy":"post_tag","embeddable":true,"href":"https:\/\/oeilsportif.info\/index.php\/wp-json\/wp\/v2\/tags?post=6911"}],"curies":[{"name":"wp","href":"https:\/\/api.w.org\/{rel}","templated":true}]}}