{"id":691,"date":"2022-06-07T10:00:19","date_gmt":"2022-06-07T10:00:19","guid":{"rendered":"https:\/\/oeilsportif.info\/index.php\/?p=691"},"modified":"2022-06-07T10:00:19","modified_gmt":"2022-06-07T10:00:19","slug":"pluie-de-medailles-pour-le-pays-de-paimpol-athletisme","status":"publish","type":"post","link":"https:\/\/oeilsportif.info\/index.php\/pluie-de-medailles-pour-le-pays-de-paimpol-athletisme\/","title":{"rendered":"Pluie de m\u00e9dailles pour le pays de Paimpol athl\u00e9tisme !"},"content":{"rendered":"<p><strong>Samedi 4 juin 2022, le club d\u2019athl\u00e9tisme du Pays de Paimpol (PPA) \u00e9tait en d\u00e9placement \u00e0 Guingamp, o\u00f9 avaient lieu les d\u00e9partementaux benjamins.<\/strong><\/p>\n<p>Une fois encore, les athl\u00e8tes paimpolais ont brill\u00e9 avec pas moins de huit m\u00e9dailles. \u00ab Eulalie Keromnes remporte le titre de championne d\u00e9partementale en hauteur, avec un saut de 1m33. Thomas Monblano a r\u00e9alis\u00e9 un sans-faute avec trois m\u00e9dailles. \u00bb Champion en saut en hauteur et au lancer du disque, l\u2019athl\u00e8te a d\u00e9croch\u00e9 la m\u00e9daille d\u2019argent sur le 80 m. Le PPA obtient aussi deux m\u00e9dailles de bronze, \u00e0 la perche et au lancer de poids, gr\u00e2ce \u00e0 Ewan Martin et Malo Glaziou.<\/p>\n","protected":false},"excerpt":{"rendered":"<p>Samedi 4 juin 2022, le club d\u2019athl\u00e9tisme du Pays de Paimpol (PPA) \u00e9tait en d\u00e9placement \u00e0 Guingamp, o\u00f9 avaient lieu les d\u00e9partementaux benjamins. Une fois encore, les athl\u00e8tes paimpolais ont brill\u00e9 avec pas moins de huit m\u00e9dailles. \u00ab Eulalie Keromnes remporte le titre de championne d\u00e9partementale en hauteur, avec un saut de 1m33. Thomas Monblano [&hellip;]<\/p>\n","protected":false},"author":2,"featured_media":692,"comment_status":"closed","ping_status":"open","sticky":false,"template":"","format":"standard","meta":{"_jetpack_memberships_contains_paid_content":false,"footnotes":"","jetpack_publicize_message":"","jetpack_publicize_feature_enabled":true,"jetpack_social_post_already_shared":true,"jetpack_social_options":{"image_generator_settings":{"template":"highway","default_image_id":0,"font":"","enabled":false},"version":2}},"categories":[11],"tags":[],"class_list":{"0":"post-691","1":"post","2":"type-post","3":"status-publish","4":"format-standard","5":"has-post-thumbnail","7":"category-athletisme"},"yoast_head":"<!-- This site is optimized with the Yoast SEO plugin v27.5 - https:\/\/yoast.com\/product\/yoast-seo-wordpress\/ -->\n<title>Pluie de m\u00e9dailles pour le pays de Paimpol athl\u00e9tisme ! - le regard du sportif<\/title>\n<meta name=\"robots\" content=\"index, follow, max-snippet:-1, max-image-preview:large, max-video-preview:-1\" \/>\n<link rel=\"canonical\" href=\"https:\/\/oeilsportif.info\/index.php\/pluie-de-medailles-pour-le-pays-de-paimpol-athletisme\/\" \/>\n<meta property=\"og:locale\" content=\"fr_FR\" \/>\n<meta property=\"og:type\" content=\"article\" \/>\n<meta property=\"og:title\" content=\"Pluie de m\u00e9dailles pour le pays de Paimpol athl\u00e9tisme ! - le regard du sportif\" \/>\n<meta property=\"og:description\" content=\"Samedi 4 juin 2022, le club d\u2019athl\u00e9tisme du Pays de Paimpol (PPA) \u00e9tait en d\u00e9placement \u00e0 Guingamp, o\u00f9 avaient lieu les d\u00e9partementaux benjamins. Une fois encore, les athl\u00e8tes paimpolais ont brill\u00e9 avec pas moins de huit m\u00e9dailles. \u00ab Eulalie Keromnes remporte le titre de championne d\u00e9partementale en hauteur, avec un saut de 1m33. Thomas Monblano [&hellip;]\" \/>\n<meta property=\"og:url\" content=\"https:\/\/oeilsportif.info\/index.php\/pluie-de-medailles-pour-le-pays-de-paimpol-athletisme\/\" \/>\n<meta property=\"og:site_name\" content=\"le regard du sportif\" \/>\n<meta property=\"article:published_time\" content=\"2022-06-07T10:00:19+00:00\" \/>\n<meta property=\"og:image\" content=\"https:\/\/oeilsportif.info\/wp-content\/uploads\/2022\/06\/Renelle-Lamote-athletisme-Championnats-du-Monde-2022.jpg\" \/>\n\t<meta property=\"og:image:width\" content=\"1200\" \/>\n\t<meta property=\"og:image:height\" content=\"630\" \/>\n\t<meta property=\"og:image:type\" content=\"image\/jpeg\" \/>\n<meta name=\"author\" content=\"L&#039;Equipe de la R\u00e9daction\" \/>\n<meta name=\"twitter:label1\" content=\"\u00c9crit par\" \/>\n\t<meta name=\"twitter:data1\" content=\"L&#039;Equipe de la R\u00e9daction\" \/>\n\t<meta name=\"twitter:label2\" content=\"Dur\u00e9e de lecture estim\u00e9e\" \/>\n\t<meta name=\"twitter:data2\" content=\"1 minute\" \/>\n<script type=\"application\/ld+json\" class=\"yoast-schema-graph\">{\"@context\":\"https:\\\/\\\/schema.org\",\"@graph\":[{\"@type\":\"Article\",\"@id\":\"https:\\\/\\\/oeilsportif.info\\\/index.php\\\/pluie-de-medailles-pour-le-pays-de-paimpol-athletisme\\\/#article\",\"isPartOf\":{\"@id\":\"https:\\\/\\\/oeilsportif.info\\\/index.php\\\/pluie-de-medailles-pour-le-pays-de-paimpol-athletisme\\\/\"},\"author\":{\"name\":\"L'Equipe de la R\u00e9daction\",\"@id\":\"https:\\\/\\\/oeilsportif.info\\\/#\\\/schema\\\/person\\\/cfbded294aa6095f7d96608d7905e9a1\"},\"headline\":\"Pluie de m\u00e9dailles pour le pays de Paimpol athl\u00e9tisme !\",\"datePublished\":\"2022-06-07T10:00:19+00:00\",\"mainEntityOfPage\":{\"@id\":\"https:\\\/\\\/oeilsportif.info\\\/index.php\\\/pluie-de-medailles-pour-le-pays-de-paimpol-athletisme\\\/\"},\"wordCount\":125,\"image\":{\"@id\":\"https:\\\/\\\/oeilsportif.info\\\/index.php\\\/pluie-de-medailles-pour-le-pays-de-paimpol-athletisme\\\/#primaryimage\"},\"thumbnailUrl\":\"https:\\\/\\\/i0.wp.com\\\/oeilsportif.info\\\/wp-content\\\/uploads\\\/2022\\\/06\\\/Renelle-Lamote-athletisme-Championnats-du-Monde-2022.jpg?fit=1200%2C630&ssl=1\",\"articleSection\":[\"Athl\u00e9tisme\"],\"inLanguage\":\"fr-FR\"},{\"@type\":\"WebPage\",\"@id\":\"https:\\\/\\\/oeilsportif.info\\\/index.php\\\/pluie-de-medailles-pour-le-pays-de-paimpol-athletisme\\\/\",\"url\":\"https:\\\/\\\/oeilsportif.info\\\/index.php\\\/pluie-de-medailles-pour-le-pays-de-paimpol-athletisme\\\/\",\"name\":\"Pluie de m\u00e9dailles pour le pays de Paimpol athl\u00e9tisme ! - le regard du sportif\",\"isPartOf\":{\"@id\":\"https:\\\/\\\/oeilsportif.info\\\/#website\"},\"primaryImageOfPage\":{\"@id\":\"https:\\\/\\\/oeilsportif.info\\\/index.php\\\/pluie-de-medailles-pour-le-pays-de-paimpol-athletisme\\\/#primaryimage\"},\"image\":{\"@id\":\"https:\\\/\\\/oeilsportif.info\\\/index.php\\\/pluie-de-medailles-pour-le-pays-de-paimpol-athletisme\\\/#primaryimage\"},\"thumbnailUrl\":\"https:\\\/\\\/i0.wp.com\\\/oeilsportif.info\\\/wp-content\\\/uploads\\\/2022\\\/06\\\/Renelle-Lamote-athletisme-Championnats-du-Monde-2022.jpg?fit=1200%2C630&ssl=1\",\"datePublished\":\"2022-06-07T10:00:19+00:00\",\"author\":{\"@id\":\"https:\\\/\\\/oeilsportif.info\\\/#\\\/schema\\\/person\\\/cfbded294aa6095f7d96608d7905e9a1\"},\"inLanguage\":\"fr-FR\",\"potentialAction\":[{\"@type\":\"ReadAction\",\"target\":[\"https:\\\/\\\/oeilsportif.info\\\/index.php\\\/pluie-de-medailles-pour-le-pays-de-paimpol-athletisme\\\/\"]}]},{\"@type\":\"ImageObject\",\"inLanguage\":\"fr-FR\",\"@id\":\"https:\\\/\\\/oeilsportif.info\\\/index.php\\\/pluie-de-medailles-pour-le-pays-de-paimpol-athletisme\\\/#primaryimage\",\"url\":\"https:\\\/\\\/i0.wp.com\\\/oeilsportif.info\\\/wp-content\\\/uploads\\\/2022\\\/06\\\/Renelle-Lamote-athletisme-Championnats-du-Monde-2022.jpg?fit=1200%2C630&ssl=1\",\"contentUrl\":\"https:\\\/\\\/i0.wp.com\\\/oeilsportif.info\\\/wp-content\\\/uploads\\\/2022\\\/06\\\/Renelle-Lamote-athletisme-Championnats-du-Monde-2022.jpg?fit=1200%2C630&ssl=1\",\"width\":1200,\"height\":630},{\"@type\":\"WebSite\",\"@id\":\"https:\\\/\\\/oeilsportif.info\\\/#website\",\"url\":\"https:\\\/\\\/oeilsportif.info\\\/\",\"name\":\"le regard du sportif\",\"description\":\"\",\"potentialAction\":[{\"@type\":\"SearchAction\",\"target\":{\"@type\":\"EntryPoint\",\"urlTemplate\":\"https:\\\/\\\/oeilsportif.info\\\/?s={search_term_string}\"},\"query-input\":{\"@type\":\"PropertyValueSpecification\",\"valueRequired\":true,\"valueName\":\"search_term_string\"}}],\"inLanguage\":\"fr-FR\"},{\"@type\":\"Person\",\"@id\":\"https:\\\/\\\/oeilsportif.info\\\/#\\\/schema\\\/person\\\/cfbded294aa6095f7d96608d7905e9a1\",\"name\":\"L'Equipe de la R\u00e9daction\",\"image\":{\"@type\":\"ImageObject\",\"inLanguage\":\"fr-FR\",\"@id\":\"https:\\\/\\\/oeilsportif.info\\\/wp-content\\\/uploads\\\/2025\\\/07\\\/cropped-cropped-logo-os-96x96.jpeg\",\"url\":\"https:\\\/\\\/oeilsportif.info\\\/wp-content\\\/uploads\\\/2025\\\/07\\\/cropped-cropped-logo-os-96x96.jpeg\",\"contentUrl\":\"https:\\\/\\\/oeilsportif.info\\\/wp-content\\\/uploads\\\/2025\\\/07\\\/cropped-cropped-logo-os-96x96.jpeg\",\"caption\":\"L'Equipe de la R\u00e9daction\"},\"url\":\"https:\\\/\\\/oeilsportif.info\\\/index.php\\\/author\\\/tawel\\\/\"}]}<\/script>\n<!-- \/ Yoast SEO plugin. -->","yoast_head_json":{"title":"Pluie de m\u00e9dailles pour le pays de Paimpol athl\u00e9tisme ! - le regard du sportif","robots":{"index":"index","follow":"follow","max-snippet":"max-snippet:-1","max-image-preview":"max-image-preview:large","max-video-preview":"max-video-preview:-1"},"canonical":"https:\/\/oeilsportif.info\/index.php\/pluie-de-medailles-pour-le-pays-de-paimpol-athletisme\/","og_locale":"fr_FR","og_type":"article","og_title":"Pluie de m\u00e9dailles pour le pays de Paimpol athl\u00e9tisme ! - le regard du sportif","og_description":"Samedi 4 juin 2022, le club d\u2019athl\u00e9tisme du Pays de Paimpol (PPA) \u00e9tait en d\u00e9placement \u00e0 Guingamp, o\u00f9 avaient lieu les d\u00e9partementaux benjamins. Une fois encore, les athl\u00e8tes paimpolais ont brill\u00e9 avec pas moins de huit m\u00e9dailles. \u00ab Eulalie Keromnes remporte le titre de championne d\u00e9partementale en hauteur, avec un saut de 1m33. Thomas Monblano [&hellip;]","og_url":"https:\/\/oeilsportif.info\/index.php\/pluie-de-medailles-pour-le-pays-de-paimpol-athletisme\/","og_site_name":"le regard du sportif","article_published_time":"2022-06-07T10:00:19+00:00","og_image":[{"width":1200,"height":630,"url":"https:\/\/oeilsportif.info\/wp-content\/uploads\/2022\/06\/Renelle-Lamote-athletisme-Championnats-du-Monde-2022.jpg","type":"image\/jpeg"}],"author":"L'Equipe de la R\u00e9daction","twitter_misc":{"\u00c9crit par":"L'Equipe de la R\u00e9daction","Dur\u00e9e de lecture estim\u00e9e":"1 minute"},"schema":{"@context":"https:\/\/schema.org","@graph":[{"@type":"Article","@id":"https:\/\/oeilsportif.info\/index.php\/pluie-de-medailles-pour-le-pays-de-paimpol-athletisme\/#article","isPartOf":{"@id":"https:\/\/oeilsportif.info\/index.php\/pluie-de-medailles-pour-le-pays-de-paimpol-athletisme\/"},"author":{"name":"L'Equipe de la R\u00e9daction","@id":"https:\/\/oeilsportif.info\/#\/schema\/person\/cfbded294aa6095f7d96608d7905e9a1"},"headline":"Pluie de m\u00e9dailles pour le pays de Paimpol athl\u00e9tisme !","datePublished":"2022-06-07T10:00:19+00:00","mainEntityOfPage":{"@id":"https:\/\/oeilsportif.info\/index.php\/pluie-de-medailles-pour-le-pays-de-paimpol-athletisme\/"},"wordCount":125,"image":{"@id":"https:\/\/oeilsportif.info\/index.php\/pluie-de-medailles-pour-le-pays-de-paimpol-athletisme\/#primaryimage"},"thumbnailUrl":"https:\/\/i0.wp.com\/oeilsportif.info\/wp-content\/uploads\/2022\/06\/Renelle-Lamote-athletisme-Championnats-du-Monde-2022.jpg?fit=1200%2C630&ssl=1","articleSection":["Athl\u00e9tisme"],"inLanguage":"fr-FR"},{"@type":"WebPage","@id":"https:\/\/oeilsportif.info\/index.php\/pluie-de-medailles-pour-le-pays-de-paimpol-athletisme\/","url":"https:\/\/oeilsportif.info\/index.php\/pluie-de-medailles-pour-le-pays-de-paimpol-athletisme\/","name":"Pluie de m\u00e9dailles pour le pays de Paimpol athl\u00e9tisme ! - le regard du sportif","isPartOf":{"@id":"https:\/\/oeilsportif.info\/#website"},"primaryImageOfPage":{"@id":"https:\/\/oeilsportif.info\/index.php\/pluie-de-medailles-pour-le-pays-de-paimpol-athletisme\/#primaryimage"},"image":{"@id":"https:\/\/oeilsportif.info\/index.php\/pluie-de-medailles-pour-le-pays-de-paimpol-athletisme\/#primaryimage"},"thumbnailUrl":"https:\/\/i0.wp.com\/oeilsportif.info\/wp-content\/uploads\/2022\/06\/Renelle-Lamote-athletisme-Championnats-du-Monde-2022.jpg?fit=1200%2C630&ssl=1","datePublished":"2022-06-07T10:00:19+00:00","author":{"@id":"https:\/\/oeilsportif.info\/#\/schema\/person\/cfbded294aa6095f7d96608d7905e9a1"},"inLanguage":"fr-FR","potentialAction":[{"@type":"ReadAction","target":["https:\/\/oeilsportif.info\/index.php\/pluie-de-medailles-pour-le-pays-de-paimpol-athletisme\/"]}]},{"@type":"ImageObject","inLanguage":"fr-FR","@id":"https:\/\/oeilsportif.info\/index.php\/pluie-de-medailles-pour-le-pays-de-paimpol-athletisme\/#primaryimage","url":"https:\/\/i0.wp.com\/oeilsportif.info\/wp-content\/uploads\/2022\/06\/Renelle-Lamote-athletisme-Championnats-du-Monde-2022.jpg?fit=1200%2C630&ssl=1","contentUrl":"https:\/\/i0.wp.com\/oeilsportif.info\/wp-content\/uploads\/2022\/06\/Renelle-Lamote-athletisme-Championnats-du-Monde-2022.jpg?fit=1200%2C630&ssl=1","width":1200,"height":630},{"@type":"WebSite","@id":"https:\/\/oeilsportif.info\/#website","url":"https:\/\/oeilsportif.info\/","name":"le regard du sportif","description":"","potentialAction":[{"@type":"SearchAction","target":{"@type":"EntryPoint","urlTemplate":"https:\/\/oeilsportif.info\/?s={search_term_string}"},"query-input":{"@type":"PropertyValueSpecification","valueRequired":true,"valueName":"search_term_string"}}],"inLanguage":"fr-FR"},{"@type":"Person","@id":"https:\/\/oeilsportif.info\/#\/schema\/person\/cfbded294aa6095f7d96608d7905e9a1","name":"L'Equipe de la R\u00e9daction","image":{"@type":"ImageObject","inLanguage":"fr-FR","@id":"https:\/\/oeilsportif.info\/wp-content\/uploads\/2025\/07\/cropped-cropped-logo-os-96x96.jpeg","url":"https:\/\/oeilsportif.info\/wp-content\/uploads\/2025\/07\/cropped-cropped-logo-os-96x96.jpeg","contentUrl":"https:\/\/oeilsportif.info\/wp-content\/uploads\/2025\/07\/cropped-cropped-logo-os-96x96.jpeg","caption":"L'Equipe de la R\u00e9daction"},"url":"https:\/\/oeilsportif.info\/index.php\/author\/tawel\/"}]}},"jetpack_publicize_connections":[],"jetpack_featured_media_url":"https:\/\/i0.wp.com\/oeilsportif.info\/wp-content\/uploads\/2022\/06\/Renelle-Lamote-athletisme-Championnats-du-Monde-2022.jpg?fit=1200%2C630&ssl=1","jetpack-related-posts":[],"jetpack_sharing_enabled":true,"jetpack_likes_enabled":true,"jetpack_shortlink":"https:\/\/wp.me\/pgFE77-b9","_links":{"self":[{"href":"https:\/\/oeilsportif.info\/index.php\/wp-json\/wp\/v2\/posts\/691","targetHints":{"allow":["GET"]}}],"collection":[{"href":"https:\/\/oeilsportif.info\/index.php\/wp-json\/wp\/v2\/posts"}],"about":[{"href":"https:\/\/oeilsportif.info\/index.php\/wp-json\/wp\/v2\/types\/post"}],"author":[{"embeddable":true,"href":"https:\/\/oeilsportif.info\/index.php\/wp-json\/wp\/v2\/users\/2"}],"replies":[{"embeddable":true,"href":"https:\/\/oeilsportif.info\/index.php\/wp-json\/wp\/v2\/comments?post=691"}],"version-history":[{"count":0,"href":"https:\/\/oeilsportif.info\/index.php\/wp-json\/wp\/v2\/posts\/691\/revisions"}],"wp:featuredmedia":[{"embeddable":true,"href":"https:\/\/oeilsportif.info\/index.php\/wp-json\/wp\/v2\/media\/692"}],"wp:attachment":[{"href":"https:\/\/oeilsportif.info\/index.php\/wp-json\/wp\/v2\/media?parent=691"}],"wp:term":[{"taxonomy":"category","embeddable":true,"href":"https:\/\/oeilsportif.info\/index.php\/wp-json\/wp\/v2\/categories?post=691"},{"taxonomy":"post_tag","embeddable":true,"href":"https:\/\/oeilsportif.info\/index.php\/wp-json\/wp\/v2\/tags?post=691"}],"curies":[{"name":"wp","href":"https:\/\/api.w.org\/{rel}","templated":true}]}}