{"id":680,"date":"2022-06-06T14:06:56","date_gmt":"2022-06-06T14:06:56","guid":{"rendered":"https:\/\/oeilsportif.info\/index.php\/?p=680"},"modified":"2022-06-06T14:06:56","modified_gmt":"2022-06-06T14:06:56","slug":"elim-can-cote-divoire-2023-voici-les-resultats-de-la-premiere-journee","status":"publish","type":"post","link":"https:\/\/oeilsportif.info\/index.php\/elim-can-cote-divoire-2023-voici-les-resultats-de-la-premiere-journee\/","title":{"rendered":"ELIM-CAN C\u00d4TE D&rsquo;IVOIRE 2023\/ Voici les r\u00e9sultats de la premi\u00e8re journ\u00e9e !"},"content":{"rendered":"<p>La course pour la qualification de la Coupe d&rsquo;Afrique des Nations 2023 en C\u00f4te d\u2019Ivoire, a d\u00e9marr\u00e9 le mercredi 01 juin 2022. Apres les rencontres, voici les r\u00e9sultats complets de cette premi\u00e8re journ\u00e9e des \u00e9liminatoires de la CAN 2023.<\/p>\n<p><strong>Les r\u00e9sultats de la 1\u00e8re journ\u00e9e<\/strong><\/p>\n<p><strong>Mercredi 1er juin 2022<\/strong><\/p>\n<p><strong>Groupe E:<\/strong><br \/>\nAngola 2-1 RCA<br \/>\nGhana 3-0 Madagascar<\/p>\n<p><strong>Groupe J : <\/strong><\/p>\n<p>Libye 1-0 Botswana<\/p>\n<p><strong>Jeudi 02 juin 2022<\/strong><\/p>\n<p><strong>Groupe J :<\/strong><br \/>\nTunisie 4-0 Guin\u00e9e \u00e9quatoriale<\/p>\n<p><strong>Groupe L :<\/strong><br \/>\nMozambique 1-1 Rwanda<\/p>\n<p><strong>Vendredi 03 juin 2022<\/strong><\/p>\n<p><strong>Groupe B :<\/strong><br \/>\nTogo 2-2 Eswatini<br \/>\nBurkina Faso 2-0 Cap Vert<\/p>\n<p><strong>Groupe H :<\/strong><br \/>\nComores 2-0 Lesotho<br \/>\nC\u00f4te d\u2019Ivoire 3-1 Zambie<\/p>\n<p><strong>Samedi 04 juin 2022<\/strong><\/p>\n<p><strong>Groupe C :<\/strong><br \/>\nNamibie 1-1 Burundi<br \/>\nCameroun-Kenya (annul\u00e9)<\/p>\n<p><strong>Groupe F :<\/strong><br \/>\nAlg\u00e9rie 2-0 Ouganda<br \/>\nNiger 1-1 Tanzanie<\/p>\n<p><strong>Groupe G :<\/strong><br \/>\nMali 4-0 Congo<br \/>\nGambie 1-0 Soudan du Sud<\/p>\n<p><strong>Groupe I :<\/strong><br \/>\nMauritanie 3-0 Soudan<br \/>\nRDC 0-1 Gabon<br \/>\nS\u00e9n\u00e9gal 3-1 B\u00e9nin<\/p>\n<p><strong>Dimanche 05 juin 2022<\/strong><\/p>\n<p><strong>Groupe D<\/strong><br \/>\nMalawi 2-1 Ethiopie<br \/>\nEgypte 1-0 Guin\u00e9e<\/p>\n<p><strong>La suite du programme<\/strong><\/p>\n<p><strong>Jeudi 9 juin 2022<\/strong><\/p>\n<p><strong>Groupe A :<\/strong><br \/>\nGuin\u00e9e-Bissau &#8211; Sao Tom\u00e9-et-Principe<br \/>\nNigeria &#8211; Sierra-Leone<\/p>\n<p><strong>Groupe K :<\/strong><br \/>\nMaroc-Afrique du Sud<br \/>\nZimbabwe-Liberia (annul\u00e9)<\/p>\n<p><strong>Welta<\/strong><\/p>\n","protected":false},"excerpt":{"rendered":"<p>La course pour la qualification de la Coupe d&rsquo;Afrique des Nations 2023 en C\u00f4te d\u2019Ivoire, a d\u00e9marr\u00e9 le mercredi 01 juin 2022. Apres les rencontres, voici les r\u00e9sultats complets de cette premi\u00e8re journ\u00e9e des \u00e9liminatoires de la CAN 2023. Les r\u00e9sultats de la 1\u00e8re journ\u00e9e Mercredi 1er juin 2022 Groupe E: Angola 2-1 RCA Ghana [&hellip;]<\/p>\n","protected":false},"author":2,"featured_media":681,"comment_status":"closed","ping_status":"open","sticky":false,"template":"","format":"standard","meta":{"_jetpack_memberships_contains_paid_content":false,"footnotes":"","jetpack_publicize_message":"","jetpack_publicize_feature_enabled":true,"jetpack_social_post_already_shared":true,"jetpack_social_options":{"image_generator_settings":{"template":"highway","default_image_id":0,"font":"","enabled":false},"version":2}},"categories":[5],"tags":[],"class_list":{"0":"post-680","1":"post","2":"type-post","3":"status-publish","4":"format-standard","5":"has-post-thumbnail","7":"category-football"},"yoast_head":"<!-- This site is optimized with the Yoast SEO plugin v27.5 - https:\/\/yoast.com\/product\/yoast-seo-wordpress\/ -->\n<title>ELIM-CAN C\u00d4TE D&#039;IVOIRE 2023\/ Voici les r\u00e9sultats de la premi\u00e8re journ\u00e9e ! - le regard du sportif<\/title>\n<meta name=\"robots\" content=\"index, follow, max-snippet:-1, max-image-preview:large, max-video-preview:-1\" \/>\n<link rel=\"canonical\" href=\"https:\/\/oeilsportif.info\/index.php\/elim-can-cote-divoire-2023-voici-les-resultats-de-la-premiere-journee\/\" \/>\n<meta property=\"og:locale\" content=\"fr_FR\" \/>\n<meta property=\"og:type\" content=\"article\" \/>\n<meta property=\"og:title\" content=\"ELIM-CAN C\u00d4TE D&#039;IVOIRE 2023\/ Voici les r\u00e9sultats de la premi\u00e8re journ\u00e9e ! - le regard du sportif\" \/>\n<meta property=\"og:description\" content=\"La course pour la qualification de la Coupe d&rsquo;Afrique des Nations 2023 en C\u00f4te d\u2019Ivoire, a d\u00e9marr\u00e9 le mercredi 01 juin 2022. Apres les rencontres, voici les r\u00e9sultats complets de cette premi\u00e8re journ\u00e9e des \u00e9liminatoires de la CAN 2023. Les r\u00e9sultats de la 1\u00e8re journ\u00e9e Mercredi 1er juin 2022 Groupe E: Angola 2-1 RCA Ghana [&hellip;]\" \/>\n<meta property=\"og:url\" content=\"https:\/\/oeilsportif.info\/index.php\/elim-can-cote-divoire-2023-voici-les-resultats-de-la-premiere-journee\/\" \/>\n<meta property=\"og:site_name\" content=\"le regard du sportif\" \/>\n<meta property=\"article:published_time\" content=\"2022-06-06T14:06:56+00:00\" \/>\n<meta property=\"og:image\" content=\"https:\/\/oeilsportif.info\/wp-content\/uploads\/2022\/06\/FB_IMG_1654524205580.jpg\" \/>\n\t<meta property=\"og:image:width\" content=\"1080\" \/>\n\t<meta property=\"og:image:height\" content=\"1587\" \/>\n\t<meta property=\"og:image:type\" content=\"image\/jpeg\" \/>\n<meta name=\"author\" content=\"L&#039;Equipe de la R\u00e9daction\" \/>\n<meta name=\"twitter:label1\" content=\"\u00c9crit par\" \/>\n\t<meta name=\"twitter:data1\" content=\"L&#039;Equipe de la R\u00e9daction\" \/>\n\t<meta name=\"twitter:label2\" content=\"Dur\u00e9e de lecture estim\u00e9e\" \/>\n\t<meta name=\"twitter:data2\" content=\"1 minute\" \/>\n<script type=\"application\/ld+json\" class=\"yoast-schema-graph\">{\"@context\":\"https:\\\/\\\/schema.org\",\"@graph\":[{\"@type\":\"Article\",\"@id\":\"https:\\\/\\\/oeilsportif.info\\\/index.php\\\/elim-can-cote-divoire-2023-voici-les-resultats-de-la-premiere-journee\\\/#article\",\"isPartOf\":{\"@id\":\"https:\\\/\\\/oeilsportif.info\\\/index.php\\\/elim-can-cote-divoire-2023-voici-les-resultats-de-la-premiere-journee\\\/\"},\"author\":{\"name\":\"L'Equipe de la R\u00e9daction\",\"@id\":\"https:\\\/\\\/oeilsportif.info\\\/#\\\/schema\\\/person\\\/cfbded294aa6095f7d96608d7905e9a1\"},\"headline\":\"ELIM-CAN C\u00d4TE D&rsquo;IVOIRE 2023\\\/ Voici les r\u00e9sultats de la premi\u00e8re journ\u00e9e !\",\"datePublished\":\"2022-06-06T14:06:56+00:00\",\"mainEntityOfPage\":{\"@id\":\"https:\\\/\\\/oeilsportif.info\\\/index.php\\\/elim-can-cote-divoire-2023-voici-les-resultats-de-la-premiere-journee\\\/\"},\"wordCount\":196,\"image\":{\"@id\":\"https:\\\/\\\/oeilsportif.info\\\/index.php\\\/elim-can-cote-divoire-2023-voici-les-resultats-de-la-premiere-journee\\\/#primaryimage\"},\"thumbnailUrl\":\"https:\\\/\\\/i0.wp.com\\\/oeilsportif.info\\\/wp-content\\\/uploads\\\/2022\\\/06\\\/FB_IMG_1654524205580.jpg?fit=1080%2C1587&ssl=1\",\"articleSection\":[\"Football\"],\"inLanguage\":\"fr-FR\"},{\"@type\":\"WebPage\",\"@id\":\"https:\\\/\\\/oeilsportif.info\\\/index.php\\\/elim-can-cote-divoire-2023-voici-les-resultats-de-la-premiere-journee\\\/\",\"url\":\"https:\\\/\\\/oeilsportif.info\\\/index.php\\\/elim-can-cote-divoire-2023-voici-les-resultats-de-la-premiere-journee\\\/\",\"name\":\"ELIM-CAN C\u00d4TE D'IVOIRE 2023\\\/ Voici les r\u00e9sultats de la premi\u00e8re journ\u00e9e ! - le regard du sportif\",\"isPartOf\":{\"@id\":\"https:\\\/\\\/oeilsportif.info\\\/#website\"},\"primaryImageOfPage\":{\"@id\":\"https:\\\/\\\/oeilsportif.info\\\/index.php\\\/elim-can-cote-divoire-2023-voici-les-resultats-de-la-premiere-journee\\\/#primaryimage\"},\"image\":{\"@id\":\"https:\\\/\\\/oeilsportif.info\\\/index.php\\\/elim-can-cote-divoire-2023-voici-les-resultats-de-la-premiere-journee\\\/#primaryimage\"},\"thumbnailUrl\":\"https:\\\/\\\/i0.wp.com\\\/oeilsportif.info\\\/wp-content\\\/uploads\\\/2022\\\/06\\\/FB_IMG_1654524205580.jpg?fit=1080%2C1587&ssl=1\",\"datePublished\":\"2022-06-06T14:06:56+00:00\",\"author\":{\"@id\":\"https:\\\/\\\/oeilsportif.info\\\/#\\\/schema\\\/person\\\/cfbded294aa6095f7d96608d7905e9a1\"},\"inLanguage\":\"fr-FR\",\"potentialAction\":[{\"@type\":\"ReadAction\",\"target\":[\"https:\\\/\\\/oeilsportif.info\\\/index.php\\\/elim-can-cote-divoire-2023-voici-les-resultats-de-la-premiere-journee\\\/\"]}]},{\"@type\":\"ImageObject\",\"inLanguage\":\"fr-FR\",\"@id\":\"https:\\\/\\\/oeilsportif.info\\\/index.php\\\/elim-can-cote-divoire-2023-voici-les-resultats-de-la-premiere-journee\\\/#primaryimage\",\"url\":\"https:\\\/\\\/i0.wp.com\\\/oeilsportif.info\\\/wp-content\\\/uploads\\\/2022\\\/06\\\/FB_IMG_1654524205580.jpg?fit=1080%2C1587&ssl=1\",\"contentUrl\":\"https:\\\/\\\/i0.wp.com\\\/oeilsportif.info\\\/wp-content\\\/uploads\\\/2022\\\/06\\\/FB_IMG_1654524205580.jpg?fit=1080%2C1587&ssl=1\",\"width\":1080,\"height\":1587},{\"@type\":\"WebSite\",\"@id\":\"https:\\\/\\\/oeilsportif.info\\\/#website\",\"url\":\"https:\\\/\\\/oeilsportif.info\\\/\",\"name\":\"le regard du sportif\",\"description\":\"\",\"potentialAction\":[{\"@type\":\"SearchAction\",\"target\":{\"@type\":\"EntryPoint\",\"urlTemplate\":\"https:\\\/\\\/oeilsportif.info\\\/?s={search_term_string}\"},\"query-input\":{\"@type\":\"PropertyValueSpecification\",\"valueRequired\":true,\"valueName\":\"search_term_string\"}}],\"inLanguage\":\"fr-FR\"},{\"@type\":\"Person\",\"@id\":\"https:\\\/\\\/oeilsportif.info\\\/#\\\/schema\\\/person\\\/cfbded294aa6095f7d96608d7905e9a1\",\"name\":\"L'Equipe de la R\u00e9daction\",\"image\":{\"@type\":\"ImageObject\",\"inLanguage\":\"fr-FR\",\"@id\":\"https:\\\/\\\/oeilsportif.info\\\/wp-content\\\/uploads\\\/2025\\\/07\\\/cropped-cropped-logo-os-96x96.jpeg\",\"url\":\"https:\\\/\\\/oeilsportif.info\\\/wp-content\\\/uploads\\\/2025\\\/07\\\/cropped-cropped-logo-os-96x96.jpeg\",\"contentUrl\":\"https:\\\/\\\/oeilsportif.info\\\/wp-content\\\/uploads\\\/2025\\\/07\\\/cropped-cropped-logo-os-96x96.jpeg\",\"caption\":\"L'Equipe de la R\u00e9daction\"},\"url\":\"https:\\\/\\\/oeilsportif.info\\\/index.php\\\/author\\\/tawel\\\/\"}]}<\/script>\n<!-- \/ Yoast SEO plugin. -->","yoast_head_json":{"title":"ELIM-CAN C\u00d4TE D'IVOIRE 2023\/ Voici les r\u00e9sultats de la premi\u00e8re journ\u00e9e ! - le regard du sportif","robots":{"index":"index","follow":"follow","max-snippet":"max-snippet:-1","max-image-preview":"max-image-preview:large","max-video-preview":"max-video-preview:-1"},"canonical":"https:\/\/oeilsportif.info\/index.php\/elim-can-cote-divoire-2023-voici-les-resultats-de-la-premiere-journee\/","og_locale":"fr_FR","og_type":"article","og_title":"ELIM-CAN C\u00d4TE D'IVOIRE 2023\/ Voici les r\u00e9sultats de la premi\u00e8re journ\u00e9e ! - le regard du sportif","og_description":"La course pour la qualification de la Coupe d&rsquo;Afrique des Nations 2023 en C\u00f4te d\u2019Ivoire, a d\u00e9marr\u00e9 le mercredi 01 juin 2022. Apres les rencontres, voici les r\u00e9sultats complets de cette premi\u00e8re journ\u00e9e des \u00e9liminatoires de la CAN 2023. Les r\u00e9sultats de la 1\u00e8re journ\u00e9e Mercredi 1er juin 2022 Groupe E: Angola 2-1 RCA Ghana [&hellip;]","og_url":"https:\/\/oeilsportif.info\/index.php\/elim-can-cote-divoire-2023-voici-les-resultats-de-la-premiere-journee\/","og_site_name":"le regard du sportif","article_published_time":"2022-06-06T14:06:56+00:00","og_image":[{"width":1080,"height":1587,"url":"https:\/\/oeilsportif.info\/wp-content\/uploads\/2022\/06\/FB_IMG_1654524205580.jpg","type":"image\/jpeg"}],"author":"L'Equipe de la R\u00e9daction","twitter_misc":{"\u00c9crit par":"L'Equipe de la R\u00e9daction","Dur\u00e9e de lecture estim\u00e9e":"1 minute"},"schema":{"@context":"https:\/\/schema.org","@graph":[{"@type":"Article","@id":"https:\/\/oeilsportif.info\/index.php\/elim-can-cote-divoire-2023-voici-les-resultats-de-la-premiere-journee\/#article","isPartOf":{"@id":"https:\/\/oeilsportif.info\/index.php\/elim-can-cote-divoire-2023-voici-les-resultats-de-la-premiere-journee\/"},"author":{"name":"L'Equipe de la R\u00e9daction","@id":"https:\/\/oeilsportif.info\/#\/schema\/person\/cfbded294aa6095f7d96608d7905e9a1"},"headline":"ELIM-CAN C\u00d4TE D&rsquo;IVOIRE 2023\/ Voici les r\u00e9sultats de la premi\u00e8re journ\u00e9e !","datePublished":"2022-06-06T14:06:56+00:00","mainEntityOfPage":{"@id":"https:\/\/oeilsportif.info\/index.php\/elim-can-cote-divoire-2023-voici-les-resultats-de-la-premiere-journee\/"},"wordCount":196,"image":{"@id":"https:\/\/oeilsportif.info\/index.php\/elim-can-cote-divoire-2023-voici-les-resultats-de-la-premiere-journee\/#primaryimage"},"thumbnailUrl":"https:\/\/i0.wp.com\/oeilsportif.info\/wp-content\/uploads\/2022\/06\/FB_IMG_1654524205580.jpg?fit=1080%2C1587&ssl=1","articleSection":["Football"],"inLanguage":"fr-FR"},{"@type":"WebPage","@id":"https:\/\/oeilsportif.info\/index.php\/elim-can-cote-divoire-2023-voici-les-resultats-de-la-premiere-journee\/","url":"https:\/\/oeilsportif.info\/index.php\/elim-can-cote-divoire-2023-voici-les-resultats-de-la-premiere-journee\/","name":"ELIM-CAN C\u00d4TE D'IVOIRE 2023\/ Voici les r\u00e9sultats de la premi\u00e8re journ\u00e9e ! - le regard du sportif","isPartOf":{"@id":"https:\/\/oeilsportif.info\/#website"},"primaryImageOfPage":{"@id":"https:\/\/oeilsportif.info\/index.php\/elim-can-cote-divoire-2023-voici-les-resultats-de-la-premiere-journee\/#primaryimage"},"image":{"@id":"https:\/\/oeilsportif.info\/index.php\/elim-can-cote-divoire-2023-voici-les-resultats-de-la-premiere-journee\/#primaryimage"},"thumbnailUrl":"https:\/\/i0.wp.com\/oeilsportif.info\/wp-content\/uploads\/2022\/06\/FB_IMG_1654524205580.jpg?fit=1080%2C1587&ssl=1","datePublished":"2022-06-06T14:06:56+00:00","author":{"@id":"https:\/\/oeilsportif.info\/#\/schema\/person\/cfbded294aa6095f7d96608d7905e9a1"},"inLanguage":"fr-FR","potentialAction":[{"@type":"ReadAction","target":["https:\/\/oeilsportif.info\/index.php\/elim-can-cote-divoire-2023-voici-les-resultats-de-la-premiere-journee\/"]}]},{"@type":"ImageObject","inLanguage":"fr-FR","@id":"https:\/\/oeilsportif.info\/index.php\/elim-can-cote-divoire-2023-voici-les-resultats-de-la-premiere-journee\/#primaryimage","url":"https:\/\/i0.wp.com\/oeilsportif.info\/wp-content\/uploads\/2022\/06\/FB_IMG_1654524205580.jpg?fit=1080%2C1587&ssl=1","contentUrl":"https:\/\/i0.wp.com\/oeilsportif.info\/wp-content\/uploads\/2022\/06\/FB_IMG_1654524205580.jpg?fit=1080%2C1587&ssl=1","width":1080,"height":1587},{"@type":"WebSite","@id":"https:\/\/oeilsportif.info\/#website","url":"https:\/\/oeilsportif.info\/","name":"le regard du sportif","description":"","potentialAction":[{"@type":"SearchAction","target":{"@type":"EntryPoint","urlTemplate":"https:\/\/oeilsportif.info\/?s={search_term_string}"},"query-input":{"@type":"PropertyValueSpecification","valueRequired":true,"valueName":"search_term_string"}}],"inLanguage":"fr-FR"},{"@type":"Person","@id":"https:\/\/oeilsportif.info\/#\/schema\/person\/cfbded294aa6095f7d96608d7905e9a1","name":"L'Equipe de la R\u00e9daction","image":{"@type":"ImageObject","inLanguage":"fr-FR","@id":"https:\/\/oeilsportif.info\/wp-content\/uploads\/2025\/07\/cropped-cropped-logo-os-96x96.jpeg","url":"https:\/\/oeilsportif.info\/wp-content\/uploads\/2025\/07\/cropped-cropped-logo-os-96x96.jpeg","contentUrl":"https:\/\/oeilsportif.info\/wp-content\/uploads\/2025\/07\/cropped-cropped-logo-os-96x96.jpeg","caption":"L'Equipe de la R\u00e9daction"},"url":"https:\/\/oeilsportif.info\/index.php\/author\/tawel\/"}]}},"jetpack_publicize_connections":[],"jetpack_featured_media_url":"https:\/\/i0.wp.com\/oeilsportif.info\/wp-content\/uploads\/2022\/06\/FB_IMG_1654524205580.jpg?fit=1080%2C1587&ssl=1","jetpack-related-posts":[],"jetpack_sharing_enabled":true,"jetpack_likes_enabled":true,"jetpack_shortlink":"https:\/\/wp.me\/pgFE77-aY","_links":{"self":[{"href":"https:\/\/oeilsportif.info\/index.php\/wp-json\/wp\/v2\/posts\/680","targetHints":{"allow":["GET"]}}],"collection":[{"href":"https:\/\/oeilsportif.info\/index.php\/wp-json\/wp\/v2\/posts"}],"about":[{"href":"https:\/\/oeilsportif.info\/index.php\/wp-json\/wp\/v2\/types\/post"}],"author":[{"embeddable":true,"href":"https:\/\/oeilsportif.info\/index.php\/wp-json\/wp\/v2\/users\/2"}],"replies":[{"embeddable":true,"href":"https:\/\/oeilsportif.info\/index.php\/wp-json\/wp\/v2\/comments?post=680"}],"version-history":[{"count":0,"href":"https:\/\/oeilsportif.info\/index.php\/wp-json\/wp\/v2\/posts\/680\/revisions"}],"wp:featuredmedia":[{"embeddable":true,"href":"https:\/\/oeilsportif.info\/index.php\/wp-json\/wp\/v2\/media\/681"}],"wp:attachment":[{"href":"https:\/\/oeilsportif.info\/index.php\/wp-json\/wp\/v2\/media?parent=680"}],"wp:term":[{"taxonomy":"category","embeddable":true,"href":"https:\/\/oeilsportif.info\/index.php\/wp-json\/wp\/v2\/categories?post=680"},{"taxonomy":"post_tag","embeddable":true,"href":"https:\/\/oeilsportif.info\/index.php\/wp-json\/wp\/v2\/tags?post=680"}],"curies":[{"name":"wp","href":"https:\/\/api.w.org\/{rel}","templated":true}]}}