{"id":6771,"date":"2025-05-01T11:49:46","date_gmt":"2025-05-01T11:49:46","guid":{"rendered":"https:\/\/oeilsportif.info\/index.php\/?p=6771"},"modified":"2025-05-01T11:49:46","modified_gmt":"2025-05-01T11:49:46","slug":"handisport-grand-est-corinne-peran-elue-presidente-lors-de-lassemblee-generale","status":"publish","type":"post","link":"https:\/\/oeilsportif.info\/index.php\/handisport-grand-est-corinne-peran-elue-presidente-lors-de-lassemblee-generale\/","title":{"rendered":"Handisport Grand Est : Corinne Peran \u00e9lue pr\u00e9sidente lors de l&rsquo;Assembl\u00e9e G\u00e9n\u00e9rale"},"content":{"rendered":"<p class=\"p1\"><strong><span class=\"s1\">Le Comit\u00e9 R\u00e9gional Handisport Grand Est a tenu ce week-end son Assembl\u00e9e G\u00e9n\u00e9rale Ordinaire et \u00c9lective, un rendez-vous institutionnel majeur qui a marqu\u00e9 un tournant dans la gouvernance de l&rsquo;instance r\u00e9gionale. \u00c0 l&rsquo;issue du scrutin, Madame Corinne Peran a \u00e9t\u00e9 \u00e9lue pr\u00e9sidente, succ\u00e9dant ainsi \u00e0 Jean-Pierre Garnier \u00e0 la t\u00eate du comit\u00e9.<\/span><\/strong><\/p>\n<p class=\"p1\"><span class=\"s1\">Cette \u00e9lection s&rsquo;est d\u00e9roul\u00e9e dans un esprit de continuit\u00e9 et de renouveau, avec la d\u00e9signation simultan\u00e9e d&rsquo;un nouveau Comit\u00e9 Directeur qui accompagnera la pr\u00e9sidente dans la mise en \u0153uvre de sa politique sportive pour les quatre prochaines ann\u00e9es. Les participants \u00e0 l&rsquo;Assembl\u00e9e G\u00e9n\u00e9rale ont salu\u00e9 cette nouvelle \u00e9quipe dirigeante par des applaudissements nourris.<\/span><\/p>\n<p><a href=\"https:\/\/i0.wp.com\/oeilsportif.info\/wp-content\/uploads\/2025\/05\/IMG_1281.jpeg?ssl=1\"><img data-recalc-dims=\"1\" loading=\"lazy\" decoding=\"async\" class=\"alignnone size-full wp-image-6773\" src=\"https:\/\/i0.wp.com\/oeilsportif.info\/wp-content\/uploads\/2025\/05\/IMG_1281.jpeg?resize=696%2C522&#038;ssl=1\" alt=\"\" width=\"696\" height=\"522\" srcset=\"https:\/\/i0.wp.com\/oeilsportif.info\/wp-content\/uploads\/2025\/05\/IMG_1281.jpeg?w=2048&amp;ssl=1 2048w, https:\/\/i0.wp.com\/oeilsportif.info\/wp-content\/uploads\/2025\/05\/IMG_1281.jpeg?resize=300%2C225&amp;ssl=1 300w, https:\/\/i0.wp.com\/oeilsportif.info\/wp-content\/uploads\/2025\/05\/IMG_1281.jpeg?resize=1024%2C768&amp;ssl=1 1024w, https:\/\/i0.wp.com\/oeilsportif.info\/wp-content\/uploads\/2025\/05\/IMG_1281.jpeg?resize=768%2C576&amp;ssl=1 768w, https:\/\/i0.wp.com\/oeilsportif.info\/wp-content\/uploads\/2025\/05\/IMG_1281.jpeg?resize=1536%2C1152&amp;ssl=1 1536w, https:\/\/i0.wp.com\/oeilsportif.info\/wp-content\/uploads\/2025\/05\/IMG_1281.jpeg?resize=80%2C60&amp;ssl=1 80w, https:\/\/i0.wp.com\/oeilsportif.info\/wp-content\/uploads\/2025\/05\/IMG_1281.jpeg?resize=265%2C198&amp;ssl=1 265w, https:\/\/i0.wp.com\/oeilsportif.info\/wp-content\/uploads\/2025\/05\/IMG_1281.jpeg?resize=696%2C522&amp;ssl=1 696w, https:\/\/i0.wp.com\/oeilsportif.info\/wp-content\/uploads\/2025\/05\/IMG_1281.jpeg?resize=1068%2C801&amp;ssl=1 1068w, https:\/\/i0.wp.com\/oeilsportif.info\/wp-content\/uploads\/2025\/05\/IMG_1281.jpeg?resize=560%2C420&amp;ssl=1 560w, https:\/\/i0.wp.com\/oeilsportif.info\/wp-content\/uploads\/2025\/05\/IMG_1281.jpeg?resize=1920%2C1440&amp;ssl=1 1920w, https:\/\/i0.wp.com\/oeilsportif.info\/wp-content\/uploads\/2025\/05\/IMG_1281.jpeg?w=1392&amp;ssl=1 1392w\" sizes=\"auto, (max-width: 696px) 100vw, 696px\" \/><\/a><\/p>\n<p class=\"p1\"><span class=\"s1\">L&rsquo;occasion a \u00e9galement \u00e9t\u00e9 saisie pour rendre un hommage appuy\u00e9 au pr\u00e9sident sortant, Jean-Pierre Garnier, dont l&rsquo;engagement et le d\u00e9vouement ont \u00e9t\u00e9 unanimement reconnus. Son action \u00e0 la t\u00eate du Comit\u00e9 R\u00e9gional a contribu\u00e9 significativement au d\u00e9veloppement du handisport dans la r\u00e9gion Grand Est, tant en termes de licenci\u00e9s que de manifestations sportives et de r\u00e9sultats.<\/span><\/p>\n<p class=\"p1\"><span class=\"s1\">Cette transition s&rsquo;effectue dans un contexte favorable pour le handisport r\u00e9gional, qui conna\u00eet une dynamique positive illustr\u00e9e notamment par les r\u00e9cents succ\u00e8s du stage JAP (Jeunes \u00e0 Potentiel) organis\u00e9 \u00e0 Haguenau et par la reconnaissance obtenue lors des Journ\u00e9es Nationales Handisport au Futuroscope de Poitiers.<\/span><\/p>\n<p><a href=\"https:\/\/i0.wp.com\/oeilsportif.info\/wp-content\/uploads\/2025\/05\/IMG_1279.jpeg?ssl=1\"><img data-recalc-dims=\"1\" loading=\"lazy\" decoding=\"async\" class=\"alignnone size-full wp-image-6774\" src=\"https:\/\/i0.wp.com\/oeilsportif.info\/wp-content\/uploads\/2025\/05\/IMG_1279.jpeg?resize=696%2C928&#038;ssl=1\" alt=\"\" width=\"696\" height=\"928\" srcset=\"https:\/\/i0.wp.com\/oeilsportif.info\/wp-content\/uploads\/2025\/05\/IMG_1279.jpeg?w=1536&amp;ssl=1 1536w, https:\/\/i0.wp.com\/oeilsportif.info\/wp-content\/uploads\/2025\/05\/IMG_1279.jpeg?resize=225%2C300&amp;ssl=1 225w, https:\/\/i0.wp.com\/oeilsportif.info\/wp-content\/uploads\/2025\/05\/IMG_1279.jpeg?resize=768%2C1024&amp;ssl=1 768w, https:\/\/i0.wp.com\/oeilsportif.info\/wp-content\/uploads\/2025\/05\/IMG_1279.jpeg?resize=1152%2C1536&amp;ssl=1 1152w, https:\/\/i0.wp.com\/oeilsportif.info\/wp-content\/uploads\/2025\/05\/IMG_1279.jpeg?resize=696%2C928&amp;ssl=1 696w, https:\/\/i0.wp.com\/oeilsportif.info\/wp-content\/uploads\/2025\/05\/IMG_1279.jpeg?resize=1068%2C1424&amp;ssl=1 1068w, https:\/\/i0.wp.com\/oeilsportif.info\/wp-content\/uploads\/2025\/05\/IMG_1279.jpeg?resize=315%2C420&amp;ssl=1 315w, https:\/\/i0.wp.com\/oeilsportif.info\/wp-content\/uploads\/2025\/05\/IMG_1279.jpeg?w=1392&amp;ssl=1 1392w\" sizes=\"auto, (max-width: 696px) 100vw, 696px\" \/><\/a><\/p>\n<p class=\"p1\"><span class=\"s1\">La nouvelle pr\u00e9sidente et son Comit\u00e9 Directeur auront pour mission de poursuivre le d\u00e9veloppement du handisport dans la r\u00e9gion, en favorisant l&rsquo;inclusion par le sport et en pr\u00e9parant les futurs champions paralympiques issus du Grand Est.<\/span><\/p>\n","protected":false},"excerpt":{"rendered":"<p>Le Comit\u00e9 R\u00e9gional Handisport Grand Est a tenu ce week-end son Assembl\u00e9e G\u00e9n\u00e9rale Ordinaire et \u00c9lective, un rendez-vous institutionnel majeur qui a marqu\u00e9 un tournant dans la gouvernance de l&rsquo;instance r\u00e9gionale. \u00c0 l&rsquo;issue du scrutin, Madame Corinne Peran a \u00e9t\u00e9 \u00e9lue pr\u00e9sidente, succ\u00e9dant ainsi \u00e0 Jean-Pierre Garnier \u00e0 la t\u00eate du comit\u00e9. Cette \u00e9lection s&rsquo;est [&hellip;]<\/p>\n","protected":false},"author":2,"featured_media":6772,"comment_status":"closed","ping_status":"closed","sticky":false,"template":"","format":"standard","meta":{"_jetpack_memberships_contains_paid_content":false,"footnotes":"","jetpack_publicize_message":"","jetpack_publicize_feature_enabled":true,"jetpack_social_post_already_shared":true,"jetpack_social_options":{"image_generator_settings":{"template":"highway","default_image_id":0,"font":"","enabled":false},"version":2}},"categories":[10,9],"tags":[],"class_list":{"0":"post-6771","1":"post","2":"type-post","3":"status-publish","4":"format-standard","5":"has-post-thumbnail","7":"category-actualite","8":"category-handisport"},"yoast_head":"<!-- This site is optimized with the Yoast SEO plugin v27.5 - https:\/\/yoast.com\/product\/yoast-seo-wordpress\/ -->\n<title>Handisport Grand Est : Corinne Peran \u00e9lue pr\u00e9sidente lors de l&#039;Assembl\u00e9e G\u00e9n\u00e9rale - le regard du sportif<\/title>\n<meta name=\"robots\" content=\"index, follow, max-snippet:-1, max-image-preview:large, max-video-preview:-1\" \/>\n<link rel=\"canonical\" href=\"https:\/\/oeilsportif.info\/index.php\/handisport-grand-est-corinne-peran-elue-presidente-lors-de-lassemblee-generale\/\" \/>\n<meta property=\"og:locale\" content=\"fr_FR\" \/>\n<meta property=\"og:type\" content=\"article\" \/>\n<meta property=\"og:title\" content=\"Handisport Grand Est : Corinne Peran \u00e9lue pr\u00e9sidente lors de l&#039;Assembl\u00e9e G\u00e9n\u00e9rale - le regard du sportif\" \/>\n<meta property=\"og:description\" content=\"Le Comit\u00e9 R\u00e9gional Handisport Grand Est a tenu ce week-end son Assembl\u00e9e G\u00e9n\u00e9rale Ordinaire et \u00c9lective, un rendez-vous institutionnel majeur qui a marqu\u00e9 un tournant dans la gouvernance de l&rsquo;instance r\u00e9gionale. \u00c0 l&rsquo;issue du scrutin, Madame Corinne Peran a \u00e9t\u00e9 \u00e9lue pr\u00e9sidente, succ\u00e9dant ainsi \u00e0 Jean-Pierre Garnier \u00e0 la t\u00eate du comit\u00e9. Cette \u00e9lection s&rsquo;est [&hellip;]\" \/>\n<meta property=\"og:url\" content=\"https:\/\/oeilsportif.info\/index.php\/handisport-grand-est-corinne-peran-elue-presidente-lors-de-lassemblee-generale\/\" \/>\n<meta property=\"og:site_name\" content=\"le regard du sportif\" \/>\n<meta property=\"article:published_time\" content=\"2025-05-01T11:49:46+00:00\" \/>\n<meta property=\"og:image\" content=\"https:\/\/oeilsportif.info\/wp-content\/uploads\/2025\/05\/IMG_1278.jpeg\" \/>\n\t<meta property=\"og:image:width\" content=\"1170\" \/>\n\t<meta property=\"og:image:height\" content=\"927\" \/>\n\t<meta property=\"og:image:type\" content=\"image\/jpeg\" \/>\n<meta name=\"author\" content=\"L&#039;Equipe de la R\u00e9daction\" \/>\n<meta name=\"twitter:label1\" content=\"\u00c9crit par\" \/>\n\t<meta name=\"twitter:data1\" content=\"L&#039;Equipe de la R\u00e9daction\" \/>\n\t<meta name=\"twitter:label2\" content=\"Dur\u00e9e de lecture estim\u00e9e\" \/>\n\t<meta name=\"twitter:data2\" content=\"2 minutes\" \/>\n<script type=\"application\/ld+json\" class=\"yoast-schema-graph\">{\"@context\":\"https:\\\/\\\/schema.org\",\"@graph\":[{\"@type\":\"Article\",\"@id\":\"https:\\\/\\\/oeilsportif.info\\\/index.php\\\/handisport-grand-est-corinne-peran-elue-presidente-lors-de-lassemblee-generale\\\/#article\",\"isPartOf\":{\"@id\":\"https:\\\/\\\/oeilsportif.info\\\/index.php\\\/handisport-grand-est-corinne-peran-elue-presidente-lors-de-lassemblee-generale\\\/\"},\"author\":{\"name\":\"L'Equipe de la R\u00e9daction\",\"@id\":\"https:\\\/\\\/oeilsportif.info\\\/#\\\/schema\\\/person\\\/cfbded294aa6095f7d96608d7905e9a1\"},\"headline\":\"Handisport Grand Est : Corinne Peran \u00e9lue pr\u00e9sidente lors de l&rsquo;Assembl\u00e9e G\u00e9n\u00e9rale\",\"datePublished\":\"2025-05-01T11:49:46+00:00\",\"mainEntityOfPage\":{\"@id\":\"https:\\\/\\\/oeilsportif.info\\\/index.php\\\/handisport-grand-est-corinne-peran-elue-presidente-lors-de-lassemblee-generale\\\/\"},\"wordCount\":295,\"image\":{\"@id\":\"https:\\\/\\\/oeilsportif.info\\\/index.php\\\/handisport-grand-est-corinne-peran-elue-presidente-lors-de-lassemblee-generale\\\/#primaryimage\"},\"thumbnailUrl\":\"https:\\\/\\\/i0.wp.com\\\/oeilsportif.info\\\/wp-content\\\/uploads\\\/2025\\\/05\\\/IMG_1278.jpeg?fit=1170%2C927&ssl=1\",\"articleSection\":[\"Actualit\u00e9\",\"Handisport\"],\"inLanguage\":\"fr-FR\"},{\"@type\":\"WebPage\",\"@id\":\"https:\\\/\\\/oeilsportif.info\\\/index.php\\\/handisport-grand-est-corinne-peran-elue-presidente-lors-de-lassemblee-generale\\\/\",\"url\":\"https:\\\/\\\/oeilsportif.info\\\/index.php\\\/handisport-grand-est-corinne-peran-elue-presidente-lors-de-lassemblee-generale\\\/\",\"name\":\"Handisport Grand Est : Corinne Peran \u00e9lue pr\u00e9sidente lors de l'Assembl\u00e9e G\u00e9n\u00e9rale - le regard du sportif\",\"isPartOf\":{\"@id\":\"https:\\\/\\\/oeilsportif.info\\\/#website\"},\"primaryImageOfPage\":{\"@id\":\"https:\\\/\\\/oeilsportif.info\\\/index.php\\\/handisport-grand-est-corinne-peran-elue-presidente-lors-de-lassemblee-generale\\\/#primaryimage\"},\"image\":{\"@id\":\"https:\\\/\\\/oeilsportif.info\\\/index.php\\\/handisport-grand-est-corinne-peran-elue-presidente-lors-de-lassemblee-generale\\\/#primaryimage\"},\"thumbnailUrl\":\"https:\\\/\\\/i0.wp.com\\\/oeilsportif.info\\\/wp-content\\\/uploads\\\/2025\\\/05\\\/IMG_1278.jpeg?fit=1170%2C927&ssl=1\",\"datePublished\":\"2025-05-01T11:49:46+00:00\",\"author\":{\"@id\":\"https:\\\/\\\/oeilsportif.info\\\/#\\\/schema\\\/person\\\/cfbded294aa6095f7d96608d7905e9a1\"},\"inLanguage\":\"fr-FR\",\"potentialAction\":[{\"@type\":\"ReadAction\",\"target\":[\"https:\\\/\\\/oeilsportif.info\\\/index.php\\\/handisport-grand-est-corinne-peran-elue-presidente-lors-de-lassemblee-generale\\\/\"]}]},{\"@type\":\"ImageObject\",\"inLanguage\":\"fr-FR\",\"@id\":\"https:\\\/\\\/oeilsportif.info\\\/index.php\\\/handisport-grand-est-corinne-peran-elue-presidente-lors-de-lassemblee-generale\\\/#primaryimage\",\"url\":\"https:\\\/\\\/i0.wp.com\\\/oeilsportif.info\\\/wp-content\\\/uploads\\\/2025\\\/05\\\/IMG_1278.jpeg?fit=1170%2C927&ssl=1\",\"contentUrl\":\"https:\\\/\\\/i0.wp.com\\\/oeilsportif.info\\\/wp-content\\\/uploads\\\/2025\\\/05\\\/IMG_1278.jpeg?fit=1170%2C927&ssl=1\",\"width\":1170,\"height\":927},{\"@type\":\"WebSite\",\"@id\":\"https:\\\/\\\/oeilsportif.info\\\/#website\",\"url\":\"https:\\\/\\\/oeilsportif.info\\\/\",\"name\":\"le regard du sportif\",\"description\":\"\",\"potentialAction\":[{\"@type\":\"SearchAction\",\"target\":{\"@type\":\"EntryPoint\",\"urlTemplate\":\"https:\\\/\\\/oeilsportif.info\\\/?s={search_term_string}\"},\"query-input\":{\"@type\":\"PropertyValueSpecification\",\"valueRequired\":true,\"valueName\":\"search_term_string\"}}],\"inLanguage\":\"fr-FR\"},{\"@type\":\"Person\",\"@id\":\"https:\\\/\\\/oeilsportif.info\\\/#\\\/schema\\\/person\\\/cfbded294aa6095f7d96608d7905e9a1\",\"name\":\"L'Equipe de la R\u00e9daction\",\"image\":{\"@type\":\"ImageObject\",\"inLanguage\":\"fr-FR\",\"@id\":\"https:\\\/\\\/oeilsportif.info\\\/wp-content\\\/uploads\\\/2025\\\/07\\\/cropped-cropped-logo-os-96x96.jpeg\",\"url\":\"https:\\\/\\\/oeilsportif.info\\\/wp-content\\\/uploads\\\/2025\\\/07\\\/cropped-cropped-logo-os-96x96.jpeg\",\"contentUrl\":\"https:\\\/\\\/oeilsportif.info\\\/wp-content\\\/uploads\\\/2025\\\/07\\\/cropped-cropped-logo-os-96x96.jpeg\",\"caption\":\"L'Equipe de la R\u00e9daction\"},\"url\":\"https:\\\/\\\/oeilsportif.info\\\/index.php\\\/author\\\/tawel\\\/\"}]}<\/script>\n<!-- \/ Yoast SEO plugin. -->","yoast_head_json":{"title":"Handisport Grand Est : Corinne Peran \u00e9lue pr\u00e9sidente lors de l'Assembl\u00e9e G\u00e9n\u00e9rale - le regard du sportif","robots":{"index":"index","follow":"follow","max-snippet":"max-snippet:-1","max-image-preview":"max-image-preview:large","max-video-preview":"max-video-preview:-1"},"canonical":"https:\/\/oeilsportif.info\/index.php\/handisport-grand-est-corinne-peran-elue-presidente-lors-de-lassemblee-generale\/","og_locale":"fr_FR","og_type":"article","og_title":"Handisport Grand Est : Corinne Peran \u00e9lue pr\u00e9sidente lors de l'Assembl\u00e9e G\u00e9n\u00e9rale - le regard du sportif","og_description":"Le Comit\u00e9 R\u00e9gional Handisport Grand Est a tenu ce week-end son Assembl\u00e9e G\u00e9n\u00e9rale Ordinaire et \u00c9lective, un rendez-vous institutionnel majeur qui a marqu\u00e9 un tournant dans la gouvernance de l&rsquo;instance r\u00e9gionale. \u00c0 l&rsquo;issue du scrutin, Madame Corinne Peran a \u00e9t\u00e9 \u00e9lue pr\u00e9sidente, succ\u00e9dant ainsi \u00e0 Jean-Pierre Garnier \u00e0 la t\u00eate du comit\u00e9. Cette \u00e9lection s&rsquo;est [&hellip;]","og_url":"https:\/\/oeilsportif.info\/index.php\/handisport-grand-est-corinne-peran-elue-presidente-lors-de-lassemblee-generale\/","og_site_name":"le regard du sportif","article_published_time":"2025-05-01T11:49:46+00:00","og_image":[{"width":1170,"height":927,"url":"https:\/\/oeilsportif.info\/wp-content\/uploads\/2025\/05\/IMG_1278.jpeg","type":"image\/jpeg"}],"author":"L'Equipe de la R\u00e9daction","twitter_misc":{"\u00c9crit par":"L'Equipe de la R\u00e9daction","Dur\u00e9e de lecture estim\u00e9e":"2 minutes"},"schema":{"@context":"https:\/\/schema.org","@graph":[{"@type":"Article","@id":"https:\/\/oeilsportif.info\/index.php\/handisport-grand-est-corinne-peran-elue-presidente-lors-de-lassemblee-generale\/#article","isPartOf":{"@id":"https:\/\/oeilsportif.info\/index.php\/handisport-grand-est-corinne-peran-elue-presidente-lors-de-lassemblee-generale\/"},"author":{"name":"L'Equipe de la R\u00e9daction","@id":"https:\/\/oeilsportif.info\/#\/schema\/person\/cfbded294aa6095f7d96608d7905e9a1"},"headline":"Handisport Grand Est : Corinne Peran \u00e9lue pr\u00e9sidente lors de l&rsquo;Assembl\u00e9e G\u00e9n\u00e9rale","datePublished":"2025-05-01T11:49:46+00:00","mainEntityOfPage":{"@id":"https:\/\/oeilsportif.info\/index.php\/handisport-grand-est-corinne-peran-elue-presidente-lors-de-lassemblee-generale\/"},"wordCount":295,"image":{"@id":"https:\/\/oeilsportif.info\/index.php\/handisport-grand-est-corinne-peran-elue-presidente-lors-de-lassemblee-generale\/#primaryimage"},"thumbnailUrl":"https:\/\/i0.wp.com\/oeilsportif.info\/wp-content\/uploads\/2025\/05\/IMG_1278.jpeg?fit=1170%2C927&ssl=1","articleSection":["Actualit\u00e9","Handisport"],"inLanguage":"fr-FR"},{"@type":"WebPage","@id":"https:\/\/oeilsportif.info\/index.php\/handisport-grand-est-corinne-peran-elue-presidente-lors-de-lassemblee-generale\/","url":"https:\/\/oeilsportif.info\/index.php\/handisport-grand-est-corinne-peran-elue-presidente-lors-de-lassemblee-generale\/","name":"Handisport Grand Est : Corinne Peran \u00e9lue pr\u00e9sidente lors de l'Assembl\u00e9e G\u00e9n\u00e9rale - le regard du sportif","isPartOf":{"@id":"https:\/\/oeilsportif.info\/#website"},"primaryImageOfPage":{"@id":"https:\/\/oeilsportif.info\/index.php\/handisport-grand-est-corinne-peran-elue-presidente-lors-de-lassemblee-generale\/#primaryimage"},"image":{"@id":"https:\/\/oeilsportif.info\/index.php\/handisport-grand-est-corinne-peran-elue-presidente-lors-de-lassemblee-generale\/#primaryimage"},"thumbnailUrl":"https:\/\/i0.wp.com\/oeilsportif.info\/wp-content\/uploads\/2025\/05\/IMG_1278.jpeg?fit=1170%2C927&ssl=1","datePublished":"2025-05-01T11:49:46+00:00","author":{"@id":"https:\/\/oeilsportif.info\/#\/schema\/person\/cfbded294aa6095f7d96608d7905e9a1"},"inLanguage":"fr-FR","potentialAction":[{"@type":"ReadAction","target":["https:\/\/oeilsportif.info\/index.php\/handisport-grand-est-corinne-peran-elue-presidente-lors-de-lassemblee-generale\/"]}]},{"@type":"ImageObject","inLanguage":"fr-FR","@id":"https:\/\/oeilsportif.info\/index.php\/handisport-grand-est-corinne-peran-elue-presidente-lors-de-lassemblee-generale\/#primaryimage","url":"https:\/\/i0.wp.com\/oeilsportif.info\/wp-content\/uploads\/2025\/05\/IMG_1278.jpeg?fit=1170%2C927&ssl=1","contentUrl":"https:\/\/i0.wp.com\/oeilsportif.info\/wp-content\/uploads\/2025\/05\/IMG_1278.jpeg?fit=1170%2C927&ssl=1","width":1170,"height":927},{"@type":"WebSite","@id":"https:\/\/oeilsportif.info\/#website","url":"https:\/\/oeilsportif.info\/","name":"le regard du sportif","description":"","potentialAction":[{"@type":"SearchAction","target":{"@type":"EntryPoint","urlTemplate":"https:\/\/oeilsportif.info\/?s={search_term_string}"},"query-input":{"@type":"PropertyValueSpecification","valueRequired":true,"valueName":"search_term_string"}}],"inLanguage":"fr-FR"},{"@type":"Person","@id":"https:\/\/oeilsportif.info\/#\/schema\/person\/cfbded294aa6095f7d96608d7905e9a1","name":"L'Equipe de la R\u00e9daction","image":{"@type":"ImageObject","inLanguage":"fr-FR","@id":"https:\/\/oeilsportif.info\/wp-content\/uploads\/2025\/07\/cropped-cropped-logo-os-96x96.jpeg","url":"https:\/\/oeilsportif.info\/wp-content\/uploads\/2025\/07\/cropped-cropped-logo-os-96x96.jpeg","contentUrl":"https:\/\/oeilsportif.info\/wp-content\/uploads\/2025\/07\/cropped-cropped-logo-os-96x96.jpeg","caption":"L'Equipe de la R\u00e9daction"},"url":"https:\/\/oeilsportif.info\/index.php\/author\/tawel\/"}]}},"jetpack_publicize_connections":[],"jetpack_featured_media_url":"https:\/\/i0.wp.com\/oeilsportif.info\/wp-content\/uploads\/2025\/05\/IMG_1278.jpeg?fit=1170%2C927&ssl=1","jetpack-related-posts":[],"jetpack_sharing_enabled":true,"jetpack_likes_enabled":true,"jetpack_shortlink":"https:\/\/wp.me\/pgFE77-1Ld","_links":{"self":[{"href":"https:\/\/oeilsportif.info\/index.php\/wp-json\/wp\/v2\/posts\/6771","targetHints":{"allow":["GET"]}}],"collection":[{"href":"https:\/\/oeilsportif.info\/index.php\/wp-json\/wp\/v2\/posts"}],"about":[{"href":"https:\/\/oeilsportif.info\/index.php\/wp-json\/wp\/v2\/types\/post"}],"author":[{"embeddable":true,"href":"https:\/\/oeilsportif.info\/index.php\/wp-json\/wp\/v2\/users\/2"}],"replies":[{"embeddable":true,"href":"https:\/\/oeilsportif.info\/index.php\/wp-json\/wp\/v2\/comments?post=6771"}],"version-history":[{"count":0,"href":"https:\/\/oeilsportif.info\/index.php\/wp-json\/wp\/v2\/posts\/6771\/revisions"}],"wp:featuredmedia":[{"embeddable":true,"href":"https:\/\/oeilsportif.info\/index.php\/wp-json\/wp\/v2\/media\/6772"}],"wp:attachment":[{"href":"https:\/\/oeilsportif.info\/index.php\/wp-json\/wp\/v2\/media?parent=6771"}],"wp:term":[{"taxonomy":"category","embeddable":true,"href":"https:\/\/oeilsportif.info\/index.php\/wp-json\/wp\/v2\/categories?post=6771"},{"taxonomy":"post_tag","embeddable":true,"href":"https:\/\/oeilsportif.info\/index.php\/wp-json\/wp\/v2\/tags?post=6771"}],"curies":[{"name":"wp","href":"https:\/\/api.w.org\/{rel}","templated":true}]}}