{"id":677,"date":"2022-06-06T12:38:40","date_gmt":"2022-06-06T12:38:40","guid":{"rendered":"https:\/\/oeilsportif.info\/index.php\/?p=677"},"modified":"2022-06-06T12:38:40","modified_gmt":"2022-06-06T12:38:40","slug":"elephants-emerse-fae-est-arrive-a-abidjan","status":"publish","type":"post","link":"https:\/\/oeilsportif.info\/index.php\/elephants-emerse-fae-est-arrive-a-abidjan\/","title":{"rendered":"El\u00e9phants : Emerse Fa\u00e9 Est Arriv\u00e9 \u00c0 Abidjan."},"content":{"rendered":"<p>Le nouvel entra\u00eeneur adjoint des \u00c9l\u00e9phants de C\u00f4te d\u2019Ivoire, Emerse Fa\u00e9 est arriv\u00e9 \u00e0 Abidjan dans la soir\u00e9e de ce dimanche 05 Juin 2022.<\/p>\n<p>Il a \u00e9t\u00e9 re\u00e7u au QG des \u00c9l\u00e9phants \u00e0 l\u2019h\u00f4tel Radisson, par le Pr\u00e9sident de la F\u00e9d\u00e9ration Ivoirienne de Football, Yacine Idriss Diallo, le S\u00e9lectionneur Jean-Louis Gasset et les membres du staff de l\u2019\u00e9quipe nationale.<\/p>\n<p><strong>Source : FIF<\/strong><\/p>\n","protected":false},"excerpt":{"rendered":"<p>Le nouvel entra\u00eeneur adjoint des \u00c9l\u00e9phants de C\u00f4te d\u2019Ivoire, Emerse Fa\u00e9 est arriv\u00e9 \u00e0 Abidjan dans la soir\u00e9e de ce dimanche 05 Juin 2022. Il a \u00e9t\u00e9 re\u00e7u au QG des \u00c9l\u00e9phants \u00e0 l\u2019h\u00f4tel Radisson, par le Pr\u00e9sident de la F\u00e9d\u00e9ration Ivoirienne de Football, Yacine Idriss Diallo, le S\u00e9lectionneur Jean-Louis Gasset et les membres du [&hellip;]<\/p>\n","protected":false},"author":2,"featured_media":678,"comment_status":"closed","ping_status":"open","sticky":false,"template":"","format":"standard","meta":{"_jetpack_memberships_contains_paid_content":false,"footnotes":"","jetpack_publicize_message":"","jetpack_publicize_feature_enabled":true,"jetpack_social_post_already_shared":true,"jetpack_social_options":{"image_generator_settings":{"template":"highway","default_image_id":0,"font":"","enabled":false},"version":2}},"categories":[5],"tags":[],"class_list":{"0":"post-677","1":"post","2":"type-post","3":"status-publish","4":"format-standard","5":"has-post-thumbnail","7":"category-football"},"yoast_head":"<!-- This site is optimized with the Yoast SEO plugin v27.5 - https:\/\/yoast.com\/product\/yoast-seo-wordpress\/ -->\n<title>El\u00e9phants : Emerse Fa\u00e9 Est Arriv\u00e9 \u00c0 Abidjan. - le regard du sportif<\/title>\n<meta name=\"robots\" content=\"index, follow, max-snippet:-1, max-image-preview:large, max-video-preview:-1\" \/>\n<link rel=\"canonical\" href=\"https:\/\/oeilsportif.info\/index.php\/elephants-emerse-fae-est-arrive-a-abidjan\/\" \/>\n<meta property=\"og:locale\" content=\"fr_FR\" \/>\n<meta property=\"og:type\" content=\"article\" \/>\n<meta property=\"og:title\" content=\"El\u00e9phants : Emerse Fa\u00e9 Est Arriv\u00e9 \u00c0 Abidjan. - le regard du sportif\" \/>\n<meta property=\"og:description\" content=\"Le nouvel entra\u00eeneur adjoint des \u00c9l\u00e9phants de C\u00f4te d\u2019Ivoire, Emerse Fa\u00e9 est arriv\u00e9 \u00e0 Abidjan dans la soir\u00e9e de ce dimanche 05 Juin 2022. Il a \u00e9t\u00e9 re\u00e7u au QG des \u00c9l\u00e9phants \u00e0 l\u2019h\u00f4tel Radisson, par le Pr\u00e9sident de la F\u00e9d\u00e9ration Ivoirienne de Football, Yacine Idriss Diallo, le S\u00e9lectionneur Jean-Louis Gasset et les membres du [&hellip;]\" \/>\n<meta property=\"og:url\" content=\"https:\/\/oeilsportif.info\/index.php\/elephants-emerse-fae-est-arrive-a-abidjan\/\" \/>\n<meta property=\"og:site_name\" content=\"le regard du sportif\" \/>\n<meta property=\"article:published_time\" content=\"2022-06-06T12:38:40+00:00\" \/>\n<meta property=\"og:image\" content=\"https:\/\/oeilsportif.info\/wp-content\/uploads\/2022\/06\/FB_IMG_1654518948328.jpg\" \/>\n\t<meta property=\"og:image:width\" content=\"1024\" \/>\n\t<meta property=\"og:image:height\" content=\"683\" \/>\n\t<meta property=\"og:image:type\" content=\"image\/jpeg\" \/>\n<meta name=\"author\" content=\"L&#039;Equipe de la R\u00e9daction\" \/>\n<meta name=\"twitter:label1\" content=\"\u00c9crit par\" \/>\n\t<meta name=\"twitter:data1\" content=\"L&#039;Equipe de la R\u00e9daction\" \/>\n\t<meta name=\"twitter:label2\" content=\"Dur\u00e9e de lecture estim\u00e9e\" \/>\n\t<meta name=\"twitter:data2\" content=\"1 minute\" \/>\n<script type=\"application\/ld+json\" class=\"yoast-schema-graph\">{\"@context\":\"https:\\\/\\\/schema.org\",\"@graph\":[{\"@type\":\"Article\",\"@id\":\"https:\\\/\\\/oeilsportif.info\\\/index.php\\\/elephants-emerse-fae-est-arrive-a-abidjan\\\/#article\",\"isPartOf\":{\"@id\":\"https:\\\/\\\/oeilsportif.info\\\/index.php\\\/elephants-emerse-fae-est-arrive-a-abidjan\\\/\"},\"author\":{\"name\":\"L'Equipe de la R\u00e9daction\",\"@id\":\"https:\\\/\\\/oeilsportif.info\\\/#\\\/schema\\\/person\\\/cfbded294aa6095f7d96608d7905e9a1\"},\"headline\":\"El\u00e9phants : Emerse Fa\u00e9 Est Arriv\u00e9 \u00c0 Abidjan.\",\"datePublished\":\"2022-06-06T12:38:40+00:00\",\"mainEntityOfPage\":{\"@id\":\"https:\\\/\\\/oeilsportif.info\\\/index.php\\\/elephants-emerse-fae-est-arrive-a-abidjan\\\/\"},\"wordCount\":78,\"image\":{\"@id\":\"https:\\\/\\\/oeilsportif.info\\\/index.php\\\/elephants-emerse-fae-est-arrive-a-abidjan\\\/#primaryimage\"},\"thumbnailUrl\":\"https:\\\/\\\/i0.wp.com\\\/oeilsportif.info\\\/wp-content\\\/uploads\\\/2022\\\/06\\\/FB_IMG_1654518948328.jpg?fit=1024%2C683&ssl=1\",\"articleSection\":[\"Football\"],\"inLanguage\":\"fr-FR\"},{\"@type\":\"WebPage\",\"@id\":\"https:\\\/\\\/oeilsportif.info\\\/index.php\\\/elephants-emerse-fae-est-arrive-a-abidjan\\\/\",\"url\":\"https:\\\/\\\/oeilsportif.info\\\/index.php\\\/elephants-emerse-fae-est-arrive-a-abidjan\\\/\",\"name\":\"El\u00e9phants : Emerse Fa\u00e9 Est Arriv\u00e9 \u00c0 Abidjan. - le regard du sportif\",\"isPartOf\":{\"@id\":\"https:\\\/\\\/oeilsportif.info\\\/#website\"},\"primaryImageOfPage\":{\"@id\":\"https:\\\/\\\/oeilsportif.info\\\/index.php\\\/elephants-emerse-fae-est-arrive-a-abidjan\\\/#primaryimage\"},\"image\":{\"@id\":\"https:\\\/\\\/oeilsportif.info\\\/index.php\\\/elephants-emerse-fae-est-arrive-a-abidjan\\\/#primaryimage\"},\"thumbnailUrl\":\"https:\\\/\\\/i0.wp.com\\\/oeilsportif.info\\\/wp-content\\\/uploads\\\/2022\\\/06\\\/FB_IMG_1654518948328.jpg?fit=1024%2C683&ssl=1\",\"datePublished\":\"2022-06-06T12:38:40+00:00\",\"author\":{\"@id\":\"https:\\\/\\\/oeilsportif.info\\\/#\\\/schema\\\/person\\\/cfbded294aa6095f7d96608d7905e9a1\"},\"inLanguage\":\"fr-FR\",\"potentialAction\":[{\"@type\":\"ReadAction\",\"target\":[\"https:\\\/\\\/oeilsportif.info\\\/index.php\\\/elephants-emerse-fae-est-arrive-a-abidjan\\\/\"]}]},{\"@type\":\"ImageObject\",\"inLanguage\":\"fr-FR\",\"@id\":\"https:\\\/\\\/oeilsportif.info\\\/index.php\\\/elephants-emerse-fae-est-arrive-a-abidjan\\\/#primaryimage\",\"url\":\"https:\\\/\\\/i0.wp.com\\\/oeilsportif.info\\\/wp-content\\\/uploads\\\/2022\\\/06\\\/FB_IMG_1654518948328.jpg?fit=1024%2C683&ssl=1\",\"contentUrl\":\"https:\\\/\\\/i0.wp.com\\\/oeilsportif.info\\\/wp-content\\\/uploads\\\/2022\\\/06\\\/FB_IMG_1654518948328.jpg?fit=1024%2C683&ssl=1\",\"width\":1024,\"height\":683},{\"@type\":\"WebSite\",\"@id\":\"https:\\\/\\\/oeilsportif.info\\\/#website\",\"url\":\"https:\\\/\\\/oeilsportif.info\\\/\",\"name\":\"le regard du sportif\",\"description\":\"\",\"potentialAction\":[{\"@type\":\"SearchAction\",\"target\":{\"@type\":\"EntryPoint\",\"urlTemplate\":\"https:\\\/\\\/oeilsportif.info\\\/?s={search_term_string}\"},\"query-input\":{\"@type\":\"PropertyValueSpecification\",\"valueRequired\":true,\"valueName\":\"search_term_string\"}}],\"inLanguage\":\"fr-FR\"},{\"@type\":\"Person\",\"@id\":\"https:\\\/\\\/oeilsportif.info\\\/#\\\/schema\\\/person\\\/cfbded294aa6095f7d96608d7905e9a1\",\"name\":\"L'Equipe de la R\u00e9daction\",\"image\":{\"@type\":\"ImageObject\",\"inLanguage\":\"fr-FR\",\"@id\":\"https:\\\/\\\/oeilsportif.info\\\/wp-content\\\/uploads\\\/2025\\\/07\\\/cropped-cropped-logo-os-96x96.jpeg\",\"url\":\"https:\\\/\\\/oeilsportif.info\\\/wp-content\\\/uploads\\\/2025\\\/07\\\/cropped-cropped-logo-os-96x96.jpeg\",\"contentUrl\":\"https:\\\/\\\/oeilsportif.info\\\/wp-content\\\/uploads\\\/2025\\\/07\\\/cropped-cropped-logo-os-96x96.jpeg\",\"caption\":\"L'Equipe de la R\u00e9daction\"},\"url\":\"https:\\\/\\\/oeilsportif.info\\\/index.php\\\/author\\\/tawel\\\/\"}]}<\/script>\n<!-- \/ Yoast SEO plugin. -->","yoast_head_json":{"title":"El\u00e9phants : Emerse Fa\u00e9 Est Arriv\u00e9 \u00c0 Abidjan. - le regard du sportif","robots":{"index":"index","follow":"follow","max-snippet":"max-snippet:-1","max-image-preview":"max-image-preview:large","max-video-preview":"max-video-preview:-1"},"canonical":"https:\/\/oeilsportif.info\/index.php\/elephants-emerse-fae-est-arrive-a-abidjan\/","og_locale":"fr_FR","og_type":"article","og_title":"El\u00e9phants : Emerse Fa\u00e9 Est Arriv\u00e9 \u00c0 Abidjan. - le regard du sportif","og_description":"Le nouvel entra\u00eeneur adjoint des \u00c9l\u00e9phants de C\u00f4te d\u2019Ivoire, Emerse Fa\u00e9 est arriv\u00e9 \u00e0 Abidjan dans la soir\u00e9e de ce dimanche 05 Juin 2022. Il a \u00e9t\u00e9 re\u00e7u au QG des \u00c9l\u00e9phants \u00e0 l\u2019h\u00f4tel Radisson, par le Pr\u00e9sident de la F\u00e9d\u00e9ration Ivoirienne de Football, Yacine Idriss Diallo, le S\u00e9lectionneur Jean-Louis Gasset et les membres du [&hellip;]","og_url":"https:\/\/oeilsportif.info\/index.php\/elephants-emerse-fae-est-arrive-a-abidjan\/","og_site_name":"le regard du sportif","article_published_time":"2022-06-06T12:38:40+00:00","og_image":[{"width":1024,"height":683,"url":"https:\/\/oeilsportif.info\/wp-content\/uploads\/2022\/06\/FB_IMG_1654518948328.jpg","type":"image\/jpeg"}],"author":"L'Equipe de la R\u00e9daction","twitter_misc":{"\u00c9crit par":"L'Equipe de la R\u00e9daction","Dur\u00e9e de lecture estim\u00e9e":"1 minute"},"schema":{"@context":"https:\/\/schema.org","@graph":[{"@type":"Article","@id":"https:\/\/oeilsportif.info\/index.php\/elephants-emerse-fae-est-arrive-a-abidjan\/#article","isPartOf":{"@id":"https:\/\/oeilsportif.info\/index.php\/elephants-emerse-fae-est-arrive-a-abidjan\/"},"author":{"name":"L'Equipe de la R\u00e9daction","@id":"https:\/\/oeilsportif.info\/#\/schema\/person\/cfbded294aa6095f7d96608d7905e9a1"},"headline":"El\u00e9phants : Emerse Fa\u00e9 Est Arriv\u00e9 \u00c0 Abidjan.","datePublished":"2022-06-06T12:38:40+00:00","mainEntityOfPage":{"@id":"https:\/\/oeilsportif.info\/index.php\/elephants-emerse-fae-est-arrive-a-abidjan\/"},"wordCount":78,"image":{"@id":"https:\/\/oeilsportif.info\/index.php\/elephants-emerse-fae-est-arrive-a-abidjan\/#primaryimage"},"thumbnailUrl":"https:\/\/i0.wp.com\/oeilsportif.info\/wp-content\/uploads\/2022\/06\/FB_IMG_1654518948328.jpg?fit=1024%2C683&ssl=1","articleSection":["Football"],"inLanguage":"fr-FR"},{"@type":"WebPage","@id":"https:\/\/oeilsportif.info\/index.php\/elephants-emerse-fae-est-arrive-a-abidjan\/","url":"https:\/\/oeilsportif.info\/index.php\/elephants-emerse-fae-est-arrive-a-abidjan\/","name":"El\u00e9phants : Emerse Fa\u00e9 Est Arriv\u00e9 \u00c0 Abidjan. - le regard du sportif","isPartOf":{"@id":"https:\/\/oeilsportif.info\/#website"},"primaryImageOfPage":{"@id":"https:\/\/oeilsportif.info\/index.php\/elephants-emerse-fae-est-arrive-a-abidjan\/#primaryimage"},"image":{"@id":"https:\/\/oeilsportif.info\/index.php\/elephants-emerse-fae-est-arrive-a-abidjan\/#primaryimage"},"thumbnailUrl":"https:\/\/i0.wp.com\/oeilsportif.info\/wp-content\/uploads\/2022\/06\/FB_IMG_1654518948328.jpg?fit=1024%2C683&ssl=1","datePublished":"2022-06-06T12:38:40+00:00","author":{"@id":"https:\/\/oeilsportif.info\/#\/schema\/person\/cfbded294aa6095f7d96608d7905e9a1"},"inLanguage":"fr-FR","potentialAction":[{"@type":"ReadAction","target":["https:\/\/oeilsportif.info\/index.php\/elephants-emerse-fae-est-arrive-a-abidjan\/"]}]},{"@type":"ImageObject","inLanguage":"fr-FR","@id":"https:\/\/oeilsportif.info\/index.php\/elephants-emerse-fae-est-arrive-a-abidjan\/#primaryimage","url":"https:\/\/i0.wp.com\/oeilsportif.info\/wp-content\/uploads\/2022\/06\/FB_IMG_1654518948328.jpg?fit=1024%2C683&ssl=1","contentUrl":"https:\/\/i0.wp.com\/oeilsportif.info\/wp-content\/uploads\/2022\/06\/FB_IMG_1654518948328.jpg?fit=1024%2C683&ssl=1","width":1024,"height":683},{"@type":"WebSite","@id":"https:\/\/oeilsportif.info\/#website","url":"https:\/\/oeilsportif.info\/","name":"le regard du sportif","description":"","potentialAction":[{"@type":"SearchAction","target":{"@type":"EntryPoint","urlTemplate":"https:\/\/oeilsportif.info\/?s={search_term_string}"},"query-input":{"@type":"PropertyValueSpecification","valueRequired":true,"valueName":"search_term_string"}}],"inLanguage":"fr-FR"},{"@type":"Person","@id":"https:\/\/oeilsportif.info\/#\/schema\/person\/cfbded294aa6095f7d96608d7905e9a1","name":"L'Equipe de la R\u00e9daction","image":{"@type":"ImageObject","inLanguage":"fr-FR","@id":"https:\/\/oeilsportif.info\/wp-content\/uploads\/2025\/07\/cropped-cropped-logo-os-96x96.jpeg","url":"https:\/\/oeilsportif.info\/wp-content\/uploads\/2025\/07\/cropped-cropped-logo-os-96x96.jpeg","contentUrl":"https:\/\/oeilsportif.info\/wp-content\/uploads\/2025\/07\/cropped-cropped-logo-os-96x96.jpeg","caption":"L'Equipe de la R\u00e9daction"},"url":"https:\/\/oeilsportif.info\/index.php\/author\/tawel\/"}]}},"jetpack_publicize_connections":[],"jetpack_featured_media_url":"https:\/\/i0.wp.com\/oeilsportif.info\/wp-content\/uploads\/2022\/06\/FB_IMG_1654518948328.jpg?fit=1024%2C683&ssl=1","jetpack-related-posts":[],"jetpack_sharing_enabled":true,"jetpack_likes_enabled":true,"jetpack_shortlink":"https:\/\/wp.me\/pgFE77-aV","_links":{"self":[{"href":"https:\/\/oeilsportif.info\/index.php\/wp-json\/wp\/v2\/posts\/677","targetHints":{"allow":["GET"]}}],"collection":[{"href":"https:\/\/oeilsportif.info\/index.php\/wp-json\/wp\/v2\/posts"}],"about":[{"href":"https:\/\/oeilsportif.info\/index.php\/wp-json\/wp\/v2\/types\/post"}],"author":[{"embeddable":true,"href":"https:\/\/oeilsportif.info\/index.php\/wp-json\/wp\/v2\/users\/2"}],"replies":[{"embeddable":true,"href":"https:\/\/oeilsportif.info\/index.php\/wp-json\/wp\/v2\/comments?post=677"}],"version-history":[{"count":0,"href":"https:\/\/oeilsportif.info\/index.php\/wp-json\/wp\/v2\/posts\/677\/revisions"}],"wp:featuredmedia":[{"embeddable":true,"href":"https:\/\/oeilsportif.info\/index.php\/wp-json\/wp\/v2\/media\/678"}],"wp:attachment":[{"href":"https:\/\/oeilsportif.info\/index.php\/wp-json\/wp\/v2\/media?parent=677"}],"wp:term":[{"taxonomy":"category","embeddable":true,"href":"https:\/\/oeilsportif.info\/index.php\/wp-json\/wp\/v2\/categories?post=677"},{"taxonomy":"post_tag","embeddable":true,"href":"https:\/\/oeilsportif.info\/index.php\/wp-json\/wp\/v2\/tags?post=677"}],"curies":[{"name":"wp","href":"https:\/\/api.w.org\/{rel}","templated":true}]}}