{"id":6761,"date":"2025-05-01T11:38:05","date_gmt":"2025-05-01T11:38:05","guid":{"rendered":"https:\/\/oeilsportif.info\/index.php\/?p=6761"},"modified":"2025-05-01T11:38:05","modified_gmt":"2025-05-01T11:38:05","slug":"handisport-les-journees-nationales-2025-au-futuroscope-de-poitiers-couronnees-de-succes","status":"publish","type":"post","link":"https:\/\/oeilsportif.info\/index.php\/handisport-les-journees-nationales-2025-au-futuroscope-de-poitiers-couronnees-de-succes\/","title":{"rendered":"Handisport : Les Journ\u00e9es Nationales 2025 au Futuroscope de Poitiers couronn\u00e9es de succ\u00e8s"},"content":{"rendered":"<div><\/div>\n<p><strong>La 11\u00e8me \u00e9dition des Journ\u00e9es Nationales Handisport (JNH) s&rsquo;est d\u00e9roul\u00e9e du 15 au 18 avril au Palais des Congr\u00e8s du Futuroscope de Poitiers. Cet \u00e9v\u00e9nement majeur du calendrier handisport fran\u00e7ais a rassembl\u00e9 acteurs et passionn\u00e9s autour des valeurs d&rsquo;inclusion et de partage qui caract\u00e9risent cette discipline.<\/strong><\/p>\n<p>Pendant quatre jours, les participants ont pu prendre part \u00e0 un programme riche et diversifi\u00e9 : s\u00e9minaires th\u00e9matiques, ateliers pratiques, conf\u00e9rences sp\u00e9cialis\u00e9es, salon des partenaires et animations sur le Village Handisport. Le point culminant de ces journ\u00e9es a \u00e9t\u00e9 la c\u00e9r\u00e9monie de remise des Troph\u00e9es Handisport, c\u00e9l\u00e9brant l&rsquo;excellence et l&rsquo;engagement dans le mouvement handisport hexagonal.<\/p>\n<p>Le Conseil des Jeunes du Grand Est s&rsquo;est particuli\u00e8rement illustr\u00e9 en recevant le prestigieux Troph\u00e9e Initiative d\u00e9cern\u00e9 par la F\u00e9d\u00e9ration Fran\u00e7aise Handisport (FFH). Cette distinction vient r\u00e9compenser le dynamisme et l&rsquo;implication exemplaire de ces jeunes ambassadeurs dans le d\u00e9veloppement du handisport r\u00e9gional.<\/p>\n<p>Le Comit\u00e9 Grand Est a \u00e9galement \u00e9t\u00e9 mis \u00e0 l&rsquo;honneur pour l&rsquo;organisation de la \u00ab\u00a0Handi&rsquo;Run\u00a0\u00bb, la course des couleurs dont la prochaine \u00e9dition se tiendra le 4 juin 2025. Par ailleurs, Corinne Peran, membre du Comit\u00e9 Directeur de la F\u00e9d\u00e9ration, a \u00e9t\u00e9 salu\u00e9e pour son r\u00f4le dans la repr\u00e9sentation du Grand Est au niveau national.<\/p>\n<p>Cette \u00e9dition 2025 des Journ\u00e9es Nationales Handisport a confirm\u00e9 la vitalit\u00e9 du mouvement handisport fran\u00e7ais et l&rsquo;engagement collectif des b\u00e9n\u00e9voles, \u00e9lus, partenaires et participants qui \u0153uvrent quotidiennement pour la promotion et le d\u00e9veloppement du sport adapt\u00e9 en France.<\/p>\n","protected":false},"excerpt":{"rendered":"<p>La 11\u00e8me \u00e9dition des Journ\u00e9es Nationales Handisport (JNH) s&rsquo;est d\u00e9roul\u00e9e du 15 au 18 avril au Palais des Congr\u00e8s du Futuroscope de Poitiers. Cet \u00e9v\u00e9nement majeur du calendrier handisport fran\u00e7ais a rassembl\u00e9 acteurs et passionn\u00e9s autour des valeurs d&rsquo;inclusion et de partage qui caract\u00e9risent cette discipline. Pendant quatre jours, les participants ont pu prendre part [&hellip;]<\/p>\n","protected":false},"author":2,"featured_media":6762,"comment_status":"closed","ping_status":"closed","sticky":false,"template":"","format":"standard","meta":{"_jetpack_memberships_contains_paid_content":false,"footnotes":"","jetpack_publicize_message":"","jetpack_publicize_feature_enabled":true,"jetpack_social_post_already_shared":true,"jetpack_social_options":{"image_generator_settings":{"template":"highway","default_image_id":0,"font":"","enabled":false},"version":2}},"categories":[10,9],"tags":[],"class_list":{"0":"post-6761","1":"post","2":"type-post","3":"status-publish","4":"format-standard","5":"has-post-thumbnail","7":"category-actualite","8":"category-handisport"},"yoast_head":"<!-- This site is optimized with the Yoast SEO plugin v27.5 - https:\/\/yoast.com\/product\/yoast-seo-wordpress\/ -->\n<title>Handisport : Les Journ\u00e9es Nationales 2025 au Futuroscope de Poitiers couronn\u00e9es de succ\u00e8s - le regard du sportif<\/title>\n<meta name=\"robots\" content=\"index, follow, max-snippet:-1, max-image-preview:large, max-video-preview:-1\" \/>\n<link rel=\"canonical\" href=\"https:\/\/oeilsportif.info\/index.php\/handisport-les-journees-nationales-2025-au-futuroscope-de-poitiers-couronnees-de-succes\/\" \/>\n<meta property=\"og:locale\" content=\"fr_FR\" \/>\n<meta property=\"og:type\" content=\"article\" \/>\n<meta property=\"og:title\" content=\"Handisport : Les Journ\u00e9es Nationales 2025 au Futuroscope de Poitiers couronn\u00e9es de succ\u00e8s - le regard du sportif\" \/>\n<meta property=\"og:description\" content=\"La 11\u00e8me \u00e9dition des Journ\u00e9es Nationales Handisport (JNH) s&rsquo;est d\u00e9roul\u00e9e du 15 au 18 avril au Palais des Congr\u00e8s du Futuroscope de Poitiers. Cet \u00e9v\u00e9nement majeur du calendrier handisport fran\u00e7ais a rassembl\u00e9 acteurs et passionn\u00e9s autour des valeurs d&rsquo;inclusion et de partage qui caract\u00e9risent cette discipline. Pendant quatre jours, les participants ont pu prendre part [&hellip;]\" \/>\n<meta property=\"og:url\" content=\"https:\/\/oeilsportif.info\/index.php\/handisport-les-journees-nationales-2025-au-futuroscope-de-poitiers-couronnees-de-succes\/\" \/>\n<meta property=\"og:site_name\" content=\"le regard du sportif\" \/>\n<meta property=\"article:published_time\" content=\"2025-05-01T11:38:05+00:00\" \/>\n<meta property=\"og:image\" content=\"https:\/\/oeilsportif.info\/wp-content\/uploads\/2025\/05\/IMG_1269.jpeg\" \/>\n\t<meta property=\"og:image:width\" content=\"2048\" \/>\n\t<meta property=\"og:image:height\" content=\"1366\" \/>\n\t<meta property=\"og:image:type\" content=\"image\/jpeg\" \/>\n<meta name=\"author\" content=\"L&#039;Equipe de la R\u00e9daction\" \/>\n<meta name=\"twitter:label1\" content=\"\u00c9crit par\" \/>\n\t<meta name=\"twitter:data1\" content=\"L&#039;Equipe de la R\u00e9daction\" \/>\n\t<meta name=\"twitter:label2\" content=\"Dur\u00e9e de lecture estim\u00e9e\" \/>\n\t<meta name=\"twitter:data2\" content=\"2 minutes\" \/>\n<script type=\"application\/ld+json\" class=\"yoast-schema-graph\">{\"@context\":\"https:\\\/\\\/schema.org\",\"@graph\":[{\"@type\":\"Article\",\"@id\":\"https:\\\/\\\/oeilsportif.info\\\/index.php\\\/handisport-les-journees-nationales-2025-au-futuroscope-de-poitiers-couronnees-de-succes\\\/#article\",\"isPartOf\":{\"@id\":\"https:\\\/\\\/oeilsportif.info\\\/index.php\\\/handisport-les-journees-nationales-2025-au-futuroscope-de-poitiers-couronnees-de-succes\\\/\"},\"author\":{\"name\":\"L'Equipe de la R\u00e9daction\",\"@id\":\"https:\\\/\\\/oeilsportif.info\\\/#\\\/schema\\\/person\\\/cfbded294aa6095f7d96608d7905e9a1\"},\"headline\":\"Handisport : Les Journ\u00e9es Nationales 2025 au Futuroscope de Poitiers couronn\u00e9es de succ\u00e8s\",\"datePublished\":\"2025-05-01T11:38:05+00:00\",\"mainEntityOfPage\":{\"@id\":\"https:\\\/\\\/oeilsportif.info\\\/index.php\\\/handisport-les-journees-nationales-2025-au-futuroscope-de-poitiers-couronnees-de-succes\\\/\"},\"wordCount\":290,\"image\":{\"@id\":\"https:\\\/\\\/oeilsportif.info\\\/index.php\\\/handisport-les-journees-nationales-2025-au-futuroscope-de-poitiers-couronnees-de-succes\\\/#primaryimage\"},\"thumbnailUrl\":\"https:\\\/\\\/i0.wp.com\\\/oeilsportif.info\\\/wp-content\\\/uploads\\\/2025\\\/05\\\/IMG_1269.jpeg?fit=2048%2C1366&ssl=1\",\"articleSection\":[\"Actualit\u00e9\",\"Handisport\"],\"inLanguage\":\"fr-FR\"},{\"@type\":\"WebPage\",\"@id\":\"https:\\\/\\\/oeilsportif.info\\\/index.php\\\/handisport-les-journees-nationales-2025-au-futuroscope-de-poitiers-couronnees-de-succes\\\/\",\"url\":\"https:\\\/\\\/oeilsportif.info\\\/index.php\\\/handisport-les-journees-nationales-2025-au-futuroscope-de-poitiers-couronnees-de-succes\\\/\",\"name\":\"Handisport : Les Journ\u00e9es Nationales 2025 au Futuroscope de Poitiers couronn\u00e9es de succ\u00e8s - le regard du sportif\",\"isPartOf\":{\"@id\":\"https:\\\/\\\/oeilsportif.info\\\/#website\"},\"primaryImageOfPage\":{\"@id\":\"https:\\\/\\\/oeilsportif.info\\\/index.php\\\/handisport-les-journees-nationales-2025-au-futuroscope-de-poitiers-couronnees-de-succes\\\/#primaryimage\"},\"image\":{\"@id\":\"https:\\\/\\\/oeilsportif.info\\\/index.php\\\/handisport-les-journees-nationales-2025-au-futuroscope-de-poitiers-couronnees-de-succes\\\/#primaryimage\"},\"thumbnailUrl\":\"https:\\\/\\\/i0.wp.com\\\/oeilsportif.info\\\/wp-content\\\/uploads\\\/2025\\\/05\\\/IMG_1269.jpeg?fit=2048%2C1366&ssl=1\",\"datePublished\":\"2025-05-01T11:38:05+00:00\",\"author\":{\"@id\":\"https:\\\/\\\/oeilsportif.info\\\/#\\\/schema\\\/person\\\/cfbded294aa6095f7d96608d7905e9a1\"},\"inLanguage\":\"fr-FR\",\"potentialAction\":[{\"@type\":\"ReadAction\",\"target\":[\"https:\\\/\\\/oeilsportif.info\\\/index.php\\\/handisport-les-journees-nationales-2025-au-futuroscope-de-poitiers-couronnees-de-succes\\\/\"]}]},{\"@type\":\"ImageObject\",\"inLanguage\":\"fr-FR\",\"@id\":\"https:\\\/\\\/oeilsportif.info\\\/index.php\\\/handisport-les-journees-nationales-2025-au-futuroscope-de-poitiers-couronnees-de-succes\\\/#primaryimage\",\"url\":\"https:\\\/\\\/i0.wp.com\\\/oeilsportif.info\\\/wp-content\\\/uploads\\\/2025\\\/05\\\/IMG_1269.jpeg?fit=2048%2C1366&ssl=1\",\"contentUrl\":\"https:\\\/\\\/i0.wp.com\\\/oeilsportif.info\\\/wp-content\\\/uploads\\\/2025\\\/05\\\/IMG_1269.jpeg?fit=2048%2C1366&ssl=1\",\"width\":2048,\"height\":1366},{\"@type\":\"WebSite\",\"@id\":\"https:\\\/\\\/oeilsportif.info\\\/#website\",\"url\":\"https:\\\/\\\/oeilsportif.info\\\/\",\"name\":\"le regard du sportif\",\"description\":\"\",\"potentialAction\":[{\"@type\":\"SearchAction\",\"target\":{\"@type\":\"EntryPoint\",\"urlTemplate\":\"https:\\\/\\\/oeilsportif.info\\\/?s={search_term_string}\"},\"query-input\":{\"@type\":\"PropertyValueSpecification\",\"valueRequired\":true,\"valueName\":\"search_term_string\"}}],\"inLanguage\":\"fr-FR\"},{\"@type\":\"Person\",\"@id\":\"https:\\\/\\\/oeilsportif.info\\\/#\\\/schema\\\/person\\\/cfbded294aa6095f7d96608d7905e9a1\",\"name\":\"L'Equipe de la R\u00e9daction\",\"image\":{\"@type\":\"ImageObject\",\"inLanguage\":\"fr-FR\",\"@id\":\"https:\\\/\\\/oeilsportif.info\\\/wp-content\\\/uploads\\\/2025\\\/07\\\/cropped-cropped-logo-os-96x96.jpeg\",\"url\":\"https:\\\/\\\/oeilsportif.info\\\/wp-content\\\/uploads\\\/2025\\\/07\\\/cropped-cropped-logo-os-96x96.jpeg\",\"contentUrl\":\"https:\\\/\\\/oeilsportif.info\\\/wp-content\\\/uploads\\\/2025\\\/07\\\/cropped-cropped-logo-os-96x96.jpeg\",\"caption\":\"L'Equipe de la R\u00e9daction\"},\"url\":\"https:\\\/\\\/oeilsportif.info\\\/index.php\\\/author\\\/tawel\\\/\"}]}<\/script>\n<!-- \/ Yoast SEO plugin. -->","yoast_head_json":{"title":"Handisport : Les Journ\u00e9es Nationales 2025 au Futuroscope de Poitiers couronn\u00e9es de succ\u00e8s - le regard du sportif","robots":{"index":"index","follow":"follow","max-snippet":"max-snippet:-1","max-image-preview":"max-image-preview:large","max-video-preview":"max-video-preview:-1"},"canonical":"https:\/\/oeilsportif.info\/index.php\/handisport-les-journees-nationales-2025-au-futuroscope-de-poitiers-couronnees-de-succes\/","og_locale":"fr_FR","og_type":"article","og_title":"Handisport : Les Journ\u00e9es Nationales 2025 au Futuroscope de Poitiers couronn\u00e9es de succ\u00e8s - le regard du sportif","og_description":"La 11\u00e8me \u00e9dition des Journ\u00e9es Nationales Handisport (JNH) s&rsquo;est d\u00e9roul\u00e9e du 15 au 18 avril au Palais des Congr\u00e8s du Futuroscope de Poitiers. Cet \u00e9v\u00e9nement majeur du calendrier handisport fran\u00e7ais a rassembl\u00e9 acteurs et passionn\u00e9s autour des valeurs d&rsquo;inclusion et de partage qui caract\u00e9risent cette discipline. Pendant quatre jours, les participants ont pu prendre part [&hellip;]","og_url":"https:\/\/oeilsportif.info\/index.php\/handisport-les-journees-nationales-2025-au-futuroscope-de-poitiers-couronnees-de-succes\/","og_site_name":"le regard du sportif","article_published_time":"2025-05-01T11:38:05+00:00","og_image":[{"width":2048,"height":1366,"url":"https:\/\/oeilsportif.info\/wp-content\/uploads\/2025\/05\/IMG_1269.jpeg","type":"image\/jpeg"}],"author":"L'Equipe de la R\u00e9daction","twitter_misc":{"\u00c9crit par":"L'Equipe de la R\u00e9daction","Dur\u00e9e de lecture estim\u00e9e":"2 minutes"},"schema":{"@context":"https:\/\/schema.org","@graph":[{"@type":"Article","@id":"https:\/\/oeilsportif.info\/index.php\/handisport-les-journees-nationales-2025-au-futuroscope-de-poitiers-couronnees-de-succes\/#article","isPartOf":{"@id":"https:\/\/oeilsportif.info\/index.php\/handisport-les-journees-nationales-2025-au-futuroscope-de-poitiers-couronnees-de-succes\/"},"author":{"name":"L'Equipe de la R\u00e9daction","@id":"https:\/\/oeilsportif.info\/#\/schema\/person\/cfbded294aa6095f7d96608d7905e9a1"},"headline":"Handisport : Les Journ\u00e9es Nationales 2025 au Futuroscope de Poitiers couronn\u00e9es de succ\u00e8s","datePublished":"2025-05-01T11:38:05+00:00","mainEntityOfPage":{"@id":"https:\/\/oeilsportif.info\/index.php\/handisport-les-journees-nationales-2025-au-futuroscope-de-poitiers-couronnees-de-succes\/"},"wordCount":290,"image":{"@id":"https:\/\/oeilsportif.info\/index.php\/handisport-les-journees-nationales-2025-au-futuroscope-de-poitiers-couronnees-de-succes\/#primaryimage"},"thumbnailUrl":"https:\/\/i0.wp.com\/oeilsportif.info\/wp-content\/uploads\/2025\/05\/IMG_1269.jpeg?fit=2048%2C1366&ssl=1","articleSection":["Actualit\u00e9","Handisport"],"inLanguage":"fr-FR"},{"@type":"WebPage","@id":"https:\/\/oeilsportif.info\/index.php\/handisport-les-journees-nationales-2025-au-futuroscope-de-poitiers-couronnees-de-succes\/","url":"https:\/\/oeilsportif.info\/index.php\/handisport-les-journees-nationales-2025-au-futuroscope-de-poitiers-couronnees-de-succes\/","name":"Handisport : Les Journ\u00e9es Nationales 2025 au Futuroscope de Poitiers couronn\u00e9es de succ\u00e8s - le regard du sportif","isPartOf":{"@id":"https:\/\/oeilsportif.info\/#website"},"primaryImageOfPage":{"@id":"https:\/\/oeilsportif.info\/index.php\/handisport-les-journees-nationales-2025-au-futuroscope-de-poitiers-couronnees-de-succes\/#primaryimage"},"image":{"@id":"https:\/\/oeilsportif.info\/index.php\/handisport-les-journees-nationales-2025-au-futuroscope-de-poitiers-couronnees-de-succes\/#primaryimage"},"thumbnailUrl":"https:\/\/i0.wp.com\/oeilsportif.info\/wp-content\/uploads\/2025\/05\/IMG_1269.jpeg?fit=2048%2C1366&ssl=1","datePublished":"2025-05-01T11:38:05+00:00","author":{"@id":"https:\/\/oeilsportif.info\/#\/schema\/person\/cfbded294aa6095f7d96608d7905e9a1"},"inLanguage":"fr-FR","potentialAction":[{"@type":"ReadAction","target":["https:\/\/oeilsportif.info\/index.php\/handisport-les-journees-nationales-2025-au-futuroscope-de-poitiers-couronnees-de-succes\/"]}]},{"@type":"ImageObject","inLanguage":"fr-FR","@id":"https:\/\/oeilsportif.info\/index.php\/handisport-les-journees-nationales-2025-au-futuroscope-de-poitiers-couronnees-de-succes\/#primaryimage","url":"https:\/\/i0.wp.com\/oeilsportif.info\/wp-content\/uploads\/2025\/05\/IMG_1269.jpeg?fit=2048%2C1366&ssl=1","contentUrl":"https:\/\/i0.wp.com\/oeilsportif.info\/wp-content\/uploads\/2025\/05\/IMG_1269.jpeg?fit=2048%2C1366&ssl=1","width":2048,"height":1366},{"@type":"WebSite","@id":"https:\/\/oeilsportif.info\/#website","url":"https:\/\/oeilsportif.info\/","name":"le regard du sportif","description":"","potentialAction":[{"@type":"SearchAction","target":{"@type":"EntryPoint","urlTemplate":"https:\/\/oeilsportif.info\/?s={search_term_string}"},"query-input":{"@type":"PropertyValueSpecification","valueRequired":true,"valueName":"search_term_string"}}],"inLanguage":"fr-FR"},{"@type":"Person","@id":"https:\/\/oeilsportif.info\/#\/schema\/person\/cfbded294aa6095f7d96608d7905e9a1","name":"L'Equipe de la R\u00e9daction","image":{"@type":"ImageObject","inLanguage":"fr-FR","@id":"https:\/\/oeilsportif.info\/wp-content\/uploads\/2025\/07\/cropped-cropped-logo-os-96x96.jpeg","url":"https:\/\/oeilsportif.info\/wp-content\/uploads\/2025\/07\/cropped-cropped-logo-os-96x96.jpeg","contentUrl":"https:\/\/oeilsportif.info\/wp-content\/uploads\/2025\/07\/cropped-cropped-logo-os-96x96.jpeg","caption":"L'Equipe de la R\u00e9daction"},"url":"https:\/\/oeilsportif.info\/index.php\/author\/tawel\/"}]}},"jetpack_publicize_connections":[],"jetpack_featured_media_url":"https:\/\/i0.wp.com\/oeilsportif.info\/wp-content\/uploads\/2025\/05\/IMG_1269.jpeg?fit=2048%2C1366&ssl=1","jetpack-related-posts":[],"jetpack_sharing_enabled":true,"jetpack_likes_enabled":true,"jetpack_shortlink":"https:\/\/wp.me\/pgFE77-1L3","_links":{"self":[{"href":"https:\/\/oeilsportif.info\/index.php\/wp-json\/wp\/v2\/posts\/6761","targetHints":{"allow":["GET"]}}],"collection":[{"href":"https:\/\/oeilsportif.info\/index.php\/wp-json\/wp\/v2\/posts"}],"about":[{"href":"https:\/\/oeilsportif.info\/index.php\/wp-json\/wp\/v2\/types\/post"}],"author":[{"embeddable":true,"href":"https:\/\/oeilsportif.info\/index.php\/wp-json\/wp\/v2\/users\/2"}],"replies":[{"embeddable":true,"href":"https:\/\/oeilsportif.info\/index.php\/wp-json\/wp\/v2\/comments?post=6761"}],"version-history":[{"count":0,"href":"https:\/\/oeilsportif.info\/index.php\/wp-json\/wp\/v2\/posts\/6761\/revisions"}],"wp:featuredmedia":[{"embeddable":true,"href":"https:\/\/oeilsportif.info\/index.php\/wp-json\/wp\/v2\/media\/6762"}],"wp:attachment":[{"href":"https:\/\/oeilsportif.info\/index.php\/wp-json\/wp\/v2\/media?parent=6761"}],"wp:term":[{"taxonomy":"category","embeddable":true,"href":"https:\/\/oeilsportif.info\/index.php\/wp-json\/wp\/v2\/categories?post=6761"},{"taxonomy":"post_tag","embeddable":true,"href":"https:\/\/oeilsportif.info\/index.php\/wp-json\/wp\/v2\/tags?post=6761"}],"curies":[{"name":"wp","href":"https:\/\/api.w.org\/{rel}","templated":true}]}}