{"id":674,"date":"2022-06-06T12:07:36","date_gmt":"2022-06-06T12:07:36","guid":{"rendered":"https:\/\/oeilsportif.info\/index.php\/?p=674"},"modified":"2022-06-06T12:07:36","modified_gmt":"2022-06-06T12:07:36","slug":"eiim-can-2023-egypte-guinee-la-delegation-du-groupe-guicopres-en-egypte","status":"publish","type":"post","link":"https:\/\/oeilsportif.info\/index.php\/eiim-can-2023-egypte-guinee-la-delegation-du-groupe-guicopres-en-egypte\/","title":{"rendered":"\u00c9IIM-CAN 2023 ( \u00c9gypte-Guin\u00e9e): la d\u00e9l\u00e9gation du groupe Guicopres en \u00c9gypte !"},"content":{"rendered":"<p><strong>Ce Dimanche, 05 Juin 2022 \u00e0 19H GMT les pharaons d&rsquo;\u00c9gypte re\u00e7oivent le Syli national de Guin\u00e9e comptant pour la premi\u00e8re journ\u00e9e des \u00e9liminatoires de la Coupe d\u2019Afrique des Nations C\u00f4te d&rsquo;Ivoire 2023.<\/strong><\/p>\n<p>\u00c0 cette occasion, le PDG du groupe Guicopres, Monsieur Kerfalla Camara \u00ab\u00a0KPC\u00a0\u00bb a d\u00e9l\u00e9gu\u00e9 Monsieur Ifra Flex Dieng, Directeur G\u00e9n\u00e9ral GMI, Monsieur Ibrahima Sory N&rsquo;Gueye, Pr\u00e9sident d\u00e9l\u00e9gu\u00e9 du Hafia FC, et Monsieur Kaba Karamo, Directeur des Ressources Humaines du groupe Guicopres pour repr\u00e9senter tout le personnel de Guicopres pour la premi\u00e8re sortie du Syli national de Guin\u00e9e en \u00c9gypte face aux pharaons d&rsquo;\u00c9gypte pour le compte des \u00e9liminatoires de la CAN 2023. Avec la protection Divine, le soutien du Pr\u00e9sident KPC mais aussi la b\u00e9n\u00e9diction du Pr\u00e9sident de la R\u00e9publique, colonel Mamadi Doumbouyah accompagn\u00e9 par tout le peuple de Guin\u00e9e, les co\u00e9quipiers de Naby Keita peuvent ramener les trois points en \u00c9gypte.<\/p>\n<p>Bonne chance au Syli national de Guin\u00e9e !<\/p>\n<p><strong>Mohamed Tawel Camara<\/strong><\/p>\n","protected":false},"excerpt":{"rendered":"<p>Ce Dimanche, 05 Juin 2022 \u00e0 19H GMT les pharaons d&rsquo;\u00c9gypte re\u00e7oivent le Syli national de Guin\u00e9e comptant pour la premi\u00e8re journ\u00e9e des \u00e9liminatoires de la Coupe d\u2019Afrique des Nations C\u00f4te d&rsquo;Ivoire 2023. \u00c0 cette occasion, le PDG du groupe Guicopres, Monsieur Kerfalla Camara \u00ab\u00a0KPC\u00a0\u00bb a d\u00e9l\u00e9gu\u00e9 Monsieur Ifra Flex Dieng, Directeur G\u00e9n\u00e9ral GMI, Monsieur [&hellip;]<\/p>\n","protected":false},"author":2,"featured_media":675,"comment_status":"closed","ping_status":"open","sticky":false,"template":"","format":"standard","meta":{"_jetpack_memberships_contains_paid_content":false,"footnotes":"","jetpack_publicize_message":"","jetpack_publicize_feature_enabled":true,"jetpack_social_post_already_shared":true,"jetpack_social_options":{"image_generator_settings":{"template":"highway","default_image_id":0,"font":"","enabled":false},"version":2}},"categories":[5],"tags":[],"class_list":{"0":"post-674","1":"post","2":"type-post","3":"status-publish","4":"format-standard","5":"has-post-thumbnail","7":"category-football"},"yoast_head":"<!-- This site is optimized with the Yoast SEO plugin v27.5 - https:\/\/yoast.com\/product\/yoast-seo-wordpress\/ -->\n<title>\u00c9IIM-CAN 2023 ( \u00c9gypte-Guin\u00e9e): la d\u00e9l\u00e9gation du groupe Guicopres en \u00c9gypte ! - le regard du sportif<\/title>\n<meta name=\"robots\" content=\"index, follow, max-snippet:-1, max-image-preview:large, max-video-preview:-1\" \/>\n<link rel=\"canonical\" href=\"https:\/\/oeilsportif.info\/index.php\/eiim-can-2023-egypte-guinee-la-delegation-du-groupe-guicopres-en-egypte\/\" \/>\n<meta property=\"og:locale\" content=\"fr_FR\" \/>\n<meta property=\"og:type\" content=\"article\" \/>\n<meta property=\"og:title\" content=\"\u00c9IIM-CAN 2023 ( \u00c9gypte-Guin\u00e9e): la d\u00e9l\u00e9gation du groupe Guicopres en \u00c9gypte ! - le regard du sportif\" \/>\n<meta property=\"og:description\" content=\"Ce Dimanche, 05 Juin 2022 \u00e0 19H GMT les pharaons d&rsquo;\u00c9gypte re\u00e7oivent le Syli national de Guin\u00e9e comptant pour la premi\u00e8re journ\u00e9e des \u00e9liminatoires de la Coupe d\u2019Afrique des Nations C\u00f4te d&rsquo;Ivoire 2023. \u00c0 cette occasion, le PDG du groupe Guicopres, Monsieur Kerfalla Camara \u00ab\u00a0KPC\u00a0\u00bb a d\u00e9l\u00e9gu\u00e9 Monsieur Ifra Flex Dieng, Directeur G\u00e9n\u00e9ral GMI, Monsieur [&hellip;]\" \/>\n<meta property=\"og:url\" content=\"https:\/\/oeilsportif.info\/index.php\/eiim-can-2023-egypte-guinee-la-delegation-du-groupe-guicopres-en-egypte\/\" \/>\n<meta property=\"og:site_name\" content=\"le regard du sportif\" \/>\n<meta property=\"article:published_time\" content=\"2022-06-06T12:07:36+00:00\" \/>\n<meta property=\"og:image\" content=\"https:\/\/oeilsportif.info\/wp-content\/uploads\/2022\/06\/FB_IMG_1654517017134.jpg\" \/>\n\t<meta property=\"og:image:width\" content=\"720\" \/>\n\t<meta property=\"og:image:height\" content=\"960\" \/>\n\t<meta property=\"og:image:type\" content=\"image\/jpeg\" \/>\n<meta name=\"author\" content=\"L&#039;Equipe de la R\u00e9daction\" \/>\n<meta name=\"twitter:label1\" content=\"\u00c9crit par\" \/>\n\t<meta name=\"twitter:data1\" content=\"L&#039;Equipe de la R\u00e9daction\" \/>\n\t<meta name=\"twitter:label2\" content=\"Dur\u00e9e de lecture estim\u00e9e\" \/>\n\t<meta name=\"twitter:data2\" content=\"1 minute\" \/>\n<script type=\"application\/ld+json\" class=\"yoast-schema-graph\">{\"@context\":\"https:\\\/\\\/schema.org\",\"@graph\":[{\"@type\":\"Article\",\"@id\":\"https:\\\/\\\/oeilsportif.info\\\/index.php\\\/eiim-can-2023-egypte-guinee-la-delegation-du-groupe-guicopres-en-egypte\\\/#article\",\"isPartOf\":{\"@id\":\"https:\\\/\\\/oeilsportif.info\\\/index.php\\\/eiim-can-2023-egypte-guinee-la-delegation-du-groupe-guicopres-en-egypte\\\/\"},\"author\":{\"name\":\"L'Equipe de la R\u00e9daction\",\"@id\":\"https:\\\/\\\/oeilsportif.info\\\/#\\\/schema\\\/person\\\/cfbded294aa6095f7d96608d7905e9a1\"},\"headline\":\"\u00c9IIM-CAN 2023 ( \u00c9gypte-Guin\u00e9e): la d\u00e9l\u00e9gation du groupe Guicopres en \u00c9gypte !\",\"datePublished\":\"2022-06-06T12:07:36+00:00\",\"mainEntityOfPage\":{\"@id\":\"https:\\\/\\\/oeilsportif.info\\\/index.php\\\/eiim-can-2023-egypte-guinee-la-delegation-du-groupe-guicopres-en-egypte\\\/\"},\"wordCount\":189,\"image\":{\"@id\":\"https:\\\/\\\/oeilsportif.info\\\/index.php\\\/eiim-can-2023-egypte-guinee-la-delegation-du-groupe-guicopres-en-egypte\\\/#primaryimage\"},\"thumbnailUrl\":\"https:\\\/\\\/i0.wp.com\\\/oeilsportif.info\\\/wp-content\\\/uploads\\\/2022\\\/06\\\/FB_IMG_1654517017134.jpg?fit=720%2C960&ssl=1\",\"articleSection\":[\"Football\"],\"inLanguage\":\"fr-FR\"},{\"@type\":\"WebPage\",\"@id\":\"https:\\\/\\\/oeilsportif.info\\\/index.php\\\/eiim-can-2023-egypte-guinee-la-delegation-du-groupe-guicopres-en-egypte\\\/\",\"url\":\"https:\\\/\\\/oeilsportif.info\\\/index.php\\\/eiim-can-2023-egypte-guinee-la-delegation-du-groupe-guicopres-en-egypte\\\/\",\"name\":\"\u00c9IIM-CAN 2023 ( \u00c9gypte-Guin\u00e9e): la d\u00e9l\u00e9gation du groupe Guicopres en \u00c9gypte ! - le regard du sportif\",\"isPartOf\":{\"@id\":\"https:\\\/\\\/oeilsportif.info\\\/#website\"},\"primaryImageOfPage\":{\"@id\":\"https:\\\/\\\/oeilsportif.info\\\/index.php\\\/eiim-can-2023-egypte-guinee-la-delegation-du-groupe-guicopres-en-egypte\\\/#primaryimage\"},\"image\":{\"@id\":\"https:\\\/\\\/oeilsportif.info\\\/index.php\\\/eiim-can-2023-egypte-guinee-la-delegation-du-groupe-guicopres-en-egypte\\\/#primaryimage\"},\"thumbnailUrl\":\"https:\\\/\\\/i0.wp.com\\\/oeilsportif.info\\\/wp-content\\\/uploads\\\/2022\\\/06\\\/FB_IMG_1654517017134.jpg?fit=720%2C960&ssl=1\",\"datePublished\":\"2022-06-06T12:07:36+00:00\",\"author\":{\"@id\":\"https:\\\/\\\/oeilsportif.info\\\/#\\\/schema\\\/person\\\/cfbded294aa6095f7d96608d7905e9a1\"},\"inLanguage\":\"fr-FR\",\"potentialAction\":[{\"@type\":\"ReadAction\",\"target\":[\"https:\\\/\\\/oeilsportif.info\\\/index.php\\\/eiim-can-2023-egypte-guinee-la-delegation-du-groupe-guicopres-en-egypte\\\/\"]}]},{\"@type\":\"ImageObject\",\"inLanguage\":\"fr-FR\",\"@id\":\"https:\\\/\\\/oeilsportif.info\\\/index.php\\\/eiim-can-2023-egypte-guinee-la-delegation-du-groupe-guicopres-en-egypte\\\/#primaryimage\",\"url\":\"https:\\\/\\\/i0.wp.com\\\/oeilsportif.info\\\/wp-content\\\/uploads\\\/2022\\\/06\\\/FB_IMG_1654517017134.jpg?fit=720%2C960&ssl=1\",\"contentUrl\":\"https:\\\/\\\/i0.wp.com\\\/oeilsportif.info\\\/wp-content\\\/uploads\\\/2022\\\/06\\\/FB_IMG_1654517017134.jpg?fit=720%2C960&ssl=1\",\"width\":720,\"height\":960},{\"@type\":\"WebSite\",\"@id\":\"https:\\\/\\\/oeilsportif.info\\\/#website\",\"url\":\"https:\\\/\\\/oeilsportif.info\\\/\",\"name\":\"le regard du sportif\",\"description\":\"\",\"potentialAction\":[{\"@type\":\"SearchAction\",\"target\":{\"@type\":\"EntryPoint\",\"urlTemplate\":\"https:\\\/\\\/oeilsportif.info\\\/?s={search_term_string}\"},\"query-input\":{\"@type\":\"PropertyValueSpecification\",\"valueRequired\":true,\"valueName\":\"search_term_string\"}}],\"inLanguage\":\"fr-FR\"},{\"@type\":\"Person\",\"@id\":\"https:\\\/\\\/oeilsportif.info\\\/#\\\/schema\\\/person\\\/cfbded294aa6095f7d96608d7905e9a1\",\"name\":\"L'Equipe de la R\u00e9daction\",\"image\":{\"@type\":\"ImageObject\",\"inLanguage\":\"fr-FR\",\"@id\":\"https:\\\/\\\/oeilsportif.info\\\/wp-content\\\/uploads\\\/2025\\\/07\\\/cropped-cropped-logo-os-96x96.jpeg\",\"url\":\"https:\\\/\\\/oeilsportif.info\\\/wp-content\\\/uploads\\\/2025\\\/07\\\/cropped-cropped-logo-os-96x96.jpeg\",\"contentUrl\":\"https:\\\/\\\/oeilsportif.info\\\/wp-content\\\/uploads\\\/2025\\\/07\\\/cropped-cropped-logo-os-96x96.jpeg\",\"caption\":\"L'Equipe de la R\u00e9daction\"},\"url\":\"https:\\\/\\\/oeilsportif.info\\\/index.php\\\/author\\\/tawel\\\/\"}]}<\/script>\n<!-- \/ Yoast SEO plugin. -->","yoast_head_json":{"title":"\u00c9IIM-CAN 2023 ( \u00c9gypte-Guin\u00e9e): la d\u00e9l\u00e9gation du groupe Guicopres en \u00c9gypte ! - le regard du sportif","robots":{"index":"index","follow":"follow","max-snippet":"max-snippet:-1","max-image-preview":"max-image-preview:large","max-video-preview":"max-video-preview:-1"},"canonical":"https:\/\/oeilsportif.info\/index.php\/eiim-can-2023-egypte-guinee-la-delegation-du-groupe-guicopres-en-egypte\/","og_locale":"fr_FR","og_type":"article","og_title":"\u00c9IIM-CAN 2023 ( \u00c9gypte-Guin\u00e9e): la d\u00e9l\u00e9gation du groupe Guicopres en \u00c9gypte ! - le regard du sportif","og_description":"Ce Dimanche, 05 Juin 2022 \u00e0 19H GMT les pharaons d&rsquo;\u00c9gypte re\u00e7oivent le Syli national de Guin\u00e9e comptant pour la premi\u00e8re journ\u00e9e des \u00e9liminatoires de la Coupe d\u2019Afrique des Nations C\u00f4te d&rsquo;Ivoire 2023. \u00c0 cette occasion, le PDG du groupe Guicopres, Monsieur Kerfalla Camara \u00ab\u00a0KPC\u00a0\u00bb a d\u00e9l\u00e9gu\u00e9 Monsieur Ifra Flex Dieng, Directeur G\u00e9n\u00e9ral GMI, Monsieur [&hellip;]","og_url":"https:\/\/oeilsportif.info\/index.php\/eiim-can-2023-egypte-guinee-la-delegation-du-groupe-guicopres-en-egypte\/","og_site_name":"le regard du sportif","article_published_time":"2022-06-06T12:07:36+00:00","og_image":[{"width":720,"height":960,"url":"https:\/\/oeilsportif.info\/wp-content\/uploads\/2022\/06\/FB_IMG_1654517017134.jpg","type":"image\/jpeg"}],"author":"L'Equipe de la R\u00e9daction","twitter_misc":{"\u00c9crit par":"L'Equipe de la R\u00e9daction","Dur\u00e9e de lecture estim\u00e9e":"1 minute"},"schema":{"@context":"https:\/\/schema.org","@graph":[{"@type":"Article","@id":"https:\/\/oeilsportif.info\/index.php\/eiim-can-2023-egypte-guinee-la-delegation-du-groupe-guicopres-en-egypte\/#article","isPartOf":{"@id":"https:\/\/oeilsportif.info\/index.php\/eiim-can-2023-egypte-guinee-la-delegation-du-groupe-guicopres-en-egypte\/"},"author":{"name":"L'Equipe de la R\u00e9daction","@id":"https:\/\/oeilsportif.info\/#\/schema\/person\/cfbded294aa6095f7d96608d7905e9a1"},"headline":"\u00c9IIM-CAN 2023 ( \u00c9gypte-Guin\u00e9e): la d\u00e9l\u00e9gation du groupe Guicopres en \u00c9gypte !","datePublished":"2022-06-06T12:07:36+00:00","mainEntityOfPage":{"@id":"https:\/\/oeilsportif.info\/index.php\/eiim-can-2023-egypte-guinee-la-delegation-du-groupe-guicopres-en-egypte\/"},"wordCount":189,"image":{"@id":"https:\/\/oeilsportif.info\/index.php\/eiim-can-2023-egypte-guinee-la-delegation-du-groupe-guicopres-en-egypte\/#primaryimage"},"thumbnailUrl":"https:\/\/i0.wp.com\/oeilsportif.info\/wp-content\/uploads\/2022\/06\/FB_IMG_1654517017134.jpg?fit=720%2C960&ssl=1","articleSection":["Football"],"inLanguage":"fr-FR"},{"@type":"WebPage","@id":"https:\/\/oeilsportif.info\/index.php\/eiim-can-2023-egypte-guinee-la-delegation-du-groupe-guicopres-en-egypte\/","url":"https:\/\/oeilsportif.info\/index.php\/eiim-can-2023-egypte-guinee-la-delegation-du-groupe-guicopres-en-egypte\/","name":"\u00c9IIM-CAN 2023 ( \u00c9gypte-Guin\u00e9e): la d\u00e9l\u00e9gation du groupe Guicopres en \u00c9gypte ! - le regard du sportif","isPartOf":{"@id":"https:\/\/oeilsportif.info\/#website"},"primaryImageOfPage":{"@id":"https:\/\/oeilsportif.info\/index.php\/eiim-can-2023-egypte-guinee-la-delegation-du-groupe-guicopres-en-egypte\/#primaryimage"},"image":{"@id":"https:\/\/oeilsportif.info\/index.php\/eiim-can-2023-egypte-guinee-la-delegation-du-groupe-guicopres-en-egypte\/#primaryimage"},"thumbnailUrl":"https:\/\/i0.wp.com\/oeilsportif.info\/wp-content\/uploads\/2022\/06\/FB_IMG_1654517017134.jpg?fit=720%2C960&ssl=1","datePublished":"2022-06-06T12:07:36+00:00","author":{"@id":"https:\/\/oeilsportif.info\/#\/schema\/person\/cfbded294aa6095f7d96608d7905e9a1"},"inLanguage":"fr-FR","potentialAction":[{"@type":"ReadAction","target":["https:\/\/oeilsportif.info\/index.php\/eiim-can-2023-egypte-guinee-la-delegation-du-groupe-guicopres-en-egypte\/"]}]},{"@type":"ImageObject","inLanguage":"fr-FR","@id":"https:\/\/oeilsportif.info\/index.php\/eiim-can-2023-egypte-guinee-la-delegation-du-groupe-guicopres-en-egypte\/#primaryimage","url":"https:\/\/i0.wp.com\/oeilsportif.info\/wp-content\/uploads\/2022\/06\/FB_IMG_1654517017134.jpg?fit=720%2C960&ssl=1","contentUrl":"https:\/\/i0.wp.com\/oeilsportif.info\/wp-content\/uploads\/2022\/06\/FB_IMG_1654517017134.jpg?fit=720%2C960&ssl=1","width":720,"height":960},{"@type":"WebSite","@id":"https:\/\/oeilsportif.info\/#website","url":"https:\/\/oeilsportif.info\/","name":"le regard du sportif","description":"","potentialAction":[{"@type":"SearchAction","target":{"@type":"EntryPoint","urlTemplate":"https:\/\/oeilsportif.info\/?s={search_term_string}"},"query-input":{"@type":"PropertyValueSpecification","valueRequired":true,"valueName":"search_term_string"}}],"inLanguage":"fr-FR"},{"@type":"Person","@id":"https:\/\/oeilsportif.info\/#\/schema\/person\/cfbded294aa6095f7d96608d7905e9a1","name":"L'Equipe de la R\u00e9daction","image":{"@type":"ImageObject","inLanguage":"fr-FR","@id":"https:\/\/oeilsportif.info\/wp-content\/uploads\/2025\/07\/cropped-cropped-logo-os-96x96.jpeg","url":"https:\/\/oeilsportif.info\/wp-content\/uploads\/2025\/07\/cropped-cropped-logo-os-96x96.jpeg","contentUrl":"https:\/\/oeilsportif.info\/wp-content\/uploads\/2025\/07\/cropped-cropped-logo-os-96x96.jpeg","caption":"L'Equipe de la R\u00e9daction"},"url":"https:\/\/oeilsportif.info\/index.php\/author\/tawel\/"}]}},"jetpack_publicize_connections":[],"jetpack_featured_media_url":"https:\/\/i0.wp.com\/oeilsportif.info\/wp-content\/uploads\/2022\/06\/FB_IMG_1654517017134.jpg?fit=720%2C960&ssl=1","jetpack-related-posts":[],"jetpack_sharing_enabled":true,"jetpack_likes_enabled":true,"jetpack_shortlink":"https:\/\/wp.me\/pgFE77-aS","_links":{"self":[{"href":"https:\/\/oeilsportif.info\/index.php\/wp-json\/wp\/v2\/posts\/674","targetHints":{"allow":["GET"]}}],"collection":[{"href":"https:\/\/oeilsportif.info\/index.php\/wp-json\/wp\/v2\/posts"}],"about":[{"href":"https:\/\/oeilsportif.info\/index.php\/wp-json\/wp\/v2\/types\/post"}],"author":[{"embeddable":true,"href":"https:\/\/oeilsportif.info\/index.php\/wp-json\/wp\/v2\/users\/2"}],"replies":[{"embeddable":true,"href":"https:\/\/oeilsportif.info\/index.php\/wp-json\/wp\/v2\/comments?post=674"}],"version-history":[{"count":0,"href":"https:\/\/oeilsportif.info\/index.php\/wp-json\/wp\/v2\/posts\/674\/revisions"}],"wp:featuredmedia":[{"embeddable":true,"href":"https:\/\/oeilsportif.info\/index.php\/wp-json\/wp\/v2\/media\/675"}],"wp:attachment":[{"href":"https:\/\/oeilsportif.info\/index.php\/wp-json\/wp\/v2\/media?parent=674"}],"wp:term":[{"taxonomy":"category","embeddable":true,"href":"https:\/\/oeilsportif.info\/index.php\/wp-json\/wp\/v2\/categories?post=674"},{"taxonomy":"post_tag","embeddable":true,"href":"https:\/\/oeilsportif.info\/index.php\/wp-json\/wp\/v2\/tags?post=674"}],"curies":[{"name":"wp","href":"https:\/\/api.w.org\/{rel}","templated":true}]}}