{"id":658,"date":"2022-06-03T13:03:25","date_gmt":"2022-06-03T13:03:25","guid":{"rendered":"https:\/\/oeilsportif.info\/index.php\/?p=658"},"modified":"2022-06-03T13:03:25","modified_gmt":"2022-06-03T13:03:25","slug":"elim-can-2023-guicopres-supporter-no-1-du-syli-national-contre-legypte","status":"publish","type":"post","link":"https:\/\/oeilsportif.info\/index.php\/elim-can-2023-guicopres-supporter-no-1-du-syli-national-contre-legypte\/","title":{"rendered":"ELIM-CAN 2023 : Guicopres supporter No 1 du Syli national contre l&rsquo;\u00c9gypte !"},"content":{"rendered":"<p><strong>Ce dimanche 05 juin 2022 l&rsquo;\u00c9gypte re\u00e7oit le Syli national de Guin\u00e9e pour le compte de la premi\u00e8re journ\u00e9e des \u00e9liminatoires de la Coupe d&rsquo;Afrique des Nations C\u00f4te d&rsquo;Ivoire 2023.<\/strong><\/p>\n<p>\u00c0 cette occasion, le groupe Guicopres du Pr\u00e9sident Kerfalla Camara \u00ab\u00a0KPC\u00a0\u00bb soutien le Syli national de Guin\u00e9e contre les pharaons d&rsquo;\u00c9gypte. Pour ce premier match, Kaba Diawara et ses poulains devront oublier l&rsquo;am\u00e8re d\u00e9faite contre la Gambie en huiti\u00e8me de finale de la derni\u00e8re CAN au Cameroun pour prendre un meilleur d\u00e9part pour la prochaine Coupe d&rsquo;Afrique des Nations qui se tiendra en C\u00f4te d&rsquo;Ivoire 2023.<\/p>\n<p>Tous et toutes autour du pachyderme national de Guin\u00e9e, comme le fait la soci\u00e9t\u00e9 Guicopres, sponsor officiel des \u00e9quipes nationales de Guin\u00e9e et des comp\u00e9titions de la F\u00e9guifoot. Naby Keita et ses partenaires peuvent vaincre l&rsquo;\u00c9gypte.<\/p>\n<p>Allez Syli ! Le groupe Guicopres est l\u00e0 pour vous soutenir .<\/p>\n<p><strong>Mohamed Tawel Camara\u00a0<\/strong><\/p>\n","protected":false},"excerpt":{"rendered":"<p>Ce dimanche 05 juin 2022 l&rsquo;\u00c9gypte re\u00e7oit le Syli national de Guin\u00e9e pour le compte de la premi\u00e8re journ\u00e9e des \u00e9liminatoires de la Coupe d&rsquo;Afrique des Nations C\u00f4te d&rsquo;Ivoire 2023. \u00c0 cette occasion, le groupe Guicopres du Pr\u00e9sident Kerfalla Camara \u00ab\u00a0KPC\u00a0\u00bb soutien le Syli national de Guin\u00e9e contre les pharaons d&rsquo;\u00c9gypte. Pour ce premier match, [&hellip;]<\/p>\n","protected":false},"author":2,"featured_media":659,"comment_status":"closed","ping_status":"open","sticky":false,"template":"","format":"standard","meta":{"_jetpack_memberships_contains_paid_content":false,"footnotes":"","jetpack_publicize_message":"","jetpack_publicize_feature_enabled":true,"jetpack_social_post_already_shared":true,"jetpack_social_options":{"image_generator_settings":{"template":"highway","default_image_id":0,"font":"","enabled":false},"version":2}},"categories":[5],"tags":[],"class_list":{"0":"post-658","1":"post","2":"type-post","3":"status-publish","4":"format-standard","5":"has-post-thumbnail","7":"category-football"},"yoast_head":"<!-- This site is optimized with the Yoast SEO plugin v27.5 - https:\/\/yoast.com\/product\/yoast-seo-wordpress\/ -->\n<title>ELIM-CAN 2023 : Guicopres supporter No 1 du Syli national contre l&#039;\u00c9gypte ! - le regard du sportif<\/title>\n<meta name=\"robots\" content=\"index, follow, max-snippet:-1, max-image-preview:large, max-video-preview:-1\" \/>\n<link rel=\"canonical\" href=\"https:\/\/oeilsportif.info\/index.php\/elim-can-2023-guicopres-supporter-no-1-du-syli-national-contre-legypte\/\" \/>\n<meta property=\"og:locale\" content=\"fr_FR\" \/>\n<meta property=\"og:type\" content=\"article\" \/>\n<meta property=\"og:title\" content=\"ELIM-CAN 2023 : Guicopres supporter No 1 du Syli national contre l&#039;\u00c9gypte ! - le regard du sportif\" \/>\n<meta property=\"og:description\" content=\"Ce dimanche 05 juin 2022 l&rsquo;\u00c9gypte re\u00e7oit le Syli national de Guin\u00e9e pour le compte de la premi\u00e8re journ\u00e9e des \u00e9liminatoires de la Coupe d&rsquo;Afrique des Nations C\u00f4te d&rsquo;Ivoire 2023. \u00c0 cette occasion, le groupe Guicopres du Pr\u00e9sident Kerfalla Camara \u00ab\u00a0KPC\u00a0\u00bb soutien le Syli national de Guin\u00e9e contre les pharaons d&rsquo;\u00c9gypte. Pour ce premier match, [&hellip;]\" \/>\n<meta property=\"og:url\" content=\"https:\/\/oeilsportif.info\/index.php\/elim-can-2023-guicopres-supporter-no-1-du-syli-national-contre-legypte\/\" \/>\n<meta property=\"og:site_name\" content=\"le regard du sportif\" \/>\n<meta property=\"article:published_time\" content=\"2022-06-03T13:03:25+00:00\" \/>\n<meta property=\"og:image\" content=\"https:\/\/oeilsportif.info\/wp-content\/uploads\/2022\/06\/received_1901945183327868.jpeg\" \/>\n\t<meta property=\"og:image:width\" content=\"720\" \/>\n\t<meta property=\"og:image:height\" content=\"660\" \/>\n\t<meta property=\"og:image:type\" content=\"image\/jpeg\" \/>\n<meta name=\"author\" content=\"L&#039;Equipe de la R\u00e9daction\" \/>\n<meta name=\"twitter:label1\" content=\"\u00c9crit par\" \/>\n\t<meta name=\"twitter:data1\" content=\"L&#039;Equipe de la R\u00e9daction\" \/>\n\t<meta name=\"twitter:label2\" content=\"Dur\u00e9e de lecture estim\u00e9e\" \/>\n\t<meta name=\"twitter:data2\" content=\"1 minute\" \/>\n<script type=\"application\/ld+json\" class=\"yoast-schema-graph\">{\"@context\":\"https:\\\/\\\/schema.org\",\"@graph\":[{\"@type\":\"Article\",\"@id\":\"https:\\\/\\\/oeilsportif.info\\\/index.php\\\/elim-can-2023-guicopres-supporter-no-1-du-syli-national-contre-legypte\\\/#article\",\"isPartOf\":{\"@id\":\"https:\\\/\\\/oeilsportif.info\\\/index.php\\\/elim-can-2023-guicopres-supporter-no-1-du-syli-national-contre-legypte\\\/\"},\"author\":{\"name\":\"L'Equipe de la R\u00e9daction\",\"@id\":\"https:\\\/\\\/oeilsportif.info\\\/#\\\/schema\\\/person\\\/cfbded294aa6095f7d96608d7905e9a1\"},\"headline\":\"ELIM-CAN 2023 : Guicopres supporter No 1 du Syli national contre l&rsquo;\u00c9gypte !\",\"datePublished\":\"2022-06-03T13:03:25+00:00\",\"mainEntityOfPage\":{\"@id\":\"https:\\\/\\\/oeilsportif.info\\\/index.php\\\/elim-can-2023-guicopres-supporter-no-1-du-syli-national-contre-legypte\\\/\"},\"wordCount\":176,\"image\":{\"@id\":\"https:\\\/\\\/oeilsportif.info\\\/index.php\\\/elim-can-2023-guicopres-supporter-no-1-du-syli-national-contre-legypte\\\/#primaryimage\"},\"thumbnailUrl\":\"https:\\\/\\\/i0.wp.com\\\/oeilsportif.info\\\/wp-content\\\/uploads\\\/2022\\\/06\\\/received_1901945183327868.jpeg?fit=720%2C660&ssl=1\",\"articleSection\":[\"Football\"],\"inLanguage\":\"fr-FR\"},{\"@type\":\"WebPage\",\"@id\":\"https:\\\/\\\/oeilsportif.info\\\/index.php\\\/elim-can-2023-guicopres-supporter-no-1-du-syli-national-contre-legypte\\\/\",\"url\":\"https:\\\/\\\/oeilsportif.info\\\/index.php\\\/elim-can-2023-guicopres-supporter-no-1-du-syli-national-contre-legypte\\\/\",\"name\":\"ELIM-CAN 2023 : Guicopres supporter No 1 du Syli national contre l'\u00c9gypte ! - le regard du sportif\",\"isPartOf\":{\"@id\":\"https:\\\/\\\/oeilsportif.info\\\/#website\"},\"primaryImageOfPage\":{\"@id\":\"https:\\\/\\\/oeilsportif.info\\\/index.php\\\/elim-can-2023-guicopres-supporter-no-1-du-syli-national-contre-legypte\\\/#primaryimage\"},\"image\":{\"@id\":\"https:\\\/\\\/oeilsportif.info\\\/index.php\\\/elim-can-2023-guicopres-supporter-no-1-du-syli-national-contre-legypte\\\/#primaryimage\"},\"thumbnailUrl\":\"https:\\\/\\\/i0.wp.com\\\/oeilsportif.info\\\/wp-content\\\/uploads\\\/2022\\\/06\\\/received_1901945183327868.jpeg?fit=720%2C660&ssl=1\",\"datePublished\":\"2022-06-03T13:03:25+00:00\",\"author\":{\"@id\":\"https:\\\/\\\/oeilsportif.info\\\/#\\\/schema\\\/person\\\/cfbded294aa6095f7d96608d7905e9a1\"},\"inLanguage\":\"fr-FR\",\"potentialAction\":[{\"@type\":\"ReadAction\",\"target\":[\"https:\\\/\\\/oeilsportif.info\\\/index.php\\\/elim-can-2023-guicopres-supporter-no-1-du-syli-national-contre-legypte\\\/\"]}]},{\"@type\":\"ImageObject\",\"inLanguage\":\"fr-FR\",\"@id\":\"https:\\\/\\\/oeilsportif.info\\\/index.php\\\/elim-can-2023-guicopres-supporter-no-1-du-syli-national-contre-legypte\\\/#primaryimage\",\"url\":\"https:\\\/\\\/i0.wp.com\\\/oeilsportif.info\\\/wp-content\\\/uploads\\\/2022\\\/06\\\/received_1901945183327868.jpeg?fit=720%2C660&ssl=1\",\"contentUrl\":\"https:\\\/\\\/i0.wp.com\\\/oeilsportif.info\\\/wp-content\\\/uploads\\\/2022\\\/06\\\/received_1901945183327868.jpeg?fit=720%2C660&ssl=1\",\"width\":720,\"height\":660},{\"@type\":\"WebSite\",\"@id\":\"https:\\\/\\\/oeilsportif.info\\\/#website\",\"url\":\"https:\\\/\\\/oeilsportif.info\\\/\",\"name\":\"le regard du sportif\",\"description\":\"\",\"potentialAction\":[{\"@type\":\"SearchAction\",\"target\":{\"@type\":\"EntryPoint\",\"urlTemplate\":\"https:\\\/\\\/oeilsportif.info\\\/?s={search_term_string}\"},\"query-input\":{\"@type\":\"PropertyValueSpecification\",\"valueRequired\":true,\"valueName\":\"search_term_string\"}}],\"inLanguage\":\"fr-FR\"},{\"@type\":\"Person\",\"@id\":\"https:\\\/\\\/oeilsportif.info\\\/#\\\/schema\\\/person\\\/cfbded294aa6095f7d96608d7905e9a1\",\"name\":\"L'Equipe de la R\u00e9daction\",\"image\":{\"@type\":\"ImageObject\",\"inLanguage\":\"fr-FR\",\"@id\":\"https:\\\/\\\/oeilsportif.info\\\/wp-content\\\/uploads\\\/2025\\\/07\\\/cropped-cropped-logo-os-96x96.jpeg\",\"url\":\"https:\\\/\\\/oeilsportif.info\\\/wp-content\\\/uploads\\\/2025\\\/07\\\/cropped-cropped-logo-os-96x96.jpeg\",\"contentUrl\":\"https:\\\/\\\/oeilsportif.info\\\/wp-content\\\/uploads\\\/2025\\\/07\\\/cropped-cropped-logo-os-96x96.jpeg\",\"caption\":\"L'Equipe de la R\u00e9daction\"},\"url\":\"https:\\\/\\\/oeilsportif.info\\\/index.php\\\/author\\\/tawel\\\/\"}]}<\/script>\n<!-- \/ Yoast SEO plugin. -->","yoast_head_json":{"title":"ELIM-CAN 2023 : Guicopres supporter No 1 du Syli national contre l'\u00c9gypte ! - le regard du sportif","robots":{"index":"index","follow":"follow","max-snippet":"max-snippet:-1","max-image-preview":"max-image-preview:large","max-video-preview":"max-video-preview:-1"},"canonical":"https:\/\/oeilsportif.info\/index.php\/elim-can-2023-guicopres-supporter-no-1-du-syli-national-contre-legypte\/","og_locale":"fr_FR","og_type":"article","og_title":"ELIM-CAN 2023 : Guicopres supporter No 1 du Syli national contre l'\u00c9gypte ! - le regard du sportif","og_description":"Ce dimanche 05 juin 2022 l&rsquo;\u00c9gypte re\u00e7oit le Syli national de Guin\u00e9e pour le compte de la premi\u00e8re journ\u00e9e des \u00e9liminatoires de la Coupe d&rsquo;Afrique des Nations C\u00f4te d&rsquo;Ivoire 2023. \u00c0 cette occasion, le groupe Guicopres du Pr\u00e9sident Kerfalla Camara \u00ab\u00a0KPC\u00a0\u00bb soutien le Syli national de Guin\u00e9e contre les pharaons d&rsquo;\u00c9gypte. Pour ce premier match, [&hellip;]","og_url":"https:\/\/oeilsportif.info\/index.php\/elim-can-2023-guicopres-supporter-no-1-du-syli-national-contre-legypte\/","og_site_name":"le regard du sportif","article_published_time":"2022-06-03T13:03:25+00:00","og_image":[{"width":720,"height":660,"url":"https:\/\/oeilsportif.info\/wp-content\/uploads\/2022\/06\/received_1901945183327868.jpeg","type":"image\/jpeg"}],"author":"L'Equipe de la R\u00e9daction","twitter_misc":{"\u00c9crit par":"L'Equipe de la R\u00e9daction","Dur\u00e9e de lecture estim\u00e9e":"1 minute"},"schema":{"@context":"https:\/\/schema.org","@graph":[{"@type":"Article","@id":"https:\/\/oeilsportif.info\/index.php\/elim-can-2023-guicopres-supporter-no-1-du-syli-national-contre-legypte\/#article","isPartOf":{"@id":"https:\/\/oeilsportif.info\/index.php\/elim-can-2023-guicopres-supporter-no-1-du-syli-national-contre-legypte\/"},"author":{"name":"L'Equipe de la R\u00e9daction","@id":"https:\/\/oeilsportif.info\/#\/schema\/person\/cfbded294aa6095f7d96608d7905e9a1"},"headline":"ELIM-CAN 2023 : Guicopres supporter No 1 du Syli national contre l&rsquo;\u00c9gypte !","datePublished":"2022-06-03T13:03:25+00:00","mainEntityOfPage":{"@id":"https:\/\/oeilsportif.info\/index.php\/elim-can-2023-guicopres-supporter-no-1-du-syli-national-contre-legypte\/"},"wordCount":176,"image":{"@id":"https:\/\/oeilsportif.info\/index.php\/elim-can-2023-guicopres-supporter-no-1-du-syli-national-contre-legypte\/#primaryimage"},"thumbnailUrl":"https:\/\/i0.wp.com\/oeilsportif.info\/wp-content\/uploads\/2022\/06\/received_1901945183327868.jpeg?fit=720%2C660&ssl=1","articleSection":["Football"],"inLanguage":"fr-FR"},{"@type":"WebPage","@id":"https:\/\/oeilsportif.info\/index.php\/elim-can-2023-guicopres-supporter-no-1-du-syli-national-contre-legypte\/","url":"https:\/\/oeilsportif.info\/index.php\/elim-can-2023-guicopres-supporter-no-1-du-syli-national-contre-legypte\/","name":"ELIM-CAN 2023 : Guicopres supporter No 1 du Syli national contre l'\u00c9gypte ! - le regard du sportif","isPartOf":{"@id":"https:\/\/oeilsportif.info\/#website"},"primaryImageOfPage":{"@id":"https:\/\/oeilsportif.info\/index.php\/elim-can-2023-guicopres-supporter-no-1-du-syli-national-contre-legypte\/#primaryimage"},"image":{"@id":"https:\/\/oeilsportif.info\/index.php\/elim-can-2023-guicopres-supporter-no-1-du-syli-national-contre-legypte\/#primaryimage"},"thumbnailUrl":"https:\/\/i0.wp.com\/oeilsportif.info\/wp-content\/uploads\/2022\/06\/received_1901945183327868.jpeg?fit=720%2C660&ssl=1","datePublished":"2022-06-03T13:03:25+00:00","author":{"@id":"https:\/\/oeilsportif.info\/#\/schema\/person\/cfbded294aa6095f7d96608d7905e9a1"},"inLanguage":"fr-FR","potentialAction":[{"@type":"ReadAction","target":["https:\/\/oeilsportif.info\/index.php\/elim-can-2023-guicopres-supporter-no-1-du-syli-national-contre-legypte\/"]}]},{"@type":"ImageObject","inLanguage":"fr-FR","@id":"https:\/\/oeilsportif.info\/index.php\/elim-can-2023-guicopres-supporter-no-1-du-syli-national-contre-legypte\/#primaryimage","url":"https:\/\/i0.wp.com\/oeilsportif.info\/wp-content\/uploads\/2022\/06\/received_1901945183327868.jpeg?fit=720%2C660&ssl=1","contentUrl":"https:\/\/i0.wp.com\/oeilsportif.info\/wp-content\/uploads\/2022\/06\/received_1901945183327868.jpeg?fit=720%2C660&ssl=1","width":720,"height":660},{"@type":"WebSite","@id":"https:\/\/oeilsportif.info\/#website","url":"https:\/\/oeilsportif.info\/","name":"le regard du sportif","description":"","potentialAction":[{"@type":"SearchAction","target":{"@type":"EntryPoint","urlTemplate":"https:\/\/oeilsportif.info\/?s={search_term_string}"},"query-input":{"@type":"PropertyValueSpecification","valueRequired":true,"valueName":"search_term_string"}}],"inLanguage":"fr-FR"},{"@type":"Person","@id":"https:\/\/oeilsportif.info\/#\/schema\/person\/cfbded294aa6095f7d96608d7905e9a1","name":"L'Equipe de la R\u00e9daction","image":{"@type":"ImageObject","inLanguage":"fr-FR","@id":"https:\/\/oeilsportif.info\/wp-content\/uploads\/2025\/07\/cropped-cropped-logo-os-96x96.jpeg","url":"https:\/\/oeilsportif.info\/wp-content\/uploads\/2025\/07\/cropped-cropped-logo-os-96x96.jpeg","contentUrl":"https:\/\/oeilsportif.info\/wp-content\/uploads\/2025\/07\/cropped-cropped-logo-os-96x96.jpeg","caption":"L'Equipe de la R\u00e9daction"},"url":"https:\/\/oeilsportif.info\/index.php\/author\/tawel\/"}]}},"jetpack_publicize_connections":[],"jetpack_featured_media_url":"https:\/\/i0.wp.com\/oeilsportif.info\/wp-content\/uploads\/2022\/06\/received_1901945183327868.jpeg?fit=720%2C660&ssl=1","jetpack-related-posts":[],"jetpack_sharing_enabled":true,"jetpack_likes_enabled":true,"jetpack_shortlink":"https:\/\/wp.me\/pgFE77-aC","_links":{"self":[{"href":"https:\/\/oeilsportif.info\/index.php\/wp-json\/wp\/v2\/posts\/658","targetHints":{"allow":["GET"]}}],"collection":[{"href":"https:\/\/oeilsportif.info\/index.php\/wp-json\/wp\/v2\/posts"}],"about":[{"href":"https:\/\/oeilsportif.info\/index.php\/wp-json\/wp\/v2\/types\/post"}],"author":[{"embeddable":true,"href":"https:\/\/oeilsportif.info\/index.php\/wp-json\/wp\/v2\/users\/2"}],"replies":[{"embeddable":true,"href":"https:\/\/oeilsportif.info\/index.php\/wp-json\/wp\/v2\/comments?post=658"}],"version-history":[{"count":0,"href":"https:\/\/oeilsportif.info\/index.php\/wp-json\/wp\/v2\/posts\/658\/revisions"}],"wp:featuredmedia":[{"embeddable":true,"href":"https:\/\/oeilsportif.info\/index.php\/wp-json\/wp\/v2\/media\/659"}],"wp:attachment":[{"href":"https:\/\/oeilsportif.info\/index.php\/wp-json\/wp\/v2\/media?parent=658"}],"wp:term":[{"taxonomy":"category","embeddable":true,"href":"https:\/\/oeilsportif.info\/index.php\/wp-json\/wp\/v2\/categories?post=658"},{"taxonomy":"post_tag","embeddable":true,"href":"https:\/\/oeilsportif.info\/index.php\/wp-json\/wp\/v2\/tags?post=658"}],"curies":[{"name":"wp","href":"https:\/\/api.w.org\/{rel}","templated":true}]}}