{"id":655,"date":"2022-06-03T10:49:34","date_gmt":"2022-06-03T10:49:34","guid":{"rendered":"https:\/\/oeilsportif.info\/index.php\/?p=655"},"modified":"2022-06-03T10:49:34","modified_gmt":"2022-06-03T10:49:34","slug":"elim-can-2023-j-1-latunisie-eteint-la-guinee-equatoriale-pour-le-debut-des-eliminatoires","status":"publish","type":"post","link":"https:\/\/oeilsportif.info\/index.php\/elim-can-2023-j-1-latunisie-eteint-la-guinee-equatoriale-pour-le-debut-des-eliminatoires\/","title":{"rendered":"ELIM-CAN 2023 (J-1) : LaTunisie \u00e9teint la Guin\u00e9e \u00e9quatoriale pour le d\u00e9but des \u00e9liminatoires."},"content":{"rendered":"<p>Ce jeudi 02 juin 2022 la Tunisie a largement battu la Guin\u00e9e \u00e9quatoriale sur le score de 4 buts \u00e0 0, lors de la premi\u00e8re journ\u00e9e des \u00e9liminatoires de la Coupe d\u2019Afrique des Nations 2023 en C\u00f4te d\u2019Ivoire. Apr\u00e8s une domination st\u00e9rile au cours des 45 premi\u00e8res minutes, les Aigles de Carthage ont ensuite r\u00e9ussi \u00e0 d\u00e9bloquer la situation avant de s\u2019envoler au score en profitant d\u2019une sup\u00e9riorit\u00e9 num\u00e9rique en fin de rencontre.<\/p>\n<p>Apr\u00e8s avoir corrig\u00e9 la Guin\u00e9e \u00e9quatoriale, l\u2019\u00e9quipe nationale tunisienne prend la t\u00eate de la poule J.<\/p>\n<p><strong>Welta<\/strong><\/p>\n","protected":false},"excerpt":{"rendered":"<p>Ce jeudi 02 juin 2022 la Tunisie a largement battu la Guin\u00e9e \u00e9quatoriale sur le score de 4 buts \u00e0 0, lors de la premi\u00e8re journ\u00e9e des \u00e9liminatoires de la Coupe d\u2019Afrique des Nations 2023 en C\u00f4te d\u2019Ivoire. Apr\u00e8s une domination st\u00e9rile au cours des 45 premi\u00e8res minutes, les Aigles de Carthage ont ensuite r\u00e9ussi [&hellip;]<\/p>\n","protected":false},"author":2,"featured_media":656,"comment_status":"closed","ping_status":"open","sticky":false,"template":"","format":"standard","meta":{"_jetpack_memberships_contains_paid_content":false,"footnotes":"","jetpack_publicize_message":"","jetpack_publicize_feature_enabled":true,"jetpack_social_post_already_shared":true,"jetpack_social_options":{"image_generator_settings":{"template":"highway","default_image_id":0,"font":"","enabled":false},"version":2}},"categories":[5],"tags":[],"class_list":{"0":"post-655","1":"post","2":"type-post","3":"status-publish","4":"format-standard","5":"has-post-thumbnail","7":"category-football"},"yoast_head":"<!-- This site is optimized with the Yoast SEO plugin v27.5 - https:\/\/yoast.com\/product\/yoast-seo-wordpress\/ -->\n<title>ELIM-CAN 2023 (J-1) : LaTunisie \u00e9teint la Guin\u00e9e \u00e9quatoriale pour le d\u00e9but des \u00e9liminatoires. - le regard du sportif<\/title>\n<meta name=\"robots\" content=\"index, follow, max-snippet:-1, max-image-preview:large, max-video-preview:-1\" \/>\n<link rel=\"canonical\" href=\"https:\/\/oeilsportif.info\/index.php\/elim-can-2023-j-1-latunisie-eteint-la-guinee-equatoriale-pour-le-debut-des-eliminatoires\/\" \/>\n<meta property=\"og:locale\" content=\"fr_FR\" \/>\n<meta property=\"og:type\" content=\"article\" \/>\n<meta property=\"og:title\" content=\"ELIM-CAN 2023 (J-1) : LaTunisie \u00e9teint la Guin\u00e9e \u00e9quatoriale pour le d\u00e9but des \u00e9liminatoires. - le regard du sportif\" \/>\n<meta property=\"og:description\" content=\"Ce jeudi 02 juin 2022 la Tunisie a largement battu la Guin\u00e9e \u00e9quatoriale sur le score de 4 buts \u00e0 0, lors de la premi\u00e8re journ\u00e9e des \u00e9liminatoires de la Coupe d\u2019Afrique des Nations 2023 en C\u00f4te d\u2019Ivoire. Apr\u00e8s une domination st\u00e9rile au cours des 45 premi\u00e8res minutes, les Aigles de Carthage ont ensuite r\u00e9ussi [&hellip;]\" \/>\n<meta property=\"og:url\" content=\"https:\/\/oeilsportif.info\/index.php\/elim-can-2023-j-1-latunisie-eteint-la-guinee-equatoriale-pour-le-debut-des-eliminatoires\/\" \/>\n<meta property=\"og:site_name\" content=\"le regard du sportif\" \/>\n<meta property=\"article:published_time\" content=\"2022-06-03T10:49:34+00:00\" \/>\n<meta property=\"og:image\" content=\"https:\/\/oeilsportif.info\/wp-content\/uploads\/2022\/06\/FB_IMG_1654209033440.jpg\" \/>\n\t<meta property=\"og:image:width\" content=\"960\" \/>\n\t<meta property=\"og:image:height\" content=\"912\" \/>\n\t<meta property=\"og:image:type\" content=\"image\/jpeg\" \/>\n<meta name=\"author\" content=\"L&#039;Equipe de la R\u00e9daction\" \/>\n<meta name=\"twitter:label1\" content=\"\u00c9crit par\" \/>\n\t<meta name=\"twitter:data1\" content=\"L&#039;Equipe de la R\u00e9daction\" \/>\n\t<meta name=\"twitter:label2\" content=\"Dur\u00e9e de lecture estim\u00e9e\" \/>\n\t<meta name=\"twitter:data2\" content=\"1 minute\" \/>\n<script type=\"application\/ld+json\" class=\"yoast-schema-graph\">{\"@context\":\"https:\\\/\\\/schema.org\",\"@graph\":[{\"@type\":\"Article\",\"@id\":\"https:\\\/\\\/oeilsportif.info\\\/index.php\\\/elim-can-2023-j-1-latunisie-eteint-la-guinee-equatoriale-pour-le-debut-des-eliminatoires\\\/#article\",\"isPartOf\":{\"@id\":\"https:\\\/\\\/oeilsportif.info\\\/index.php\\\/elim-can-2023-j-1-latunisie-eteint-la-guinee-equatoriale-pour-le-debut-des-eliminatoires\\\/\"},\"author\":{\"name\":\"L'Equipe de la R\u00e9daction\",\"@id\":\"https:\\\/\\\/oeilsportif.info\\\/#\\\/schema\\\/person\\\/cfbded294aa6095f7d96608d7905e9a1\"},\"headline\":\"ELIM-CAN 2023 (J-1) : LaTunisie \u00e9teint la Guin\u00e9e \u00e9quatoriale pour le d\u00e9but des \u00e9liminatoires.\",\"datePublished\":\"2022-06-03T10:49:34+00:00\",\"mainEntityOfPage\":{\"@id\":\"https:\\\/\\\/oeilsportif.info\\\/index.php\\\/elim-can-2023-j-1-latunisie-eteint-la-guinee-equatoriale-pour-le-debut-des-eliminatoires\\\/\"},\"wordCount\":115,\"image\":{\"@id\":\"https:\\\/\\\/oeilsportif.info\\\/index.php\\\/elim-can-2023-j-1-latunisie-eteint-la-guinee-equatoriale-pour-le-debut-des-eliminatoires\\\/#primaryimage\"},\"thumbnailUrl\":\"https:\\\/\\\/i0.wp.com\\\/oeilsportif.info\\\/wp-content\\\/uploads\\\/2022\\\/06\\\/FB_IMG_1654209033440.jpg?fit=960%2C912&ssl=1\",\"articleSection\":[\"Football\"],\"inLanguage\":\"fr-FR\"},{\"@type\":\"WebPage\",\"@id\":\"https:\\\/\\\/oeilsportif.info\\\/index.php\\\/elim-can-2023-j-1-latunisie-eteint-la-guinee-equatoriale-pour-le-debut-des-eliminatoires\\\/\",\"url\":\"https:\\\/\\\/oeilsportif.info\\\/index.php\\\/elim-can-2023-j-1-latunisie-eteint-la-guinee-equatoriale-pour-le-debut-des-eliminatoires\\\/\",\"name\":\"ELIM-CAN 2023 (J-1) : LaTunisie \u00e9teint la Guin\u00e9e \u00e9quatoriale pour le d\u00e9but des \u00e9liminatoires. - le regard du sportif\",\"isPartOf\":{\"@id\":\"https:\\\/\\\/oeilsportif.info\\\/#website\"},\"primaryImageOfPage\":{\"@id\":\"https:\\\/\\\/oeilsportif.info\\\/index.php\\\/elim-can-2023-j-1-latunisie-eteint-la-guinee-equatoriale-pour-le-debut-des-eliminatoires\\\/#primaryimage\"},\"image\":{\"@id\":\"https:\\\/\\\/oeilsportif.info\\\/index.php\\\/elim-can-2023-j-1-latunisie-eteint-la-guinee-equatoriale-pour-le-debut-des-eliminatoires\\\/#primaryimage\"},\"thumbnailUrl\":\"https:\\\/\\\/i0.wp.com\\\/oeilsportif.info\\\/wp-content\\\/uploads\\\/2022\\\/06\\\/FB_IMG_1654209033440.jpg?fit=960%2C912&ssl=1\",\"datePublished\":\"2022-06-03T10:49:34+00:00\",\"author\":{\"@id\":\"https:\\\/\\\/oeilsportif.info\\\/#\\\/schema\\\/person\\\/cfbded294aa6095f7d96608d7905e9a1\"},\"inLanguage\":\"fr-FR\",\"potentialAction\":[{\"@type\":\"ReadAction\",\"target\":[\"https:\\\/\\\/oeilsportif.info\\\/index.php\\\/elim-can-2023-j-1-latunisie-eteint-la-guinee-equatoriale-pour-le-debut-des-eliminatoires\\\/\"]}]},{\"@type\":\"ImageObject\",\"inLanguage\":\"fr-FR\",\"@id\":\"https:\\\/\\\/oeilsportif.info\\\/index.php\\\/elim-can-2023-j-1-latunisie-eteint-la-guinee-equatoriale-pour-le-debut-des-eliminatoires\\\/#primaryimage\",\"url\":\"https:\\\/\\\/i0.wp.com\\\/oeilsportif.info\\\/wp-content\\\/uploads\\\/2022\\\/06\\\/FB_IMG_1654209033440.jpg?fit=960%2C912&ssl=1\",\"contentUrl\":\"https:\\\/\\\/i0.wp.com\\\/oeilsportif.info\\\/wp-content\\\/uploads\\\/2022\\\/06\\\/FB_IMG_1654209033440.jpg?fit=960%2C912&ssl=1\",\"width\":960,\"height\":912},{\"@type\":\"WebSite\",\"@id\":\"https:\\\/\\\/oeilsportif.info\\\/#website\",\"url\":\"https:\\\/\\\/oeilsportif.info\\\/\",\"name\":\"le regard du sportif\",\"description\":\"\",\"potentialAction\":[{\"@type\":\"SearchAction\",\"target\":{\"@type\":\"EntryPoint\",\"urlTemplate\":\"https:\\\/\\\/oeilsportif.info\\\/?s={search_term_string}\"},\"query-input\":{\"@type\":\"PropertyValueSpecification\",\"valueRequired\":true,\"valueName\":\"search_term_string\"}}],\"inLanguage\":\"fr-FR\"},{\"@type\":\"Person\",\"@id\":\"https:\\\/\\\/oeilsportif.info\\\/#\\\/schema\\\/person\\\/cfbded294aa6095f7d96608d7905e9a1\",\"name\":\"L'Equipe de la R\u00e9daction\",\"image\":{\"@type\":\"ImageObject\",\"inLanguage\":\"fr-FR\",\"@id\":\"https:\\\/\\\/oeilsportif.info\\\/wp-content\\\/uploads\\\/2025\\\/07\\\/cropped-cropped-logo-os-96x96.jpeg\",\"url\":\"https:\\\/\\\/oeilsportif.info\\\/wp-content\\\/uploads\\\/2025\\\/07\\\/cropped-cropped-logo-os-96x96.jpeg\",\"contentUrl\":\"https:\\\/\\\/oeilsportif.info\\\/wp-content\\\/uploads\\\/2025\\\/07\\\/cropped-cropped-logo-os-96x96.jpeg\",\"caption\":\"L'Equipe de la R\u00e9daction\"},\"url\":\"https:\\\/\\\/oeilsportif.info\\\/index.php\\\/author\\\/tawel\\\/\"}]}<\/script>\n<!-- \/ Yoast SEO plugin. -->","yoast_head_json":{"title":"ELIM-CAN 2023 (J-1) : LaTunisie \u00e9teint la Guin\u00e9e \u00e9quatoriale pour le d\u00e9but des \u00e9liminatoires. - le regard du sportif","robots":{"index":"index","follow":"follow","max-snippet":"max-snippet:-1","max-image-preview":"max-image-preview:large","max-video-preview":"max-video-preview:-1"},"canonical":"https:\/\/oeilsportif.info\/index.php\/elim-can-2023-j-1-latunisie-eteint-la-guinee-equatoriale-pour-le-debut-des-eliminatoires\/","og_locale":"fr_FR","og_type":"article","og_title":"ELIM-CAN 2023 (J-1) : LaTunisie \u00e9teint la Guin\u00e9e \u00e9quatoriale pour le d\u00e9but des \u00e9liminatoires. - le regard du sportif","og_description":"Ce jeudi 02 juin 2022 la Tunisie a largement battu la Guin\u00e9e \u00e9quatoriale sur le score de 4 buts \u00e0 0, lors de la premi\u00e8re journ\u00e9e des \u00e9liminatoires de la Coupe d\u2019Afrique des Nations 2023 en C\u00f4te d\u2019Ivoire. Apr\u00e8s une domination st\u00e9rile au cours des 45 premi\u00e8res minutes, les Aigles de Carthage ont ensuite r\u00e9ussi [&hellip;]","og_url":"https:\/\/oeilsportif.info\/index.php\/elim-can-2023-j-1-latunisie-eteint-la-guinee-equatoriale-pour-le-debut-des-eliminatoires\/","og_site_name":"le regard du sportif","article_published_time":"2022-06-03T10:49:34+00:00","og_image":[{"width":960,"height":912,"url":"https:\/\/oeilsportif.info\/wp-content\/uploads\/2022\/06\/FB_IMG_1654209033440.jpg","type":"image\/jpeg"}],"author":"L'Equipe de la R\u00e9daction","twitter_misc":{"\u00c9crit par":"L'Equipe de la R\u00e9daction","Dur\u00e9e de lecture estim\u00e9e":"1 minute"},"schema":{"@context":"https:\/\/schema.org","@graph":[{"@type":"Article","@id":"https:\/\/oeilsportif.info\/index.php\/elim-can-2023-j-1-latunisie-eteint-la-guinee-equatoriale-pour-le-debut-des-eliminatoires\/#article","isPartOf":{"@id":"https:\/\/oeilsportif.info\/index.php\/elim-can-2023-j-1-latunisie-eteint-la-guinee-equatoriale-pour-le-debut-des-eliminatoires\/"},"author":{"name":"L'Equipe de la R\u00e9daction","@id":"https:\/\/oeilsportif.info\/#\/schema\/person\/cfbded294aa6095f7d96608d7905e9a1"},"headline":"ELIM-CAN 2023 (J-1) : LaTunisie \u00e9teint la Guin\u00e9e \u00e9quatoriale pour le d\u00e9but des \u00e9liminatoires.","datePublished":"2022-06-03T10:49:34+00:00","mainEntityOfPage":{"@id":"https:\/\/oeilsportif.info\/index.php\/elim-can-2023-j-1-latunisie-eteint-la-guinee-equatoriale-pour-le-debut-des-eliminatoires\/"},"wordCount":115,"image":{"@id":"https:\/\/oeilsportif.info\/index.php\/elim-can-2023-j-1-latunisie-eteint-la-guinee-equatoriale-pour-le-debut-des-eliminatoires\/#primaryimage"},"thumbnailUrl":"https:\/\/i0.wp.com\/oeilsportif.info\/wp-content\/uploads\/2022\/06\/FB_IMG_1654209033440.jpg?fit=960%2C912&ssl=1","articleSection":["Football"],"inLanguage":"fr-FR"},{"@type":"WebPage","@id":"https:\/\/oeilsportif.info\/index.php\/elim-can-2023-j-1-latunisie-eteint-la-guinee-equatoriale-pour-le-debut-des-eliminatoires\/","url":"https:\/\/oeilsportif.info\/index.php\/elim-can-2023-j-1-latunisie-eteint-la-guinee-equatoriale-pour-le-debut-des-eliminatoires\/","name":"ELIM-CAN 2023 (J-1) : LaTunisie \u00e9teint la Guin\u00e9e \u00e9quatoriale pour le d\u00e9but des \u00e9liminatoires. - le regard du sportif","isPartOf":{"@id":"https:\/\/oeilsportif.info\/#website"},"primaryImageOfPage":{"@id":"https:\/\/oeilsportif.info\/index.php\/elim-can-2023-j-1-latunisie-eteint-la-guinee-equatoriale-pour-le-debut-des-eliminatoires\/#primaryimage"},"image":{"@id":"https:\/\/oeilsportif.info\/index.php\/elim-can-2023-j-1-latunisie-eteint-la-guinee-equatoriale-pour-le-debut-des-eliminatoires\/#primaryimage"},"thumbnailUrl":"https:\/\/i0.wp.com\/oeilsportif.info\/wp-content\/uploads\/2022\/06\/FB_IMG_1654209033440.jpg?fit=960%2C912&ssl=1","datePublished":"2022-06-03T10:49:34+00:00","author":{"@id":"https:\/\/oeilsportif.info\/#\/schema\/person\/cfbded294aa6095f7d96608d7905e9a1"},"inLanguage":"fr-FR","potentialAction":[{"@type":"ReadAction","target":["https:\/\/oeilsportif.info\/index.php\/elim-can-2023-j-1-latunisie-eteint-la-guinee-equatoriale-pour-le-debut-des-eliminatoires\/"]}]},{"@type":"ImageObject","inLanguage":"fr-FR","@id":"https:\/\/oeilsportif.info\/index.php\/elim-can-2023-j-1-latunisie-eteint-la-guinee-equatoriale-pour-le-debut-des-eliminatoires\/#primaryimage","url":"https:\/\/i0.wp.com\/oeilsportif.info\/wp-content\/uploads\/2022\/06\/FB_IMG_1654209033440.jpg?fit=960%2C912&ssl=1","contentUrl":"https:\/\/i0.wp.com\/oeilsportif.info\/wp-content\/uploads\/2022\/06\/FB_IMG_1654209033440.jpg?fit=960%2C912&ssl=1","width":960,"height":912},{"@type":"WebSite","@id":"https:\/\/oeilsportif.info\/#website","url":"https:\/\/oeilsportif.info\/","name":"le regard du sportif","description":"","potentialAction":[{"@type":"SearchAction","target":{"@type":"EntryPoint","urlTemplate":"https:\/\/oeilsportif.info\/?s={search_term_string}"},"query-input":{"@type":"PropertyValueSpecification","valueRequired":true,"valueName":"search_term_string"}}],"inLanguage":"fr-FR"},{"@type":"Person","@id":"https:\/\/oeilsportif.info\/#\/schema\/person\/cfbded294aa6095f7d96608d7905e9a1","name":"L'Equipe de la R\u00e9daction","image":{"@type":"ImageObject","inLanguage":"fr-FR","@id":"https:\/\/oeilsportif.info\/wp-content\/uploads\/2025\/07\/cropped-cropped-logo-os-96x96.jpeg","url":"https:\/\/oeilsportif.info\/wp-content\/uploads\/2025\/07\/cropped-cropped-logo-os-96x96.jpeg","contentUrl":"https:\/\/oeilsportif.info\/wp-content\/uploads\/2025\/07\/cropped-cropped-logo-os-96x96.jpeg","caption":"L'Equipe de la R\u00e9daction"},"url":"https:\/\/oeilsportif.info\/index.php\/author\/tawel\/"}]}},"jetpack_publicize_connections":[],"jetpack_featured_media_url":"https:\/\/i0.wp.com\/oeilsportif.info\/wp-content\/uploads\/2022\/06\/FB_IMG_1654209033440.jpg?fit=960%2C912&ssl=1","jetpack-related-posts":[],"jetpack_sharing_enabled":true,"jetpack_likes_enabled":true,"jetpack_shortlink":"https:\/\/wp.me\/pgFE77-az","_links":{"self":[{"href":"https:\/\/oeilsportif.info\/index.php\/wp-json\/wp\/v2\/posts\/655","targetHints":{"allow":["GET"]}}],"collection":[{"href":"https:\/\/oeilsportif.info\/index.php\/wp-json\/wp\/v2\/posts"}],"about":[{"href":"https:\/\/oeilsportif.info\/index.php\/wp-json\/wp\/v2\/types\/post"}],"author":[{"embeddable":true,"href":"https:\/\/oeilsportif.info\/index.php\/wp-json\/wp\/v2\/users\/2"}],"replies":[{"embeddable":true,"href":"https:\/\/oeilsportif.info\/index.php\/wp-json\/wp\/v2\/comments?post=655"}],"version-history":[{"count":0,"href":"https:\/\/oeilsportif.info\/index.php\/wp-json\/wp\/v2\/posts\/655\/revisions"}],"wp:featuredmedia":[{"embeddable":true,"href":"https:\/\/oeilsportif.info\/index.php\/wp-json\/wp\/v2\/media\/656"}],"wp:attachment":[{"href":"https:\/\/oeilsportif.info\/index.php\/wp-json\/wp\/v2\/media?parent=655"}],"wp:term":[{"taxonomy":"category","embeddable":true,"href":"https:\/\/oeilsportif.info\/index.php\/wp-json\/wp\/v2\/categories?post=655"},{"taxonomy":"post_tag","embeddable":true,"href":"https:\/\/oeilsportif.info\/index.php\/wp-json\/wp\/v2\/tags?post=655"}],"curies":[{"name":"wp","href":"https:\/\/api.w.org\/{rel}","templated":true}]}}