{"id":651,"date":"2022-06-03T05:17:30","date_gmt":"2022-06-03T05:17:30","guid":{"rendered":"https:\/\/oeilsportif.info\/index.php\/?p=651"},"modified":"2022-06-03T05:17:30","modified_gmt":"2022-06-03T05:17:30","slug":"handibasket-direction-la-coupe-regionale-rita-carpentier","status":"publish","type":"post","link":"https:\/\/oeilsportif.info\/index.php\/handibasket-direction-la-coupe-regionale-rita-carpentier\/","title":{"rendered":"HANDIBASKET : Direction la coupe r\u00e9gionale Rita Carpentier !"},"content":{"rendered":"<p><strong>Ce samedi 4 juin, l\u2019\u00e9quipe de basket de l\u2019association Handisport Amiens M\u00e9tropole va prendre la direction de la coupe r\u00e9gionale Rita Carpentier.<\/strong><\/p>\n<p>Amiens jouera dans la poule A de ce rassemblement annuel. Ils rencontreront l\u2019\u00e9quipe de Douai, organisatrice de ce tournoi et \u00e9voluant en Nationale B, l\u2019\u00e9quipe d\u2019Aulnoye, \u00e9voluant en Nationale 2 ainsi que l\u2019\u00e9quipe de Berck \u00e9voluant \u00e9galement en Nationale 2. La poule B opposera Lille (Nationale A), Creil (Nationale 2) et Coudekerque (Nationale C).<\/p>\n<p>Apr\u00e8s ces phases de poules, les premiers de chaque poule se rencontreront ainsi que les deuxi\u00e8mes et les troisi\u00e8mes afin de d\u00e9terminer le classement final. Les Ami\u00e9nois ne se d\u00e9placent pas dans l\u2019optique de perdre cette saison ! C\u2019est pourquoi ce week-end sera un bon test afin de rencontrer des \u00e9quipes de Nationale B et potentiellement Coudekerque ou Lille en finale pour une mise \u00e0 jambe avant le tournoi de barrage pour la mont\u00e9e, la semaine prochaine \u00e0 Blanquefort.<\/p>\n<p>Rendez-vous \u00e0 Douai ce samedi 4 juin pour encourager dans cette journ\u00e9e nos Ami\u00e9nois qui essayeront de r\u00e9ussir un nouvel exploit cette saison apr\u00e8s avoir fini deuxi\u00e8me de leur championnat d\u00e8s leur mont\u00e9e en Nationale B !<\/p>\n<p><strong>La r\u00e9daction Gazette Sports<\/strong><\/p>\n","protected":false},"excerpt":{"rendered":"<p>Ce samedi 4 juin, l\u2019\u00e9quipe de basket de l\u2019association Handisport Amiens M\u00e9tropole va prendre la direction de la coupe r\u00e9gionale Rita Carpentier. Amiens jouera dans la poule A de ce rassemblement annuel. Ils rencontreront l\u2019\u00e9quipe de Douai, organisatrice de ce tournoi et \u00e9voluant en Nationale B, l\u2019\u00e9quipe d\u2019Aulnoye, \u00e9voluant en Nationale 2 ainsi que l\u2019\u00e9quipe [&hellip;]<\/p>\n","protected":false},"author":2,"featured_media":652,"comment_status":"closed","ping_status":"open","sticky":false,"template":"","format":"standard","meta":{"_jetpack_memberships_contains_paid_content":false,"footnotes":"","jetpack_publicize_message":"","jetpack_publicize_feature_enabled":true,"jetpack_social_post_already_shared":true,"jetpack_social_options":{"image_generator_settings":{"template":"highway","default_image_id":0,"font":"","enabled":false},"version":2}},"categories":[9],"tags":[],"class_list":{"0":"post-651","1":"post","2":"type-post","3":"status-publish","4":"format-standard","5":"has-post-thumbnail","7":"category-handisport"},"yoast_head":"<!-- This site is optimized with the Yoast SEO plugin v27.5 - https:\/\/yoast.com\/product\/yoast-seo-wordpress\/ -->\n<title>HANDIBASKET : Direction la coupe r\u00e9gionale Rita Carpentier ! - le regard du sportif<\/title>\n<meta name=\"robots\" content=\"index, follow, max-snippet:-1, max-image-preview:large, max-video-preview:-1\" \/>\n<link rel=\"canonical\" href=\"https:\/\/oeilsportif.info\/index.php\/handibasket-direction-la-coupe-regionale-rita-carpentier\/\" \/>\n<meta property=\"og:locale\" content=\"fr_FR\" \/>\n<meta property=\"og:type\" content=\"article\" \/>\n<meta property=\"og:title\" content=\"HANDIBASKET : Direction la coupe r\u00e9gionale Rita Carpentier ! - le regard du sportif\" \/>\n<meta property=\"og:description\" content=\"Ce samedi 4 juin, l\u2019\u00e9quipe de basket de l\u2019association Handisport Amiens M\u00e9tropole va prendre la direction de la coupe r\u00e9gionale Rita Carpentier. Amiens jouera dans la poule A de ce rassemblement annuel. Ils rencontreront l\u2019\u00e9quipe de Douai, organisatrice de ce tournoi et \u00e9voluant en Nationale B, l\u2019\u00e9quipe d\u2019Aulnoye, \u00e9voluant en Nationale 2 ainsi que l\u2019\u00e9quipe [&hellip;]\" \/>\n<meta property=\"og:url\" content=\"https:\/\/oeilsportif.info\/index.php\/handibasket-direction-la-coupe-regionale-rita-carpentier\/\" \/>\n<meta property=\"og:site_name\" content=\"le regard du sportif\" \/>\n<meta property=\"article:published_time\" content=\"2022-06-03T05:17:30+00:00\" \/>\n<meta property=\"og:image\" content=\"https:\/\/oeilsportif.info\/wp-content\/uploads\/2022\/06\/France-madrid.jpg\" \/>\n\t<meta property=\"og:image:width\" content=\"650\" \/>\n\t<meta property=\"og:image:height\" content=\"410\" \/>\n\t<meta property=\"og:image:type\" content=\"image\/jpeg\" \/>\n<meta name=\"author\" content=\"L&#039;Equipe de la R\u00e9daction\" \/>\n<meta name=\"twitter:label1\" content=\"\u00c9crit par\" \/>\n\t<meta name=\"twitter:data1\" content=\"L&#039;Equipe de la R\u00e9daction\" \/>\n\t<meta name=\"twitter:label2\" content=\"Dur\u00e9e de lecture estim\u00e9e\" \/>\n\t<meta name=\"twitter:data2\" content=\"1 minute\" \/>\n<script type=\"application\/ld+json\" class=\"yoast-schema-graph\">{\"@context\":\"https:\\\/\\\/schema.org\",\"@graph\":[{\"@type\":\"Article\",\"@id\":\"https:\\\/\\\/oeilsportif.info\\\/index.php\\\/handibasket-direction-la-coupe-regionale-rita-carpentier\\\/#article\",\"isPartOf\":{\"@id\":\"https:\\\/\\\/oeilsportif.info\\\/index.php\\\/handibasket-direction-la-coupe-regionale-rita-carpentier\\\/\"},\"author\":{\"name\":\"L'Equipe de la R\u00e9daction\",\"@id\":\"https:\\\/\\\/oeilsportif.info\\\/#\\\/schema\\\/person\\\/cfbded294aa6095f7d96608d7905e9a1\"},\"headline\":\"HANDIBASKET : Direction la coupe r\u00e9gionale Rita Carpentier !\",\"datePublished\":\"2022-06-03T05:17:30+00:00\",\"mainEntityOfPage\":{\"@id\":\"https:\\\/\\\/oeilsportif.info\\\/index.php\\\/handibasket-direction-la-coupe-regionale-rita-carpentier\\\/\"},\"wordCount\":219,\"image\":{\"@id\":\"https:\\\/\\\/oeilsportif.info\\\/index.php\\\/handibasket-direction-la-coupe-regionale-rita-carpentier\\\/#primaryimage\"},\"thumbnailUrl\":\"https:\\\/\\\/i0.wp.com\\\/oeilsportif.info\\\/wp-content\\\/uploads\\\/2022\\\/06\\\/France-madrid.jpg?fit=650%2C410&ssl=1\",\"articleSection\":[\"Handisport\"],\"inLanguage\":\"fr-FR\"},{\"@type\":\"WebPage\",\"@id\":\"https:\\\/\\\/oeilsportif.info\\\/index.php\\\/handibasket-direction-la-coupe-regionale-rita-carpentier\\\/\",\"url\":\"https:\\\/\\\/oeilsportif.info\\\/index.php\\\/handibasket-direction-la-coupe-regionale-rita-carpentier\\\/\",\"name\":\"HANDIBASKET : Direction la coupe r\u00e9gionale Rita Carpentier ! - le regard du sportif\",\"isPartOf\":{\"@id\":\"https:\\\/\\\/oeilsportif.info\\\/#website\"},\"primaryImageOfPage\":{\"@id\":\"https:\\\/\\\/oeilsportif.info\\\/index.php\\\/handibasket-direction-la-coupe-regionale-rita-carpentier\\\/#primaryimage\"},\"image\":{\"@id\":\"https:\\\/\\\/oeilsportif.info\\\/index.php\\\/handibasket-direction-la-coupe-regionale-rita-carpentier\\\/#primaryimage\"},\"thumbnailUrl\":\"https:\\\/\\\/i0.wp.com\\\/oeilsportif.info\\\/wp-content\\\/uploads\\\/2022\\\/06\\\/France-madrid.jpg?fit=650%2C410&ssl=1\",\"datePublished\":\"2022-06-03T05:17:30+00:00\",\"author\":{\"@id\":\"https:\\\/\\\/oeilsportif.info\\\/#\\\/schema\\\/person\\\/cfbded294aa6095f7d96608d7905e9a1\"},\"inLanguage\":\"fr-FR\",\"potentialAction\":[{\"@type\":\"ReadAction\",\"target\":[\"https:\\\/\\\/oeilsportif.info\\\/index.php\\\/handibasket-direction-la-coupe-regionale-rita-carpentier\\\/\"]}]},{\"@type\":\"ImageObject\",\"inLanguage\":\"fr-FR\",\"@id\":\"https:\\\/\\\/oeilsportif.info\\\/index.php\\\/handibasket-direction-la-coupe-regionale-rita-carpentier\\\/#primaryimage\",\"url\":\"https:\\\/\\\/i0.wp.com\\\/oeilsportif.info\\\/wp-content\\\/uploads\\\/2022\\\/06\\\/France-madrid.jpg?fit=650%2C410&ssl=1\",\"contentUrl\":\"https:\\\/\\\/i0.wp.com\\\/oeilsportif.info\\\/wp-content\\\/uploads\\\/2022\\\/06\\\/France-madrid.jpg?fit=650%2C410&ssl=1\",\"width\":650,\"height\":410},{\"@type\":\"WebSite\",\"@id\":\"https:\\\/\\\/oeilsportif.info\\\/#website\",\"url\":\"https:\\\/\\\/oeilsportif.info\\\/\",\"name\":\"le regard du sportif\",\"description\":\"\",\"potentialAction\":[{\"@type\":\"SearchAction\",\"target\":{\"@type\":\"EntryPoint\",\"urlTemplate\":\"https:\\\/\\\/oeilsportif.info\\\/?s={search_term_string}\"},\"query-input\":{\"@type\":\"PropertyValueSpecification\",\"valueRequired\":true,\"valueName\":\"search_term_string\"}}],\"inLanguage\":\"fr-FR\"},{\"@type\":\"Person\",\"@id\":\"https:\\\/\\\/oeilsportif.info\\\/#\\\/schema\\\/person\\\/cfbded294aa6095f7d96608d7905e9a1\",\"name\":\"L'Equipe de la R\u00e9daction\",\"image\":{\"@type\":\"ImageObject\",\"inLanguage\":\"fr-FR\",\"@id\":\"https:\\\/\\\/oeilsportif.info\\\/wp-content\\\/uploads\\\/2025\\\/07\\\/cropped-cropped-logo-os-96x96.jpeg\",\"url\":\"https:\\\/\\\/oeilsportif.info\\\/wp-content\\\/uploads\\\/2025\\\/07\\\/cropped-cropped-logo-os-96x96.jpeg\",\"contentUrl\":\"https:\\\/\\\/oeilsportif.info\\\/wp-content\\\/uploads\\\/2025\\\/07\\\/cropped-cropped-logo-os-96x96.jpeg\",\"caption\":\"L'Equipe de la R\u00e9daction\"},\"url\":\"https:\\\/\\\/oeilsportif.info\\\/index.php\\\/author\\\/tawel\\\/\"}]}<\/script>\n<!-- \/ Yoast SEO plugin. -->","yoast_head_json":{"title":"HANDIBASKET : Direction la coupe r\u00e9gionale Rita Carpentier ! - le regard du sportif","robots":{"index":"index","follow":"follow","max-snippet":"max-snippet:-1","max-image-preview":"max-image-preview:large","max-video-preview":"max-video-preview:-1"},"canonical":"https:\/\/oeilsportif.info\/index.php\/handibasket-direction-la-coupe-regionale-rita-carpentier\/","og_locale":"fr_FR","og_type":"article","og_title":"HANDIBASKET : Direction la coupe r\u00e9gionale Rita Carpentier ! - le regard du sportif","og_description":"Ce samedi 4 juin, l\u2019\u00e9quipe de basket de l\u2019association Handisport Amiens M\u00e9tropole va prendre la direction de la coupe r\u00e9gionale Rita Carpentier. Amiens jouera dans la poule A de ce rassemblement annuel. Ils rencontreront l\u2019\u00e9quipe de Douai, organisatrice de ce tournoi et \u00e9voluant en Nationale B, l\u2019\u00e9quipe d\u2019Aulnoye, \u00e9voluant en Nationale 2 ainsi que l\u2019\u00e9quipe [&hellip;]","og_url":"https:\/\/oeilsportif.info\/index.php\/handibasket-direction-la-coupe-regionale-rita-carpentier\/","og_site_name":"le regard du sportif","article_published_time":"2022-06-03T05:17:30+00:00","og_image":[{"width":650,"height":410,"url":"https:\/\/oeilsportif.info\/wp-content\/uploads\/2022\/06\/France-madrid.jpg","type":"image\/jpeg"}],"author":"L'Equipe de la R\u00e9daction","twitter_misc":{"\u00c9crit par":"L'Equipe de la R\u00e9daction","Dur\u00e9e de lecture estim\u00e9e":"1 minute"},"schema":{"@context":"https:\/\/schema.org","@graph":[{"@type":"Article","@id":"https:\/\/oeilsportif.info\/index.php\/handibasket-direction-la-coupe-regionale-rita-carpentier\/#article","isPartOf":{"@id":"https:\/\/oeilsportif.info\/index.php\/handibasket-direction-la-coupe-regionale-rita-carpentier\/"},"author":{"name":"L'Equipe de la R\u00e9daction","@id":"https:\/\/oeilsportif.info\/#\/schema\/person\/cfbded294aa6095f7d96608d7905e9a1"},"headline":"HANDIBASKET : Direction la coupe r\u00e9gionale Rita Carpentier !","datePublished":"2022-06-03T05:17:30+00:00","mainEntityOfPage":{"@id":"https:\/\/oeilsportif.info\/index.php\/handibasket-direction-la-coupe-regionale-rita-carpentier\/"},"wordCount":219,"image":{"@id":"https:\/\/oeilsportif.info\/index.php\/handibasket-direction-la-coupe-regionale-rita-carpentier\/#primaryimage"},"thumbnailUrl":"https:\/\/i0.wp.com\/oeilsportif.info\/wp-content\/uploads\/2022\/06\/France-madrid.jpg?fit=650%2C410&ssl=1","articleSection":["Handisport"],"inLanguage":"fr-FR"},{"@type":"WebPage","@id":"https:\/\/oeilsportif.info\/index.php\/handibasket-direction-la-coupe-regionale-rita-carpentier\/","url":"https:\/\/oeilsportif.info\/index.php\/handibasket-direction-la-coupe-regionale-rita-carpentier\/","name":"HANDIBASKET : Direction la coupe r\u00e9gionale Rita Carpentier ! - le regard du sportif","isPartOf":{"@id":"https:\/\/oeilsportif.info\/#website"},"primaryImageOfPage":{"@id":"https:\/\/oeilsportif.info\/index.php\/handibasket-direction-la-coupe-regionale-rita-carpentier\/#primaryimage"},"image":{"@id":"https:\/\/oeilsportif.info\/index.php\/handibasket-direction-la-coupe-regionale-rita-carpentier\/#primaryimage"},"thumbnailUrl":"https:\/\/i0.wp.com\/oeilsportif.info\/wp-content\/uploads\/2022\/06\/France-madrid.jpg?fit=650%2C410&ssl=1","datePublished":"2022-06-03T05:17:30+00:00","author":{"@id":"https:\/\/oeilsportif.info\/#\/schema\/person\/cfbded294aa6095f7d96608d7905e9a1"},"inLanguage":"fr-FR","potentialAction":[{"@type":"ReadAction","target":["https:\/\/oeilsportif.info\/index.php\/handibasket-direction-la-coupe-regionale-rita-carpentier\/"]}]},{"@type":"ImageObject","inLanguage":"fr-FR","@id":"https:\/\/oeilsportif.info\/index.php\/handibasket-direction-la-coupe-regionale-rita-carpentier\/#primaryimage","url":"https:\/\/i0.wp.com\/oeilsportif.info\/wp-content\/uploads\/2022\/06\/France-madrid.jpg?fit=650%2C410&ssl=1","contentUrl":"https:\/\/i0.wp.com\/oeilsportif.info\/wp-content\/uploads\/2022\/06\/France-madrid.jpg?fit=650%2C410&ssl=1","width":650,"height":410},{"@type":"WebSite","@id":"https:\/\/oeilsportif.info\/#website","url":"https:\/\/oeilsportif.info\/","name":"le regard du sportif","description":"","potentialAction":[{"@type":"SearchAction","target":{"@type":"EntryPoint","urlTemplate":"https:\/\/oeilsportif.info\/?s={search_term_string}"},"query-input":{"@type":"PropertyValueSpecification","valueRequired":true,"valueName":"search_term_string"}}],"inLanguage":"fr-FR"},{"@type":"Person","@id":"https:\/\/oeilsportif.info\/#\/schema\/person\/cfbded294aa6095f7d96608d7905e9a1","name":"L'Equipe de la R\u00e9daction","image":{"@type":"ImageObject","inLanguage":"fr-FR","@id":"https:\/\/oeilsportif.info\/wp-content\/uploads\/2025\/07\/cropped-cropped-logo-os-96x96.jpeg","url":"https:\/\/oeilsportif.info\/wp-content\/uploads\/2025\/07\/cropped-cropped-logo-os-96x96.jpeg","contentUrl":"https:\/\/oeilsportif.info\/wp-content\/uploads\/2025\/07\/cropped-cropped-logo-os-96x96.jpeg","caption":"L'Equipe de la R\u00e9daction"},"url":"https:\/\/oeilsportif.info\/index.php\/author\/tawel\/"}]}},"jetpack_publicize_connections":[],"jetpack_featured_media_url":"https:\/\/i0.wp.com\/oeilsportif.info\/wp-content\/uploads\/2022\/06\/France-madrid.jpg?fit=650%2C410&ssl=1","jetpack-related-posts":[],"jetpack_sharing_enabled":true,"jetpack_likes_enabled":true,"jetpack_shortlink":"https:\/\/wp.me\/pgFE77-av","_links":{"self":[{"href":"https:\/\/oeilsportif.info\/index.php\/wp-json\/wp\/v2\/posts\/651","targetHints":{"allow":["GET"]}}],"collection":[{"href":"https:\/\/oeilsportif.info\/index.php\/wp-json\/wp\/v2\/posts"}],"about":[{"href":"https:\/\/oeilsportif.info\/index.php\/wp-json\/wp\/v2\/types\/post"}],"author":[{"embeddable":true,"href":"https:\/\/oeilsportif.info\/index.php\/wp-json\/wp\/v2\/users\/2"}],"replies":[{"embeddable":true,"href":"https:\/\/oeilsportif.info\/index.php\/wp-json\/wp\/v2\/comments?post=651"}],"version-history":[{"count":0,"href":"https:\/\/oeilsportif.info\/index.php\/wp-json\/wp\/v2\/posts\/651\/revisions"}],"wp:featuredmedia":[{"embeddable":true,"href":"https:\/\/oeilsportif.info\/index.php\/wp-json\/wp\/v2\/media\/652"}],"wp:attachment":[{"href":"https:\/\/oeilsportif.info\/index.php\/wp-json\/wp\/v2\/media?parent=651"}],"wp:term":[{"taxonomy":"category","embeddable":true,"href":"https:\/\/oeilsportif.info\/index.php\/wp-json\/wp\/v2\/categories?post=651"},{"taxonomy":"post_tag","embeddable":true,"href":"https:\/\/oeilsportif.info\/index.php\/wp-json\/wp\/v2\/tags?post=651"}],"curies":[{"name":"wp","href":"https:\/\/api.w.org\/{rel}","templated":true}]}}