{"id":648,"date":"2022-06-03T05:03:14","date_gmt":"2022-06-03T05:03:14","guid":{"rendered":"https:\/\/oeilsportif.info\/index.php\/?p=648"},"modified":"2022-06-03T05:03:14","modified_gmt":"2022-06-03T05:03:14","slug":"voici-le-communique-du-gouvernement-suite-a-laccident-de-circulation-du-ministre-des-sports-et-de-la-jeunesse","status":"publish","type":"post","link":"https:\/\/oeilsportif.info\/index.php\/voici-le-communique-du-gouvernement-suite-a-laccident-de-circulation-du-ministre-des-sports-et-de-la-jeunesse\/","title":{"rendered":"Voici le communiqu\u00e9 du gouvernement suite \u00e0 l&rsquo;accident de circulation du Ministre des Sports et de la Jeunesse\u00a0"},"content":{"rendered":"<p>En tourn\u00e9e en Haute Guin\u00e9e dans le cadre de l&rsquo;immersion gouvernementale, le ministre de la Jeunesse et des Sports Monsieur Lansana B\u00e9a Diallo et sa d\u00e9l\u00e9gation se rendaient ce jeudi, 2 juin, \u00e0 K\u00e9rouan\u00e9 lorsque le v\u00e9hicule de la s\u00e9curit\u00e9 du cort\u00e8ge minist\u00e9riel s&rsquo;est renvers\u00e9.<\/p>\n<p>Par la gr\u00e2ce de Dieu, il y a eu plus de peur que de mal. Un des policiers se trouvant \u00e0 bord du v\u00e9hicule accident\u00e9, a \u00e9t\u00e9 l\u00e9g\u00e8rement bless\u00e9 et conduit d&rsquo;urgence \u00e0 l&rsquo;h\u00f4pital.<\/p>\n<p>Selon les m\u00e9decins, son pronostic vital n&rsquo;est pas engag\u00e9. Monsieur le ministre de la Jeunesse et des Sports et les autres membres de sa d\u00e9l\u00e9gation se portent bien.<\/p>\n<p><strong>Service Communication et Relations Publiques<\/strong><\/p>\n","protected":false},"excerpt":{"rendered":"<p>En tourn\u00e9e en Haute Guin\u00e9e dans le cadre de l&rsquo;immersion gouvernementale, le ministre de la Jeunesse et des Sports Monsieur Lansana B\u00e9a Diallo et sa d\u00e9l\u00e9gation se rendaient ce jeudi, 2 juin, \u00e0 K\u00e9rouan\u00e9 lorsque le v\u00e9hicule de la s\u00e9curit\u00e9 du cort\u00e8ge minist\u00e9riel s&rsquo;est renvers\u00e9. Par la gr\u00e2ce de Dieu, il y a eu plus [&hellip;]<\/p>\n","protected":false},"author":2,"featured_media":649,"comment_status":"closed","ping_status":"open","sticky":false,"template":"","format":"standard","meta":{"_jetpack_memberships_contains_paid_content":false,"footnotes":"","jetpack_publicize_message":"","jetpack_publicize_feature_enabled":true,"jetpack_social_post_already_shared":true,"jetpack_social_options":{"image_generator_settings":{"template":"highway","default_image_id":0,"font":"","enabled":false},"version":2}},"categories":[5],"tags":[],"class_list":{"0":"post-648","1":"post","2":"type-post","3":"status-publish","4":"format-standard","5":"has-post-thumbnail","7":"category-football"},"yoast_head":"<!-- This site is optimized with the Yoast SEO plugin v27.5 - https:\/\/yoast.com\/product\/yoast-seo-wordpress\/ -->\n<title>Voici le communiqu\u00e9 du gouvernement suite \u00e0 l&#039;accident de circulation du Ministre des Sports et de la Jeunesse\u00a0 - le regard du sportif<\/title>\n<meta name=\"robots\" content=\"index, follow, max-snippet:-1, max-image-preview:large, max-video-preview:-1\" \/>\n<link rel=\"canonical\" href=\"https:\/\/oeilsportif.info\/index.php\/voici-le-communique-du-gouvernement-suite-a-laccident-de-circulation-du-ministre-des-sports-et-de-la-jeunesse\/\" \/>\n<meta property=\"og:locale\" content=\"fr_FR\" \/>\n<meta property=\"og:type\" content=\"article\" \/>\n<meta property=\"og:title\" content=\"Voici le communiqu\u00e9 du gouvernement suite \u00e0 l&#039;accident de circulation du Ministre des Sports et de la Jeunesse\u00a0 - le regard du sportif\" \/>\n<meta property=\"og:description\" content=\"En tourn\u00e9e en Haute Guin\u00e9e dans le cadre de l&rsquo;immersion gouvernementale, le ministre de la Jeunesse et des Sports Monsieur Lansana B\u00e9a Diallo et sa d\u00e9l\u00e9gation se rendaient ce jeudi, 2 juin, \u00e0 K\u00e9rouan\u00e9 lorsque le v\u00e9hicule de la s\u00e9curit\u00e9 du cort\u00e8ge minist\u00e9riel s&rsquo;est renvers\u00e9. Par la gr\u00e2ce de Dieu, il y a eu plus [&hellip;]\" \/>\n<meta property=\"og:url\" content=\"https:\/\/oeilsportif.info\/index.php\/voici-le-communique-du-gouvernement-suite-a-laccident-de-circulation-du-ministre-des-sports-et-de-la-jeunesse\/\" \/>\n<meta property=\"og:site_name\" content=\"le regard du sportif\" \/>\n<meta property=\"article:published_time\" content=\"2022-06-03T05:03:14+00:00\" \/>\n<meta property=\"og:image\" content=\"https:\/\/oeilsportif.info\/wp-content\/uploads\/2022\/06\/FB_IMG_1654232290578.jpg\" \/>\n\t<meta property=\"og:image:width\" content=\"720\" \/>\n\t<meta property=\"og:image:height\" content=\"1276\" \/>\n\t<meta property=\"og:image:type\" content=\"image\/jpeg\" \/>\n<meta name=\"author\" content=\"L&#039;Equipe de la R\u00e9daction\" \/>\n<meta name=\"twitter:label1\" content=\"\u00c9crit par\" \/>\n\t<meta name=\"twitter:data1\" content=\"L&#039;Equipe de la R\u00e9daction\" \/>\n\t<meta name=\"twitter:label2\" content=\"Dur\u00e9e de lecture estim\u00e9e\" \/>\n\t<meta name=\"twitter:data2\" content=\"1 minute\" \/>\n<script type=\"application\/ld+json\" class=\"yoast-schema-graph\">{\"@context\":\"https:\\\/\\\/schema.org\",\"@graph\":[{\"@type\":\"Article\",\"@id\":\"https:\\\/\\\/oeilsportif.info\\\/index.php\\\/voici-le-communique-du-gouvernement-suite-a-laccident-de-circulation-du-ministre-des-sports-et-de-la-jeunesse\\\/#article\",\"isPartOf\":{\"@id\":\"https:\\\/\\\/oeilsportif.info\\\/index.php\\\/voici-le-communique-du-gouvernement-suite-a-laccident-de-circulation-du-ministre-des-sports-et-de-la-jeunesse\\\/\"},\"author\":{\"name\":\"L'Equipe de la R\u00e9daction\",\"@id\":\"https:\\\/\\\/oeilsportif.info\\\/#\\\/schema\\\/person\\\/cfbded294aa6095f7d96608d7905e9a1\"},\"headline\":\"Voici le communiqu\u00e9 du gouvernement suite \u00e0 l&rsquo;accident de circulation du Ministre des Sports et de la Jeunesse\u00a0\",\"datePublished\":\"2022-06-03T05:03:14+00:00\",\"mainEntityOfPage\":{\"@id\":\"https:\\\/\\\/oeilsportif.info\\\/index.php\\\/voici-le-communique-du-gouvernement-suite-a-laccident-de-circulation-du-ministre-des-sports-et-de-la-jeunesse\\\/\"},\"wordCount\":149,\"image\":{\"@id\":\"https:\\\/\\\/oeilsportif.info\\\/index.php\\\/voici-le-communique-du-gouvernement-suite-a-laccident-de-circulation-du-ministre-des-sports-et-de-la-jeunesse\\\/#primaryimage\"},\"thumbnailUrl\":\"https:\\\/\\\/i0.wp.com\\\/oeilsportif.info\\\/wp-content\\\/uploads\\\/2022\\\/06\\\/FB_IMG_1654232290578.jpg?fit=720%2C1276&ssl=1\",\"articleSection\":[\"Football\"],\"inLanguage\":\"fr-FR\"},{\"@type\":\"WebPage\",\"@id\":\"https:\\\/\\\/oeilsportif.info\\\/index.php\\\/voici-le-communique-du-gouvernement-suite-a-laccident-de-circulation-du-ministre-des-sports-et-de-la-jeunesse\\\/\",\"url\":\"https:\\\/\\\/oeilsportif.info\\\/index.php\\\/voici-le-communique-du-gouvernement-suite-a-laccident-de-circulation-du-ministre-des-sports-et-de-la-jeunesse\\\/\",\"name\":\"Voici le communiqu\u00e9 du gouvernement suite \u00e0 l'accident de circulation du Ministre des Sports et de la Jeunesse\u00a0 - le regard du sportif\",\"isPartOf\":{\"@id\":\"https:\\\/\\\/oeilsportif.info\\\/#website\"},\"primaryImageOfPage\":{\"@id\":\"https:\\\/\\\/oeilsportif.info\\\/index.php\\\/voici-le-communique-du-gouvernement-suite-a-laccident-de-circulation-du-ministre-des-sports-et-de-la-jeunesse\\\/#primaryimage\"},\"image\":{\"@id\":\"https:\\\/\\\/oeilsportif.info\\\/index.php\\\/voici-le-communique-du-gouvernement-suite-a-laccident-de-circulation-du-ministre-des-sports-et-de-la-jeunesse\\\/#primaryimage\"},\"thumbnailUrl\":\"https:\\\/\\\/i0.wp.com\\\/oeilsportif.info\\\/wp-content\\\/uploads\\\/2022\\\/06\\\/FB_IMG_1654232290578.jpg?fit=720%2C1276&ssl=1\",\"datePublished\":\"2022-06-03T05:03:14+00:00\",\"author\":{\"@id\":\"https:\\\/\\\/oeilsportif.info\\\/#\\\/schema\\\/person\\\/cfbded294aa6095f7d96608d7905e9a1\"},\"inLanguage\":\"fr-FR\",\"potentialAction\":[{\"@type\":\"ReadAction\",\"target\":[\"https:\\\/\\\/oeilsportif.info\\\/index.php\\\/voici-le-communique-du-gouvernement-suite-a-laccident-de-circulation-du-ministre-des-sports-et-de-la-jeunesse\\\/\"]}]},{\"@type\":\"ImageObject\",\"inLanguage\":\"fr-FR\",\"@id\":\"https:\\\/\\\/oeilsportif.info\\\/index.php\\\/voici-le-communique-du-gouvernement-suite-a-laccident-de-circulation-du-ministre-des-sports-et-de-la-jeunesse\\\/#primaryimage\",\"url\":\"https:\\\/\\\/i0.wp.com\\\/oeilsportif.info\\\/wp-content\\\/uploads\\\/2022\\\/06\\\/FB_IMG_1654232290578.jpg?fit=720%2C1276&ssl=1\",\"contentUrl\":\"https:\\\/\\\/i0.wp.com\\\/oeilsportif.info\\\/wp-content\\\/uploads\\\/2022\\\/06\\\/FB_IMG_1654232290578.jpg?fit=720%2C1276&ssl=1\",\"width\":720,\"height\":1276},{\"@type\":\"WebSite\",\"@id\":\"https:\\\/\\\/oeilsportif.info\\\/#website\",\"url\":\"https:\\\/\\\/oeilsportif.info\\\/\",\"name\":\"le regard du sportif\",\"description\":\"\",\"potentialAction\":[{\"@type\":\"SearchAction\",\"target\":{\"@type\":\"EntryPoint\",\"urlTemplate\":\"https:\\\/\\\/oeilsportif.info\\\/?s={search_term_string}\"},\"query-input\":{\"@type\":\"PropertyValueSpecification\",\"valueRequired\":true,\"valueName\":\"search_term_string\"}}],\"inLanguage\":\"fr-FR\"},{\"@type\":\"Person\",\"@id\":\"https:\\\/\\\/oeilsportif.info\\\/#\\\/schema\\\/person\\\/cfbded294aa6095f7d96608d7905e9a1\",\"name\":\"L'Equipe de la R\u00e9daction\",\"image\":{\"@type\":\"ImageObject\",\"inLanguage\":\"fr-FR\",\"@id\":\"https:\\\/\\\/oeilsportif.info\\\/wp-content\\\/uploads\\\/2025\\\/07\\\/cropped-cropped-logo-os-96x96.jpeg\",\"url\":\"https:\\\/\\\/oeilsportif.info\\\/wp-content\\\/uploads\\\/2025\\\/07\\\/cropped-cropped-logo-os-96x96.jpeg\",\"contentUrl\":\"https:\\\/\\\/oeilsportif.info\\\/wp-content\\\/uploads\\\/2025\\\/07\\\/cropped-cropped-logo-os-96x96.jpeg\",\"caption\":\"L'Equipe de la R\u00e9daction\"},\"url\":\"https:\\\/\\\/oeilsportif.info\\\/index.php\\\/author\\\/tawel\\\/\"}]}<\/script>\n<!-- \/ Yoast SEO plugin. -->","yoast_head_json":{"title":"Voici le communiqu\u00e9 du gouvernement suite \u00e0 l'accident de circulation du Ministre des Sports et de la Jeunesse\u00a0 - le regard du sportif","robots":{"index":"index","follow":"follow","max-snippet":"max-snippet:-1","max-image-preview":"max-image-preview:large","max-video-preview":"max-video-preview:-1"},"canonical":"https:\/\/oeilsportif.info\/index.php\/voici-le-communique-du-gouvernement-suite-a-laccident-de-circulation-du-ministre-des-sports-et-de-la-jeunesse\/","og_locale":"fr_FR","og_type":"article","og_title":"Voici le communiqu\u00e9 du gouvernement suite \u00e0 l'accident de circulation du Ministre des Sports et de la Jeunesse\u00a0 - le regard du sportif","og_description":"En tourn\u00e9e en Haute Guin\u00e9e dans le cadre de l&rsquo;immersion gouvernementale, le ministre de la Jeunesse et des Sports Monsieur Lansana B\u00e9a Diallo et sa d\u00e9l\u00e9gation se rendaient ce jeudi, 2 juin, \u00e0 K\u00e9rouan\u00e9 lorsque le v\u00e9hicule de la s\u00e9curit\u00e9 du cort\u00e8ge minist\u00e9riel s&rsquo;est renvers\u00e9. Par la gr\u00e2ce de Dieu, il y a eu plus [&hellip;]","og_url":"https:\/\/oeilsportif.info\/index.php\/voici-le-communique-du-gouvernement-suite-a-laccident-de-circulation-du-ministre-des-sports-et-de-la-jeunesse\/","og_site_name":"le regard du sportif","article_published_time":"2022-06-03T05:03:14+00:00","og_image":[{"width":720,"height":1276,"url":"https:\/\/oeilsportif.info\/wp-content\/uploads\/2022\/06\/FB_IMG_1654232290578.jpg","type":"image\/jpeg"}],"author":"L'Equipe de la R\u00e9daction","twitter_misc":{"\u00c9crit par":"L'Equipe de la R\u00e9daction","Dur\u00e9e de lecture estim\u00e9e":"1 minute"},"schema":{"@context":"https:\/\/schema.org","@graph":[{"@type":"Article","@id":"https:\/\/oeilsportif.info\/index.php\/voici-le-communique-du-gouvernement-suite-a-laccident-de-circulation-du-ministre-des-sports-et-de-la-jeunesse\/#article","isPartOf":{"@id":"https:\/\/oeilsportif.info\/index.php\/voici-le-communique-du-gouvernement-suite-a-laccident-de-circulation-du-ministre-des-sports-et-de-la-jeunesse\/"},"author":{"name":"L'Equipe de la R\u00e9daction","@id":"https:\/\/oeilsportif.info\/#\/schema\/person\/cfbded294aa6095f7d96608d7905e9a1"},"headline":"Voici le communiqu\u00e9 du gouvernement suite \u00e0 l&rsquo;accident de circulation du Ministre des Sports et de la Jeunesse\u00a0","datePublished":"2022-06-03T05:03:14+00:00","mainEntityOfPage":{"@id":"https:\/\/oeilsportif.info\/index.php\/voici-le-communique-du-gouvernement-suite-a-laccident-de-circulation-du-ministre-des-sports-et-de-la-jeunesse\/"},"wordCount":149,"image":{"@id":"https:\/\/oeilsportif.info\/index.php\/voici-le-communique-du-gouvernement-suite-a-laccident-de-circulation-du-ministre-des-sports-et-de-la-jeunesse\/#primaryimage"},"thumbnailUrl":"https:\/\/i0.wp.com\/oeilsportif.info\/wp-content\/uploads\/2022\/06\/FB_IMG_1654232290578.jpg?fit=720%2C1276&ssl=1","articleSection":["Football"],"inLanguage":"fr-FR"},{"@type":"WebPage","@id":"https:\/\/oeilsportif.info\/index.php\/voici-le-communique-du-gouvernement-suite-a-laccident-de-circulation-du-ministre-des-sports-et-de-la-jeunesse\/","url":"https:\/\/oeilsportif.info\/index.php\/voici-le-communique-du-gouvernement-suite-a-laccident-de-circulation-du-ministre-des-sports-et-de-la-jeunesse\/","name":"Voici le communiqu\u00e9 du gouvernement suite \u00e0 l'accident de circulation du Ministre des Sports et de la Jeunesse\u00a0 - le regard du sportif","isPartOf":{"@id":"https:\/\/oeilsportif.info\/#website"},"primaryImageOfPage":{"@id":"https:\/\/oeilsportif.info\/index.php\/voici-le-communique-du-gouvernement-suite-a-laccident-de-circulation-du-ministre-des-sports-et-de-la-jeunesse\/#primaryimage"},"image":{"@id":"https:\/\/oeilsportif.info\/index.php\/voici-le-communique-du-gouvernement-suite-a-laccident-de-circulation-du-ministre-des-sports-et-de-la-jeunesse\/#primaryimage"},"thumbnailUrl":"https:\/\/i0.wp.com\/oeilsportif.info\/wp-content\/uploads\/2022\/06\/FB_IMG_1654232290578.jpg?fit=720%2C1276&ssl=1","datePublished":"2022-06-03T05:03:14+00:00","author":{"@id":"https:\/\/oeilsportif.info\/#\/schema\/person\/cfbded294aa6095f7d96608d7905e9a1"},"inLanguage":"fr-FR","potentialAction":[{"@type":"ReadAction","target":["https:\/\/oeilsportif.info\/index.php\/voici-le-communique-du-gouvernement-suite-a-laccident-de-circulation-du-ministre-des-sports-et-de-la-jeunesse\/"]}]},{"@type":"ImageObject","inLanguage":"fr-FR","@id":"https:\/\/oeilsportif.info\/index.php\/voici-le-communique-du-gouvernement-suite-a-laccident-de-circulation-du-ministre-des-sports-et-de-la-jeunesse\/#primaryimage","url":"https:\/\/i0.wp.com\/oeilsportif.info\/wp-content\/uploads\/2022\/06\/FB_IMG_1654232290578.jpg?fit=720%2C1276&ssl=1","contentUrl":"https:\/\/i0.wp.com\/oeilsportif.info\/wp-content\/uploads\/2022\/06\/FB_IMG_1654232290578.jpg?fit=720%2C1276&ssl=1","width":720,"height":1276},{"@type":"WebSite","@id":"https:\/\/oeilsportif.info\/#website","url":"https:\/\/oeilsportif.info\/","name":"le regard du sportif","description":"","potentialAction":[{"@type":"SearchAction","target":{"@type":"EntryPoint","urlTemplate":"https:\/\/oeilsportif.info\/?s={search_term_string}"},"query-input":{"@type":"PropertyValueSpecification","valueRequired":true,"valueName":"search_term_string"}}],"inLanguage":"fr-FR"},{"@type":"Person","@id":"https:\/\/oeilsportif.info\/#\/schema\/person\/cfbded294aa6095f7d96608d7905e9a1","name":"L'Equipe de la R\u00e9daction","image":{"@type":"ImageObject","inLanguage":"fr-FR","@id":"https:\/\/oeilsportif.info\/wp-content\/uploads\/2025\/07\/cropped-cropped-logo-os-96x96.jpeg","url":"https:\/\/oeilsportif.info\/wp-content\/uploads\/2025\/07\/cropped-cropped-logo-os-96x96.jpeg","contentUrl":"https:\/\/oeilsportif.info\/wp-content\/uploads\/2025\/07\/cropped-cropped-logo-os-96x96.jpeg","caption":"L'Equipe de la R\u00e9daction"},"url":"https:\/\/oeilsportif.info\/index.php\/author\/tawel\/"}]}},"jetpack_publicize_connections":[],"jetpack_featured_media_url":"https:\/\/i0.wp.com\/oeilsportif.info\/wp-content\/uploads\/2022\/06\/FB_IMG_1654232290578.jpg?fit=720%2C1276&ssl=1","jetpack-related-posts":[],"jetpack_sharing_enabled":true,"jetpack_likes_enabled":true,"jetpack_shortlink":"https:\/\/wp.me\/pgFE77-as","_links":{"self":[{"href":"https:\/\/oeilsportif.info\/index.php\/wp-json\/wp\/v2\/posts\/648","targetHints":{"allow":["GET"]}}],"collection":[{"href":"https:\/\/oeilsportif.info\/index.php\/wp-json\/wp\/v2\/posts"}],"about":[{"href":"https:\/\/oeilsportif.info\/index.php\/wp-json\/wp\/v2\/types\/post"}],"author":[{"embeddable":true,"href":"https:\/\/oeilsportif.info\/index.php\/wp-json\/wp\/v2\/users\/2"}],"replies":[{"embeddable":true,"href":"https:\/\/oeilsportif.info\/index.php\/wp-json\/wp\/v2\/comments?post=648"}],"version-history":[{"count":0,"href":"https:\/\/oeilsportif.info\/index.php\/wp-json\/wp\/v2\/posts\/648\/revisions"}],"wp:featuredmedia":[{"embeddable":true,"href":"https:\/\/oeilsportif.info\/index.php\/wp-json\/wp\/v2\/media\/649"}],"wp:attachment":[{"href":"https:\/\/oeilsportif.info\/index.php\/wp-json\/wp\/v2\/media?parent=648"}],"wp:term":[{"taxonomy":"category","embeddable":true,"href":"https:\/\/oeilsportif.info\/index.php\/wp-json\/wp\/v2\/categories?post=648"},{"taxonomy":"post_tag","embeddable":true,"href":"https:\/\/oeilsportif.info\/index.php\/wp-json\/wp\/v2\/tags?post=648"}],"curies":[{"name":"wp","href":"https:\/\/api.w.org\/{rel}","templated":true}]}}