{"id":645,"date":"2022-06-03T04:51:31","date_gmt":"2022-06-03T04:51:31","guid":{"rendered":"https:\/\/oeilsportif.info\/index.php\/?p=645"},"modified":"2022-06-03T04:51:31","modified_gmt":"2022-06-03T04:51:31","slug":"elim-can-2023-la-derniere-seance-dentrainement-des-elephants-avant-la-zambie-avec-des-absents-de-taille","status":"publish","type":"post","link":"https:\/\/oeilsportif.info\/index.php\/elim-can-2023-la-derniere-seance-dentrainement-des-elephants-avant-la-zambie-avec-des-absents-de-taille\/","title":{"rendered":"ELIM\/CAN 2023: La derni\u00e8re s\u00e9ance d&rsquo;entra\u00eenement des \u00e9l\u00e9phants avant la Zambie avec des absents de taille !"},"content":{"rendered":"<p><strong>Les El\u00e9phants de la C\u00f4te d&rsquo;Ivoire ont effectu\u00e9s leurs derniers s\u00e9ance d&rsquo;entra\u00eenement cet apr\u00e8s-midi avant le choc contre la Zambie comptant pour la premi\u00e8re journ\u00e9e des \u00e9liminatoires de la CAN qui sera abrit\u00e9 en 2023 par le pays de Didier Drogba.<\/strong><\/p>\n<p>Parmis les joueurs convoqu\u00e9s, 21 joueurs sont pr\u00e9sents et op\u00e9rationnels pour le match contre les Chipolopolo de la Zambie.<\/p>\n<p>Maxwell Cornet, Nicolas P\u00e9p\u00e9, Odilon Kossonou, \u00c9ric Bailly et Hassane Kamara ne seront pas disponibles ils sont remplac\u00e9s par Emmanuel Agbadou, Kouassi Attohoula et Oumar Diakit\u00e9 .<\/p>\n<p>Pour rappel, bien qu&rsquo;\u00e9tant qualifi\u00e9 en tant que pays organisateur, la C\u00f4te d&rsquo;Ivoire jouera tous les matchs de qualification et cela passera par ce premier match de ce vendredi 03 Juin 2023, o\u00f9 ils seront oppos\u00e9s aux Chipolopolos de la Zambie.<\/p>\n<p><strong>Thierno Yaya Diallo<\/strong><\/p>\n","protected":false},"excerpt":{"rendered":"<p>Les El\u00e9phants de la C\u00f4te d&rsquo;Ivoire ont effectu\u00e9s leurs derniers s\u00e9ance d&rsquo;entra\u00eenement cet apr\u00e8s-midi avant le choc contre la Zambie comptant pour la premi\u00e8re journ\u00e9e des \u00e9liminatoires de la CAN qui sera abrit\u00e9 en 2023 par le pays de Didier Drogba. Parmis les joueurs convoqu\u00e9s, 21 joueurs sont pr\u00e9sents et op\u00e9rationnels pour le match contre [&hellip;]<\/p>\n","protected":false},"author":2,"featured_media":646,"comment_status":"closed","ping_status":"open","sticky":false,"template":"","format":"standard","meta":{"_jetpack_memberships_contains_paid_content":false,"footnotes":"","jetpack_publicize_message":"","jetpack_publicize_feature_enabled":true,"jetpack_social_post_already_shared":true,"jetpack_social_options":{"image_generator_settings":{"template":"highway","default_image_id":0,"font":"","enabled":false},"version":2}},"categories":[5],"tags":[],"class_list":{"0":"post-645","1":"post","2":"type-post","3":"status-publish","4":"format-standard","5":"has-post-thumbnail","7":"category-football"},"yoast_head":"<!-- This site is optimized with the Yoast SEO plugin v27.5 - https:\/\/yoast.com\/product\/yoast-seo-wordpress\/ -->\n<title>ELIM\/CAN 2023: La derni\u00e8re s\u00e9ance d&#039;entra\u00eenement des \u00e9l\u00e9phants avant la Zambie avec des absents de taille ! - le regard du sportif<\/title>\n<meta name=\"robots\" content=\"index, follow, max-snippet:-1, max-image-preview:large, max-video-preview:-1\" \/>\n<link rel=\"canonical\" href=\"https:\/\/oeilsportif.info\/index.php\/elim-can-2023-la-derniere-seance-dentrainement-des-elephants-avant-la-zambie-avec-des-absents-de-taille\/\" \/>\n<meta property=\"og:locale\" content=\"fr_FR\" \/>\n<meta property=\"og:type\" content=\"article\" \/>\n<meta property=\"og:title\" content=\"ELIM\/CAN 2023: La derni\u00e8re s\u00e9ance d&#039;entra\u00eenement des \u00e9l\u00e9phants avant la Zambie avec des absents de taille ! - le regard du sportif\" \/>\n<meta property=\"og:description\" content=\"Les El\u00e9phants de la C\u00f4te d&rsquo;Ivoire ont effectu\u00e9s leurs derniers s\u00e9ance d&rsquo;entra\u00eenement cet apr\u00e8s-midi avant le choc contre la Zambie comptant pour la premi\u00e8re journ\u00e9e des \u00e9liminatoires de la CAN qui sera abrit\u00e9 en 2023 par le pays de Didier Drogba. Parmis les joueurs convoqu\u00e9s, 21 joueurs sont pr\u00e9sents et op\u00e9rationnels pour le match contre [&hellip;]\" \/>\n<meta property=\"og:url\" content=\"https:\/\/oeilsportif.info\/index.php\/elim-can-2023-la-derniere-seance-dentrainement-des-elephants-avant-la-zambie-avec-des-absents-de-taille\/\" \/>\n<meta property=\"og:site_name\" content=\"le regard du sportif\" \/>\n<meta property=\"article:published_time\" content=\"2022-06-03T04:51:31+00:00\" \/>\n<meta property=\"og:image\" content=\"https:\/\/oeilsportif.info\/wp-content\/uploads\/2022\/06\/received_3091354324462993.jpeg\" \/>\n\t<meta property=\"og:image:width\" content=\"720\" \/>\n\t<meta property=\"og:image:height\" content=\"522\" \/>\n\t<meta property=\"og:image:type\" content=\"image\/jpeg\" \/>\n<meta name=\"author\" content=\"L&#039;Equipe de la R\u00e9daction\" \/>\n<meta name=\"twitter:label1\" content=\"\u00c9crit par\" \/>\n\t<meta name=\"twitter:data1\" content=\"L&#039;Equipe de la R\u00e9daction\" \/>\n\t<meta name=\"twitter:label2\" content=\"Dur\u00e9e de lecture estim\u00e9e\" \/>\n\t<meta name=\"twitter:data2\" content=\"1 minute\" \/>\n<script type=\"application\/ld+json\" class=\"yoast-schema-graph\">{\"@context\":\"https:\\\/\\\/schema.org\",\"@graph\":[{\"@type\":\"Article\",\"@id\":\"https:\\\/\\\/oeilsportif.info\\\/index.php\\\/elim-can-2023-la-derniere-seance-dentrainement-des-elephants-avant-la-zambie-avec-des-absents-de-taille\\\/#article\",\"isPartOf\":{\"@id\":\"https:\\\/\\\/oeilsportif.info\\\/index.php\\\/elim-can-2023-la-derniere-seance-dentrainement-des-elephants-avant-la-zambie-avec-des-absents-de-taille\\\/\"},\"author\":{\"name\":\"L'Equipe de la R\u00e9daction\",\"@id\":\"https:\\\/\\\/oeilsportif.info\\\/#\\\/schema\\\/person\\\/cfbded294aa6095f7d96608d7905e9a1\"},\"headline\":\"ELIM\\\/CAN 2023: La derni\u00e8re s\u00e9ance d&rsquo;entra\u00eenement des \u00e9l\u00e9phants avant la Zambie avec des absents de taille !\",\"datePublished\":\"2022-06-03T04:51:31+00:00\",\"mainEntityOfPage\":{\"@id\":\"https:\\\/\\\/oeilsportif.info\\\/index.php\\\/elim-can-2023-la-derniere-seance-dentrainement-des-elephants-avant-la-zambie-avec-des-absents-de-taille\\\/\"},\"wordCount\":166,\"image\":{\"@id\":\"https:\\\/\\\/oeilsportif.info\\\/index.php\\\/elim-can-2023-la-derniere-seance-dentrainement-des-elephants-avant-la-zambie-avec-des-absents-de-taille\\\/#primaryimage\"},\"thumbnailUrl\":\"https:\\\/\\\/i0.wp.com\\\/oeilsportif.info\\\/wp-content\\\/uploads\\\/2022\\\/06\\\/received_3091354324462993.jpeg?fit=720%2C522&ssl=1\",\"articleSection\":[\"Football\"],\"inLanguage\":\"fr-FR\"},{\"@type\":\"WebPage\",\"@id\":\"https:\\\/\\\/oeilsportif.info\\\/index.php\\\/elim-can-2023-la-derniere-seance-dentrainement-des-elephants-avant-la-zambie-avec-des-absents-de-taille\\\/\",\"url\":\"https:\\\/\\\/oeilsportif.info\\\/index.php\\\/elim-can-2023-la-derniere-seance-dentrainement-des-elephants-avant-la-zambie-avec-des-absents-de-taille\\\/\",\"name\":\"ELIM\\\/CAN 2023: La derni\u00e8re s\u00e9ance d'entra\u00eenement des \u00e9l\u00e9phants avant la Zambie avec des absents de taille ! - le regard du sportif\",\"isPartOf\":{\"@id\":\"https:\\\/\\\/oeilsportif.info\\\/#website\"},\"primaryImageOfPage\":{\"@id\":\"https:\\\/\\\/oeilsportif.info\\\/index.php\\\/elim-can-2023-la-derniere-seance-dentrainement-des-elephants-avant-la-zambie-avec-des-absents-de-taille\\\/#primaryimage\"},\"image\":{\"@id\":\"https:\\\/\\\/oeilsportif.info\\\/index.php\\\/elim-can-2023-la-derniere-seance-dentrainement-des-elephants-avant-la-zambie-avec-des-absents-de-taille\\\/#primaryimage\"},\"thumbnailUrl\":\"https:\\\/\\\/i0.wp.com\\\/oeilsportif.info\\\/wp-content\\\/uploads\\\/2022\\\/06\\\/received_3091354324462993.jpeg?fit=720%2C522&ssl=1\",\"datePublished\":\"2022-06-03T04:51:31+00:00\",\"author\":{\"@id\":\"https:\\\/\\\/oeilsportif.info\\\/#\\\/schema\\\/person\\\/cfbded294aa6095f7d96608d7905e9a1\"},\"inLanguage\":\"fr-FR\",\"potentialAction\":[{\"@type\":\"ReadAction\",\"target\":[\"https:\\\/\\\/oeilsportif.info\\\/index.php\\\/elim-can-2023-la-derniere-seance-dentrainement-des-elephants-avant-la-zambie-avec-des-absents-de-taille\\\/\"]}]},{\"@type\":\"ImageObject\",\"inLanguage\":\"fr-FR\",\"@id\":\"https:\\\/\\\/oeilsportif.info\\\/index.php\\\/elim-can-2023-la-derniere-seance-dentrainement-des-elephants-avant-la-zambie-avec-des-absents-de-taille\\\/#primaryimage\",\"url\":\"https:\\\/\\\/i0.wp.com\\\/oeilsportif.info\\\/wp-content\\\/uploads\\\/2022\\\/06\\\/received_3091354324462993.jpeg?fit=720%2C522&ssl=1\",\"contentUrl\":\"https:\\\/\\\/i0.wp.com\\\/oeilsportif.info\\\/wp-content\\\/uploads\\\/2022\\\/06\\\/received_3091354324462993.jpeg?fit=720%2C522&ssl=1\",\"width\":720,\"height\":522},{\"@type\":\"WebSite\",\"@id\":\"https:\\\/\\\/oeilsportif.info\\\/#website\",\"url\":\"https:\\\/\\\/oeilsportif.info\\\/\",\"name\":\"le regard du sportif\",\"description\":\"\",\"potentialAction\":[{\"@type\":\"SearchAction\",\"target\":{\"@type\":\"EntryPoint\",\"urlTemplate\":\"https:\\\/\\\/oeilsportif.info\\\/?s={search_term_string}\"},\"query-input\":{\"@type\":\"PropertyValueSpecification\",\"valueRequired\":true,\"valueName\":\"search_term_string\"}}],\"inLanguage\":\"fr-FR\"},{\"@type\":\"Person\",\"@id\":\"https:\\\/\\\/oeilsportif.info\\\/#\\\/schema\\\/person\\\/cfbded294aa6095f7d96608d7905e9a1\",\"name\":\"L'Equipe de la R\u00e9daction\",\"image\":{\"@type\":\"ImageObject\",\"inLanguage\":\"fr-FR\",\"@id\":\"https:\\\/\\\/oeilsportif.info\\\/wp-content\\\/uploads\\\/2025\\\/07\\\/cropped-cropped-logo-os-96x96.jpeg\",\"url\":\"https:\\\/\\\/oeilsportif.info\\\/wp-content\\\/uploads\\\/2025\\\/07\\\/cropped-cropped-logo-os-96x96.jpeg\",\"contentUrl\":\"https:\\\/\\\/oeilsportif.info\\\/wp-content\\\/uploads\\\/2025\\\/07\\\/cropped-cropped-logo-os-96x96.jpeg\",\"caption\":\"L'Equipe de la R\u00e9daction\"},\"url\":\"https:\\\/\\\/oeilsportif.info\\\/index.php\\\/author\\\/tawel\\\/\"}]}<\/script>\n<!-- \/ Yoast SEO plugin. -->","yoast_head_json":{"title":"ELIM\/CAN 2023: La derni\u00e8re s\u00e9ance d'entra\u00eenement des \u00e9l\u00e9phants avant la Zambie avec des absents de taille ! - le regard du sportif","robots":{"index":"index","follow":"follow","max-snippet":"max-snippet:-1","max-image-preview":"max-image-preview:large","max-video-preview":"max-video-preview:-1"},"canonical":"https:\/\/oeilsportif.info\/index.php\/elim-can-2023-la-derniere-seance-dentrainement-des-elephants-avant-la-zambie-avec-des-absents-de-taille\/","og_locale":"fr_FR","og_type":"article","og_title":"ELIM\/CAN 2023: La derni\u00e8re s\u00e9ance d'entra\u00eenement des \u00e9l\u00e9phants avant la Zambie avec des absents de taille ! - le regard du sportif","og_description":"Les El\u00e9phants de la C\u00f4te d&rsquo;Ivoire ont effectu\u00e9s leurs derniers s\u00e9ance d&rsquo;entra\u00eenement cet apr\u00e8s-midi avant le choc contre la Zambie comptant pour la premi\u00e8re journ\u00e9e des \u00e9liminatoires de la CAN qui sera abrit\u00e9 en 2023 par le pays de Didier Drogba. Parmis les joueurs convoqu\u00e9s, 21 joueurs sont pr\u00e9sents et op\u00e9rationnels pour le match contre [&hellip;]","og_url":"https:\/\/oeilsportif.info\/index.php\/elim-can-2023-la-derniere-seance-dentrainement-des-elephants-avant-la-zambie-avec-des-absents-de-taille\/","og_site_name":"le regard du sportif","article_published_time":"2022-06-03T04:51:31+00:00","og_image":[{"width":720,"height":522,"url":"https:\/\/oeilsportif.info\/wp-content\/uploads\/2022\/06\/received_3091354324462993.jpeg","type":"image\/jpeg"}],"author":"L'Equipe de la R\u00e9daction","twitter_misc":{"\u00c9crit par":"L'Equipe de la R\u00e9daction","Dur\u00e9e de lecture estim\u00e9e":"1 minute"},"schema":{"@context":"https:\/\/schema.org","@graph":[{"@type":"Article","@id":"https:\/\/oeilsportif.info\/index.php\/elim-can-2023-la-derniere-seance-dentrainement-des-elephants-avant-la-zambie-avec-des-absents-de-taille\/#article","isPartOf":{"@id":"https:\/\/oeilsportif.info\/index.php\/elim-can-2023-la-derniere-seance-dentrainement-des-elephants-avant-la-zambie-avec-des-absents-de-taille\/"},"author":{"name":"L'Equipe de la R\u00e9daction","@id":"https:\/\/oeilsportif.info\/#\/schema\/person\/cfbded294aa6095f7d96608d7905e9a1"},"headline":"ELIM\/CAN 2023: La derni\u00e8re s\u00e9ance d&rsquo;entra\u00eenement des \u00e9l\u00e9phants avant la Zambie avec des absents de taille !","datePublished":"2022-06-03T04:51:31+00:00","mainEntityOfPage":{"@id":"https:\/\/oeilsportif.info\/index.php\/elim-can-2023-la-derniere-seance-dentrainement-des-elephants-avant-la-zambie-avec-des-absents-de-taille\/"},"wordCount":166,"image":{"@id":"https:\/\/oeilsportif.info\/index.php\/elim-can-2023-la-derniere-seance-dentrainement-des-elephants-avant-la-zambie-avec-des-absents-de-taille\/#primaryimage"},"thumbnailUrl":"https:\/\/i0.wp.com\/oeilsportif.info\/wp-content\/uploads\/2022\/06\/received_3091354324462993.jpeg?fit=720%2C522&ssl=1","articleSection":["Football"],"inLanguage":"fr-FR"},{"@type":"WebPage","@id":"https:\/\/oeilsportif.info\/index.php\/elim-can-2023-la-derniere-seance-dentrainement-des-elephants-avant-la-zambie-avec-des-absents-de-taille\/","url":"https:\/\/oeilsportif.info\/index.php\/elim-can-2023-la-derniere-seance-dentrainement-des-elephants-avant-la-zambie-avec-des-absents-de-taille\/","name":"ELIM\/CAN 2023: La derni\u00e8re s\u00e9ance d'entra\u00eenement des \u00e9l\u00e9phants avant la Zambie avec des absents de taille ! - le regard du sportif","isPartOf":{"@id":"https:\/\/oeilsportif.info\/#website"},"primaryImageOfPage":{"@id":"https:\/\/oeilsportif.info\/index.php\/elim-can-2023-la-derniere-seance-dentrainement-des-elephants-avant-la-zambie-avec-des-absents-de-taille\/#primaryimage"},"image":{"@id":"https:\/\/oeilsportif.info\/index.php\/elim-can-2023-la-derniere-seance-dentrainement-des-elephants-avant-la-zambie-avec-des-absents-de-taille\/#primaryimage"},"thumbnailUrl":"https:\/\/i0.wp.com\/oeilsportif.info\/wp-content\/uploads\/2022\/06\/received_3091354324462993.jpeg?fit=720%2C522&ssl=1","datePublished":"2022-06-03T04:51:31+00:00","author":{"@id":"https:\/\/oeilsportif.info\/#\/schema\/person\/cfbded294aa6095f7d96608d7905e9a1"},"inLanguage":"fr-FR","potentialAction":[{"@type":"ReadAction","target":["https:\/\/oeilsportif.info\/index.php\/elim-can-2023-la-derniere-seance-dentrainement-des-elephants-avant-la-zambie-avec-des-absents-de-taille\/"]}]},{"@type":"ImageObject","inLanguage":"fr-FR","@id":"https:\/\/oeilsportif.info\/index.php\/elim-can-2023-la-derniere-seance-dentrainement-des-elephants-avant-la-zambie-avec-des-absents-de-taille\/#primaryimage","url":"https:\/\/i0.wp.com\/oeilsportif.info\/wp-content\/uploads\/2022\/06\/received_3091354324462993.jpeg?fit=720%2C522&ssl=1","contentUrl":"https:\/\/i0.wp.com\/oeilsportif.info\/wp-content\/uploads\/2022\/06\/received_3091354324462993.jpeg?fit=720%2C522&ssl=1","width":720,"height":522},{"@type":"WebSite","@id":"https:\/\/oeilsportif.info\/#website","url":"https:\/\/oeilsportif.info\/","name":"le regard du sportif","description":"","potentialAction":[{"@type":"SearchAction","target":{"@type":"EntryPoint","urlTemplate":"https:\/\/oeilsportif.info\/?s={search_term_string}"},"query-input":{"@type":"PropertyValueSpecification","valueRequired":true,"valueName":"search_term_string"}}],"inLanguage":"fr-FR"},{"@type":"Person","@id":"https:\/\/oeilsportif.info\/#\/schema\/person\/cfbded294aa6095f7d96608d7905e9a1","name":"L'Equipe de la R\u00e9daction","image":{"@type":"ImageObject","inLanguage":"fr-FR","@id":"https:\/\/oeilsportif.info\/wp-content\/uploads\/2025\/07\/cropped-cropped-logo-os-96x96.jpeg","url":"https:\/\/oeilsportif.info\/wp-content\/uploads\/2025\/07\/cropped-cropped-logo-os-96x96.jpeg","contentUrl":"https:\/\/oeilsportif.info\/wp-content\/uploads\/2025\/07\/cropped-cropped-logo-os-96x96.jpeg","caption":"L'Equipe de la R\u00e9daction"},"url":"https:\/\/oeilsportif.info\/index.php\/author\/tawel\/"}]}},"jetpack_publicize_connections":[],"jetpack_featured_media_url":"https:\/\/i0.wp.com\/oeilsportif.info\/wp-content\/uploads\/2022\/06\/received_3091354324462993.jpeg?fit=720%2C522&ssl=1","jetpack-related-posts":[],"jetpack_sharing_enabled":true,"jetpack_likes_enabled":true,"jetpack_shortlink":"https:\/\/wp.me\/pgFE77-ap","_links":{"self":[{"href":"https:\/\/oeilsportif.info\/index.php\/wp-json\/wp\/v2\/posts\/645","targetHints":{"allow":["GET"]}}],"collection":[{"href":"https:\/\/oeilsportif.info\/index.php\/wp-json\/wp\/v2\/posts"}],"about":[{"href":"https:\/\/oeilsportif.info\/index.php\/wp-json\/wp\/v2\/types\/post"}],"author":[{"embeddable":true,"href":"https:\/\/oeilsportif.info\/index.php\/wp-json\/wp\/v2\/users\/2"}],"replies":[{"embeddable":true,"href":"https:\/\/oeilsportif.info\/index.php\/wp-json\/wp\/v2\/comments?post=645"}],"version-history":[{"count":0,"href":"https:\/\/oeilsportif.info\/index.php\/wp-json\/wp\/v2\/posts\/645\/revisions"}],"wp:featuredmedia":[{"embeddable":true,"href":"https:\/\/oeilsportif.info\/index.php\/wp-json\/wp\/v2\/media\/646"}],"wp:attachment":[{"href":"https:\/\/oeilsportif.info\/index.php\/wp-json\/wp\/v2\/media?parent=645"}],"wp:term":[{"taxonomy":"category","embeddable":true,"href":"https:\/\/oeilsportif.info\/index.php\/wp-json\/wp\/v2\/categories?post=645"},{"taxonomy":"post_tag","embeddable":true,"href":"https:\/\/oeilsportif.info\/index.php\/wp-json\/wp\/v2\/tags?post=645"}],"curies":[{"name":"wp","href":"https:\/\/api.w.org\/{rel}","templated":true}]}}