{"id":6443,"date":"2025-04-25T19:58:32","date_gmt":"2025-04-25T19:58:32","guid":{"rendered":"https:\/\/oeilsportif.info\/index.php\/?p=6443"},"modified":"2025-04-25T19:58:32","modified_gmt":"2025-04-25T19:58:32","slug":"partenariat-strategique-africa-global-logistics-devient-le-partenaire-logistique-officiel-des-prochaines-grandes-competitions-de-la-caf","status":"publish","type":"post","link":"https:\/\/oeilsportif.info\/index.php\/partenariat-strategique-africa-global-logistics-devient-le-partenaire-logistique-officiel-des-prochaines-grandes-competitions-de-la-caf\/","title":{"rendered":"Partenariat strat\u00e9gique : Africa Global Logistics devient le partenaire logistique officiel des prochaines grandes comp\u00e9titions de la CAF"},"content":{"rendered":"<p><strong>La Conf\u00e9d\u00e9ration Africaine de Football (CAF) vient d&rsquo;annoncer la signature d&rsquo;un accord majeur avec Africa Global Logistics (AGL), d\u00e9signant le g\u00e9ant mondial de la logistique comme partenaire officiel de deux \u00e9v\u00e9nements phares du football africain : la Coupe d&rsquo;Afrique des Nations TotalEnergies CAF Maroc 2025 et la Coupe d&rsquo;Afrique des Nations F\u00e9minine Maroc 2026.<\/strong><\/p>\n<p>Cette collaboration strat\u00e9gique s&rsquo;\u00e9tend bien au-del\u00e0 d&rsquo;un simple partenariat commercial. Elle s&rsquo;inscrit dans une vision partag\u00e9e par les deux organisations qui entendent utiliser le football comme vecteur de d\u00e9veloppement durable \u00e0 travers le continent africain. Ce rapprochement entre l&rsquo;instance dirigeante du football africain et l&rsquo;un des leaders mondiaux de la logistique en Afrique vise \u00e0 optimiser l&rsquo;organisation logistique complexe de ces deux comp\u00e9titions majeures.<\/p>\n<p><a href=\"https:\/\/i0.wp.com\/oeilsportif.info\/wp-content\/uploads\/2025\/04\/IMG_0834.jpeg?ssl=1\"><img data-recalc-dims=\"1\" loading=\"lazy\" decoding=\"async\" class=\"alignnone size-full wp-image-6445\" src=\"https:\/\/i0.wp.com\/oeilsportif.info\/wp-content\/uploads\/2025\/04\/IMG_0834.jpeg?resize=696%2C543&#038;ssl=1\" alt=\"\" width=\"696\" height=\"543\" srcset=\"https:\/\/i0.wp.com\/oeilsportif.info\/wp-content\/uploads\/2025\/04\/IMG_0834.jpeg?w=2048&amp;ssl=1 2048w, https:\/\/i0.wp.com\/oeilsportif.info\/wp-content\/uploads\/2025\/04\/IMG_0834.jpeg?resize=300%2C234&amp;ssl=1 300w, https:\/\/i0.wp.com\/oeilsportif.info\/wp-content\/uploads\/2025\/04\/IMG_0834.jpeg?resize=1024%2C799&amp;ssl=1 1024w, https:\/\/i0.wp.com\/oeilsportif.info\/wp-content\/uploads\/2025\/04\/IMG_0834.jpeg?resize=768%2C599&amp;ssl=1 768w, https:\/\/i0.wp.com\/oeilsportif.info\/wp-content\/uploads\/2025\/04\/IMG_0834.jpeg?resize=1536%2C1199&amp;ssl=1 1536w, https:\/\/i0.wp.com\/oeilsportif.info\/wp-content\/uploads\/2025\/04\/IMG_0834.jpeg?resize=696%2C543&amp;ssl=1 696w, https:\/\/i0.wp.com\/oeilsportif.info\/wp-content\/uploads\/2025\/04\/IMG_0834.jpeg?resize=1068%2C833&amp;ssl=1 1068w, https:\/\/i0.wp.com\/oeilsportif.info\/wp-content\/uploads\/2025\/04\/IMG_0834.jpeg?resize=538%2C420&amp;ssl=1 538w, https:\/\/i0.wp.com\/oeilsportif.info\/wp-content\/uploads\/2025\/04\/IMG_0834.jpeg?resize=1920%2C1498&amp;ssl=1 1920w, https:\/\/i0.wp.com\/oeilsportif.info\/wp-content\/uploads\/2025\/04\/IMG_0834.jpeg?w=1392&amp;ssl=1 1392w\" sizes=\"auto, (max-width: 696px) 100vw, 696px\" \/><\/a><\/p>\n<p>AGL, acteur incontournable du transport et de la logistique sur le continent avec une pr\u00e9sence dans plus de 40 pays, apportera son expertise pour relever les d\u00e9fis logistiques consid\u00e9rables que repr\u00e9sentent l&rsquo;organisation de tournois continentaux : transport des \u00e9quipes et des officiels, acheminement des \u00e9quipements sportifs, gestion des flux de spectateurs, et coordination des nombreuses op\u00e9rations logistiques indispensables au bon d\u00e9roulement de ces \u00e9v\u00e9nements d&rsquo;envergure internationale.<\/p>\n<p><a href=\"https:\/\/i0.wp.com\/oeilsportif.info\/wp-content\/uploads\/2025\/04\/IMG_0833.jpeg?ssl=1\"><img data-recalc-dims=\"1\" loading=\"lazy\" decoding=\"async\" class=\"alignnone size-full wp-image-6446\" src=\"https:\/\/i0.wp.com\/oeilsportif.info\/wp-content\/uploads\/2025\/04\/IMG_0833.jpeg?resize=696%2C520&#038;ssl=1\" alt=\"\" width=\"696\" height=\"520\" srcset=\"https:\/\/i0.wp.com\/oeilsportif.info\/wp-content\/uploads\/2025\/04\/IMG_0833.jpeg?w=2048&amp;ssl=1 2048w, https:\/\/i0.wp.com\/oeilsportif.info\/wp-content\/uploads\/2025\/04\/IMG_0833.jpeg?resize=300%2C224&amp;ssl=1 300w, https:\/\/i0.wp.com\/oeilsportif.info\/wp-content\/uploads\/2025\/04\/IMG_0833.jpeg?resize=1024%2C765&amp;ssl=1 1024w, https:\/\/i0.wp.com\/oeilsportif.info\/wp-content\/uploads\/2025\/04\/IMG_0833.jpeg?resize=768%2C574&amp;ssl=1 768w, https:\/\/i0.wp.com\/oeilsportif.info\/wp-content\/uploads\/2025\/04\/IMG_0833.jpeg?resize=1536%2C1148&amp;ssl=1 1536w, https:\/\/i0.wp.com\/oeilsportif.info\/wp-content\/uploads\/2025\/04\/IMG_0833.jpeg?resize=80%2C60&amp;ssl=1 80w, https:\/\/i0.wp.com\/oeilsportif.info\/wp-content\/uploads\/2025\/04\/IMG_0833.jpeg?resize=265%2C198&amp;ssl=1 265w, https:\/\/i0.wp.com\/oeilsportif.info\/wp-content\/uploads\/2025\/04\/IMG_0833.jpeg?resize=696%2C520&amp;ssl=1 696w, https:\/\/i0.wp.com\/oeilsportif.info\/wp-content\/uploads\/2025\/04\/IMG_0833.jpeg?resize=1068%2C798&amp;ssl=1 1068w, https:\/\/i0.wp.com\/oeilsportif.info\/wp-content\/uploads\/2025\/04\/IMG_0833.jpeg?resize=562%2C420&amp;ssl=1 562w, https:\/\/i0.wp.com\/oeilsportif.info\/wp-content\/uploads\/2025\/04\/IMG_0833.jpeg?resize=1920%2C1434&amp;ssl=1 1920w, https:\/\/i0.wp.com\/oeilsportif.info\/wp-content\/uploads\/2025\/04\/IMG_0833.jpeg?w=1392&amp;ssl=1 1392w\" sizes=\"auto, (max-width: 696px) 100vw, 696px\" \/><\/a><\/p>\n<p>Pour la CAF, ce partenariat s&rsquo;inscrit dans une strat\u00e9gie globale d&rsquo;am\u00e9lioration constante de la qualit\u00e9 organisationnelle de ses comp\u00e9titions phares. Apr\u00e8s avoir \u00e9largi le format de la CAN \u00e0 24 \u00e9quipes et augment\u00e9 la dotation financi\u00e8re des comp\u00e9titions, l&rsquo;instance panafricaine poursuit sa politique de professionnalisation en s&rsquo;associant \u00e0 des partenaires de premier plan.<\/p>\n<p>Le choix du Maroc comme pays h\u00f4te pour ces deux comp\u00e9titions successives (CAN masculine 2025 et CAN f\u00e9minine 2026) t\u00e9moigne \u00e9galement de la confiance accord\u00e9e aux infrastructures et aux capacit\u00e9s organisationnelles du royaume ch\u00e9rifien, qui a d\u00e9montr\u00e9 \u00e0 plusieurs reprises sa capacit\u00e9 \u00e0 organiser des \u00e9v\u00e9nements sportifs internationaux de grande envergure.<\/p>\n<p><a href=\"https:\/\/i0.wp.com\/oeilsportif.info\/wp-content\/uploads\/2025\/04\/IMG_0835.jpeg?ssl=1\"><img data-recalc-dims=\"1\" loading=\"lazy\" decoding=\"async\" class=\"alignnone size-full wp-image-6447\" src=\"https:\/\/i0.wp.com\/oeilsportif.info\/wp-content\/uploads\/2025\/04\/IMG_0835.jpeg?resize=696%2C463&#038;ssl=1\" alt=\"\" width=\"696\" height=\"463\" srcset=\"https:\/\/i0.wp.com\/oeilsportif.info\/wp-content\/uploads\/2025\/04\/IMG_0835.jpeg?w=2048&amp;ssl=1 2048w, https:\/\/i0.wp.com\/oeilsportif.info\/wp-content\/uploads\/2025\/04\/IMG_0835.jpeg?resize=300%2C200&amp;ssl=1 300w, https:\/\/i0.wp.com\/oeilsportif.info\/wp-content\/uploads\/2025\/04\/IMG_0835.jpeg?resize=1024%2C681&amp;ssl=1 1024w, https:\/\/i0.wp.com\/oeilsportif.info\/wp-content\/uploads\/2025\/04\/IMG_0835.jpeg?resize=768%2C511&amp;ssl=1 768w, https:\/\/i0.wp.com\/oeilsportif.info\/wp-content\/uploads\/2025\/04\/IMG_0835.jpeg?resize=1536%2C1022&amp;ssl=1 1536w, https:\/\/i0.wp.com\/oeilsportif.info\/wp-content\/uploads\/2025\/04\/IMG_0835.jpeg?resize=696%2C463&amp;ssl=1 696w, https:\/\/i0.wp.com\/oeilsportif.info\/wp-content\/uploads\/2025\/04\/IMG_0835.jpeg?resize=1068%2C710&amp;ssl=1 1068w, https:\/\/i0.wp.com\/oeilsportif.info\/wp-content\/uploads\/2025\/04\/IMG_0835.jpeg?resize=632%2C420&amp;ssl=1 632w, https:\/\/i0.wp.com\/oeilsportif.info\/wp-content\/uploads\/2025\/04\/IMG_0835.jpeg?resize=1920%2C1277&amp;ssl=1 1920w, https:\/\/i0.wp.com\/oeilsportif.info\/wp-content\/uploads\/2025\/04\/IMG_0835.jpeg?w=1392&amp;ssl=1 1392w\" sizes=\"auto, (max-width: 696px) 100vw, 696px\" \/><\/a><\/p>\n<p>La dimension d\u00e9veloppement durable de ce partenariat m\u00e9rite d&rsquo;\u00eatre soulign\u00e9e. Les deux organisations ont exprim\u00e9 leur volont\u00e9 commune de faire de ces comp\u00e9titions des vitrines de pratiques durables et responsables, avec une attention particuli\u00e8re port\u00e9e \u00e0 l&rsquo;impact environnemental, social et \u00e9conomique des \u00e9v\u00e9nements sur les communaut\u00e9s locales.<\/p>\n","protected":false},"excerpt":{"rendered":"<p>La Conf\u00e9d\u00e9ration Africaine de Football (CAF) vient d&rsquo;annoncer la signature d&rsquo;un accord majeur avec Africa Global Logistics (AGL), d\u00e9signant le g\u00e9ant mondial de la logistique comme partenaire officiel de deux \u00e9v\u00e9nements phares du football africain : la Coupe d&rsquo;Afrique des Nations TotalEnergies CAF Maroc 2025 et la Coupe d&rsquo;Afrique des Nations F\u00e9minine Maroc 2026. Cette [&hellip;]<\/p>\n","protected":false},"author":2,"featured_media":6444,"comment_status":"closed","ping_status":"closed","sticky":false,"template":"","format":"standard","meta":{"_jetpack_memberships_contains_paid_content":false,"footnotes":"","jetpack_publicize_message":"","jetpack_publicize_feature_enabled":true,"jetpack_social_post_already_shared":true,"jetpack_social_options":{"image_generator_settings":{"template":"highway","default_image_id":0,"font":"","enabled":false},"version":2}},"categories":[10,5],"tags":[],"class_list":{"0":"post-6443","1":"post","2":"type-post","3":"status-publish","4":"format-standard","5":"has-post-thumbnail","7":"category-actualite","8":"category-football"},"yoast_head":"<!-- This site is optimized with the Yoast SEO plugin v27.5 - https:\/\/yoast.com\/product\/yoast-seo-wordpress\/ -->\n<title>Partenariat strat\u00e9gique : Africa Global Logistics devient le partenaire logistique officiel des prochaines grandes comp\u00e9titions de la CAF - le regard du sportif<\/title>\n<meta name=\"robots\" content=\"index, follow, max-snippet:-1, max-image-preview:large, max-video-preview:-1\" \/>\n<link rel=\"canonical\" href=\"https:\/\/oeilsportif.info\/index.php\/partenariat-strategique-africa-global-logistics-devient-le-partenaire-logistique-officiel-des-prochaines-grandes-competitions-de-la-caf\/\" \/>\n<meta property=\"og:locale\" content=\"fr_FR\" \/>\n<meta property=\"og:type\" content=\"article\" \/>\n<meta property=\"og:title\" content=\"Partenariat strat\u00e9gique : Africa Global Logistics devient le partenaire logistique officiel des prochaines grandes comp\u00e9titions de la CAF - le regard du sportif\" \/>\n<meta property=\"og:description\" content=\"La Conf\u00e9d\u00e9ration Africaine de Football (CAF) vient d&rsquo;annoncer la signature d&rsquo;un accord majeur avec Africa Global Logistics (AGL), d\u00e9signant le g\u00e9ant mondial de la logistique comme partenaire officiel de deux \u00e9v\u00e9nements phares du football africain : la Coupe d&rsquo;Afrique des Nations TotalEnergies CAF Maroc 2025 et la Coupe d&rsquo;Afrique des Nations F\u00e9minine Maroc 2026. Cette [&hellip;]\" \/>\n<meta property=\"og:url\" content=\"https:\/\/oeilsportif.info\/index.php\/partenariat-strategique-africa-global-logistics-devient-le-partenaire-logistique-officiel-des-prochaines-grandes-competitions-de-la-caf\/\" \/>\n<meta property=\"og:site_name\" content=\"le regard du sportif\" \/>\n<meta property=\"article:published_time\" content=\"2025-04-25T19:58:32+00:00\" \/>\n<meta property=\"og:image\" content=\"https:\/\/oeilsportif.info\/wp-content\/uploads\/2025\/04\/IMG_0832.jpeg\" \/>\n\t<meta property=\"og:image:width\" content=\"2048\" \/>\n\t<meta property=\"og:image:height\" content=\"1362\" \/>\n\t<meta property=\"og:image:type\" content=\"image\/jpeg\" \/>\n<meta name=\"author\" content=\"L&#039;Equipe de la R\u00e9daction\" \/>\n<meta name=\"twitter:label1\" content=\"\u00c9crit par\" \/>\n\t<meta name=\"twitter:data1\" content=\"L&#039;Equipe de la R\u00e9daction\" \/>\n\t<meta name=\"twitter:label2\" content=\"Dur\u00e9e de lecture estim\u00e9e\" \/>\n\t<meta name=\"twitter:data2\" content=\"3 minutes\" \/>\n<script type=\"application\/ld+json\" class=\"yoast-schema-graph\">{\"@context\":\"https:\\\/\\\/schema.org\",\"@graph\":[{\"@type\":\"Article\",\"@id\":\"https:\\\/\\\/oeilsportif.info\\\/index.php\\\/partenariat-strategique-africa-global-logistics-devient-le-partenaire-logistique-officiel-des-prochaines-grandes-competitions-de-la-caf\\\/#article\",\"isPartOf\":{\"@id\":\"https:\\\/\\\/oeilsportif.info\\\/index.php\\\/partenariat-strategique-africa-global-logistics-devient-le-partenaire-logistique-officiel-des-prochaines-grandes-competitions-de-la-caf\\\/\"},\"author\":{\"name\":\"L'Equipe de la R\u00e9daction\",\"@id\":\"https:\\\/\\\/oeilsportif.info\\\/#\\\/schema\\\/person\\\/cfbded294aa6095f7d96608d7905e9a1\"},\"headline\":\"Partenariat strat\u00e9gique : Africa Global Logistics devient le partenaire logistique officiel des prochaines grandes comp\u00e9titions de la CAF\",\"datePublished\":\"2025-04-25T19:58:32+00:00\",\"mainEntityOfPage\":{\"@id\":\"https:\\\/\\\/oeilsportif.info\\\/index.php\\\/partenariat-strategique-africa-global-logistics-devient-le-partenaire-logistique-officiel-des-prochaines-grandes-competitions-de-la-caf\\\/\"},\"wordCount\":397,\"image\":{\"@id\":\"https:\\\/\\\/oeilsportif.info\\\/index.php\\\/partenariat-strategique-africa-global-logistics-devient-le-partenaire-logistique-officiel-des-prochaines-grandes-competitions-de-la-caf\\\/#primaryimage\"},\"thumbnailUrl\":\"https:\\\/\\\/i0.wp.com\\\/oeilsportif.info\\\/wp-content\\\/uploads\\\/2025\\\/04\\\/IMG_0832.jpeg?fit=2048%2C1362&ssl=1\",\"articleSection\":[\"Actualit\u00e9\",\"Football\"],\"inLanguage\":\"fr-FR\"},{\"@type\":\"WebPage\",\"@id\":\"https:\\\/\\\/oeilsportif.info\\\/index.php\\\/partenariat-strategique-africa-global-logistics-devient-le-partenaire-logistique-officiel-des-prochaines-grandes-competitions-de-la-caf\\\/\",\"url\":\"https:\\\/\\\/oeilsportif.info\\\/index.php\\\/partenariat-strategique-africa-global-logistics-devient-le-partenaire-logistique-officiel-des-prochaines-grandes-competitions-de-la-caf\\\/\",\"name\":\"Partenariat strat\u00e9gique : Africa Global Logistics devient le partenaire logistique officiel des prochaines grandes comp\u00e9titions de la CAF - le regard du sportif\",\"isPartOf\":{\"@id\":\"https:\\\/\\\/oeilsportif.info\\\/#website\"},\"primaryImageOfPage\":{\"@id\":\"https:\\\/\\\/oeilsportif.info\\\/index.php\\\/partenariat-strategique-africa-global-logistics-devient-le-partenaire-logistique-officiel-des-prochaines-grandes-competitions-de-la-caf\\\/#primaryimage\"},\"image\":{\"@id\":\"https:\\\/\\\/oeilsportif.info\\\/index.php\\\/partenariat-strategique-africa-global-logistics-devient-le-partenaire-logistique-officiel-des-prochaines-grandes-competitions-de-la-caf\\\/#primaryimage\"},\"thumbnailUrl\":\"https:\\\/\\\/i0.wp.com\\\/oeilsportif.info\\\/wp-content\\\/uploads\\\/2025\\\/04\\\/IMG_0832.jpeg?fit=2048%2C1362&ssl=1\",\"datePublished\":\"2025-04-25T19:58:32+00:00\",\"author\":{\"@id\":\"https:\\\/\\\/oeilsportif.info\\\/#\\\/schema\\\/person\\\/cfbded294aa6095f7d96608d7905e9a1\"},\"inLanguage\":\"fr-FR\",\"potentialAction\":[{\"@type\":\"ReadAction\",\"target\":[\"https:\\\/\\\/oeilsportif.info\\\/index.php\\\/partenariat-strategique-africa-global-logistics-devient-le-partenaire-logistique-officiel-des-prochaines-grandes-competitions-de-la-caf\\\/\"]}]},{\"@type\":\"ImageObject\",\"inLanguage\":\"fr-FR\",\"@id\":\"https:\\\/\\\/oeilsportif.info\\\/index.php\\\/partenariat-strategique-africa-global-logistics-devient-le-partenaire-logistique-officiel-des-prochaines-grandes-competitions-de-la-caf\\\/#primaryimage\",\"url\":\"https:\\\/\\\/i0.wp.com\\\/oeilsportif.info\\\/wp-content\\\/uploads\\\/2025\\\/04\\\/IMG_0832.jpeg?fit=2048%2C1362&ssl=1\",\"contentUrl\":\"https:\\\/\\\/i0.wp.com\\\/oeilsportif.info\\\/wp-content\\\/uploads\\\/2025\\\/04\\\/IMG_0832.jpeg?fit=2048%2C1362&ssl=1\",\"width\":2048,\"height\":1362},{\"@type\":\"WebSite\",\"@id\":\"https:\\\/\\\/oeilsportif.info\\\/#website\",\"url\":\"https:\\\/\\\/oeilsportif.info\\\/\",\"name\":\"le regard du sportif\",\"description\":\"\",\"potentialAction\":[{\"@type\":\"SearchAction\",\"target\":{\"@type\":\"EntryPoint\",\"urlTemplate\":\"https:\\\/\\\/oeilsportif.info\\\/?s={search_term_string}\"},\"query-input\":{\"@type\":\"PropertyValueSpecification\",\"valueRequired\":true,\"valueName\":\"search_term_string\"}}],\"inLanguage\":\"fr-FR\"},{\"@type\":\"Person\",\"@id\":\"https:\\\/\\\/oeilsportif.info\\\/#\\\/schema\\\/person\\\/cfbded294aa6095f7d96608d7905e9a1\",\"name\":\"L'Equipe de la R\u00e9daction\",\"image\":{\"@type\":\"ImageObject\",\"inLanguage\":\"fr-FR\",\"@id\":\"https:\\\/\\\/oeilsportif.info\\\/wp-content\\\/uploads\\\/2025\\\/07\\\/cropped-cropped-logo-os-96x96.jpeg\",\"url\":\"https:\\\/\\\/oeilsportif.info\\\/wp-content\\\/uploads\\\/2025\\\/07\\\/cropped-cropped-logo-os-96x96.jpeg\",\"contentUrl\":\"https:\\\/\\\/oeilsportif.info\\\/wp-content\\\/uploads\\\/2025\\\/07\\\/cropped-cropped-logo-os-96x96.jpeg\",\"caption\":\"L'Equipe de la R\u00e9daction\"},\"url\":\"https:\\\/\\\/oeilsportif.info\\\/index.php\\\/author\\\/tawel\\\/\"}]}<\/script>\n<!-- \/ Yoast SEO plugin. -->","yoast_head_json":{"title":"Partenariat strat\u00e9gique : Africa Global Logistics devient le partenaire logistique officiel des prochaines grandes comp\u00e9titions de la CAF - le regard du sportif","robots":{"index":"index","follow":"follow","max-snippet":"max-snippet:-1","max-image-preview":"max-image-preview:large","max-video-preview":"max-video-preview:-1"},"canonical":"https:\/\/oeilsportif.info\/index.php\/partenariat-strategique-africa-global-logistics-devient-le-partenaire-logistique-officiel-des-prochaines-grandes-competitions-de-la-caf\/","og_locale":"fr_FR","og_type":"article","og_title":"Partenariat strat\u00e9gique : Africa Global Logistics devient le partenaire logistique officiel des prochaines grandes comp\u00e9titions de la CAF - le regard du sportif","og_description":"La Conf\u00e9d\u00e9ration Africaine de Football (CAF) vient d&rsquo;annoncer la signature d&rsquo;un accord majeur avec Africa Global Logistics (AGL), d\u00e9signant le g\u00e9ant mondial de la logistique comme partenaire officiel de deux \u00e9v\u00e9nements phares du football africain : la Coupe d&rsquo;Afrique des Nations TotalEnergies CAF Maroc 2025 et la Coupe d&rsquo;Afrique des Nations F\u00e9minine Maroc 2026. Cette [&hellip;]","og_url":"https:\/\/oeilsportif.info\/index.php\/partenariat-strategique-africa-global-logistics-devient-le-partenaire-logistique-officiel-des-prochaines-grandes-competitions-de-la-caf\/","og_site_name":"le regard du sportif","article_published_time":"2025-04-25T19:58:32+00:00","og_image":[{"width":2048,"height":1362,"url":"https:\/\/oeilsportif.info\/wp-content\/uploads\/2025\/04\/IMG_0832.jpeg","type":"image\/jpeg"}],"author":"L'Equipe de la R\u00e9daction","twitter_misc":{"\u00c9crit par":"L'Equipe de la R\u00e9daction","Dur\u00e9e de lecture estim\u00e9e":"3 minutes"},"schema":{"@context":"https:\/\/schema.org","@graph":[{"@type":"Article","@id":"https:\/\/oeilsportif.info\/index.php\/partenariat-strategique-africa-global-logistics-devient-le-partenaire-logistique-officiel-des-prochaines-grandes-competitions-de-la-caf\/#article","isPartOf":{"@id":"https:\/\/oeilsportif.info\/index.php\/partenariat-strategique-africa-global-logistics-devient-le-partenaire-logistique-officiel-des-prochaines-grandes-competitions-de-la-caf\/"},"author":{"name":"L'Equipe de la R\u00e9daction","@id":"https:\/\/oeilsportif.info\/#\/schema\/person\/cfbded294aa6095f7d96608d7905e9a1"},"headline":"Partenariat strat\u00e9gique : Africa Global Logistics devient le partenaire logistique officiel des prochaines grandes comp\u00e9titions de la CAF","datePublished":"2025-04-25T19:58:32+00:00","mainEntityOfPage":{"@id":"https:\/\/oeilsportif.info\/index.php\/partenariat-strategique-africa-global-logistics-devient-le-partenaire-logistique-officiel-des-prochaines-grandes-competitions-de-la-caf\/"},"wordCount":397,"image":{"@id":"https:\/\/oeilsportif.info\/index.php\/partenariat-strategique-africa-global-logistics-devient-le-partenaire-logistique-officiel-des-prochaines-grandes-competitions-de-la-caf\/#primaryimage"},"thumbnailUrl":"https:\/\/i0.wp.com\/oeilsportif.info\/wp-content\/uploads\/2025\/04\/IMG_0832.jpeg?fit=2048%2C1362&ssl=1","articleSection":["Actualit\u00e9","Football"],"inLanguage":"fr-FR"},{"@type":"WebPage","@id":"https:\/\/oeilsportif.info\/index.php\/partenariat-strategique-africa-global-logistics-devient-le-partenaire-logistique-officiel-des-prochaines-grandes-competitions-de-la-caf\/","url":"https:\/\/oeilsportif.info\/index.php\/partenariat-strategique-africa-global-logistics-devient-le-partenaire-logistique-officiel-des-prochaines-grandes-competitions-de-la-caf\/","name":"Partenariat strat\u00e9gique : Africa Global Logistics devient le partenaire logistique officiel des prochaines grandes comp\u00e9titions de la CAF - le regard du sportif","isPartOf":{"@id":"https:\/\/oeilsportif.info\/#website"},"primaryImageOfPage":{"@id":"https:\/\/oeilsportif.info\/index.php\/partenariat-strategique-africa-global-logistics-devient-le-partenaire-logistique-officiel-des-prochaines-grandes-competitions-de-la-caf\/#primaryimage"},"image":{"@id":"https:\/\/oeilsportif.info\/index.php\/partenariat-strategique-africa-global-logistics-devient-le-partenaire-logistique-officiel-des-prochaines-grandes-competitions-de-la-caf\/#primaryimage"},"thumbnailUrl":"https:\/\/i0.wp.com\/oeilsportif.info\/wp-content\/uploads\/2025\/04\/IMG_0832.jpeg?fit=2048%2C1362&ssl=1","datePublished":"2025-04-25T19:58:32+00:00","author":{"@id":"https:\/\/oeilsportif.info\/#\/schema\/person\/cfbded294aa6095f7d96608d7905e9a1"},"inLanguage":"fr-FR","potentialAction":[{"@type":"ReadAction","target":["https:\/\/oeilsportif.info\/index.php\/partenariat-strategique-africa-global-logistics-devient-le-partenaire-logistique-officiel-des-prochaines-grandes-competitions-de-la-caf\/"]}]},{"@type":"ImageObject","inLanguage":"fr-FR","@id":"https:\/\/oeilsportif.info\/index.php\/partenariat-strategique-africa-global-logistics-devient-le-partenaire-logistique-officiel-des-prochaines-grandes-competitions-de-la-caf\/#primaryimage","url":"https:\/\/i0.wp.com\/oeilsportif.info\/wp-content\/uploads\/2025\/04\/IMG_0832.jpeg?fit=2048%2C1362&ssl=1","contentUrl":"https:\/\/i0.wp.com\/oeilsportif.info\/wp-content\/uploads\/2025\/04\/IMG_0832.jpeg?fit=2048%2C1362&ssl=1","width":2048,"height":1362},{"@type":"WebSite","@id":"https:\/\/oeilsportif.info\/#website","url":"https:\/\/oeilsportif.info\/","name":"le regard du sportif","description":"","potentialAction":[{"@type":"SearchAction","target":{"@type":"EntryPoint","urlTemplate":"https:\/\/oeilsportif.info\/?s={search_term_string}"},"query-input":{"@type":"PropertyValueSpecification","valueRequired":true,"valueName":"search_term_string"}}],"inLanguage":"fr-FR"},{"@type":"Person","@id":"https:\/\/oeilsportif.info\/#\/schema\/person\/cfbded294aa6095f7d96608d7905e9a1","name":"L'Equipe de la R\u00e9daction","image":{"@type":"ImageObject","inLanguage":"fr-FR","@id":"https:\/\/oeilsportif.info\/wp-content\/uploads\/2025\/07\/cropped-cropped-logo-os-96x96.jpeg","url":"https:\/\/oeilsportif.info\/wp-content\/uploads\/2025\/07\/cropped-cropped-logo-os-96x96.jpeg","contentUrl":"https:\/\/oeilsportif.info\/wp-content\/uploads\/2025\/07\/cropped-cropped-logo-os-96x96.jpeg","caption":"L'Equipe de la R\u00e9daction"},"url":"https:\/\/oeilsportif.info\/index.php\/author\/tawel\/"}]}},"jetpack_publicize_connections":[],"jetpack_featured_media_url":"https:\/\/i0.wp.com\/oeilsportif.info\/wp-content\/uploads\/2025\/04\/IMG_0832.jpeg?fit=2048%2C1362&ssl=1","jetpack-related-posts":[],"jetpack_sharing_enabled":true,"jetpack_likes_enabled":true,"jetpack_shortlink":"https:\/\/wp.me\/pgFE77-1FV","_links":{"self":[{"href":"https:\/\/oeilsportif.info\/index.php\/wp-json\/wp\/v2\/posts\/6443","targetHints":{"allow":["GET"]}}],"collection":[{"href":"https:\/\/oeilsportif.info\/index.php\/wp-json\/wp\/v2\/posts"}],"about":[{"href":"https:\/\/oeilsportif.info\/index.php\/wp-json\/wp\/v2\/types\/post"}],"author":[{"embeddable":true,"href":"https:\/\/oeilsportif.info\/index.php\/wp-json\/wp\/v2\/users\/2"}],"replies":[{"embeddable":true,"href":"https:\/\/oeilsportif.info\/index.php\/wp-json\/wp\/v2\/comments?post=6443"}],"version-history":[{"count":0,"href":"https:\/\/oeilsportif.info\/index.php\/wp-json\/wp\/v2\/posts\/6443\/revisions"}],"wp:featuredmedia":[{"embeddable":true,"href":"https:\/\/oeilsportif.info\/index.php\/wp-json\/wp\/v2\/media\/6444"}],"wp:attachment":[{"href":"https:\/\/oeilsportif.info\/index.php\/wp-json\/wp\/v2\/media?parent=6443"}],"wp:term":[{"taxonomy":"category","embeddable":true,"href":"https:\/\/oeilsportif.info\/index.php\/wp-json\/wp\/v2\/categories?post=6443"},{"taxonomy":"post_tag","embeddable":true,"href":"https:\/\/oeilsportif.info\/index.php\/wp-json\/wp\/v2\/tags?post=6443"}],"curies":[{"name":"wp","href":"https:\/\/api.w.org\/{rel}","templated":true}]}}