{"id":635,"date":"2022-06-02T19:33:27","date_gmt":"2022-06-02T19:33:27","guid":{"rendered":"https:\/\/oeilsportif.info\/index.php\/?p=635"},"modified":"2022-06-02T19:33:27","modified_gmt":"2022-06-02T19:33:27","slug":"info-mic-rencontre-avec-le-cocan","status":"publish","type":"post","link":"https:\/\/oeilsportif.info\/index.php\/info-mic-rencontre-avec-le-cocan\/","title":{"rendered":"INFO\/MIC : RENCONTRE AVEC LE COCAN !"},"content":{"rendered":"<p style=\"text-align: center\"><strong>Ce Mercredi 1er juin 2022, la Commission Interne pour la CAN 2025 du Minist\u00e8re de l\u2019Information et de la Communication a \u00e9t\u00e9 re\u00e7ue par les membres du Comit\u00e9 d\u2019Organisation de la Coupe d\u2019Afrique des Nations (COCAN 2025).<\/strong><\/p>\n<p>Au compte de cette rencontre, la Commission interne, par le biais de son Pr\u00e9sident M. NFa Ousmane Camara , a pr\u00e9sent\u00e9 les Termes de R\u00e9f\u00e9rence des diff\u00e9rents volets d\u2019activit\u00e9s de couverture m\u00e9diatique qu&rsquo;elle a \u00e9labor\u00e9s pour la r\u00e9ussite de la CAN2025 pr\u00e9vue en Guin\u00e9e.<br \/>\nCes termes de r\u00e9f\u00e9rence sont relatifs entre autres :<br \/>\n&#8211; A l&rsquo;infrastructure et aux \u00e9quipements n\u00e9cessaires \u00e0 la couverture m\u00e9diatique;<br \/>\n&#8211; Au personnel pertinent devant intervenir au cours de la CAN;<br \/>\n&#8211; A l&rsquo;evaluation des activit\u00e9s.<br \/>\nLe volet publicit\u00e9 a \u00e9t\u00e9 \u00e9voqu\u00e9 et devra faire l\u2019objet de reflexion et prise en compte prochainement.<\/p>\n<p>Le Comit\u00e9 d&rsquo;Organisation de la CAN s&rsquo;est dit satisfait de la qualit\u00e9 du travail rendu.<\/p>\n<p>Minist\u00e8re de l&rsquo;information et de la Communication<\/p>\n","protected":false},"excerpt":{"rendered":"<p>Ce Mercredi 1er juin 2022, la Commission Interne pour la CAN 2025 du Minist\u00e8re de l\u2019Information et de la Communication a \u00e9t\u00e9 re\u00e7ue par les membres du Comit\u00e9 d\u2019Organisation de la Coupe d\u2019Afrique des Nations (COCAN 2025). Au compte de cette rencontre, la Commission interne, par le biais de son Pr\u00e9sident M. NFa Ousmane Camara [&hellip;]<\/p>\n","protected":false},"author":2,"featured_media":636,"comment_status":"closed","ping_status":"open","sticky":false,"template":"","format":"standard","meta":{"_jetpack_memberships_contains_paid_content":false,"footnotes":"","jetpack_publicize_message":"","jetpack_publicize_feature_enabled":true,"jetpack_social_post_already_shared":true,"jetpack_social_options":{"image_generator_settings":{"template":"highway","default_image_id":0,"font":"","enabled":false},"version":2}},"categories":[5],"tags":[],"class_list":{"0":"post-635","1":"post","2":"type-post","3":"status-publish","4":"format-standard","5":"has-post-thumbnail","7":"category-football"},"yoast_head":"<!-- This site is optimized with the Yoast SEO plugin v27.4 - https:\/\/yoast.com\/product\/yoast-seo-wordpress\/ -->\n<title>INFO\/MIC : RENCONTRE AVEC LE COCAN ! - le regard du sportif<\/title>\n<meta name=\"robots\" content=\"index, follow, max-snippet:-1, max-image-preview:large, max-video-preview:-1\" \/>\n<link rel=\"canonical\" href=\"https:\/\/oeilsportif.info\/index.php\/info-mic-rencontre-avec-le-cocan\/\" \/>\n<meta property=\"og:locale\" content=\"fr_FR\" \/>\n<meta property=\"og:type\" content=\"article\" \/>\n<meta property=\"og:title\" content=\"INFO\/MIC : RENCONTRE AVEC LE COCAN ! - le regard du sportif\" \/>\n<meta property=\"og:description\" content=\"Ce Mercredi 1er juin 2022, la Commission Interne pour la CAN 2025 du Minist\u00e8re de l\u2019Information et de la Communication a \u00e9t\u00e9 re\u00e7ue par les membres du Comit\u00e9 d\u2019Organisation de la Coupe d\u2019Afrique des Nations (COCAN 2025). Au compte de cette rencontre, la Commission interne, par le biais de son Pr\u00e9sident M. NFa Ousmane Camara [&hellip;]\" \/>\n<meta property=\"og:url\" content=\"https:\/\/oeilsportif.info\/index.php\/info-mic-rencontre-avec-le-cocan\/\" \/>\n<meta property=\"og:site_name\" content=\"le regard du sportif\" \/>\n<meta property=\"article:published_time\" content=\"2022-06-02T19:33:27+00:00\" \/>\n<meta property=\"og:image\" content=\"https:\/\/oeilsportif.info\/wp-content\/uploads\/2022\/06\/FB_IMG_1654198241240.jpg\" \/>\n\t<meta property=\"og:image:width\" content=\"1080\" \/>\n\t<meta property=\"og:image:height\" content=\"719\" \/>\n\t<meta property=\"og:image:type\" content=\"image\/jpeg\" \/>\n<meta name=\"author\" content=\"L&#039;Equipe de la R\u00e9daction\" \/>\n<meta name=\"twitter:label1\" content=\"\u00c9crit par\" \/>\n\t<meta name=\"twitter:data1\" content=\"L&#039;Equipe de la R\u00e9daction\" \/>\n\t<meta name=\"twitter:label2\" content=\"Dur\u00e9e de lecture estim\u00e9e\" \/>\n\t<meta name=\"twitter:data2\" content=\"1 minute\" \/>\n<script type=\"application\/ld+json\" class=\"yoast-schema-graph\">{\"@context\":\"https:\\\/\\\/schema.org\",\"@graph\":[{\"@type\":\"Article\",\"@id\":\"https:\\\/\\\/oeilsportif.info\\\/index.php\\\/info-mic-rencontre-avec-le-cocan\\\/#article\",\"isPartOf\":{\"@id\":\"https:\\\/\\\/oeilsportif.info\\\/index.php\\\/info-mic-rencontre-avec-le-cocan\\\/\"},\"author\":{\"name\":\"L'Equipe de la R\u00e9daction\",\"@id\":\"https:\\\/\\\/oeilsportif.info\\\/#\\\/schema\\\/person\\\/cfbded294aa6095f7d96608d7905e9a1\"},\"headline\":\"INFO\\\/MIC : RENCONTRE AVEC LE COCAN !\",\"datePublished\":\"2022-06-02T19:33:27+00:00\",\"mainEntityOfPage\":{\"@id\":\"https:\\\/\\\/oeilsportif.info\\\/index.php\\\/info-mic-rencontre-avec-le-cocan\\\/\"},\"wordCount\":186,\"image\":{\"@id\":\"https:\\\/\\\/oeilsportif.info\\\/index.php\\\/info-mic-rencontre-avec-le-cocan\\\/#primaryimage\"},\"thumbnailUrl\":\"https:\\\/\\\/i0.wp.com\\\/oeilsportif.info\\\/wp-content\\\/uploads\\\/2022\\\/06\\\/FB_IMG_1654198241240.jpg?fit=1080%2C719&ssl=1\",\"articleSection\":[\"Football\"],\"inLanguage\":\"fr-FR\"},{\"@type\":\"WebPage\",\"@id\":\"https:\\\/\\\/oeilsportif.info\\\/index.php\\\/info-mic-rencontre-avec-le-cocan\\\/\",\"url\":\"https:\\\/\\\/oeilsportif.info\\\/index.php\\\/info-mic-rencontre-avec-le-cocan\\\/\",\"name\":\"INFO\\\/MIC : RENCONTRE AVEC LE COCAN ! - le regard du sportif\",\"isPartOf\":{\"@id\":\"https:\\\/\\\/oeilsportif.info\\\/#website\"},\"primaryImageOfPage\":{\"@id\":\"https:\\\/\\\/oeilsportif.info\\\/index.php\\\/info-mic-rencontre-avec-le-cocan\\\/#primaryimage\"},\"image\":{\"@id\":\"https:\\\/\\\/oeilsportif.info\\\/index.php\\\/info-mic-rencontre-avec-le-cocan\\\/#primaryimage\"},\"thumbnailUrl\":\"https:\\\/\\\/i0.wp.com\\\/oeilsportif.info\\\/wp-content\\\/uploads\\\/2022\\\/06\\\/FB_IMG_1654198241240.jpg?fit=1080%2C719&ssl=1\",\"datePublished\":\"2022-06-02T19:33:27+00:00\",\"author\":{\"@id\":\"https:\\\/\\\/oeilsportif.info\\\/#\\\/schema\\\/person\\\/cfbded294aa6095f7d96608d7905e9a1\"},\"inLanguage\":\"fr-FR\",\"potentialAction\":[{\"@type\":\"ReadAction\",\"target\":[\"https:\\\/\\\/oeilsportif.info\\\/index.php\\\/info-mic-rencontre-avec-le-cocan\\\/\"]}]},{\"@type\":\"ImageObject\",\"inLanguage\":\"fr-FR\",\"@id\":\"https:\\\/\\\/oeilsportif.info\\\/index.php\\\/info-mic-rencontre-avec-le-cocan\\\/#primaryimage\",\"url\":\"https:\\\/\\\/i0.wp.com\\\/oeilsportif.info\\\/wp-content\\\/uploads\\\/2022\\\/06\\\/FB_IMG_1654198241240.jpg?fit=1080%2C719&ssl=1\",\"contentUrl\":\"https:\\\/\\\/i0.wp.com\\\/oeilsportif.info\\\/wp-content\\\/uploads\\\/2022\\\/06\\\/FB_IMG_1654198241240.jpg?fit=1080%2C719&ssl=1\",\"width\":1080,\"height\":719},{\"@type\":\"WebSite\",\"@id\":\"https:\\\/\\\/oeilsportif.info\\\/#website\",\"url\":\"https:\\\/\\\/oeilsportif.info\\\/\",\"name\":\"le regard du sportif\",\"description\":\"\",\"potentialAction\":[{\"@type\":\"SearchAction\",\"target\":{\"@type\":\"EntryPoint\",\"urlTemplate\":\"https:\\\/\\\/oeilsportif.info\\\/?s={search_term_string}\"},\"query-input\":{\"@type\":\"PropertyValueSpecification\",\"valueRequired\":true,\"valueName\":\"search_term_string\"}}],\"inLanguage\":\"fr-FR\"},{\"@type\":\"Person\",\"@id\":\"https:\\\/\\\/oeilsportif.info\\\/#\\\/schema\\\/person\\\/cfbded294aa6095f7d96608d7905e9a1\",\"name\":\"L'Equipe de la R\u00e9daction\",\"image\":{\"@type\":\"ImageObject\",\"inLanguage\":\"fr-FR\",\"@id\":\"https:\\\/\\\/oeilsportif.info\\\/wp-content\\\/uploads\\\/2025\\\/07\\\/cropped-cropped-logo-os-96x96.jpeg\",\"url\":\"https:\\\/\\\/oeilsportif.info\\\/wp-content\\\/uploads\\\/2025\\\/07\\\/cropped-cropped-logo-os-96x96.jpeg\",\"contentUrl\":\"https:\\\/\\\/oeilsportif.info\\\/wp-content\\\/uploads\\\/2025\\\/07\\\/cropped-cropped-logo-os-96x96.jpeg\",\"caption\":\"L'Equipe de la R\u00e9daction\"},\"url\":\"https:\\\/\\\/oeilsportif.info\\\/index.php\\\/author\\\/tawel\\\/\"}]}<\/script>\n<!-- \/ Yoast SEO plugin. -->","yoast_head_json":{"title":"INFO\/MIC : RENCONTRE AVEC LE COCAN ! - le regard du sportif","robots":{"index":"index","follow":"follow","max-snippet":"max-snippet:-1","max-image-preview":"max-image-preview:large","max-video-preview":"max-video-preview:-1"},"canonical":"https:\/\/oeilsportif.info\/index.php\/info-mic-rencontre-avec-le-cocan\/","og_locale":"fr_FR","og_type":"article","og_title":"INFO\/MIC : RENCONTRE AVEC LE COCAN ! - le regard du sportif","og_description":"Ce Mercredi 1er juin 2022, la Commission Interne pour la CAN 2025 du Minist\u00e8re de l\u2019Information et de la Communication a \u00e9t\u00e9 re\u00e7ue par les membres du Comit\u00e9 d\u2019Organisation de la Coupe d\u2019Afrique des Nations (COCAN 2025). Au compte de cette rencontre, la Commission interne, par le biais de son Pr\u00e9sident M. NFa Ousmane Camara [&hellip;]","og_url":"https:\/\/oeilsportif.info\/index.php\/info-mic-rencontre-avec-le-cocan\/","og_site_name":"le regard du sportif","article_published_time":"2022-06-02T19:33:27+00:00","og_image":[{"width":1080,"height":719,"url":"https:\/\/oeilsportif.info\/wp-content\/uploads\/2022\/06\/FB_IMG_1654198241240.jpg","type":"image\/jpeg"}],"author":"L'Equipe de la R\u00e9daction","twitter_misc":{"\u00c9crit par":"L'Equipe de la R\u00e9daction","Dur\u00e9e de lecture estim\u00e9e":"1 minute"},"schema":{"@context":"https:\/\/schema.org","@graph":[{"@type":"Article","@id":"https:\/\/oeilsportif.info\/index.php\/info-mic-rencontre-avec-le-cocan\/#article","isPartOf":{"@id":"https:\/\/oeilsportif.info\/index.php\/info-mic-rencontre-avec-le-cocan\/"},"author":{"name":"L'Equipe de la R\u00e9daction","@id":"https:\/\/oeilsportif.info\/#\/schema\/person\/cfbded294aa6095f7d96608d7905e9a1"},"headline":"INFO\/MIC : RENCONTRE AVEC LE COCAN !","datePublished":"2022-06-02T19:33:27+00:00","mainEntityOfPage":{"@id":"https:\/\/oeilsportif.info\/index.php\/info-mic-rencontre-avec-le-cocan\/"},"wordCount":186,"image":{"@id":"https:\/\/oeilsportif.info\/index.php\/info-mic-rencontre-avec-le-cocan\/#primaryimage"},"thumbnailUrl":"https:\/\/i0.wp.com\/oeilsportif.info\/wp-content\/uploads\/2022\/06\/FB_IMG_1654198241240.jpg?fit=1080%2C719&ssl=1","articleSection":["Football"],"inLanguage":"fr-FR"},{"@type":"WebPage","@id":"https:\/\/oeilsportif.info\/index.php\/info-mic-rencontre-avec-le-cocan\/","url":"https:\/\/oeilsportif.info\/index.php\/info-mic-rencontre-avec-le-cocan\/","name":"INFO\/MIC : RENCONTRE AVEC LE COCAN ! - le regard du sportif","isPartOf":{"@id":"https:\/\/oeilsportif.info\/#website"},"primaryImageOfPage":{"@id":"https:\/\/oeilsportif.info\/index.php\/info-mic-rencontre-avec-le-cocan\/#primaryimage"},"image":{"@id":"https:\/\/oeilsportif.info\/index.php\/info-mic-rencontre-avec-le-cocan\/#primaryimage"},"thumbnailUrl":"https:\/\/i0.wp.com\/oeilsportif.info\/wp-content\/uploads\/2022\/06\/FB_IMG_1654198241240.jpg?fit=1080%2C719&ssl=1","datePublished":"2022-06-02T19:33:27+00:00","author":{"@id":"https:\/\/oeilsportif.info\/#\/schema\/person\/cfbded294aa6095f7d96608d7905e9a1"},"inLanguage":"fr-FR","potentialAction":[{"@type":"ReadAction","target":["https:\/\/oeilsportif.info\/index.php\/info-mic-rencontre-avec-le-cocan\/"]}]},{"@type":"ImageObject","inLanguage":"fr-FR","@id":"https:\/\/oeilsportif.info\/index.php\/info-mic-rencontre-avec-le-cocan\/#primaryimage","url":"https:\/\/i0.wp.com\/oeilsportif.info\/wp-content\/uploads\/2022\/06\/FB_IMG_1654198241240.jpg?fit=1080%2C719&ssl=1","contentUrl":"https:\/\/i0.wp.com\/oeilsportif.info\/wp-content\/uploads\/2022\/06\/FB_IMG_1654198241240.jpg?fit=1080%2C719&ssl=1","width":1080,"height":719},{"@type":"WebSite","@id":"https:\/\/oeilsportif.info\/#website","url":"https:\/\/oeilsportif.info\/","name":"le regard du sportif","description":"","potentialAction":[{"@type":"SearchAction","target":{"@type":"EntryPoint","urlTemplate":"https:\/\/oeilsportif.info\/?s={search_term_string}"},"query-input":{"@type":"PropertyValueSpecification","valueRequired":true,"valueName":"search_term_string"}}],"inLanguage":"fr-FR"},{"@type":"Person","@id":"https:\/\/oeilsportif.info\/#\/schema\/person\/cfbded294aa6095f7d96608d7905e9a1","name":"L'Equipe de la R\u00e9daction","image":{"@type":"ImageObject","inLanguage":"fr-FR","@id":"https:\/\/oeilsportif.info\/wp-content\/uploads\/2025\/07\/cropped-cropped-logo-os-96x96.jpeg","url":"https:\/\/oeilsportif.info\/wp-content\/uploads\/2025\/07\/cropped-cropped-logo-os-96x96.jpeg","contentUrl":"https:\/\/oeilsportif.info\/wp-content\/uploads\/2025\/07\/cropped-cropped-logo-os-96x96.jpeg","caption":"L'Equipe de la R\u00e9daction"},"url":"https:\/\/oeilsportif.info\/index.php\/author\/tawel\/"}]}},"jetpack_publicize_connections":[],"jetpack_featured_media_url":"https:\/\/i0.wp.com\/oeilsportif.info\/wp-content\/uploads\/2022\/06\/FB_IMG_1654198241240.jpg?fit=1080%2C719&ssl=1","jetpack-related-posts":[],"jetpack_sharing_enabled":true,"jetpack_likes_enabled":true,"jetpack_shortlink":"https:\/\/wp.me\/pgFE77-af","_links":{"self":[{"href":"https:\/\/oeilsportif.info\/index.php\/wp-json\/wp\/v2\/posts\/635","targetHints":{"allow":["GET"]}}],"collection":[{"href":"https:\/\/oeilsportif.info\/index.php\/wp-json\/wp\/v2\/posts"}],"about":[{"href":"https:\/\/oeilsportif.info\/index.php\/wp-json\/wp\/v2\/types\/post"}],"author":[{"embeddable":true,"href":"https:\/\/oeilsportif.info\/index.php\/wp-json\/wp\/v2\/users\/2"}],"replies":[{"embeddable":true,"href":"https:\/\/oeilsportif.info\/index.php\/wp-json\/wp\/v2\/comments?post=635"}],"version-history":[{"count":0,"href":"https:\/\/oeilsportif.info\/index.php\/wp-json\/wp\/v2\/posts\/635\/revisions"}],"wp:featuredmedia":[{"embeddable":true,"href":"https:\/\/oeilsportif.info\/index.php\/wp-json\/wp\/v2\/media\/636"}],"wp:attachment":[{"href":"https:\/\/oeilsportif.info\/index.php\/wp-json\/wp\/v2\/media?parent=635"}],"wp:term":[{"taxonomy":"category","embeddable":true,"href":"https:\/\/oeilsportif.info\/index.php\/wp-json\/wp\/v2\/categories?post=635"},{"taxonomy":"post_tag","embeddable":true,"href":"https:\/\/oeilsportif.info\/index.php\/wp-json\/wp\/v2\/tags?post=635"}],"curies":[{"name":"wp","href":"https:\/\/api.w.org\/{rel}","templated":true}]}}