{"id":6329,"date":"2025-04-24T07:37:19","date_gmt":"2025-04-24T07:37:19","guid":{"rendered":"https:\/\/oeilsportif.info\/index.php\/?p=6329"},"modified":"2025-04-24T07:37:19","modified_gmt":"2025-04-24T07:37:19","slug":"symposium-var-de-luefa-les-experts-europeens-se-reunissent-a-lisbonne","status":"publish","type":"post","link":"https:\/\/oeilsportif.info\/index.php\/symposium-var-de-luefa-les-experts-europeens-se-reunissent-a-lisbonne\/","title":{"rendered":"SYMPOSIUM VAR DE L&rsquo;UEFA : LES EXPERTS EUROP\u00c9ENS SE R\u00c9UNISSENT \u00c0 LISBONNE"},"content":{"rendered":"<p><strong>Une rencontre strat\u00e9gique pour harmoniser l&rsquo;arbitrage vid\u00e9o. Les 23 et 24 avril 2025, Lisbonne accueille un important symposium consacr\u00e9 \u00e0 l&rsquo;assistance vid\u00e9o \u00e0 l&rsquo;arbitrage (VAR), r\u00e9unissant des d\u00e9l\u00e9gu\u00e9s des 46 associations nationales europ\u00e9ennes ayant adopt\u00e9 ou pr\u00e9vu d&rsquo;adopter cette technologie. Cet \u00e9v\u00e9nement, premier du genre \u00e0 l&rsquo;\u00e9chelle continentale, permettra d&rsquo;\u00e9changer sur les pratiques et de faire le point sur l&rsquo;\u00e9volution de cet outil devenu incontournable.<\/strong><\/p>\n<p>Des participants de premier plan. Le symposium rassemble des personnalit\u00e9s influentes du monde du football, notamment Roberto Mart\u00ednez, s\u00e9lectionneur du Portugal, l&rsquo;ancien international Andr\u00e9 Martins, et l&rsquo;arbitre de renom St\u00e9phanie Frappart. Sont \u00e9galement pr\u00e9sents David Elleray, directeur technique de l&rsquo;IFAB, Giorgio Marchetti, secr\u00e9taire g\u00e9n\u00e9ral adjoint de l&rsquo;UEFA, et Massimiliano Irrati, responsable du projet VAR \u00e0 la FIFA.<\/p>\n<p><a href=\"https:\/\/i0.wp.com\/oeilsportif.info\/wp-content\/uploads\/2025\/04\/IMG_0716.jpeg?ssl=1\"><img data-recalc-dims=\"1\" loading=\"lazy\" decoding=\"async\" class=\"alignnone size-full wp-image-6330\" src=\"https:\/\/i0.wp.com\/oeilsportif.info\/wp-content\/uploads\/2025\/04\/IMG_0716.jpeg?resize=696%2C464&#038;ssl=1\" alt=\"\" width=\"696\" height=\"464\" srcset=\"https:\/\/i0.wp.com\/oeilsportif.info\/wp-content\/uploads\/2025\/04\/IMG_0716.jpeg?w=720&amp;ssl=1 720w, https:\/\/i0.wp.com\/oeilsportif.info\/wp-content\/uploads\/2025\/04\/IMG_0716.jpeg?resize=300%2C200&amp;ssl=1 300w, https:\/\/i0.wp.com\/oeilsportif.info\/wp-content\/uploads\/2025\/04\/IMG_0716.jpeg?resize=696%2C464&amp;ssl=1 696w, https:\/\/i0.wp.com\/oeilsportif.info\/wp-content\/uploads\/2025\/04\/IMG_0716.jpeg?resize=630%2C420&amp;ssl=1 630w\" sizes=\"auto, (max-width: 696px) 100vw, 696px\" \/><\/a><\/p>\n<p>L&rsquo;uniformit\u00e9 comme objectif principal<br \/>\nRoberto Rosetti, responsable de l&rsquo;arbitrage \u00e0 l&rsquo;UEFA, a soulign\u00e9 l&rsquo;importance de l&rsquo;harmonisation des pratiques : \u00ab\u00a0<strong>L&rsquo;uniformit\u00e9 est la cl\u00e9 en mati\u00e8re d&rsquo;arbitrage, et aussi pour la VAR. Notre objectif est d&rsquo;assurer la coh\u00e9rence des d\u00e9cisions dans chaque match, non seulement dans les comp\u00e9titions de l&rsquo;UEFA, mais aussi dans les championnats nationaux.\u00a0\u00bb<\/strong><\/p>\n<p>Un bilan globalement positif malgr\u00e9 des d\u00e9fis persistants.Depuis son introduction en Ligue des Champions lors de la saison 2018\/19, la VAR a consid\u00e9rablement transform\u00e9 l&rsquo;arbitrage europ\u00e9en. \u00ab\u00a0L&rsquo;impact de la VAR a \u00e9t\u00e9 absolument positif,\u00a0\u00bb affirme Rosetti. \u00ab\u00a0<strong>Ce projet est encore jeune, mais il est tr\u00e8s efficace en termes de pr\u00e9cision des d\u00e9cisions et de protection des joueurs \u2013 les fautes graves et les actes de violence sont d\u00e9sormais tr\u00e8s rares au plus haut niveau.\u00a0\u00bb<\/strong><\/p>\n<p><a href=\"https:\/\/i0.wp.com\/oeilsportif.info\/wp-content\/uploads\/2025\/04\/IMG_0716-1.jpeg?ssl=1\"><img data-recalc-dims=\"1\" loading=\"lazy\" decoding=\"async\" class=\"alignnone size-full wp-image-6331\" src=\"https:\/\/i0.wp.com\/oeilsportif.info\/wp-content\/uploads\/2025\/04\/IMG_0716-1.jpeg?resize=696%2C464&#038;ssl=1\" alt=\"\" width=\"696\" height=\"464\" srcset=\"https:\/\/i0.wp.com\/oeilsportif.info\/wp-content\/uploads\/2025\/04\/IMG_0716-1.jpeg?w=720&amp;ssl=1 720w, https:\/\/i0.wp.com\/oeilsportif.info\/wp-content\/uploads\/2025\/04\/IMG_0716-1.jpeg?resize=300%2C200&amp;ssl=1 300w, https:\/\/i0.wp.com\/oeilsportif.info\/wp-content\/uploads\/2025\/04\/IMG_0716-1.jpeg?resize=696%2C464&amp;ssl=1 696w, https:\/\/i0.wp.com\/oeilsportif.info\/wp-content\/uploads\/2025\/04\/IMG_0716-1.jpeg?resize=630%2C420&amp;ssl=1 630w\" sizes=\"auto, (max-width: 696px) 100vw, 696px\" \/><\/a><\/p>\n<p>Tout en reconnaissant que le syst\u00e8me n&rsquo;est pas encore parfait, Rosetti reste convaincu de son importance : \u00ab\u00a0<strong>Il y a encore des marges de progression, mais la VAR a \u00e9t\u00e9 extr\u00eamement b\u00e9n\u00e9fique pour le football, et il est d\u00e9sormais impossible de faire marche arri\u00e8re.\u00a0\u00bb<\/strong><\/p>\n","protected":false},"excerpt":{"rendered":"<p>Une rencontre strat\u00e9gique pour harmoniser l&rsquo;arbitrage vid\u00e9o. Les 23 et 24 avril 2025, Lisbonne accueille un important symposium consacr\u00e9 \u00e0 l&rsquo;assistance vid\u00e9o \u00e0 l&rsquo;arbitrage (VAR), r\u00e9unissant des d\u00e9l\u00e9gu\u00e9s des 46 associations nationales europ\u00e9ennes ayant adopt\u00e9 ou pr\u00e9vu d&rsquo;adopter cette technologie. Cet \u00e9v\u00e9nement, premier du genre \u00e0 l&rsquo;\u00e9chelle continentale, permettra d&rsquo;\u00e9changer sur les pratiques et de [&hellip;]<\/p>\n","protected":false},"author":2,"featured_media":6332,"comment_status":"closed","ping_status":"closed","sticky":false,"template":"","format":"standard","meta":{"_jetpack_memberships_contains_paid_content":false,"footnotes":"","jetpack_publicize_message":"","jetpack_publicize_feature_enabled":true,"jetpack_social_post_already_shared":true,"jetpack_social_options":{"image_generator_settings":{"template":"highway","default_image_id":0,"font":"","enabled":false},"version":2}},"categories":[10,5],"tags":[],"class_list":{"0":"post-6329","1":"post","2":"type-post","3":"status-publish","4":"format-standard","5":"has-post-thumbnail","7":"category-actualite","8":"category-football"},"yoast_head":"<!-- This site is optimized with the Yoast SEO plugin v27.5 - https:\/\/yoast.com\/product\/yoast-seo-wordpress\/ -->\n<title>SYMPOSIUM VAR DE L&#039;UEFA : LES EXPERTS EUROP\u00c9ENS SE R\u00c9UNISSENT \u00c0 LISBONNE - le regard du sportif<\/title>\n<meta name=\"robots\" content=\"index, follow, max-snippet:-1, max-image-preview:large, max-video-preview:-1\" \/>\n<link rel=\"canonical\" href=\"https:\/\/oeilsportif.info\/index.php\/symposium-var-de-luefa-les-experts-europeens-se-reunissent-a-lisbonne\/\" \/>\n<meta property=\"og:locale\" content=\"fr_FR\" \/>\n<meta property=\"og:type\" content=\"article\" \/>\n<meta property=\"og:title\" content=\"SYMPOSIUM VAR DE L&#039;UEFA : LES EXPERTS EUROP\u00c9ENS SE R\u00c9UNISSENT \u00c0 LISBONNE - le regard du sportif\" \/>\n<meta property=\"og:description\" content=\"Une rencontre strat\u00e9gique pour harmoniser l&rsquo;arbitrage vid\u00e9o. Les 23 et 24 avril 2025, Lisbonne accueille un important symposium consacr\u00e9 \u00e0 l&rsquo;assistance vid\u00e9o \u00e0 l&rsquo;arbitrage (VAR), r\u00e9unissant des d\u00e9l\u00e9gu\u00e9s des 46 associations nationales europ\u00e9ennes ayant adopt\u00e9 ou pr\u00e9vu d&rsquo;adopter cette technologie. Cet \u00e9v\u00e9nement, premier du genre \u00e0 l&rsquo;\u00e9chelle continentale, permettra d&rsquo;\u00e9changer sur les pratiques et de [&hellip;]\" \/>\n<meta property=\"og:url\" content=\"https:\/\/oeilsportif.info\/index.php\/symposium-var-de-luefa-les-experts-europeens-se-reunissent-a-lisbonne\/\" \/>\n<meta property=\"og:site_name\" content=\"le regard du sportif\" \/>\n<meta property=\"article:published_time\" content=\"2025-04-24T07:37:19+00:00\" \/>\n<meta property=\"og:image\" content=\"https:\/\/oeilsportif.info\/wp-content\/uploads\/2025\/04\/IMG_0715.jpeg\" \/>\n\t<meta property=\"og:image:width\" content=\"720\" \/>\n\t<meta property=\"og:image:height\" content=\"480\" \/>\n\t<meta property=\"og:image:type\" content=\"image\/jpeg\" \/>\n<meta name=\"author\" content=\"L&#039;Equipe de la R\u00e9daction\" \/>\n<meta name=\"twitter:label1\" content=\"\u00c9crit par\" \/>\n\t<meta name=\"twitter:data1\" content=\"L&#039;Equipe de la R\u00e9daction\" \/>\n\t<meta name=\"twitter:label2\" content=\"Dur\u00e9e de lecture estim\u00e9e\" \/>\n\t<meta name=\"twitter:data2\" content=\"3 minutes\" \/>\n<script type=\"application\/ld+json\" class=\"yoast-schema-graph\">{\"@context\":\"https:\\\/\\\/schema.org\",\"@graph\":[{\"@type\":\"Article\",\"@id\":\"https:\\\/\\\/oeilsportif.info\\\/index.php\\\/symposium-var-de-luefa-les-experts-europeens-se-reunissent-a-lisbonne\\\/#article\",\"isPartOf\":{\"@id\":\"https:\\\/\\\/oeilsportif.info\\\/index.php\\\/symposium-var-de-luefa-les-experts-europeens-se-reunissent-a-lisbonne\\\/\"},\"author\":{\"name\":\"L'Equipe de la R\u00e9daction\",\"@id\":\"https:\\\/\\\/oeilsportif.info\\\/#\\\/schema\\\/person\\\/cfbded294aa6095f7d96608d7905e9a1\"},\"headline\":\"SYMPOSIUM VAR DE L&rsquo;UEFA : LES EXPERTS EUROP\u00c9ENS SE R\u00c9UNISSENT \u00c0 LISBONNE\",\"datePublished\":\"2025-04-24T07:37:19+00:00\",\"mainEntityOfPage\":{\"@id\":\"https:\\\/\\\/oeilsportif.info\\\/index.php\\\/symposium-var-de-luefa-les-experts-europeens-se-reunissent-a-lisbonne\\\/\"},\"wordCount\":355,\"image\":{\"@id\":\"https:\\\/\\\/oeilsportif.info\\\/index.php\\\/symposium-var-de-luefa-les-experts-europeens-se-reunissent-a-lisbonne\\\/#primaryimage\"},\"thumbnailUrl\":\"https:\\\/\\\/i0.wp.com\\\/oeilsportif.info\\\/wp-content\\\/uploads\\\/2025\\\/04\\\/IMG_0715.jpeg?fit=720%2C480&ssl=1\",\"articleSection\":[\"Actualit\u00e9\",\"Football\"],\"inLanguage\":\"fr-FR\"},{\"@type\":\"WebPage\",\"@id\":\"https:\\\/\\\/oeilsportif.info\\\/index.php\\\/symposium-var-de-luefa-les-experts-europeens-se-reunissent-a-lisbonne\\\/\",\"url\":\"https:\\\/\\\/oeilsportif.info\\\/index.php\\\/symposium-var-de-luefa-les-experts-europeens-se-reunissent-a-lisbonne\\\/\",\"name\":\"SYMPOSIUM VAR DE L'UEFA : LES EXPERTS EUROP\u00c9ENS SE R\u00c9UNISSENT \u00c0 LISBONNE - le regard du sportif\",\"isPartOf\":{\"@id\":\"https:\\\/\\\/oeilsportif.info\\\/#website\"},\"primaryImageOfPage\":{\"@id\":\"https:\\\/\\\/oeilsportif.info\\\/index.php\\\/symposium-var-de-luefa-les-experts-europeens-se-reunissent-a-lisbonne\\\/#primaryimage\"},\"image\":{\"@id\":\"https:\\\/\\\/oeilsportif.info\\\/index.php\\\/symposium-var-de-luefa-les-experts-europeens-se-reunissent-a-lisbonne\\\/#primaryimage\"},\"thumbnailUrl\":\"https:\\\/\\\/i0.wp.com\\\/oeilsportif.info\\\/wp-content\\\/uploads\\\/2025\\\/04\\\/IMG_0715.jpeg?fit=720%2C480&ssl=1\",\"datePublished\":\"2025-04-24T07:37:19+00:00\",\"author\":{\"@id\":\"https:\\\/\\\/oeilsportif.info\\\/#\\\/schema\\\/person\\\/cfbded294aa6095f7d96608d7905e9a1\"},\"inLanguage\":\"fr-FR\",\"potentialAction\":[{\"@type\":\"ReadAction\",\"target\":[\"https:\\\/\\\/oeilsportif.info\\\/index.php\\\/symposium-var-de-luefa-les-experts-europeens-se-reunissent-a-lisbonne\\\/\"]}]},{\"@type\":\"ImageObject\",\"inLanguage\":\"fr-FR\",\"@id\":\"https:\\\/\\\/oeilsportif.info\\\/index.php\\\/symposium-var-de-luefa-les-experts-europeens-se-reunissent-a-lisbonne\\\/#primaryimage\",\"url\":\"https:\\\/\\\/i0.wp.com\\\/oeilsportif.info\\\/wp-content\\\/uploads\\\/2025\\\/04\\\/IMG_0715.jpeg?fit=720%2C480&ssl=1\",\"contentUrl\":\"https:\\\/\\\/i0.wp.com\\\/oeilsportif.info\\\/wp-content\\\/uploads\\\/2025\\\/04\\\/IMG_0715.jpeg?fit=720%2C480&ssl=1\",\"width\":720,\"height\":480},{\"@type\":\"WebSite\",\"@id\":\"https:\\\/\\\/oeilsportif.info\\\/#website\",\"url\":\"https:\\\/\\\/oeilsportif.info\\\/\",\"name\":\"le regard du sportif\",\"description\":\"\",\"potentialAction\":[{\"@type\":\"SearchAction\",\"target\":{\"@type\":\"EntryPoint\",\"urlTemplate\":\"https:\\\/\\\/oeilsportif.info\\\/?s={search_term_string}\"},\"query-input\":{\"@type\":\"PropertyValueSpecification\",\"valueRequired\":true,\"valueName\":\"search_term_string\"}}],\"inLanguage\":\"fr-FR\"},{\"@type\":\"Person\",\"@id\":\"https:\\\/\\\/oeilsportif.info\\\/#\\\/schema\\\/person\\\/cfbded294aa6095f7d96608d7905e9a1\",\"name\":\"L'Equipe de la R\u00e9daction\",\"image\":{\"@type\":\"ImageObject\",\"inLanguage\":\"fr-FR\",\"@id\":\"https:\\\/\\\/oeilsportif.info\\\/wp-content\\\/uploads\\\/2025\\\/07\\\/cropped-cropped-logo-os-96x96.jpeg\",\"url\":\"https:\\\/\\\/oeilsportif.info\\\/wp-content\\\/uploads\\\/2025\\\/07\\\/cropped-cropped-logo-os-96x96.jpeg\",\"contentUrl\":\"https:\\\/\\\/oeilsportif.info\\\/wp-content\\\/uploads\\\/2025\\\/07\\\/cropped-cropped-logo-os-96x96.jpeg\",\"caption\":\"L'Equipe de la R\u00e9daction\"},\"url\":\"https:\\\/\\\/oeilsportif.info\\\/index.php\\\/author\\\/tawel\\\/\"}]}<\/script>\n<!-- \/ Yoast SEO plugin. -->","yoast_head_json":{"title":"SYMPOSIUM VAR DE L'UEFA : LES EXPERTS EUROP\u00c9ENS SE R\u00c9UNISSENT \u00c0 LISBONNE - le regard du sportif","robots":{"index":"index","follow":"follow","max-snippet":"max-snippet:-1","max-image-preview":"max-image-preview:large","max-video-preview":"max-video-preview:-1"},"canonical":"https:\/\/oeilsportif.info\/index.php\/symposium-var-de-luefa-les-experts-europeens-se-reunissent-a-lisbonne\/","og_locale":"fr_FR","og_type":"article","og_title":"SYMPOSIUM VAR DE L'UEFA : LES EXPERTS EUROP\u00c9ENS SE R\u00c9UNISSENT \u00c0 LISBONNE - le regard du sportif","og_description":"Une rencontre strat\u00e9gique pour harmoniser l&rsquo;arbitrage vid\u00e9o. Les 23 et 24 avril 2025, Lisbonne accueille un important symposium consacr\u00e9 \u00e0 l&rsquo;assistance vid\u00e9o \u00e0 l&rsquo;arbitrage (VAR), r\u00e9unissant des d\u00e9l\u00e9gu\u00e9s des 46 associations nationales europ\u00e9ennes ayant adopt\u00e9 ou pr\u00e9vu d&rsquo;adopter cette technologie. Cet \u00e9v\u00e9nement, premier du genre \u00e0 l&rsquo;\u00e9chelle continentale, permettra d&rsquo;\u00e9changer sur les pratiques et de [&hellip;]","og_url":"https:\/\/oeilsportif.info\/index.php\/symposium-var-de-luefa-les-experts-europeens-se-reunissent-a-lisbonne\/","og_site_name":"le regard du sportif","article_published_time":"2025-04-24T07:37:19+00:00","og_image":[{"width":720,"height":480,"url":"https:\/\/oeilsportif.info\/wp-content\/uploads\/2025\/04\/IMG_0715.jpeg","type":"image\/jpeg"}],"author":"L'Equipe de la R\u00e9daction","twitter_misc":{"\u00c9crit par":"L'Equipe de la R\u00e9daction","Dur\u00e9e de lecture estim\u00e9e":"3 minutes"},"schema":{"@context":"https:\/\/schema.org","@graph":[{"@type":"Article","@id":"https:\/\/oeilsportif.info\/index.php\/symposium-var-de-luefa-les-experts-europeens-se-reunissent-a-lisbonne\/#article","isPartOf":{"@id":"https:\/\/oeilsportif.info\/index.php\/symposium-var-de-luefa-les-experts-europeens-se-reunissent-a-lisbonne\/"},"author":{"name":"L'Equipe de la R\u00e9daction","@id":"https:\/\/oeilsportif.info\/#\/schema\/person\/cfbded294aa6095f7d96608d7905e9a1"},"headline":"SYMPOSIUM VAR DE L&rsquo;UEFA : LES EXPERTS EUROP\u00c9ENS SE R\u00c9UNISSENT \u00c0 LISBONNE","datePublished":"2025-04-24T07:37:19+00:00","mainEntityOfPage":{"@id":"https:\/\/oeilsportif.info\/index.php\/symposium-var-de-luefa-les-experts-europeens-se-reunissent-a-lisbonne\/"},"wordCount":355,"image":{"@id":"https:\/\/oeilsportif.info\/index.php\/symposium-var-de-luefa-les-experts-europeens-se-reunissent-a-lisbonne\/#primaryimage"},"thumbnailUrl":"https:\/\/i0.wp.com\/oeilsportif.info\/wp-content\/uploads\/2025\/04\/IMG_0715.jpeg?fit=720%2C480&ssl=1","articleSection":["Actualit\u00e9","Football"],"inLanguage":"fr-FR"},{"@type":"WebPage","@id":"https:\/\/oeilsportif.info\/index.php\/symposium-var-de-luefa-les-experts-europeens-se-reunissent-a-lisbonne\/","url":"https:\/\/oeilsportif.info\/index.php\/symposium-var-de-luefa-les-experts-europeens-se-reunissent-a-lisbonne\/","name":"SYMPOSIUM VAR DE L'UEFA : LES EXPERTS EUROP\u00c9ENS SE R\u00c9UNISSENT \u00c0 LISBONNE - le regard du sportif","isPartOf":{"@id":"https:\/\/oeilsportif.info\/#website"},"primaryImageOfPage":{"@id":"https:\/\/oeilsportif.info\/index.php\/symposium-var-de-luefa-les-experts-europeens-se-reunissent-a-lisbonne\/#primaryimage"},"image":{"@id":"https:\/\/oeilsportif.info\/index.php\/symposium-var-de-luefa-les-experts-europeens-se-reunissent-a-lisbonne\/#primaryimage"},"thumbnailUrl":"https:\/\/i0.wp.com\/oeilsportif.info\/wp-content\/uploads\/2025\/04\/IMG_0715.jpeg?fit=720%2C480&ssl=1","datePublished":"2025-04-24T07:37:19+00:00","author":{"@id":"https:\/\/oeilsportif.info\/#\/schema\/person\/cfbded294aa6095f7d96608d7905e9a1"},"inLanguage":"fr-FR","potentialAction":[{"@type":"ReadAction","target":["https:\/\/oeilsportif.info\/index.php\/symposium-var-de-luefa-les-experts-europeens-se-reunissent-a-lisbonne\/"]}]},{"@type":"ImageObject","inLanguage":"fr-FR","@id":"https:\/\/oeilsportif.info\/index.php\/symposium-var-de-luefa-les-experts-europeens-se-reunissent-a-lisbonne\/#primaryimage","url":"https:\/\/i0.wp.com\/oeilsportif.info\/wp-content\/uploads\/2025\/04\/IMG_0715.jpeg?fit=720%2C480&ssl=1","contentUrl":"https:\/\/i0.wp.com\/oeilsportif.info\/wp-content\/uploads\/2025\/04\/IMG_0715.jpeg?fit=720%2C480&ssl=1","width":720,"height":480},{"@type":"WebSite","@id":"https:\/\/oeilsportif.info\/#website","url":"https:\/\/oeilsportif.info\/","name":"le regard du sportif","description":"","potentialAction":[{"@type":"SearchAction","target":{"@type":"EntryPoint","urlTemplate":"https:\/\/oeilsportif.info\/?s={search_term_string}"},"query-input":{"@type":"PropertyValueSpecification","valueRequired":true,"valueName":"search_term_string"}}],"inLanguage":"fr-FR"},{"@type":"Person","@id":"https:\/\/oeilsportif.info\/#\/schema\/person\/cfbded294aa6095f7d96608d7905e9a1","name":"L'Equipe de la R\u00e9daction","image":{"@type":"ImageObject","inLanguage":"fr-FR","@id":"https:\/\/oeilsportif.info\/wp-content\/uploads\/2025\/07\/cropped-cropped-logo-os-96x96.jpeg","url":"https:\/\/oeilsportif.info\/wp-content\/uploads\/2025\/07\/cropped-cropped-logo-os-96x96.jpeg","contentUrl":"https:\/\/oeilsportif.info\/wp-content\/uploads\/2025\/07\/cropped-cropped-logo-os-96x96.jpeg","caption":"L'Equipe de la R\u00e9daction"},"url":"https:\/\/oeilsportif.info\/index.php\/author\/tawel\/"}]}},"jetpack_publicize_connections":[],"jetpack_featured_media_url":"https:\/\/i0.wp.com\/oeilsportif.info\/wp-content\/uploads\/2025\/04\/IMG_0715.jpeg?fit=720%2C480&ssl=1","jetpack-related-posts":[],"jetpack_sharing_enabled":true,"jetpack_likes_enabled":true,"jetpack_shortlink":"https:\/\/wp.me\/pgFE77-1E5","_links":{"self":[{"href":"https:\/\/oeilsportif.info\/index.php\/wp-json\/wp\/v2\/posts\/6329","targetHints":{"allow":["GET"]}}],"collection":[{"href":"https:\/\/oeilsportif.info\/index.php\/wp-json\/wp\/v2\/posts"}],"about":[{"href":"https:\/\/oeilsportif.info\/index.php\/wp-json\/wp\/v2\/types\/post"}],"author":[{"embeddable":true,"href":"https:\/\/oeilsportif.info\/index.php\/wp-json\/wp\/v2\/users\/2"}],"replies":[{"embeddable":true,"href":"https:\/\/oeilsportif.info\/index.php\/wp-json\/wp\/v2\/comments?post=6329"}],"version-history":[{"count":0,"href":"https:\/\/oeilsportif.info\/index.php\/wp-json\/wp\/v2\/posts\/6329\/revisions"}],"wp:featuredmedia":[{"embeddable":true,"href":"https:\/\/oeilsportif.info\/index.php\/wp-json\/wp\/v2\/media\/6332"}],"wp:attachment":[{"href":"https:\/\/oeilsportif.info\/index.php\/wp-json\/wp\/v2\/media?parent=6329"}],"wp:term":[{"taxonomy":"category","embeddable":true,"href":"https:\/\/oeilsportif.info\/index.php\/wp-json\/wp\/v2\/categories?post=6329"},{"taxonomy":"post_tag","embeddable":true,"href":"https:\/\/oeilsportif.info\/index.php\/wp-json\/wp\/v2\/tags?post=6329"}],"curies":[{"name":"wp","href":"https:\/\/api.w.org\/{rel}","templated":true}]}}