{"id":6221,"date":"2025-04-23T08:55:38","date_gmt":"2025-04-23T08:55:38","guid":{"rendered":"https:\/\/oeilsportif.info\/index.php\/?p=6221"},"modified":"2025-04-23T08:55:38","modified_gmt":"2025-04-23T08:55:38","slug":"can-u20-le-maroc-devoile-une-liste-riche-en-talents-expatries","status":"publish","type":"post","link":"https:\/\/oeilsportif.info\/index.php\/can-u20-le-maroc-devoile-une-liste-riche-en-talents-expatries\/","title":{"rendered":"CAN U20 : Le Maroc d\u00e9voile une liste riche en talents expatri\u00e9s"},"content":{"rendered":"<p><strong>Apr\u00e8s son parcours remarquable \u00e0 la CAN U17 o\u00f9 il a atteint la finale, le Maroc mise sur l&rsquo;expertise internationale pour la prochaine Coupe d&rsquo;Afrique des Nations des moins de 20 ans. Le s\u00e9lectionneur national a convoqu\u00e9 un groupe de 26 joueurs, dont plus de 20 \u00e9voluent dans des clubs europ\u00e9ens prestigieux, pour le tournoi qui se d\u00e9roulera du 27 avril au 18 mai 2025.<\/strong><\/p>\n<p>La liste refl\u00e8te la strat\u00e9gie de prospection marocaine visant \u00e0 int\u00e9grer les meilleurs talents de la diaspora. Les Lionceaux de l&rsquo;Atlas pourront notamment compter sur plusieurs \u00e9l\u00e9ments issus de centres de formation renomm\u00e9s comme le PSG, l&rsquo;AS Monaco, l&rsquo;Olympique de Marseille ou encore le RC Lens.<\/p>\n<p>Effectif complet des Lionceaux de l&rsquo;Atlas<br \/>\nGardiens de but :<\/p>\n<p>1- Yanis Benchaouch (AS Monaco\/France)<br \/>\n2- Ibrahim Gomis (Olympique de Marseille\/France)<br \/>\n3- Abdelhakim Mesbahi (AS FAR\/Maroc)<\/p>\n<p>D\u00e9fenseurs :<\/p>\n<p>1- Abdelhamid A\u00eft Boudlal (Amiens SC\/France)<br \/>\n2- Smail Bakhty (Sturm Graz\/Autriche)<br \/>\n3- Ismael Baouf (Anderlecht\/Belgique)<br \/>\n4- Issa Habri (Stade Rennais\/France)<br \/>\n5- Ahmed Kha tir (SK Beveren\/Belgique)<br \/>\n6- Hamza Koutoune (OGC Nice\/France)<br \/>\n7- Julien Mesbahi (FC Twente\/Pays-Bas)<br \/>\n8- Fouad Zahouani (Union Touarga\/Maroc)<\/p>\n<p>Milieux de terrain :<\/p>\n<p>1- Isma\u00ebl Aouad (RC Lens\/France)<br \/>\n2- Amine Boukamir (Charleroi SC\/Belgique)<br \/>\n3- Anass El Makkaoui (FUS Rabat\/Maroc)<br \/>\n4- Naoufel El Hannach (Paris Saint-Germain\/France)<br \/>\n5- Houssam Essadak (Union Touarga\/Maroc)<br \/>\nReda Laalaoui (FUS Rabat\/Maroc)<br \/>\n6- Saad El Haddad (Venezia FC\/Italie)<\/p>\n<p>Attaquants :<\/p>\n<p>1- Ayman Erguigue (SD Huesca\/Espagne)<br \/>\n2- Adam El Mokhtari (Elche CF\/Espagne)<br \/>\n3- Ilias Boumassaoudi (FC Den Bosch\/Pays-Bas)<br \/>\n4- Mouad Dahak (Union Touarga\/Maroc)<br \/>\n5- Jones Abdellaoui (RC Celta Vigo\/Espagne)<br \/>\n6- Adnane Kharroubi (SM Caen\/France)<br \/>\n7- Othmane Maama (Montpellier HSC\/France)<br \/>\n8- Mohamed Yassir Zabiri (FC Famalic\u00e3o\/Portugal)<\/p>\n<p>Cette s\u00e9lection, qui associe l&rsquo;exp\u00e9rience internationale des joueurs expatri\u00e9s \u00e0 la connaissance du football africain des \u00e9l\u00e9ments locaux, d\u00e9montre l&rsquo;ambition marocaine de briller dans cette comp\u00e9tition continentale majeure.<\/p>\n<p>&nbsp;<\/p>\n","protected":false},"excerpt":{"rendered":"<p>Apr\u00e8s son parcours remarquable \u00e0 la CAN U17 o\u00f9 il a atteint la finale, le Maroc mise sur l&rsquo;expertise internationale pour la prochaine Coupe d&rsquo;Afrique des Nations des moins de 20 ans. Le s\u00e9lectionneur national a convoqu\u00e9 un groupe de 26 joueurs, dont plus de 20 \u00e9voluent dans des clubs europ\u00e9ens prestigieux, pour le tournoi [&hellip;]<\/p>\n","protected":false},"author":2,"featured_media":6222,"comment_status":"closed","ping_status":"closed","sticky":false,"template":"","format":"standard","meta":{"_jetpack_memberships_contains_paid_content":false,"footnotes":"","jetpack_publicize_message":"","jetpack_publicize_feature_enabled":true,"jetpack_social_post_already_shared":true,"jetpack_social_options":{"image_generator_settings":{"template":"highway","default_image_id":0,"font":"","enabled":false},"version":2}},"categories":[10,5],"tags":[],"class_list":{"0":"post-6221","1":"post","2":"type-post","3":"status-publish","4":"format-standard","5":"has-post-thumbnail","7":"category-actualite","8":"category-football"},"yoast_head":"<!-- This site is optimized with the Yoast SEO plugin v27.5 - https:\/\/yoast.com\/product\/yoast-seo-wordpress\/ -->\n<title>CAN U20 : Le Maroc d\u00e9voile une liste riche en talents expatri\u00e9s - le regard du sportif<\/title>\n<meta name=\"robots\" content=\"index, follow, max-snippet:-1, max-image-preview:large, max-video-preview:-1\" \/>\n<link rel=\"canonical\" href=\"https:\/\/oeilsportif.info\/index.php\/can-u20-le-maroc-devoile-une-liste-riche-en-talents-expatries\/\" \/>\n<meta property=\"og:locale\" content=\"fr_FR\" \/>\n<meta property=\"og:type\" content=\"article\" \/>\n<meta property=\"og:title\" content=\"CAN U20 : Le Maroc d\u00e9voile une liste riche en talents expatri\u00e9s - le regard du sportif\" \/>\n<meta property=\"og:description\" content=\"Apr\u00e8s son parcours remarquable \u00e0 la CAN U17 o\u00f9 il a atteint la finale, le Maroc mise sur l&rsquo;expertise internationale pour la prochaine Coupe d&rsquo;Afrique des Nations des moins de 20 ans. Le s\u00e9lectionneur national a convoqu\u00e9 un groupe de 26 joueurs, dont plus de 20 \u00e9voluent dans des clubs europ\u00e9ens prestigieux, pour le tournoi [&hellip;]\" \/>\n<meta property=\"og:url\" content=\"https:\/\/oeilsportif.info\/index.php\/can-u20-le-maroc-devoile-une-liste-riche-en-talents-expatries\/\" \/>\n<meta property=\"og:site_name\" content=\"le regard du sportif\" \/>\n<meta property=\"article:published_time\" content=\"2025-04-23T08:55:38+00:00\" \/>\n<meta property=\"og:image\" content=\"https:\/\/oeilsportif.info\/wp-content\/uploads\/2025\/04\/IMG_0624.jpeg\" \/>\n\t<meta property=\"og:image:width\" content=\"1200\" \/>\n\t<meta property=\"og:image:height\" content=\"517\" \/>\n\t<meta property=\"og:image:type\" content=\"image\/jpeg\" \/>\n<meta name=\"author\" content=\"L&#039;Equipe de la R\u00e9daction\" \/>\n<meta name=\"twitter:label1\" content=\"\u00c9crit par\" \/>\n\t<meta name=\"twitter:data1\" content=\"L&#039;Equipe de la R\u00e9daction\" \/>\n\t<meta name=\"twitter:label2\" content=\"Dur\u00e9e de lecture estim\u00e9e\" \/>\n\t<meta name=\"twitter:data2\" content=\"2 minutes\" \/>\n<script type=\"application\/ld+json\" class=\"yoast-schema-graph\">{\"@context\":\"https:\\\/\\\/schema.org\",\"@graph\":[{\"@type\":\"Article\",\"@id\":\"https:\\\/\\\/oeilsportif.info\\\/index.php\\\/can-u20-le-maroc-devoile-une-liste-riche-en-talents-expatries\\\/#article\",\"isPartOf\":{\"@id\":\"https:\\\/\\\/oeilsportif.info\\\/index.php\\\/can-u20-le-maroc-devoile-une-liste-riche-en-talents-expatries\\\/\"},\"author\":{\"name\":\"L'Equipe de la R\u00e9daction\",\"@id\":\"https:\\\/\\\/oeilsportif.info\\\/#\\\/schema\\\/person\\\/cfbded294aa6095f7d96608d7905e9a1\"},\"headline\":\"CAN U20 : Le Maroc d\u00e9voile une liste riche en talents expatri\u00e9s\",\"datePublished\":\"2025-04-23T08:55:38+00:00\",\"mainEntityOfPage\":{\"@id\":\"https:\\\/\\\/oeilsportif.info\\\/index.php\\\/can-u20-le-maroc-devoile-une-liste-riche-en-talents-expatries\\\/\"},\"wordCount\":349,\"image\":{\"@id\":\"https:\\\/\\\/oeilsportif.info\\\/index.php\\\/can-u20-le-maroc-devoile-une-liste-riche-en-talents-expatries\\\/#primaryimage\"},\"thumbnailUrl\":\"https:\\\/\\\/i0.wp.com\\\/oeilsportif.info\\\/wp-content\\\/uploads\\\/2025\\\/04\\\/IMG_0624.jpeg?fit=1200%2C517&ssl=1\",\"articleSection\":[\"Actualit\u00e9\",\"Football\"],\"inLanguage\":\"fr-FR\"},{\"@type\":\"WebPage\",\"@id\":\"https:\\\/\\\/oeilsportif.info\\\/index.php\\\/can-u20-le-maroc-devoile-une-liste-riche-en-talents-expatries\\\/\",\"url\":\"https:\\\/\\\/oeilsportif.info\\\/index.php\\\/can-u20-le-maroc-devoile-une-liste-riche-en-talents-expatries\\\/\",\"name\":\"CAN U20 : Le Maroc d\u00e9voile une liste riche en talents expatri\u00e9s - le regard du sportif\",\"isPartOf\":{\"@id\":\"https:\\\/\\\/oeilsportif.info\\\/#website\"},\"primaryImageOfPage\":{\"@id\":\"https:\\\/\\\/oeilsportif.info\\\/index.php\\\/can-u20-le-maroc-devoile-une-liste-riche-en-talents-expatries\\\/#primaryimage\"},\"image\":{\"@id\":\"https:\\\/\\\/oeilsportif.info\\\/index.php\\\/can-u20-le-maroc-devoile-une-liste-riche-en-talents-expatries\\\/#primaryimage\"},\"thumbnailUrl\":\"https:\\\/\\\/i0.wp.com\\\/oeilsportif.info\\\/wp-content\\\/uploads\\\/2025\\\/04\\\/IMG_0624.jpeg?fit=1200%2C517&ssl=1\",\"datePublished\":\"2025-04-23T08:55:38+00:00\",\"author\":{\"@id\":\"https:\\\/\\\/oeilsportif.info\\\/#\\\/schema\\\/person\\\/cfbded294aa6095f7d96608d7905e9a1\"},\"inLanguage\":\"fr-FR\",\"potentialAction\":[{\"@type\":\"ReadAction\",\"target\":[\"https:\\\/\\\/oeilsportif.info\\\/index.php\\\/can-u20-le-maroc-devoile-une-liste-riche-en-talents-expatries\\\/\"]}]},{\"@type\":\"ImageObject\",\"inLanguage\":\"fr-FR\",\"@id\":\"https:\\\/\\\/oeilsportif.info\\\/index.php\\\/can-u20-le-maroc-devoile-une-liste-riche-en-talents-expatries\\\/#primaryimage\",\"url\":\"https:\\\/\\\/i0.wp.com\\\/oeilsportif.info\\\/wp-content\\\/uploads\\\/2025\\\/04\\\/IMG_0624.jpeg?fit=1200%2C517&ssl=1\",\"contentUrl\":\"https:\\\/\\\/i0.wp.com\\\/oeilsportif.info\\\/wp-content\\\/uploads\\\/2025\\\/04\\\/IMG_0624.jpeg?fit=1200%2C517&ssl=1\",\"width\":1200,\"height\":517},{\"@type\":\"WebSite\",\"@id\":\"https:\\\/\\\/oeilsportif.info\\\/#website\",\"url\":\"https:\\\/\\\/oeilsportif.info\\\/\",\"name\":\"le regard du sportif\",\"description\":\"\",\"potentialAction\":[{\"@type\":\"SearchAction\",\"target\":{\"@type\":\"EntryPoint\",\"urlTemplate\":\"https:\\\/\\\/oeilsportif.info\\\/?s={search_term_string}\"},\"query-input\":{\"@type\":\"PropertyValueSpecification\",\"valueRequired\":true,\"valueName\":\"search_term_string\"}}],\"inLanguage\":\"fr-FR\"},{\"@type\":\"Person\",\"@id\":\"https:\\\/\\\/oeilsportif.info\\\/#\\\/schema\\\/person\\\/cfbded294aa6095f7d96608d7905e9a1\",\"name\":\"L'Equipe de la R\u00e9daction\",\"image\":{\"@type\":\"ImageObject\",\"inLanguage\":\"fr-FR\",\"@id\":\"https:\\\/\\\/oeilsportif.info\\\/wp-content\\\/uploads\\\/2025\\\/07\\\/cropped-cropped-logo-os-96x96.jpeg\",\"url\":\"https:\\\/\\\/oeilsportif.info\\\/wp-content\\\/uploads\\\/2025\\\/07\\\/cropped-cropped-logo-os-96x96.jpeg\",\"contentUrl\":\"https:\\\/\\\/oeilsportif.info\\\/wp-content\\\/uploads\\\/2025\\\/07\\\/cropped-cropped-logo-os-96x96.jpeg\",\"caption\":\"L'Equipe de la R\u00e9daction\"},\"url\":\"https:\\\/\\\/oeilsportif.info\\\/index.php\\\/author\\\/tawel\\\/\"}]}<\/script>\n<!-- \/ Yoast SEO plugin. -->","yoast_head_json":{"title":"CAN U20 : Le Maroc d\u00e9voile une liste riche en talents expatri\u00e9s - le regard du sportif","robots":{"index":"index","follow":"follow","max-snippet":"max-snippet:-1","max-image-preview":"max-image-preview:large","max-video-preview":"max-video-preview:-1"},"canonical":"https:\/\/oeilsportif.info\/index.php\/can-u20-le-maroc-devoile-une-liste-riche-en-talents-expatries\/","og_locale":"fr_FR","og_type":"article","og_title":"CAN U20 : Le Maroc d\u00e9voile une liste riche en talents expatri\u00e9s - le regard du sportif","og_description":"Apr\u00e8s son parcours remarquable \u00e0 la CAN U17 o\u00f9 il a atteint la finale, le Maroc mise sur l&rsquo;expertise internationale pour la prochaine Coupe d&rsquo;Afrique des Nations des moins de 20 ans. Le s\u00e9lectionneur national a convoqu\u00e9 un groupe de 26 joueurs, dont plus de 20 \u00e9voluent dans des clubs europ\u00e9ens prestigieux, pour le tournoi [&hellip;]","og_url":"https:\/\/oeilsportif.info\/index.php\/can-u20-le-maroc-devoile-une-liste-riche-en-talents-expatries\/","og_site_name":"le regard du sportif","article_published_time":"2025-04-23T08:55:38+00:00","og_image":[{"width":1200,"height":517,"url":"https:\/\/oeilsportif.info\/wp-content\/uploads\/2025\/04\/IMG_0624.jpeg","type":"image\/jpeg"}],"author":"L'Equipe de la R\u00e9daction","twitter_misc":{"\u00c9crit par":"L'Equipe de la R\u00e9daction","Dur\u00e9e de lecture estim\u00e9e":"2 minutes"},"schema":{"@context":"https:\/\/schema.org","@graph":[{"@type":"Article","@id":"https:\/\/oeilsportif.info\/index.php\/can-u20-le-maroc-devoile-une-liste-riche-en-talents-expatries\/#article","isPartOf":{"@id":"https:\/\/oeilsportif.info\/index.php\/can-u20-le-maroc-devoile-une-liste-riche-en-talents-expatries\/"},"author":{"name":"L'Equipe de la R\u00e9daction","@id":"https:\/\/oeilsportif.info\/#\/schema\/person\/cfbded294aa6095f7d96608d7905e9a1"},"headline":"CAN U20 : Le Maroc d\u00e9voile une liste riche en talents expatri\u00e9s","datePublished":"2025-04-23T08:55:38+00:00","mainEntityOfPage":{"@id":"https:\/\/oeilsportif.info\/index.php\/can-u20-le-maroc-devoile-une-liste-riche-en-talents-expatries\/"},"wordCount":349,"image":{"@id":"https:\/\/oeilsportif.info\/index.php\/can-u20-le-maroc-devoile-une-liste-riche-en-talents-expatries\/#primaryimage"},"thumbnailUrl":"https:\/\/i0.wp.com\/oeilsportif.info\/wp-content\/uploads\/2025\/04\/IMG_0624.jpeg?fit=1200%2C517&ssl=1","articleSection":["Actualit\u00e9","Football"],"inLanguage":"fr-FR"},{"@type":"WebPage","@id":"https:\/\/oeilsportif.info\/index.php\/can-u20-le-maroc-devoile-une-liste-riche-en-talents-expatries\/","url":"https:\/\/oeilsportif.info\/index.php\/can-u20-le-maroc-devoile-une-liste-riche-en-talents-expatries\/","name":"CAN U20 : Le Maroc d\u00e9voile une liste riche en talents expatri\u00e9s - le regard du sportif","isPartOf":{"@id":"https:\/\/oeilsportif.info\/#website"},"primaryImageOfPage":{"@id":"https:\/\/oeilsportif.info\/index.php\/can-u20-le-maroc-devoile-une-liste-riche-en-talents-expatries\/#primaryimage"},"image":{"@id":"https:\/\/oeilsportif.info\/index.php\/can-u20-le-maroc-devoile-une-liste-riche-en-talents-expatries\/#primaryimage"},"thumbnailUrl":"https:\/\/i0.wp.com\/oeilsportif.info\/wp-content\/uploads\/2025\/04\/IMG_0624.jpeg?fit=1200%2C517&ssl=1","datePublished":"2025-04-23T08:55:38+00:00","author":{"@id":"https:\/\/oeilsportif.info\/#\/schema\/person\/cfbded294aa6095f7d96608d7905e9a1"},"inLanguage":"fr-FR","potentialAction":[{"@type":"ReadAction","target":["https:\/\/oeilsportif.info\/index.php\/can-u20-le-maroc-devoile-une-liste-riche-en-talents-expatries\/"]}]},{"@type":"ImageObject","inLanguage":"fr-FR","@id":"https:\/\/oeilsportif.info\/index.php\/can-u20-le-maroc-devoile-une-liste-riche-en-talents-expatries\/#primaryimage","url":"https:\/\/i0.wp.com\/oeilsportif.info\/wp-content\/uploads\/2025\/04\/IMG_0624.jpeg?fit=1200%2C517&ssl=1","contentUrl":"https:\/\/i0.wp.com\/oeilsportif.info\/wp-content\/uploads\/2025\/04\/IMG_0624.jpeg?fit=1200%2C517&ssl=1","width":1200,"height":517},{"@type":"WebSite","@id":"https:\/\/oeilsportif.info\/#website","url":"https:\/\/oeilsportif.info\/","name":"le regard du sportif","description":"","potentialAction":[{"@type":"SearchAction","target":{"@type":"EntryPoint","urlTemplate":"https:\/\/oeilsportif.info\/?s={search_term_string}"},"query-input":{"@type":"PropertyValueSpecification","valueRequired":true,"valueName":"search_term_string"}}],"inLanguage":"fr-FR"},{"@type":"Person","@id":"https:\/\/oeilsportif.info\/#\/schema\/person\/cfbded294aa6095f7d96608d7905e9a1","name":"L'Equipe de la R\u00e9daction","image":{"@type":"ImageObject","inLanguage":"fr-FR","@id":"https:\/\/oeilsportif.info\/wp-content\/uploads\/2025\/07\/cropped-cropped-logo-os-96x96.jpeg","url":"https:\/\/oeilsportif.info\/wp-content\/uploads\/2025\/07\/cropped-cropped-logo-os-96x96.jpeg","contentUrl":"https:\/\/oeilsportif.info\/wp-content\/uploads\/2025\/07\/cropped-cropped-logo-os-96x96.jpeg","caption":"L'Equipe de la R\u00e9daction"},"url":"https:\/\/oeilsportif.info\/index.php\/author\/tawel\/"}]}},"jetpack_publicize_connections":[],"jetpack_featured_media_url":"https:\/\/i0.wp.com\/oeilsportif.info\/wp-content\/uploads\/2025\/04\/IMG_0624.jpeg?fit=1200%2C517&ssl=1","jetpack-related-posts":[],"jetpack_sharing_enabled":true,"jetpack_likes_enabled":true,"jetpack_shortlink":"https:\/\/wp.me\/pgFE77-1Cl","_links":{"self":[{"href":"https:\/\/oeilsportif.info\/index.php\/wp-json\/wp\/v2\/posts\/6221","targetHints":{"allow":["GET"]}}],"collection":[{"href":"https:\/\/oeilsportif.info\/index.php\/wp-json\/wp\/v2\/posts"}],"about":[{"href":"https:\/\/oeilsportif.info\/index.php\/wp-json\/wp\/v2\/types\/post"}],"author":[{"embeddable":true,"href":"https:\/\/oeilsportif.info\/index.php\/wp-json\/wp\/v2\/users\/2"}],"replies":[{"embeddable":true,"href":"https:\/\/oeilsportif.info\/index.php\/wp-json\/wp\/v2\/comments?post=6221"}],"version-history":[{"count":0,"href":"https:\/\/oeilsportif.info\/index.php\/wp-json\/wp\/v2\/posts\/6221\/revisions"}],"wp:featuredmedia":[{"embeddable":true,"href":"https:\/\/oeilsportif.info\/index.php\/wp-json\/wp\/v2\/media\/6222"}],"wp:attachment":[{"href":"https:\/\/oeilsportif.info\/index.php\/wp-json\/wp\/v2\/media?parent=6221"}],"wp:term":[{"taxonomy":"category","embeddable":true,"href":"https:\/\/oeilsportif.info\/index.php\/wp-json\/wp\/v2\/categories?post=6221"},{"taxonomy":"post_tag","embeddable":true,"href":"https:\/\/oeilsportif.info\/index.php\/wp-json\/wp\/v2\/tags?post=6221"}],"curies":[{"name":"wp","href":"https:\/\/api.w.org\/{rel}","templated":true}]}}