{"id":621,"date":"2022-06-01T19:32:54","date_gmt":"2022-06-01T19:32:54","guid":{"rendered":"https:\/\/oeilsportif.info\/index.php\/?p=621"},"modified":"2022-06-01T19:32:54","modified_gmt":"2022-06-01T19:32:54","slug":"can-2023-journee-1-langola-bat-la-centrafrique","status":"publish","type":"post","link":"https:\/\/oeilsportif.info\/index.php\/can-2023-journee-1-langola-bat-la-centrafrique\/","title":{"rendered":"CAN 2023\/ JOURN\u00c9E 1 : l\u2019Angola bat la Centrafrique !"},"content":{"rendered":"<p dir=\"ltr\"><strong>Ce mercredi 01 juin 2022 \u00e0 l&rsquo;occasion de la premi\u00e8re journ\u00e9e des \u00e9liminatoires de la Coupe d&rsquo;Afrique des Nations C\u00f4te d\u2019Ivoire 2023 l&rsquo;\u00e9quipe nationale angolaise s&rsquo;est impos\u00e9e \u00e0 domicile contre la Centrafrique sur le score de 2 buts \u00e0 1.<\/strong><\/p>\n<p dir=\"ltr\">\u00c0 l&rsquo;ouverture du groupe E, entre l&rsquo;Angola et la Centrafrique, c&rsquo;est les visiteurs qui ont ouvert le score par Samuel Nlend, un Camerounais naturalis\u00e9 \u00e0 la 32e minutes 1-0 en faveur de la Centrafrique. Dix minutes plus tard, les Palancas Negra ont\u00a0 rat\u00e9 un penalty, mais Nzola Mbala, attaquant de la Spezia, leur a finalement permis d\u2019\u00e9galiser avant le dernier quart d\u2019heure (73e, 1-1). Puis Gelson Dala a offert la victoire aux locaux dans la foul\u00e9e \u00e0 la 76e minutes.<br \/>\n2-1, c&rsquo;est le score final de la rencontrer.<br \/>\nEn attendant le match,\u00a0 Ghana vs Madagascar \u00e0 19h. L&rsquo;\u00e9quipe angolaise occupe la premi\u00e8re place avec 3 points.<\/p>\n<p dir=\"ltr\">\nLors de la prochaine journ\u00e9e dimanche, la Centrafrique recevra le Ghana, tandis que l\u2019Angola ira \u00e0 Madagascar.<\/p>\n<p dir=\"ltr\"><strong>Welta<\/strong><\/p>\n","protected":false},"excerpt":{"rendered":"<p>Ce mercredi 01 juin 2022 \u00e0 l&rsquo;occasion de la premi\u00e8re journ\u00e9e des \u00e9liminatoires de la Coupe d&rsquo;Afrique des Nations C\u00f4te d\u2019Ivoire 2023 l&rsquo;\u00e9quipe nationale angolaise s&rsquo;est impos\u00e9e \u00e0 domicile contre la Centrafrique sur le score de 2 buts \u00e0 1. \u00c0 l&rsquo;ouverture du groupe E, entre l&rsquo;Angola et la Centrafrique, c&rsquo;est les visiteurs qui ont [&hellip;]<\/p>\n","protected":false},"author":2,"featured_media":622,"comment_status":"closed","ping_status":"open","sticky":false,"template":"","format":"standard","meta":{"_jetpack_memberships_contains_paid_content":false,"footnotes":"","jetpack_publicize_message":"","jetpack_publicize_feature_enabled":true,"jetpack_social_post_already_shared":true,"jetpack_social_options":{"image_generator_settings":{"template":"highway","default_image_id":0,"font":"","enabled":false},"version":2}},"categories":[5],"tags":[],"class_list":{"0":"post-621","1":"post","2":"type-post","3":"status-publish","4":"format-standard","5":"has-post-thumbnail","7":"category-football"},"yoast_head":"<!-- This site is optimized with the Yoast SEO plugin v27.4 - https:\/\/yoast.com\/product\/yoast-seo-wordpress\/ -->\n<title>CAN 2023\/ JOURN\u00c9E 1 : l\u2019Angola bat la Centrafrique ! - le regard du sportif<\/title>\n<meta name=\"robots\" content=\"index, follow, max-snippet:-1, max-image-preview:large, max-video-preview:-1\" \/>\n<link rel=\"canonical\" href=\"https:\/\/oeilsportif.info\/index.php\/can-2023-journee-1-langola-bat-la-centrafrique\/\" \/>\n<meta property=\"og:locale\" content=\"fr_FR\" \/>\n<meta property=\"og:type\" content=\"article\" \/>\n<meta property=\"og:title\" content=\"CAN 2023\/ JOURN\u00c9E 1 : l\u2019Angola bat la Centrafrique ! - le regard du sportif\" \/>\n<meta property=\"og:description\" content=\"Ce mercredi 01 juin 2022 \u00e0 l&rsquo;occasion de la premi\u00e8re journ\u00e9e des \u00e9liminatoires de la Coupe d&rsquo;Afrique des Nations C\u00f4te d\u2019Ivoire 2023 l&rsquo;\u00e9quipe nationale angolaise s&rsquo;est impos\u00e9e \u00e0 domicile contre la Centrafrique sur le score de 2 buts \u00e0 1. \u00c0 l&rsquo;ouverture du groupe E, entre l&rsquo;Angola et la Centrafrique, c&rsquo;est les visiteurs qui ont [&hellip;]\" \/>\n<meta property=\"og:url\" content=\"https:\/\/oeilsportif.info\/index.php\/can-2023-journee-1-langola-bat-la-centrafrique\/\" \/>\n<meta property=\"og:site_name\" content=\"le regard du sportif\" \/>\n<meta property=\"article:published_time\" content=\"2022-06-01T19:32:54+00:00\" \/>\n<meta property=\"og:image\" content=\"https:\/\/oeilsportif.info\/wp-content\/uploads\/2022\/06\/Angola-Gabon-2.jpg\" \/>\n\t<meta property=\"og:image:width\" content=\"640\" \/>\n\t<meta property=\"og:image:height\" content=\"427\" \/>\n\t<meta property=\"og:image:type\" content=\"image\/jpeg\" \/>\n<meta name=\"author\" content=\"L&#039;Equipe de la R\u00e9daction\" \/>\n<meta name=\"twitter:label1\" content=\"\u00c9crit par\" \/>\n\t<meta name=\"twitter:data1\" content=\"L&#039;Equipe de la R\u00e9daction\" \/>\n\t<meta name=\"twitter:label2\" content=\"Dur\u00e9e de lecture estim\u00e9e\" \/>\n\t<meta name=\"twitter:data2\" content=\"1 minute\" \/>\n<script type=\"application\/ld+json\" class=\"yoast-schema-graph\">{\"@context\":\"https:\\\/\\\/schema.org\",\"@graph\":[{\"@type\":\"Article\",\"@id\":\"https:\\\/\\\/oeilsportif.info\\\/index.php\\\/can-2023-journee-1-langola-bat-la-centrafrique\\\/#article\",\"isPartOf\":{\"@id\":\"https:\\\/\\\/oeilsportif.info\\\/index.php\\\/can-2023-journee-1-langola-bat-la-centrafrique\\\/\"},\"author\":{\"name\":\"L'Equipe de la R\u00e9daction\",\"@id\":\"https:\\\/\\\/oeilsportif.info\\\/#\\\/schema\\\/person\\\/cfbded294aa6095f7d96608d7905e9a1\"},\"headline\":\"CAN 2023\\\/ JOURN\u00c9E 1 : l\u2019Angola bat la Centrafrique !\",\"datePublished\":\"2022-06-01T19:32:54+00:00\",\"mainEntityOfPage\":{\"@id\":\"https:\\\/\\\/oeilsportif.info\\\/index.php\\\/can-2023-journee-1-langola-bat-la-centrafrique\\\/\"},\"wordCount\":178,\"image\":{\"@id\":\"https:\\\/\\\/oeilsportif.info\\\/index.php\\\/can-2023-journee-1-langola-bat-la-centrafrique\\\/#primaryimage\"},\"thumbnailUrl\":\"https:\\\/\\\/i0.wp.com\\\/oeilsportif.info\\\/wp-content\\\/uploads\\\/2022\\\/06\\\/Angola-Gabon-2.jpg?fit=640%2C427&ssl=1\",\"articleSection\":[\"Football\"],\"inLanguage\":\"fr-FR\"},{\"@type\":\"WebPage\",\"@id\":\"https:\\\/\\\/oeilsportif.info\\\/index.php\\\/can-2023-journee-1-langola-bat-la-centrafrique\\\/\",\"url\":\"https:\\\/\\\/oeilsportif.info\\\/index.php\\\/can-2023-journee-1-langola-bat-la-centrafrique\\\/\",\"name\":\"CAN 2023\\\/ JOURN\u00c9E 1 : l\u2019Angola bat la Centrafrique ! - le regard du sportif\",\"isPartOf\":{\"@id\":\"https:\\\/\\\/oeilsportif.info\\\/#website\"},\"primaryImageOfPage\":{\"@id\":\"https:\\\/\\\/oeilsportif.info\\\/index.php\\\/can-2023-journee-1-langola-bat-la-centrafrique\\\/#primaryimage\"},\"image\":{\"@id\":\"https:\\\/\\\/oeilsportif.info\\\/index.php\\\/can-2023-journee-1-langola-bat-la-centrafrique\\\/#primaryimage\"},\"thumbnailUrl\":\"https:\\\/\\\/i0.wp.com\\\/oeilsportif.info\\\/wp-content\\\/uploads\\\/2022\\\/06\\\/Angola-Gabon-2.jpg?fit=640%2C427&ssl=1\",\"datePublished\":\"2022-06-01T19:32:54+00:00\",\"author\":{\"@id\":\"https:\\\/\\\/oeilsportif.info\\\/#\\\/schema\\\/person\\\/cfbded294aa6095f7d96608d7905e9a1\"},\"inLanguage\":\"fr-FR\",\"potentialAction\":[{\"@type\":\"ReadAction\",\"target\":[\"https:\\\/\\\/oeilsportif.info\\\/index.php\\\/can-2023-journee-1-langola-bat-la-centrafrique\\\/\"]}]},{\"@type\":\"ImageObject\",\"inLanguage\":\"fr-FR\",\"@id\":\"https:\\\/\\\/oeilsportif.info\\\/index.php\\\/can-2023-journee-1-langola-bat-la-centrafrique\\\/#primaryimage\",\"url\":\"https:\\\/\\\/i0.wp.com\\\/oeilsportif.info\\\/wp-content\\\/uploads\\\/2022\\\/06\\\/Angola-Gabon-2.jpg?fit=640%2C427&ssl=1\",\"contentUrl\":\"https:\\\/\\\/i0.wp.com\\\/oeilsportif.info\\\/wp-content\\\/uploads\\\/2022\\\/06\\\/Angola-Gabon-2.jpg?fit=640%2C427&ssl=1\",\"width\":640,\"height\":427},{\"@type\":\"WebSite\",\"@id\":\"https:\\\/\\\/oeilsportif.info\\\/#website\",\"url\":\"https:\\\/\\\/oeilsportif.info\\\/\",\"name\":\"le regard du sportif\",\"description\":\"\",\"potentialAction\":[{\"@type\":\"SearchAction\",\"target\":{\"@type\":\"EntryPoint\",\"urlTemplate\":\"https:\\\/\\\/oeilsportif.info\\\/?s={search_term_string}\"},\"query-input\":{\"@type\":\"PropertyValueSpecification\",\"valueRequired\":true,\"valueName\":\"search_term_string\"}}],\"inLanguage\":\"fr-FR\"},{\"@type\":\"Person\",\"@id\":\"https:\\\/\\\/oeilsportif.info\\\/#\\\/schema\\\/person\\\/cfbded294aa6095f7d96608d7905e9a1\",\"name\":\"L'Equipe de la R\u00e9daction\",\"image\":{\"@type\":\"ImageObject\",\"inLanguage\":\"fr-FR\",\"@id\":\"https:\\\/\\\/oeilsportif.info\\\/wp-content\\\/uploads\\\/2025\\\/07\\\/cropped-cropped-logo-os-96x96.jpeg\",\"url\":\"https:\\\/\\\/oeilsportif.info\\\/wp-content\\\/uploads\\\/2025\\\/07\\\/cropped-cropped-logo-os-96x96.jpeg\",\"contentUrl\":\"https:\\\/\\\/oeilsportif.info\\\/wp-content\\\/uploads\\\/2025\\\/07\\\/cropped-cropped-logo-os-96x96.jpeg\",\"caption\":\"L'Equipe de la R\u00e9daction\"},\"url\":\"https:\\\/\\\/oeilsportif.info\\\/index.php\\\/author\\\/tawel\\\/\"}]}<\/script>\n<!-- \/ Yoast SEO plugin. -->","yoast_head_json":{"title":"CAN 2023\/ JOURN\u00c9E 1 : l\u2019Angola bat la Centrafrique ! - le regard du sportif","robots":{"index":"index","follow":"follow","max-snippet":"max-snippet:-1","max-image-preview":"max-image-preview:large","max-video-preview":"max-video-preview:-1"},"canonical":"https:\/\/oeilsportif.info\/index.php\/can-2023-journee-1-langola-bat-la-centrafrique\/","og_locale":"fr_FR","og_type":"article","og_title":"CAN 2023\/ JOURN\u00c9E 1 : l\u2019Angola bat la Centrafrique ! - le regard du sportif","og_description":"Ce mercredi 01 juin 2022 \u00e0 l&rsquo;occasion de la premi\u00e8re journ\u00e9e des \u00e9liminatoires de la Coupe d&rsquo;Afrique des Nations C\u00f4te d\u2019Ivoire 2023 l&rsquo;\u00e9quipe nationale angolaise s&rsquo;est impos\u00e9e \u00e0 domicile contre la Centrafrique sur le score de 2 buts \u00e0 1. \u00c0 l&rsquo;ouverture du groupe E, entre l&rsquo;Angola et la Centrafrique, c&rsquo;est les visiteurs qui ont [&hellip;]","og_url":"https:\/\/oeilsportif.info\/index.php\/can-2023-journee-1-langola-bat-la-centrafrique\/","og_site_name":"le regard du sportif","article_published_time":"2022-06-01T19:32:54+00:00","og_image":[{"width":640,"height":427,"url":"https:\/\/oeilsportif.info\/wp-content\/uploads\/2022\/06\/Angola-Gabon-2.jpg","type":"image\/jpeg"}],"author":"L'Equipe de la R\u00e9daction","twitter_misc":{"\u00c9crit par":"L'Equipe de la R\u00e9daction","Dur\u00e9e de lecture estim\u00e9e":"1 minute"},"schema":{"@context":"https:\/\/schema.org","@graph":[{"@type":"Article","@id":"https:\/\/oeilsportif.info\/index.php\/can-2023-journee-1-langola-bat-la-centrafrique\/#article","isPartOf":{"@id":"https:\/\/oeilsportif.info\/index.php\/can-2023-journee-1-langola-bat-la-centrafrique\/"},"author":{"name":"L'Equipe de la R\u00e9daction","@id":"https:\/\/oeilsportif.info\/#\/schema\/person\/cfbded294aa6095f7d96608d7905e9a1"},"headline":"CAN 2023\/ JOURN\u00c9E 1 : l\u2019Angola bat la Centrafrique !","datePublished":"2022-06-01T19:32:54+00:00","mainEntityOfPage":{"@id":"https:\/\/oeilsportif.info\/index.php\/can-2023-journee-1-langola-bat-la-centrafrique\/"},"wordCount":178,"image":{"@id":"https:\/\/oeilsportif.info\/index.php\/can-2023-journee-1-langola-bat-la-centrafrique\/#primaryimage"},"thumbnailUrl":"https:\/\/i0.wp.com\/oeilsportif.info\/wp-content\/uploads\/2022\/06\/Angola-Gabon-2.jpg?fit=640%2C427&ssl=1","articleSection":["Football"],"inLanguage":"fr-FR"},{"@type":"WebPage","@id":"https:\/\/oeilsportif.info\/index.php\/can-2023-journee-1-langola-bat-la-centrafrique\/","url":"https:\/\/oeilsportif.info\/index.php\/can-2023-journee-1-langola-bat-la-centrafrique\/","name":"CAN 2023\/ JOURN\u00c9E 1 : l\u2019Angola bat la Centrafrique ! - le regard du sportif","isPartOf":{"@id":"https:\/\/oeilsportif.info\/#website"},"primaryImageOfPage":{"@id":"https:\/\/oeilsportif.info\/index.php\/can-2023-journee-1-langola-bat-la-centrafrique\/#primaryimage"},"image":{"@id":"https:\/\/oeilsportif.info\/index.php\/can-2023-journee-1-langola-bat-la-centrafrique\/#primaryimage"},"thumbnailUrl":"https:\/\/i0.wp.com\/oeilsportif.info\/wp-content\/uploads\/2022\/06\/Angola-Gabon-2.jpg?fit=640%2C427&ssl=1","datePublished":"2022-06-01T19:32:54+00:00","author":{"@id":"https:\/\/oeilsportif.info\/#\/schema\/person\/cfbded294aa6095f7d96608d7905e9a1"},"inLanguage":"fr-FR","potentialAction":[{"@type":"ReadAction","target":["https:\/\/oeilsportif.info\/index.php\/can-2023-journee-1-langola-bat-la-centrafrique\/"]}]},{"@type":"ImageObject","inLanguage":"fr-FR","@id":"https:\/\/oeilsportif.info\/index.php\/can-2023-journee-1-langola-bat-la-centrafrique\/#primaryimage","url":"https:\/\/i0.wp.com\/oeilsportif.info\/wp-content\/uploads\/2022\/06\/Angola-Gabon-2.jpg?fit=640%2C427&ssl=1","contentUrl":"https:\/\/i0.wp.com\/oeilsportif.info\/wp-content\/uploads\/2022\/06\/Angola-Gabon-2.jpg?fit=640%2C427&ssl=1","width":640,"height":427},{"@type":"WebSite","@id":"https:\/\/oeilsportif.info\/#website","url":"https:\/\/oeilsportif.info\/","name":"le regard du sportif","description":"","potentialAction":[{"@type":"SearchAction","target":{"@type":"EntryPoint","urlTemplate":"https:\/\/oeilsportif.info\/?s={search_term_string}"},"query-input":{"@type":"PropertyValueSpecification","valueRequired":true,"valueName":"search_term_string"}}],"inLanguage":"fr-FR"},{"@type":"Person","@id":"https:\/\/oeilsportif.info\/#\/schema\/person\/cfbded294aa6095f7d96608d7905e9a1","name":"L'Equipe de la R\u00e9daction","image":{"@type":"ImageObject","inLanguage":"fr-FR","@id":"https:\/\/oeilsportif.info\/wp-content\/uploads\/2025\/07\/cropped-cropped-logo-os-96x96.jpeg","url":"https:\/\/oeilsportif.info\/wp-content\/uploads\/2025\/07\/cropped-cropped-logo-os-96x96.jpeg","contentUrl":"https:\/\/oeilsportif.info\/wp-content\/uploads\/2025\/07\/cropped-cropped-logo-os-96x96.jpeg","caption":"L'Equipe de la R\u00e9daction"},"url":"https:\/\/oeilsportif.info\/index.php\/author\/tawel\/"}]}},"jetpack_publicize_connections":[],"jetpack_featured_media_url":"https:\/\/i0.wp.com\/oeilsportif.info\/wp-content\/uploads\/2022\/06\/Angola-Gabon-2.jpg?fit=640%2C427&ssl=1","jetpack-related-posts":[],"jetpack_sharing_enabled":true,"jetpack_likes_enabled":true,"jetpack_shortlink":"https:\/\/wp.me\/pgFE77-a1","_links":{"self":[{"href":"https:\/\/oeilsportif.info\/index.php\/wp-json\/wp\/v2\/posts\/621","targetHints":{"allow":["GET"]}}],"collection":[{"href":"https:\/\/oeilsportif.info\/index.php\/wp-json\/wp\/v2\/posts"}],"about":[{"href":"https:\/\/oeilsportif.info\/index.php\/wp-json\/wp\/v2\/types\/post"}],"author":[{"embeddable":true,"href":"https:\/\/oeilsportif.info\/index.php\/wp-json\/wp\/v2\/users\/2"}],"replies":[{"embeddable":true,"href":"https:\/\/oeilsportif.info\/index.php\/wp-json\/wp\/v2\/comments?post=621"}],"version-history":[{"count":0,"href":"https:\/\/oeilsportif.info\/index.php\/wp-json\/wp\/v2\/posts\/621\/revisions"}],"wp:featuredmedia":[{"embeddable":true,"href":"https:\/\/oeilsportif.info\/index.php\/wp-json\/wp\/v2\/media\/622"}],"wp:attachment":[{"href":"https:\/\/oeilsportif.info\/index.php\/wp-json\/wp\/v2\/media?parent=621"}],"wp:term":[{"taxonomy":"category","embeddable":true,"href":"https:\/\/oeilsportif.info\/index.php\/wp-json\/wp\/v2\/categories?post=621"},{"taxonomy":"post_tag","embeddable":true,"href":"https:\/\/oeilsportif.info\/index.php\/wp-json\/wp\/v2\/tags?post=621"}],"curies":[{"name":"wp","href":"https:\/\/api.w.org\/{rel}","templated":true}]}}