{"id":6170,"date":"2025-04-22T23:06:33","date_gmt":"2025-04-22T23:06:33","guid":{"rendered":"https:\/\/oeilsportif.info\/index.php\/?p=6170"},"modified":"2025-04-22T23:06:33","modified_gmt":"2025-04-22T23:06:33","slug":"mondial-u17-feminin-2025-les-amazones-beninoises-preparent-leur-match-decisif-a-lome","status":"publish","type":"post","link":"https:\/\/oeilsportif.info\/index.php\/mondial-u17-feminin-2025-les-amazones-beninoises-preparent-leur-match-decisif-a-lome\/","title":{"rendered":"Mondial U17 F\u00e9minin 2025 : Les Amazones b\u00e9ninoises pr\u00e9parent leur match d\u00e9cisif \u00e0 Lom\u00e9"},"content":{"rendered":"<p><strong>Apr\u00e8s leur d\u00e9faite 2-1 en Zambie lors du match aller, l&rsquo;\u00e9quipe nationale f\u00e9minine U17 du B\u00e9nin n&rsquo;a pas perdu de temps pour lancer sa pr\u00e9paration en vue de la confrontation retour. D\u00e8s leur arriv\u00e9e \u00e0 Lom\u00e9, Larissa Sa\u00efzonou et ses co\u00e9quipi\u00e8res ont d\u00e9but\u00e9 leur stage ce mardi 22 avril 2025 au stade de K\u00e9gu\u00e9.<\/strong><\/p>\n<p>La motivation est intacte chez les jeunes Amazones b\u00e9ninoises, qui gardent l&rsquo;espoir de renverser la situation lors du match retour. Cette premi\u00e8re s\u00e9ance d&rsquo;entra\u00eenement a \u00e9t\u00e9 marqu\u00e9e par la pr\u00e9sence de repr\u00e9sentants du Minist\u00e8re des Sports et de la F\u00e9d\u00e9ration B\u00e9ninoise de Football, venus t\u00e9moigner du soutien national \u00e0 cette \u00e9quipe porteuse d&rsquo;espoir pour le football f\u00e9minin du pays.<\/p>\n<p>Ce samedi 26 avril 2026 \u00e0 15h au Stade K\u00e9gu\u00e9 (gazon naturel) &#8211; Lom\u00e9, Togo.<br \/>\nCette rencontre s&rsquo;annonce cruciale pour l&rsquo;avenir du football f\u00e9minin b\u00e9ninois et pourrait ouvrir les portes du Mondial U17 f\u00e9minin Maroc 2025 aux jeunes Amazones.<\/p>\n<p><strong>Nalo Fot\u00e9<\/strong><\/p>\n","protected":false},"excerpt":{"rendered":"<p>Apr\u00e8s leur d\u00e9faite 2-1 en Zambie lors du match aller, l&rsquo;\u00e9quipe nationale f\u00e9minine U17 du B\u00e9nin n&rsquo;a pas perdu de temps pour lancer sa pr\u00e9paration en vue de la confrontation retour. D\u00e8s leur arriv\u00e9e \u00e0 Lom\u00e9, Larissa Sa\u00efzonou et ses co\u00e9quipi\u00e8res ont d\u00e9but\u00e9 leur stage ce mardi 22 avril 2025 au stade de K\u00e9gu\u00e9. La [&hellip;]<\/p>\n","protected":false},"author":2,"featured_media":6171,"comment_status":"closed","ping_status":"closed","sticky":false,"template":"","format":"standard","meta":{"_jetpack_memberships_contains_paid_content":false,"footnotes":"","jetpack_publicize_message":"","jetpack_publicize_feature_enabled":true,"jetpack_social_post_already_shared":true,"jetpack_social_options":{"image_generator_settings":{"template":"highway","default_image_id":0,"font":"","enabled":false},"version":2}},"categories":[10,5],"tags":[],"class_list":{"0":"post-6170","1":"post","2":"type-post","3":"status-publish","4":"format-standard","5":"has-post-thumbnail","7":"category-actualite","8":"category-football"},"yoast_head":"<!-- This site is optimized with the Yoast SEO plugin v27.5 - https:\/\/yoast.com\/product\/yoast-seo-wordpress\/ -->\n<title>Mondial U17 F\u00e9minin 2025 : Les Amazones b\u00e9ninoises pr\u00e9parent leur match d\u00e9cisif \u00e0 Lom\u00e9 - le regard du sportif<\/title>\n<meta name=\"robots\" content=\"index, follow, max-snippet:-1, max-image-preview:large, max-video-preview:-1\" \/>\n<link rel=\"canonical\" href=\"https:\/\/oeilsportif.info\/index.php\/mondial-u17-feminin-2025-les-amazones-beninoises-preparent-leur-match-decisif-a-lome\/\" \/>\n<meta property=\"og:locale\" content=\"fr_FR\" \/>\n<meta property=\"og:type\" content=\"article\" \/>\n<meta property=\"og:title\" content=\"Mondial U17 F\u00e9minin 2025 : Les Amazones b\u00e9ninoises pr\u00e9parent leur match d\u00e9cisif \u00e0 Lom\u00e9 - le regard du sportif\" \/>\n<meta property=\"og:description\" content=\"Apr\u00e8s leur d\u00e9faite 2-1 en Zambie lors du match aller, l&rsquo;\u00e9quipe nationale f\u00e9minine U17 du B\u00e9nin n&rsquo;a pas perdu de temps pour lancer sa pr\u00e9paration en vue de la confrontation retour. D\u00e8s leur arriv\u00e9e \u00e0 Lom\u00e9, Larissa Sa\u00efzonou et ses co\u00e9quipi\u00e8res ont d\u00e9but\u00e9 leur stage ce mardi 22 avril 2025 au stade de K\u00e9gu\u00e9. La [&hellip;]\" \/>\n<meta property=\"og:url\" content=\"https:\/\/oeilsportif.info\/index.php\/mondial-u17-feminin-2025-les-amazones-beninoises-preparent-leur-match-decisif-a-lome\/\" \/>\n<meta property=\"og:site_name\" content=\"le regard du sportif\" \/>\n<meta property=\"article:published_time\" content=\"2025-04-22T23:06:33+00:00\" \/>\n<meta property=\"og:image\" content=\"https:\/\/oeilsportif.info\/wp-content\/uploads\/2025\/04\/IMG_0576.jpeg\" \/>\n\t<meta property=\"og:image:width\" content=\"1280\" \/>\n\t<meta property=\"og:image:height\" content=\"661\" \/>\n\t<meta property=\"og:image:type\" content=\"image\/jpeg\" \/>\n<meta name=\"author\" content=\"L&#039;Equipe de la R\u00e9daction\" \/>\n<meta name=\"twitter:label1\" content=\"\u00c9crit par\" \/>\n\t<meta name=\"twitter:data1\" content=\"L&#039;Equipe de la R\u00e9daction\" \/>\n\t<meta name=\"twitter:label2\" content=\"Dur\u00e9e de lecture estim\u00e9e\" \/>\n\t<meta name=\"twitter:data2\" content=\"1 minute\" \/>\n<script type=\"application\/ld+json\" class=\"yoast-schema-graph\">{\"@context\":\"https:\\\/\\\/schema.org\",\"@graph\":[{\"@type\":\"Article\",\"@id\":\"https:\\\/\\\/oeilsportif.info\\\/index.php\\\/mondial-u17-feminin-2025-les-amazones-beninoises-preparent-leur-match-decisif-a-lome\\\/#article\",\"isPartOf\":{\"@id\":\"https:\\\/\\\/oeilsportif.info\\\/index.php\\\/mondial-u17-feminin-2025-les-amazones-beninoises-preparent-leur-match-decisif-a-lome\\\/\"},\"author\":{\"name\":\"L'Equipe de la R\u00e9daction\",\"@id\":\"https:\\\/\\\/oeilsportif.info\\\/#\\\/schema\\\/person\\\/cfbded294aa6095f7d96608d7905e9a1\"},\"headline\":\"Mondial U17 F\u00e9minin 2025 : Les Amazones b\u00e9ninoises pr\u00e9parent leur match d\u00e9cisif \u00e0 Lom\u00e9\",\"datePublished\":\"2025-04-22T23:06:33+00:00\",\"mainEntityOfPage\":{\"@id\":\"https:\\\/\\\/oeilsportif.info\\\/index.php\\\/mondial-u17-feminin-2025-les-amazones-beninoises-preparent-leur-match-decisif-a-lome\\\/\"},\"wordCount\":197,\"image\":{\"@id\":\"https:\\\/\\\/oeilsportif.info\\\/index.php\\\/mondial-u17-feminin-2025-les-amazones-beninoises-preparent-leur-match-decisif-a-lome\\\/#primaryimage\"},\"thumbnailUrl\":\"https:\\\/\\\/i0.wp.com\\\/oeilsportif.info\\\/wp-content\\\/uploads\\\/2025\\\/04\\\/IMG_0576.jpeg?fit=1280%2C661&ssl=1\",\"articleSection\":[\"Actualit\u00e9\",\"Football\"],\"inLanguage\":\"fr-FR\"},{\"@type\":\"WebPage\",\"@id\":\"https:\\\/\\\/oeilsportif.info\\\/index.php\\\/mondial-u17-feminin-2025-les-amazones-beninoises-preparent-leur-match-decisif-a-lome\\\/\",\"url\":\"https:\\\/\\\/oeilsportif.info\\\/index.php\\\/mondial-u17-feminin-2025-les-amazones-beninoises-preparent-leur-match-decisif-a-lome\\\/\",\"name\":\"Mondial U17 F\u00e9minin 2025 : Les Amazones b\u00e9ninoises pr\u00e9parent leur match d\u00e9cisif \u00e0 Lom\u00e9 - le regard du sportif\",\"isPartOf\":{\"@id\":\"https:\\\/\\\/oeilsportif.info\\\/#website\"},\"primaryImageOfPage\":{\"@id\":\"https:\\\/\\\/oeilsportif.info\\\/index.php\\\/mondial-u17-feminin-2025-les-amazones-beninoises-preparent-leur-match-decisif-a-lome\\\/#primaryimage\"},\"image\":{\"@id\":\"https:\\\/\\\/oeilsportif.info\\\/index.php\\\/mondial-u17-feminin-2025-les-amazones-beninoises-preparent-leur-match-decisif-a-lome\\\/#primaryimage\"},\"thumbnailUrl\":\"https:\\\/\\\/i0.wp.com\\\/oeilsportif.info\\\/wp-content\\\/uploads\\\/2025\\\/04\\\/IMG_0576.jpeg?fit=1280%2C661&ssl=1\",\"datePublished\":\"2025-04-22T23:06:33+00:00\",\"author\":{\"@id\":\"https:\\\/\\\/oeilsportif.info\\\/#\\\/schema\\\/person\\\/cfbded294aa6095f7d96608d7905e9a1\"},\"inLanguage\":\"fr-FR\",\"potentialAction\":[{\"@type\":\"ReadAction\",\"target\":[\"https:\\\/\\\/oeilsportif.info\\\/index.php\\\/mondial-u17-feminin-2025-les-amazones-beninoises-preparent-leur-match-decisif-a-lome\\\/\"]}]},{\"@type\":\"ImageObject\",\"inLanguage\":\"fr-FR\",\"@id\":\"https:\\\/\\\/oeilsportif.info\\\/index.php\\\/mondial-u17-feminin-2025-les-amazones-beninoises-preparent-leur-match-decisif-a-lome\\\/#primaryimage\",\"url\":\"https:\\\/\\\/i0.wp.com\\\/oeilsportif.info\\\/wp-content\\\/uploads\\\/2025\\\/04\\\/IMG_0576.jpeg?fit=1280%2C661&ssl=1\",\"contentUrl\":\"https:\\\/\\\/i0.wp.com\\\/oeilsportif.info\\\/wp-content\\\/uploads\\\/2025\\\/04\\\/IMG_0576.jpeg?fit=1280%2C661&ssl=1\",\"width\":1280,\"height\":661},{\"@type\":\"WebSite\",\"@id\":\"https:\\\/\\\/oeilsportif.info\\\/#website\",\"url\":\"https:\\\/\\\/oeilsportif.info\\\/\",\"name\":\"le regard du sportif\",\"description\":\"\",\"potentialAction\":[{\"@type\":\"SearchAction\",\"target\":{\"@type\":\"EntryPoint\",\"urlTemplate\":\"https:\\\/\\\/oeilsportif.info\\\/?s={search_term_string}\"},\"query-input\":{\"@type\":\"PropertyValueSpecification\",\"valueRequired\":true,\"valueName\":\"search_term_string\"}}],\"inLanguage\":\"fr-FR\"},{\"@type\":\"Person\",\"@id\":\"https:\\\/\\\/oeilsportif.info\\\/#\\\/schema\\\/person\\\/cfbded294aa6095f7d96608d7905e9a1\",\"name\":\"L'Equipe de la R\u00e9daction\",\"image\":{\"@type\":\"ImageObject\",\"inLanguage\":\"fr-FR\",\"@id\":\"https:\\\/\\\/oeilsportif.info\\\/wp-content\\\/uploads\\\/2025\\\/07\\\/cropped-cropped-logo-os-96x96.jpeg\",\"url\":\"https:\\\/\\\/oeilsportif.info\\\/wp-content\\\/uploads\\\/2025\\\/07\\\/cropped-cropped-logo-os-96x96.jpeg\",\"contentUrl\":\"https:\\\/\\\/oeilsportif.info\\\/wp-content\\\/uploads\\\/2025\\\/07\\\/cropped-cropped-logo-os-96x96.jpeg\",\"caption\":\"L'Equipe de la R\u00e9daction\"},\"url\":\"https:\\\/\\\/oeilsportif.info\\\/index.php\\\/author\\\/tawel\\\/\"}]}<\/script>\n<!-- \/ Yoast SEO plugin. -->","yoast_head_json":{"title":"Mondial U17 F\u00e9minin 2025 : Les Amazones b\u00e9ninoises pr\u00e9parent leur match d\u00e9cisif \u00e0 Lom\u00e9 - le regard du sportif","robots":{"index":"index","follow":"follow","max-snippet":"max-snippet:-1","max-image-preview":"max-image-preview:large","max-video-preview":"max-video-preview:-1"},"canonical":"https:\/\/oeilsportif.info\/index.php\/mondial-u17-feminin-2025-les-amazones-beninoises-preparent-leur-match-decisif-a-lome\/","og_locale":"fr_FR","og_type":"article","og_title":"Mondial U17 F\u00e9minin 2025 : Les Amazones b\u00e9ninoises pr\u00e9parent leur match d\u00e9cisif \u00e0 Lom\u00e9 - le regard du sportif","og_description":"Apr\u00e8s leur d\u00e9faite 2-1 en Zambie lors du match aller, l&rsquo;\u00e9quipe nationale f\u00e9minine U17 du B\u00e9nin n&rsquo;a pas perdu de temps pour lancer sa pr\u00e9paration en vue de la confrontation retour. D\u00e8s leur arriv\u00e9e \u00e0 Lom\u00e9, Larissa Sa\u00efzonou et ses co\u00e9quipi\u00e8res ont d\u00e9but\u00e9 leur stage ce mardi 22 avril 2025 au stade de K\u00e9gu\u00e9. La [&hellip;]","og_url":"https:\/\/oeilsportif.info\/index.php\/mondial-u17-feminin-2025-les-amazones-beninoises-preparent-leur-match-decisif-a-lome\/","og_site_name":"le regard du sportif","article_published_time":"2025-04-22T23:06:33+00:00","og_image":[{"width":1280,"height":661,"url":"https:\/\/oeilsportif.info\/wp-content\/uploads\/2025\/04\/IMG_0576.jpeg","type":"image\/jpeg"}],"author":"L'Equipe de la R\u00e9daction","twitter_misc":{"\u00c9crit par":"L'Equipe de la R\u00e9daction","Dur\u00e9e de lecture estim\u00e9e":"1 minute"},"schema":{"@context":"https:\/\/schema.org","@graph":[{"@type":"Article","@id":"https:\/\/oeilsportif.info\/index.php\/mondial-u17-feminin-2025-les-amazones-beninoises-preparent-leur-match-decisif-a-lome\/#article","isPartOf":{"@id":"https:\/\/oeilsportif.info\/index.php\/mondial-u17-feminin-2025-les-amazones-beninoises-preparent-leur-match-decisif-a-lome\/"},"author":{"name":"L'Equipe de la R\u00e9daction","@id":"https:\/\/oeilsportif.info\/#\/schema\/person\/cfbded294aa6095f7d96608d7905e9a1"},"headline":"Mondial U17 F\u00e9minin 2025 : Les Amazones b\u00e9ninoises pr\u00e9parent leur match d\u00e9cisif \u00e0 Lom\u00e9","datePublished":"2025-04-22T23:06:33+00:00","mainEntityOfPage":{"@id":"https:\/\/oeilsportif.info\/index.php\/mondial-u17-feminin-2025-les-amazones-beninoises-preparent-leur-match-decisif-a-lome\/"},"wordCount":197,"image":{"@id":"https:\/\/oeilsportif.info\/index.php\/mondial-u17-feminin-2025-les-amazones-beninoises-preparent-leur-match-decisif-a-lome\/#primaryimage"},"thumbnailUrl":"https:\/\/i0.wp.com\/oeilsportif.info\/wp-content\/uploads\/2025\/04\/IMG_0576.jpeg?fit=1280%2C661&ssl=1","articleSection":["Actualit\u00e9","Football"],"inLanguage":"fr-FR"},{"@type":"WebPage","@id":"https:\/\/oeilsportif.info\/index.php\/mondial-u17-feminin-2025-les-amazones-beninoises-preparent-leur-match-decisif-a-lome\/","url":"https:\/\/oeilsportif.info\/index.php\/mondial-u17-feminin-2025-les-amazones-beninoises-preparent-leur-match-decisif-a-lome\/","name":"Mondial U17 F\u00e9minin 2025 : Les Amazones b\u00e9ninoises pr\u00e9parent leur match d\u00e9cisif \u00e0 Lom\u00e9 - le regard du sportif","isPartOf":{"@id":"https:\/\/oeilsportif.info\/#website"},"primaryImageOfPage":{"@id":"https:\/\/oeilsportif.info\/index.php\/mondial-u17-feminin-2025-les-amazones-beninoises-preparent-leur-match-decisif-a-lome\/#primaryimage"},"image":{"@id":"https:\/\/oeilsportif.info\/index.php\/mondial-u17-feminin-2025-les-amazones-beninoises-preparent-leur-match-decisif-a-lome\/#primaryimage"},"thumbnailUrl":"https:\/\/i0.wp.com\/oeilsportif.info\/wp-content\/uploads\/2025\/04\/IMG_0576.jpeg?fit=1280%2C661&ssl=1","datePublished":"2025-04-22T23:06:33+00:00","author":{"@id":"https:\/\/oeilsportif.info\/#\/schema\/person\/cfbded294aa6095f7d96608d7905e9a1"},"inLanguage":"fr-FR","potentialAction":[{"@type":"ReadAction","target":["https:\/\/oeilsportif.info\/index.php\/mondial-u17-feminin-2025-les-amazones-beninoises-preparent-leur-match-decisif-a-lome\/"]}]},{"@type":"ImageObject","inLanguage":"fr-FR","@id":"https:\/\/oeilsportif.info\/index.php\/mondial-u17-feminin-2025-les-amazones-beninoises-preparent-leur-match-decisif-a-lome\/#primaryimage","url":"https:\/\/i0.wp.com\/oeilsportif.info\/wp-content\/uploads\/2025\/04\/IMG_0576.jpeg?fit=1280%2C661&ssl=1","contentUrl":"https:\/\/i0.wp.com\/oeilsportif.info\/wp-content\/uploads\/2025\/04\/IMG_0576.jpeg?fit=1280%2C661&ssl=1","width":1280,"height":661},{"@type":"WebSite","@id":"https:\/\/oeilsportif.info\/#website","url":"https:\/\/oeilsportif.info\/","name":"le regard du sportif","description":"","potentialAction":[{"@type":"SearchAction","target":{"@type":"EntryPoint","urlTemplate":"https:\/\/oeilsportif.info\/?s={search_term_string}"},"query-input":{"@type":"PropertyValueSpecification","valueRequired":true,"valueName":"search_term_string"}}],"inLanguage":"fr-FR"},{"@type":"Person","@id":"https:\/\/oeilsportif.info\/#\/schema\/person\/cfbded294aa6095f7d96608d7905e9a1","name":"L'Equipe de la R\u00e9daction","image":{"@type":"ImageObject","inLanguage":"fr-FR","@id":"https:\/\/oeilsportif.info\/wp-content\/uploads\/2025\/07\/cropped-cropped-logo-os-96x96.jpeg","url":"https:\/\/oeilsportif.info\/wp-content\/uploads\/2025\/07\/cropped-cropped-logo-os-96x96.jpeg","contentUrl":"https:\/\/oeilsportif.info\/wp-content\/uploads\/2025\/07\/cropped-cropped-logo-os-96x96.jpeg","caption":"L'Equipe de la R\u00e9daction"},"url":"https:\/\/oeilsportif.info\/index.php\/author\/tawel\/"}]}},"jetpack_publicize_connections":[],"jetpack_featured_media_url":"https:\/\/i0.wp.com\/oeilsportif.info\/wp-content\/uploads\/2025\/04\/IMG_0576.jpeg?fit=1280%2C661&ssl=1","jetpack-related-posts":[],"jetpack_sharing_enabled":true,"jetpack_likes_enabled":true,"jetpack_shortlink":"https:\/\/wp.me\/pgFE77-1Bw","_links":{"self":[{"href":"https:\/\/oeilsportif.info\/index.php\/wp-json\/wp\/v2\/posts\/6170","targetHints":{"allow":["GET"]}}],"collection":[{"href":"https:\/\/oeilsportif.info\/index.php\/wp-json\/wp\/v2\/posts"}],"about":[{"href":"https:\/\/oeilsportif.info\/index.php\/wp-json\/wp\/v2\/types\/post"}],"author":[{"embeddable":true,"href":"https:\/\/oeilsportif.info\/index.php\/wp-json\/wp\/v2\/users\/2"}],"replies":[{"embeddable":true,"href":"https:\/\/oeilsportif.info\/index.php\/wp-json\/wp\/v2\/comments?post=6170"}],"version-history":[{"count":0,"href":"https:\/\/oeilsportif.info\/index.php\/wp-json\/wp\/v2\/posts\/6170\/revisions"}],"wp:featuredmedia":[{"embeddable":true,"href":"https:\/\/oeilsportif.info\/index.php\/wp-json\/wp\/v2\/media\/6171"}],"wp:attachment":[{"href":"https:\/\/oeilsportif.info\/index.php\/wp-json\/wp\/v2\/media?parent=6170"}],"wp:term":[{"taxonomy":"category","embeddable":true,"href":"https:\/\/oeilsportif.info\/index.php\/wp-json\/wp\/v2\/categories?post=6170"},{"taxonomy":"post_tag","embeddable":true,"href":"https:\/\/oeilsportif.info\/index.php\/wp-json\/wp\/v2\/tags?post=6170"}],"curies":[{"name":"wp","href":"https:\/\/api.w.org\/{rel}","templated":true}]}}