{"id":611,"date":"2022-06-01T10:22:57","date_gmt":"2022-06-01T10:22:57","guid":{"rendered":"https:\/\/oeilsportif.info\/index.php\/?p=611"},"modified":"2022-06-01T10:22:57","modified_gmt":"2022-06-01T10:22:57","slug":"cyclisme-le-tour-international-du-cameroun-les-premiers-coups-des-pedales-prevus-pour-le-4-juin-prochain","status":"publish","type":"post","link":"https:\/\/oeilsportif.info\/index.php\/cyclisme-le-tour-international-du-cameroun-les-premiers-coups-des-pedales-prevus-pour-le-4-juin-prochain\/","title":{"rendered":"Cyclisme \/ Le tour international du Cameroun : Les premiers coups des p\u00e9dales pr\u00e9vus pour le 4 juin prochain !"},"content":{"rendered":"<p dir=\"ltr\">Apr\u00e8s l&rsquo;\u00e9dition 2021 perturb\u00e9e par la pand\u00e9mie du covid-19, le coup d&rsquo;envoi du tour international du cyclisme du Cameroun est pr\u00e9vu pour le 4 juin prochain avec plus de 60 coureurs venus de l&rsquo;Europe, Afrique et du Cameroun pour participer le tour international du Cameroun 2022.<\/p>\n<p dir=\"ltr\">Comme l&rsquo;\u00e9dition de 2020-2021 le Cameroun sera encore repr\u00e9sent\u00e9 par ses champions dans cette comp\u00e9tition pour challenger quelques grands noms du cyclisme africain et europ\u00e9en qui seront au Cameroun pour remporter la premi\u00e8re place de cette \u00e9dition qui s&rsquo;annonce belle.<\/p>\n<p dir=\"ltr\"><strong>Welta<\/strong><\/p>\n","protected":false},"excerpt":{"rendered":"<p>Apr\u00e8s l&rsquo;\u00e9dition 2021 perturb\u00e9e par la pand\u00e9mie du covid-19, le coup d&rsquo;envoi du tour international du cyclisme du Cameroun est pr\u00e9vu pour le 4 juin prochain avec plus de 60 coureurs venus de l&rsquo;Europe, Afrique et du Cameroun pour participer le tour international du Cameroun 2022. Comme l&rsquo;\u00e9dition de 2020-2021 le Cameroun sera encore repr\u00e9sent\u00e9 [&hellip;]<\/p>\n","protected":false},"author":2,"featured_media":612,"comment_status":"closed","ping_status":"open","sticky":false,"template":"","format":"standard","meta":{"_jetpack_memberships_contains_paid_content":false,"footnotes":"","jetpack_publicize_message":"","jetpack_publicize_feature_enabled":true,"jetpack_social_post_already_shared":true,"jetpack_social_options":{"image_generator_settings":{"template":"highway","default_image_id":0,"font":"","enabled":false},"version":2}},"categories":[8],"tags":[],"class_list":{"0":"post-611","1":"post","2":"type-post","3":"status-publish","4":"format-standard","5":"has-post-thumbnail","7":"category-cyclisme"},"yoast_head":"<!-- This site is optimized with the Yoast SEO plugin v27.4 - https:\/\/yoast.com\/product\/yoast-seo-wordpress\/ -->\n<title>Cyclisme \/ Le tour international du Cameroun : Les premiers coups des p\u00e9dales pr\u00e9vus pour le 4 juin prochain ! - le regard du sportif<\/title>\n<meta name=\"robots\" content=\"index, follow, max-snippet:-1, max-image-preview:large, max-video-preview:-1\" \/>\n<link rel=\"canonical\" href=\"https:\/\/oeilsportif.info\/index.php\/cyclisme-le-tour-international-du-cameroun-les-premiers-coups-des-pedales-prevus-pour-le-4-juin-prochain\/\" \/>\n<meta property=\"og:locale\" content=\"fr_FR\" \/>\n<meta property=\"og:type\" content=\"article\" \/>\n<meta property=\"og:title\" content=\"Cyclisme \/ Le tour international du Cameroun : Les premiers coups des p\u00e9dales pr\u00e9vus pour le 4 juin prochain ! - le regard du sportif\" \/>\n<meta property=\"og:description\" content=\"Apr\u00e8s l&rsquo;\u00e9dition 2021 perturb\u00e9e par la pand\u00e9mie du covid-19, le coup d&rsquo;envoi du tour international du cyclisme du Cameroun est pr\u00e9vu pour le 4 juin prochain avec plus de 60 coureurs venus de l&rsquo;Europe, Afrique et du Cameroun pour participer le tour international du Cameroun 2022. Comme l&rsquo;\u00e9dition de 2020-2021 le Cameroun sera encore repr\u00e9sent\u00e9 [&hellip;]\" \/>\n<meta property=\"og:url\" content=\"https:\/\/oeilsportif.info\/index.php\/cyclisme-le-tour-international-du-cameroun-les-premiers-coups-des-pedales-prevus-pour-le-4-juin-prochain\/\" \/>\n<meta property=\"og:site_name\" content=\"le regard du sportif\" \/>\n<meta property=\"article:published_time\" content=\"2022-06-01T10:22:57+00:00\" \/>\n<meta property=\"og:image\" content=\"https:\/\/oeilsportif.info\/wp-content\/uploads\/2022\/06\/DXtL5jfXcAEp6Eh.jpg\" \/>\n\t<meta property=\"og:image:width\" content=\"1200\" \/>\n\t<meta property=\"og:image:height\" content=\"800\" \/>\n\t<meta property=\"og:image:type\" content=\"image\/jpeg\" \/>\n<meta name=\"author\" content=\"L&#039;Equipe de la R\u00e9daction\" \/>\n<meta name=\"twitter:label1\" content=\"\u00c9crit par\" \/>\n\t<meta name=\"twitter:data1\" content=\"L&#039;Equipe de la R\u00e9daction\" \/>\n\t<meta name=\"twitter:label2\" content=\"Dur\u00e9e de lecture estim\u00e9e\" \/>\n\t<meta name=\"twitter:data2\" content=\"1 minute\" \/>\n<script type=\"application\/ld+json\" class=\"yoast-schema-graph\">{\"@context\":\"https:\\\/\\\/schema.org\",\"@graph\":[{\"@type\":\"Article\",\"@id\":\"https:\\\/\\\/oeilsportif.info\\\/index.php\\\/cyclisme-le-tour-international-du-cameroun-les-premiers-coups-des-pedales-prevus-pour-le-4-juin-prochain\\\/#article\",\"isPartOf\":{\"@id\":\"https:\\\/\\\/oeilsportif.info\\\/index.php\\\/cyclisme-le-tour-international-du-cameroun-les-premiers-coups-des-pedales-prevus-pour-le-4-juin-prochain\\\/\"},\"author\":{\"name\":\"L'Equipe de la R\u00e9daction\",\"@id\":\"https:\\\/\\\/oeilsportif.info\\\/#\\\/schema\\\/person\\\/cfbded294aa6095f7d96608d7905e9a1\"},\"headline\":\"Cyclisme \\\/ Le tour international du Cameroun : Les premiers coups des p\u00e9dales pr\u00e9vus pour le 4 juin prochain !\",\"datePublished\":\"2022-06-01T10:22:57+00:00\",\"mainEntityOfPage\":{\"@id\":\"https:\\\/\\\/oeilsportif.info\\\/index.php\\\/cyclisme-le-tour-international-du-cameroun-les-premiers-coups-des-pedales-prevus-pour-le-4-juin-prochain\\\/\"},\"wordCount\":114,\"image\":{\"@id\":\"https:\\\/\\\/oeilsportif.info\\\/index.php\\\/cyclisme-le-tour-international-du-cameroun-les-premiers-coups-des-pedales-prevus-pour-le-4-juin-prochain\\\/#primaryimage\"},\"thumbnailUrl\":\"https:\\\/\\\/i0.wp.com\\\/oeilsportif.info\\\/wp-content\\\/uploads\\\/2022\\\/06\\\/DXtL5jfXcAEp6Eh.jpg?fit=1200%2C800&ssl=1\",\"articleSection\":[\"Cyclisme\"],\"inLanguage\":\"fr-FR\"},{\"@type\":\"WebPage\",\"@id\":\"https:\\\/\\\/oeilsportif.info\\\/index.php\\\/cyclisme-le-tour-international-du-cameroun-les-premiers-coups-des-pedales-prevus-pour-le-4-juin-prochain\\\/\",\"url\":\"https:\\\/\\\/oeilsportif.info\\\/index.php\\\/cyclisme-le-tour-international-du-cameroun-les-premiers-coups-des-pedales-prevus-pour-le-4-juin-prochain\\\/\",\"name\":\"Cyclisme \\\/ Le tour international du Cameroun : Les premiers coups des p\u00e9dales pr\u00e9vus pour le 4 juin prochain ! - le regard du sportif\",\"isPartOf\":{\"@id\":\"https:\\\/\\\/oeilsportif.info\\\/#website\"},\"primaryImageOfPage\":{\"@id\":\"https:\\\/\\\/oeilsportif.info\\\/index.php\\\/cyclisme-le-tour-international-du-cameroun-les-premiers-coups-des-pedales-prevus-pour-le-4-juin-prochain\\\/#primaryimage\"},\"image\":{\"@id\":\"https:\\\/\\\/oeilsportif.info\\\/index.php\\\/cyclisme-le-tour-international-du-cameroun-les-premiers-coups-des-pedales-prevus-pour-le-4-juin-prochain\\\/#primaryimage\"},\"thumbnailUrl\":\"https:\\\/\\\/i0.wp.com\\\/oeilsportif.info\\\/wp-content\\\/uploads\\\/2022\\\/06\\\/DXtL5jfXcAEp6Eh.jpg?fit=1200%2C800&ssl=1\",\"datePublished\":\"2022-06-01T10:22:57+00:00\",\"author\":{\"@id\":\"https:\\\/\\\/oeilsportif.info\\\/#\\\/schema\\\/person\\\/cfbded294aa6095f7d96608d7905e9a1\"},\"inLanguage\":\"fr-FR\",\"potentialAction\":[{\"@type\":\"ReadAction\",\"target\":[\"https:\\\/\\\/oeilsportif.info\\\/index.php\\\/cyclisme-le-tour-international-du-cameroun-les-premiers-coups-des-pedales-prevus-pour-le-4-juin-prochain\\\/\"]}]},{\"@type\":\"ImageObject\",\"inLanguage\":\"fr-FR\",\"@id\":\"https:\\\/\\\/oeilsportif.info\\\/index.php\\\/cyclisme-le-tour-international-du-cameroun-les-premiers-coups-des-pedales-prevus-pour-le-4-juin-prochain\\\/#primaryimage\",\"url\":\"https:\\\/\\\/i0.wp.com\\\/oeilsportif.info\\\/wp-content\\\/uploads\\\/2022\\\/06\\\/DXtL5jfXcAEp6Eh.jpg?fit=1200%2C800&ssl=1\",\"contentUrl\":\"https:\\\/\\\/i0.wp.com\\\/oeilsportif.info\\\/wp-content\\\/uploads\\\/2022\\\/06\\\/DXtL5jfXcAEp6Eh.jpg?fit=1200%2C800&ssl=1\",\"width\":1200,\"height\":800},{\"@type\":\"WebSite\",\"@id\":\"https:\\\/\\\/oeilsportif.info\\\/#website\",\"url\":\"https:\\\/\\\/oeilsportif.info\\\/\",\"name\":\"le regard du sportif\",\"description\":\"\",\"potentialAction\":[{\"@type\":\"SearchAction\",\"target\":{\"@type\":\"EntryPoint\",\"urlTemplate\":\"https:\\\/\\\/oeilsportif.info\\\/?s={search_term_string}\"},\"query-input\":{\"@type\":\"PropertyValueSpecification\",\"valueRequired\":true,\"valueName\":\"search_term_string\"}}],\"inLanguage\":\"fr-FR\"},{\"@type\":\"Person\",\"@id\":\"https:\\\/\\\/oeilsportif.info\\\/#\\\/schema\\\/person\\\/cfbded294aa6095f7d96608d7905e9a1\",\"name\":\"L'Equipe de la R\u00e9daction\",\"image\":{\"@type\":\"ImageObject\",\"inLanguage\":\"fr-FR\",\"@id\":\"https:\\\/\\\/oeilsportif.info\\\/wp-content\\\/uploads\\\/2025\\\/07\\\/cropped-cropped-logo-os-96x96.jpeg\",\"url\":\"https:\\\/\\\/oeilsportif.info\\\/wp-content\\\/uploads\\\/2025\\\/07\\\/cropped-cropped-logo-os-96x96.jpeg\",\"contentUrl\":\"https:\\\/\\\/oeilsportif.info\\\/wp-content\\\/uploads\\\/2025\\\/07\\\/cropped-cropped-logo-os-96x96.jpeg\",\"caption\":\"L'Equipe de la R\u00e9daction\"},\"url\":\"https:\\\/\\\/oeilsportif.info\\\/index.php\\\/author\\\/tawel\\\/\"}]}<\/script>\n<!-- \/ Yoast SEO plugin. -->","yoast_head_json":{"title":"Cyclisme \/ Le tour international du Cameroun : Les premiers coups des p\u00e9dales pr\u00e9vus pour le 4 juin prochain ! - le regard du sportif","robots":{"index":"index","follow":"follow","max-snippet":"max-snippet:-1","max-image-preview":"max-image-preview:large","max-video-preview":"max-video-preview:-1"},"canonical":"https:\/\/oeilsportif.info\/index.php\/cyclisme-le-tour-international-du-cameroun-les-premiers-coups-des-pedales-prevus-pour-le-4-juin-prochain\/","og_locale":"fr_FR","og_type":"article","og_title":"Cyclisme \/ Le tour international du Cameroun : Les premiers coups des p\u00e9dales pr\u00e9vus pour le 4 juin prochain ! - le regard du sportif","og_description":"Apr\u00e8s l&rsquo;\u00e9dition 2021 perturb\u00e9e par la pand\u00e9mie du covid-19, le coup d&rsquo;envoi du tour international du cyclisme du Cameroun est pr\u00e9vu pour le 4 juin prochain avec plus de 60 coureurs venus de l&rsquo;Europe, Afrique et du Cameroun pour participer le tour international du Cameroun 2022. Comme l&rsquo;\u00e9dition de 2020-2021 le Cameroun sera encore repr\u00e9sent\u00e9 [&hellip;]","og_url":"https:\/\/oeilsportif.info\/index.php\/cyclisme-le-tour-international-du-cameroun-les-premiers-coups-des-pedales-prevus-pour-le-4-juin-prochain\/","og_site_name":"le regard du sportif","article_published_time":"2022-06-01T10:22:57+00:00","og_image":[{"width":1200,"height":800,"url":"https:\/\/oeilsportif.info\/wp-content\/uploads\/2022\/06\/DXtL5jfXcAEp6Eh.jpg","type":"image\/jpeg"}],"author":"L'Equipe de la R\u00e9daction","twitter_misc":{"\u00c9crit par":"L'Equipe de la R\u00e9daction","Dur\u00e9e de lecture estim\u00e9e":"1 minute"},"schema":{"@context":"https:\/\/schema.org","@graph":[{"@type":"Article","@id":"https:\/\/oeilsportif.info\/index.php\/cyclisme-le-tour-international-du-cameroun-les-premiers-coups-des-pedales-prevus-pour-le-4-juin-prochain\/#article","isPartOf":{"@id":"https:\/\/oeilsportif.info\/index.php\/cyclisme-le-tour-international-du-cameroun-les-premiers-coups-des-pedales-prevus-pour-le-4-juin-prochain\/"},"author":{"name":"L'Equipe de la R\u00e9daction","@id":"https:\/\/oeilsportif.info\/#\/schema\/person\/cfbded294aa6095f7d96608d7905e9a1"},"headline":"Cyclisme \/ Le tour international du Cameroun : Les premiers coups des p\u00e9dales pr\u00e9vus pour le 4 juin prochain !","datePublished":"2022-06-01T10:22:57+00:00","mainEntityOfPage":{"@id":"https:\/\/oeilsportif.info\/index.php\/cyclisme-le-tour-international-du-cameroun-les-premiers-coups-des-pedales-prevus-pour-le-4-juin-prochain\/"},"wordCount":114,"image":{"@id":"https:\/\/oeilsportif.info\/index.php\/cyclisme-le-tour-international-du-cameroun-les-premiers-coups-des-pedales-prevus-pour-le-4-juin-prochain\/#primaryimage"},"thumbnailUrl":"https:\/\/i0.wp.com\/oeilsportif.info\/wp-content\/uploads\/2022\/06\/DXtL5jfXcAEp6Eh.jpg?fit=1200%2C800&ssl=1","articleSection":["Cyclisme"],"inLanguage":"fr-FR"},{"@type":"WebPage","@id":"https:\/\/oeilsportif.info\/index.php\/cyclisme-le-tour-international-du-cameroun-les-premiers-coups-des-pedales-prevus-pour-le-4-juin-prochain\/","url":"https:\/\/oeilsportif.info\/index.php\/cyclisme-le-tour-international-du-cameroun-les-premiers-coups-des-pedales-prevus-pour-le-4-juin-prochain\/","name":"Cyclisme \/ Le tour international du Cameroun : Les premiers coups des p\u00e9dales pr\u00e9vus pour le 4 juin prochain ! - le regard du sportif","isPartOf":{"@id":"https:\/\/oeilsportif.info\/#website"},"primaryImageOfPage":{"@id":"https:\/\/oeilsportif.info\/index.php\/cyclisme-le-tour-international-du-cameroun-les-premiers-coups-des-pedales-prevus-pour-le-4-juin-prochain\/#primaryimage"},"image":{"@id":"https:\/\/oeilsportif.info\/index.php\/cyclisme-le-tour-international-du-cameroun-les-premiers-coups-des-pedales-prevus-pour-le-4-juin-prochain\/#primaryimage"},"thumbnailUrl":"https:\/\/i0.wp.com\/oeilsportif.info\/wp-content\/uploads\/2022\/06\/DXtL5jfXcAEp6Eh.jpg?fit=1200%2C800&ssl=1","datePublished":"2022-06-01T10:22:57+00:00","author":{"@id":"https:\/\/oeilsportif.info\/#\/schema\/person\/cfbded294aa6095f7d96608d7905e9a1"},"inLanguage":"fr-FR","potentialAction":[{"@type":"ReadAction","target":["https:\/\/oeilsportif.info\/index.php\/cyclisme-le-tour-international-du-cameroun-les-premiers-coups-des-pedales-prevus-pour-le-4-juin-prochain\/"]}]},{"@type":"ImageObject","inLanguage":"fr-FR","@id":"https:\/\/oeilsportif.info\/index.php\/cyclisme-le-tour-international-du-cameroun-les-premiers-coups-des-pedales-prevus-pour-le-4-juin-prochain\/#primaryimage","url":"https:\/\/i0.wp.com\/oeilsportif.info\/wp-content\/uploads\/2022\/06\/DXtL5jfXcAEp6Eh.jpg?fit=1200%2C800&ssl=1","contentUrl":"https:\/\/i0.wp.com\/oeilsportif.info\/wp-content\/uploads\/2022\/06\/DXtL5jfXcAEp6Eh.jpg?fit=1200%2C800&ssl=1","width":1200,"height":800},{"@type":"WebSite","@id":"https:\/\/oeilsportif.info\/#website","url":"https:\/\/oeilsportif.info\/","name":"le regard du sportif","description":"","potentialAction":[{"@type":"SearchAction","target":{"@type":"EntryPoint","urlTemplate":"https:\/\/oeilsportif.info\/?s={search_term_string}"},"query-input":{"@type":"PropertyValueSpecification","valueRequired":true,"valueName":"search_term_string"}}],"inLanguage":"fr-FR"},{"@type":"Person","@id":"https:\/\/oeilsportif.info\/#\/schema\/person\/cfbded294aa6095f7d96608d7905e9a1","name":"L'Equipe de la R\u00e9daction","image":{"@type":"ImageObject","inLanguage":"fr-FR","@id":"https:\/\/oeilsportif.info\/wp-content\/uploads\/2025\/07\/cropped-cropped-logo-os-96x96.jpeg","url":"https:\/\/oeilsportif.info\/wp-content\/uploads\/2025\/07\/cropped-cropped-logo-os-96x96.jpeg","contentUrl":"https:\/\/oeilsportif.info\/wp-content\/uploads\/2025\/07\/cropped-cropped-logo-os-96x96.jpeg","caption":"L'Equipe de la R\u00e9daction"},"url":"https:\/\/oeilsportif.info\/index.php\/author\/tawel\/"}]}},"jetpack_publicize_connections":[],"jetpack_featured_media_url":"https:\/\/i0.wp.com\/oeilsportif.info\/wp-content\/uploads\/2022\/06\/DXtL5jfXcAEp6Eh.jpg?fit=1200%2C800&ssl=1","jetpack-related-posts":[],"jetpack_sharing_enabled":true,"jetpack_likes_enabled":true,"jetpack_shortlink":"https:\/\/wp.me\/pgFE77-9R","_links":{"self":[{"href":"https:\/\/oeilsportif.info\/index.php\/wp-json\/wp\/v2\/posts\/611","targetHints":{"allow":["GET"]}}],"collection":[{"href":"https:\/\/oeilsportif.info\/index.php\/wp-json\/wp\/v2\/posts"}],"about":[{"href":"https:\/\/oeilsportif.info\/index.php\/wp-json\/wp\/v2\/types\/post"}],"author":[{"embeddable":true,"href":"https:\/\/oeilsportif.info\/index.php\/wp-json\/wp\/v2\/users\/2"}],"replies":[{"embeddable":true,"href":"https:\/\/oeilsportif.info\/index.php\/wp-json\/wp\/v2\/comments?post=611"}],"version-history":[{"count":0,"href":"https:\/\/oeilsportif.info\/index.php\/wp-json\/wp\/v2\/posts\/611\/revisions"}],"wp:featuredmedia":[{"embeddable":true,"href":"https:\/\/oeilsportif.info\/index.php\/wp-json\/wp\/v2\/media\/612"}],"wp:attachment":[{"href":"https:\/\/oeilsportif.info\/index.php\/wp-json\/wp\/v2\/media?parent=611"}],"wp:term":[{"taxonomy":"category","embeddable":true,"href":"https:\/\/oeilsportif.info\/index.php\/wp-json\/wp\/v2\/categories?post=611"},{"taxonomy":"post_tag","embeddable":true,"href":"https:\/\/oeilsportif.info\/index.php\/wp-json\/wp\/v2\/tags?post=611"}],"curies":[{"name":"wp","href":"https:\/\/api.w.org\/{rel}","templated":true}]}}