{"id":608,"date":"2022-06-01T09:08:28","date_gmt":"2022-06-01T09:08:28","guid":{"rendered":"https:\/\/oeilsportif.info\/index.php\/?p=608"},"modified":"2022-06-01T09:08:28","modified_gmt":"2022-06-01T09:08:28","slug":"lac-milan-officialise-sa-vente-a-redbird-capital-partners","status":"publish","type":"post","link":"https:\/\/oeilsportif.info\/index.php\/lac-milan-officialise-sa-vente-a-redbird-capital-partners\/","title":{"rendered":"L&rsquo;AC Milan officialise sa vente \u00e0 RedBird Capital Partners"},"content":{"rendered":"<p><strong>L&rsquo;AC Milan a officialis\u00e9 sa vente au fonds d&rsquo;investissement am\u00e9ricain RedBird Capital Partners, ce mercredi. \u00ab\u00a0RedBird Capital Partners (\u00ab\u00a0RedBird\u00a0\u00bb) et Elliott Advisors UK Limited (\u00ab\u00a0Elliott\u00a0\u00bb) ont annonc\u00e9 aujourd&rsquo;hui qu&rsquo;ils avaient conclu un accord d\u00e9finitif pour que RedBird acqui\u00e8re l&rsquo;Associazione Calcio Milan (\u00ab\u00a0AC Milan\u00a0\u00bb, \u00ab\u00a0Milan\u00a0\u00bb ou le \u00ab\u00a0Club\u00a0\u00bb), nouvellement couronn\u00e9 champion de Serie A, indique le communiqu\u00e9. La transition vers une nouvelle propri\u00e9t\u00e9 aura lieu au cours de l&rsquo;\u00e9t\u00e9, avec une fermeture pr\u00e9vue au plus tard en septembre 2022.\u00a0\u00bb<\/strong><\/p>\n<p>L&rsquo;accord \u00ab\u00a0valorise le club \u00e0 1,2 milliard d&rsquo;euros\u00a0\u00bb et permettra \u00e0 Elliott de conserver \u00ab\u00a0une participation financi\u00e8re minoritaire dans le club et des si\u00e8ges au conseil d&rsquo;administration\u00a0\u00bb.<\/p>\n<p>Cette prise de pouvoir ne devrait pas engendrer de grandes r\u00e9volutions, promet le communiqu\u00e9. \u00ab\u00a0La priorit\u00e9 de RedBird est de travailler avec l&rsquo;\u00e9quipe sportive et la direction du club, laur\u00e9ate du titre, pour poursuivre le voyage de Milan vers le sommet du football mondial. La combinaison d&rsquo;une \u00e9quipe performante sur le terrain, de l&rsquo;expertise de Milan en mati\u00e8re de d\u00e9veloppement et d&rsquo;acquisition de joueurs, d&rsquo;une op\u00e9ration commerciale de classe mondiale et de l&rsquo;exp\u00e9rience de RedBird dans l&rsquo;exploitation et la cr\u00e9ation d&rsquo;entreprises sportives mondiales, garantira que le prochain chapitre de la riche histoire de Milan am\u00e8nera les Rossoneri \u00e0 des hauteurs encore plus grandes.\u00a0\u00bb<\/p>\n<p><strong>Source : RMC SPORT<\/strong><\/p>\n","protected":false},"excerpt":{"rendered":"<p>L&rsquo;AC Milan a officialis\u00e9 sa vente au fonds d&rsquo;investissement am\u00e9ricain RedBird Capital Partners, ce mercredi. \u00ab\u00a0RedBird Capital Partners (\u00ab\u00a0RedBird\u00a0\u00bb) et Elliott Advisors UK Limited (\u00ab\u00a0Elliott\u00a0\u00bb) ont annonc\u00e9 aujourd&rsquo;hui qu&rsquo;ils avaient conclu un accord d\u00e9finitif pour que RedBird acqui\u00e8re l&rsquo;Associazione Calcio Milan (\u00ab\u00a0AC Milan\u00a0\u00bb, \u00ab\u00a0Milan\u00a0\u00bb ou le \u00ab\u00a0Club\u00a0\u00bb), nouvellement couronn\u00e9 champion de Serie A, indique le [&hellip;]<\/p>\n","protected":false},"author":2,"featured_media":609,"comment_status":"closed","ping_status":"open","sticky":false,"template":"","format":"standard","meta":{"_jetpack_memberships_contains_paid_content":false,"footnotes":"","jetpack_publicize_message":"","jetpack_publicize_feature_enabled":true,"jetpack_social_post_already_shared":true,"jetpack_social_options":{"image_generator_settings":{"template":"highway","default_image_id":0,"font":"","enabled":false},"version":2}},"categories":[5],"tags":[],"class_list":{"0":"post-608","1":"post","2":"type-post","3":"status-publish","4":"format-standard","5":"has-post-thumbnail","7":"category-football"},"yoast_head":"<!-- This site is optimized with the Yoast SEO plugin v27.4 - https:\/\/yoast.com\/product\/yoast-seo-wordpress\/ -->\n<title>L&#039;AC Milan officialise sa vente \u00e0 RedBird Capital Partners - le regard du sportif<\/title>\n<meta name=\"robots\" content=\"index, follow, max-snippet:-1, max-image-preview:large, max-video-preview:-1\" \/>\n<link rel=\"canonical\" href=\"https:\/\/oeilsportif.info\/index.php\/lac-milan-officialise-sa-vente-a-redbird-capital-partners\/\" \/>\n<meta property=\"og:locale\" content=\"fr_FR\" \/>\n<meta property=\"og:type\" content=\"article\" \/>\n<meta property=\"og:title\" content=\"L&#039;AC Milan officialise sa vente \u00e0 RedBird Capital Partners - le regard du sportif\" \/>\n<meta property=\"og:description\" content=\"L&rsquo;AC Milan a officialis\u00e9 sa vente au fonds d&rsquo;investissement am\u00e9ricain RedBird Capital Partners, ce mercredi. \u00ab\u00a0RedBird Capital Partners (\u00ab\u00a0RedBird\u00a0\u00bb) et Elliott Advisors UK Limited (\u00ab\u00a0Elliott\u00a0\u00bb) ont annonc\u00e9 aujourd&rsquo;hui qu&rsquo;ils avaient conclu un accord d\u00e9finitif pour que RedBird acqui\u00e8re l&rsquo;Associazione Calcio Milan (\u00ab\u00a0AC Milan\u00a0\u00bb, \u00ab\u00a0Milan\u00a0\u00bb ou le \u00ab\u00a0Club\u00a0\u00bb), nouvellement couronn\u00e9 champion de Serie A, indique le [&hellip;]\" \/>\n<meta property=\"og:url\" content=\"https:\/\/oeilsportif.info\/index.php\/lac-milan-officialise-sa-vente-a-redbird-capital-partners\/\" \/>\n<meta property=\"og:site_name\" content=\"le regard du sportif\" \/>\n<meta property=\"article:published_time\" content=\"2022-06-01T09:08:28+00:00\" \/>\n<meta property=\"og:image\" content=\"https:\/\/oeilsportif.info\/wp-content\/uploads\/2022\/06\/FB_IMG_1654074354335.jpg\" \/>\n\t<meta property=\"og:image:width\" content=\"800\" \/>\n\t<meta property=\"og:image:height\" content=\"827\" \/>\n\t<meta property=\"og:image:type\" content=\"image\/jpeg\" \/>\n<meta name=\"author\" content=\"L&#039;Equipe de la R\u00e9daction\" \/>\n<meta name=\"twitter:label1\" content=\"\u00c9crit par\" \/>\n\t<meta name=\"twitter:data1\" content=\"L&#039;Equipe de la R\u00e9daction\" \/>\n\t<meta name=\"twitter:label2\" content=\"Dur\u00e9e de lecture estim\u00e9e\" \/>\n\t<meta name=\"twitter:data2\" content=\"2 minutes\" \/>\n<script type=\"application\/ld+json\" class=\"yoast-schema-graph\">{\"@context\":\"https:\\\/\\\/schema.org\",\"@graph\":[{\"@type\":\"Article\",\"@id\":\"https:\\\/\\\/oeilsportif.info\\\/index.php\\\/lac-milan-officialise-sa-vente-a-redbird-capital-partners\\\/#article\",\"isPartOf\":{\"@id\":\"https:\\\/\\\/oeilsportif.info\\\/index.php\\\/lac-milan-officialise-sa-vente-a-redbird-capital-partners\\\/\"},\"author\":{\"name\":\"L'Equipe de la R\u00e9daction\",\"@id\":\"https:\\\/\\\/oeilsportif.info\\\/#\\\/schema\\\/person\\\/cfbded294aa6095f7d96608d7905e9a1\"},\"headline\":\"L&rsquo;AC Milan officialise sa vente \u00e0 RedBird Capital Partners\",\"datePublished\":\"2022-06-01T09:08:28+00:00\",\"mainEntityOfPage\":{\"@id\":\"https:\\\/\\\/oeilsportif.info\\\/index.php\\\/lac-milan-officialise-sa-vente-a-redbird-capital-partners\\\/\"},\"wordCount\":247,\"image\":{\"@id\":\"https:\\\/\\\/oeilsportif.info\\\/index.php\\\/lac-milan-officialise-sa-vente-a-redbird-capital-partners\\\/#primaryimage\"},\"thumbnailUrl\":\"https:\\\/\\\/i0.wp.com\\\/oeilsportif.info\\\/wp-content\\\/uploads\\\/2022\\\/06\\\/FB_IMG_1654074354335.jpg?fit=800%2C827&ssl=1\",\"articleSection\":[\"Football\"],\"inLanguage\":\"fr-FR\"},{\"@type\":\"WebPage\",\"@id\":\"https:\\\/\\\/oeilsportif.info\\\/index.php\\\/lac-milan-officialise-sa-vente-a-redbird-capital-partners\\\/\",\"url\":\"https:\\\/\\\/oeilsportif.info\\\/index.php\\\/lac-milan-officialise-sa-vente-a-redbird-capital-partners\\\/\",\"name\":\"L'AC Milan officialise sa vente \u00e0 RedBird Capital Partners - le regard du sportif\",\"isPartOf\":{\"@id\":\"https:\\\/\\\/oeilsportif.info\\\/#website\"},\"primaryImageOfPage\":{\"@id\":\"https:\\\/\\\/oeilsportif.info\\\/index.php\\\/lac-milan-officialise-sa-vente-a-redbird-capital-partners\\\/#primaryimage\"},\"image\":{\"@id\":\"https:\\\/\\\/oeilsportif.info\\\/index.php\\\/lac-milan-officialise-sa-vente-a-redbird-capital-partners\\\/#primaryimage\"},\"thumbnailUrl\":\"https:\\\/\\\/i0.wp.com\\\/oeilsportif.info\\\/wp-content\\\/uploads\\\/2022\\\/06\\\/FB_IMG_1654074354335.jpg?fit=800%2C827&ssl=1\",\"datePublished\":\"2022-06-01T09:08:28+00:00\",\"author\":{\"@id\":\"https:\\\/\\\/oeilsportif.info\\\/#\\\/schema\\\/person\\\/cfbded294aa6095f7d96608d7905e9a1\"},\"inLanguage\":\"fr-FR\",\"potentialAction\":[{\"@type\":\"ReadAction\",\"target\":[\"https:\\\/\\\/oeilsportif.info\\\/index.php\\\/lac-milan-officialise-sa-vente-a-redbird-capital-partners\\\/\"]}]},{\"@type\":\"ImageObject\",\"inLanguage\":\"fr-FR\",\"@id\":\"https:\\\/\\\/oeilsportif.info\\\/index.php\\\/lac-milan-officialise-sa-vente-a-redbird-capital-partners\\\/#primaryimage\",\"url\":\"https:\\\/\\\/i0.wp.com\\\/oeilsportif.info\\\/wp-content\\\/uploads\\\/2022\\\/06\\\/FB_IMG_1654074354335.jpg?fit=800%2C827&ssl=1\",\"contentUrl\":\"https:\\\/\\\/i0.wp.com\\\/oeilsportif.info\\\/wp-content\\\/uploads\\\/2022\\\/06\\\/FB_IMG_1654074354335.jpg?fit=800%2C827&ssl=1\",\"width\":800,\"height\":827},{\"@type\":\"WebSite\",\"@id\":\"https:\\\/\\\/oeilsportif.info\\\/#website\",\"url\":\"https:\\\/\\\/oeilsportif.info\\\/\",\"name\":\"le regard du sportif\",\"description\":\"\",\"potentialAction\":[{\"@type\":\"SearchAction\",\"target\":{\"@type\":\"EntryPoint\",\"urlTemplate\":\"https:\\\/\\\/oeilsportif.info\\\/?s={search_term_string}\"},\"query-input\":{\"@type\":\"PropertyValueSpecification\",\"valueRequired\":true,\"valueName\":\"search_term_string\"}}],\"inLanguage\":\"fr-FR\"},{\"@type\":\"Person\",\"@id\":\"https:\\\/\\\/oeilsportif.info\\\/#\\\/schema\\\/person\\\/cfbded294aa6095f7d96608d7905e9a1\",\"name\":\"L'Equipe de la R\u00e9daction\",\"image\":{\"@type\":\"ImageObject\",\"inLanguage\":\"fr-FR\",\"@id\":\"https:\\\/\\\/oeilsportif.info\\\/wp-content\\\/uploads\\\/2025\\\/07\\\/cropped-cropped-logo-os-96x96.jpeg\",\"url\":\"https:\\\/\\\/oeilsportif.info\\\/wp-content\\\/uploads\\\/2025\\\/07\\\/cropped-cropped-logo-os-96x96.jpeg\",\"contentUrl\":\"https:\\\/\\\/oeilsportif.info\\\/wp-content\\\/uploads\\\/2025\\\/07\\\/cropped-cropped-logo-os-96x96.jpeg\",\"caption\":\"L'Equipe de la R\u00e9daction\"},\"url\":\"https:\\\/\\\/oeilsportif.info\\\/index.php\\\/author\\\/tawel\\\/\"}]}<\/script>\n<!-- \/ Yoast SEO plugin. -->","yoast_head_json":{"title":"L'AC Milan officialise sa vente \u00e0 RedBird Capital Partners - le regard du sportif","robots":{"index":"index","follow":"follow","max-snippet":"max-snippet:-1","max-image-preview":"max-image-preview:large","max-video-preview":"max-video-preview:-1"},"canonical":"https:\/\/oeilsportif.info\/index.php\/lac-milan-officialise-sa-vente-a-redbird-capital-partners\/","og_locale":"fr_FR","og_type":"article","og_title":"L'AC Milan officialise sa vente \u00e0 RedBird Capital Partners - le regard du sportif","og_description":"L&rsquo;AC Milan a officialis\u00e9 sa vente au fonds d&rsquo;investissement am\u00e9ricain RedBird Capital Partners, ce mercredi. \u00ab\u00a0RedBird Capital Partners (\u00ab\u00a0RedBird\u00a0\u00bb) et Elliott Advisors UK Limited (\u00ab\u00a0Elliott\u00a0\u00bb) ont annonc\u00e9 aujourd&rsquo;hui qu&rsquo;ils avaient conclu un accord d\u00e9finitif pour que RedBird acqui\u00e8re l&rsquo;Associazione Calcio Milan (\u00ab\u00a0AC Milan\u00a0\u00bb, \u00ab\u00a0Milan\u00a0\u00bb ou le \u00ab\u00a0Club\u00a0\u00bb), nouvellement couronn\u00e9 champion de Serie A, indique le [&hellip;]","og_url":"https:\/\/oeilsportif.info\/index.php\/lac-milan-officialise-sa-vente-a-redbird-capital-partners\/","og_site_name":"le regard du sportif","article_published_time":"2022-06-01T09:08:28+00:00","og_image":[{"width":800,"height":827,"url":"https:\/\/oeilsportif.info\/wp-content\/uploads\/2022\/06\/FB_IMG_1654074354335.jpg","type":"image\/jpeg"}],"author":"L'Equipe de la R\u00e9daction","twitter_misc":{"\u00c9crit par":"L'Equipe de la R\u00e9daction","Dur\u00e9e de lecture estim\u00e9e":"2 minutes"},"schema":{"@context":"https:\/\/schema.org","@graph":[{"@type":"Article","@id":"https:\/\/oeilsportif.info\/index.php\/lac-milan-officialise-sa-vente-a-redbird-capital-partners\/#article","isPartOf":{"@id":"https:\/\/oeilsportif.info\/index.php\/lac-milan-officialise-sa-vente-a-redbird-capital-partners\/"},"author":{"name":"L'Equipe de la R\u00e9daction","@id":"https:\/\/oeilsportif.info\/#\/schema\/person\/cfbded294aa6095f7d96608d7905e9a1"},"headline":"L&rsquo;AC Milan officialise sa vente \u00e0 RedBird Capital Partners","datePublished":"2022-06-01T09:08:28+00:00","mainEntityOfPage":{"@id":"https:\/\/oeilsportif.info\/index.php\/lac-milan-officialise-sa-vente-a-redbird-capital-partners\/"},"wordCount":247,"image":{"@id":"https:\/\/oeilsportif.info\/index.php\/lac-milan-officialise-sa-vente-a-redbird-capital-partners\/#primaryimage"},"thumbnailUrl":"https:\/\/i0.wp.com\/oeilsportif.info\/wp-content\/uploads\/2022\/06\/FB_IMG_1654074354335.jpg?fit=800%2C827&ssl=1","articleSection":["Football"],"inLanguage":"fr-FR"},{"@type":"WebPage","@id":"https:\/\/oeilsportif.info\/index.php\/lac-milan-officialise-sa-vente-a-redbird-capital-partners\/","url":"https:\/\/oeilsportif.info\/index.php\/lac-milan-officialise-sa-vente-a-redbird-capital-partners\/","name":"L'AC Milan officialise sa vente \u00e0 RedBird Capital Partners - le regard du sportif","isPartOf":{"@id":"https:\/\/oeilsportif.info\/#website"},"primaryImageOfPage":{"@id":"https:\/\/oeilsportif.info\/index.php\/lac-milan-officialise-sa-vente-a-redbird-capital-partners\/#primaryimage"},"image":{"@id":"https:\/\/oeilsportif.info\/index.php\/lac-milan-officialise-sa-vente-a-redbird-capital-partners\/#primaryimage"},"thumbnailUrl":"https:\/\/i0.wp.com\/oeilsportif.info\/wp-content\/uploads\/2022\/06\/FB_IMG_1654074354335.jpg?fit=800%2C827&ssl=1","datePublished":"2022-06-01T09:08:28+00:00","author":{"@id":"https:\/\/oeilsportif.info\/#\/schema\/person\/cfbded294aa6095f7d96608d7905e9a1"},"inLanguage":"fr-FR","potentialAction":[{"@type":"ReadAction","target":["https:\/\/oeilsportif.info\/index.php\/lac-milan-officialise-sa-vente-a-redbird-capital-partners\/"]}]},{"@type":"ImageObject","inLanguage":"fr-FR","@id":"https:\/\/oeilsportif.info\/index.php\/lac-milan-officialise-sa-vente-a-redbird-capital-partners\/#primaryimage","url":"https:\/\/i0.wp.com\/oeilsportif.info\/wp-content\/uploads\/2022\/06\/FB_IMG_1654074354335.jpg?fit=800%2C827&ssl=1","contentUrl":"https:\/\/i0.wp.com\/oeilsportif.info\/wp-content\/uploads\/2022\/06\/FB_IMG_1654074354335.jpg?fit=800%2C827&ssl=1","width":800,"height":827},{"@type":"WebSite","@id":"https:\/\/oeilsportif.info\/#website","url":"https:\/\/oeilsportif.info\/","name":"le regard du sportif","description":"","potentialAction":[{"@type":"SearchAction","target":{"@type":"EntryPoint","urlTemplate":"https:\/\/oeilsportif.info\/?s={search_term_string}"},"query-input":{"@type":"PropertyValueSpecification","valueRequired":true,"valueName":"search_term_string"}}],"inLanguage":"fr-FR"},{"@type":"Person","@id":"https:\/\/oeilsportif.info\/#\/schema\/person\/cfbded294aa6095f7d96608d7905e9a1","name":"L'Equipe de la R\u00e9daction","image":{"@type":"ImageObject","inLanguage":"fr-FR","@id":"https:\/\/oeilsportif.info\/wp-content\/uploads\/2025\/07\/cropped-cropped-logo-os-96x96.jpeg","url":"https:\/\/oeilsportif.info\/wp-content\/uploads\/2025\/07\/cropped-cropped-logo-os-96x96.jpeg","contentUrl":"https:\/\/oeilsportif.info\/wp-content\/uploads\/2025\/07\/cropped-cropped-logo-os-96x96.jpeg","caption":"L'Equipe de la R\u00e9daction"},"url":"https:\/\/oeilsportif.info\/index.php\/author\/tawel\/"}]}},"jetpack_publicize_connections":[],"jetpack_featured_media_url":"https:\/\/i0.wp.com\/oeilsportif.info\/wp-content\/uploads\/2022\/06\/FB_IMG_1654074354335.jpg?fit=800%2C827&ssl=1","jetpack-related-posts":[],"jetpack_sharing_enabled":true,"jetpack_likes_enabled":true,"jetpack_shortlink":"https:\/\/wp.me\/pgFE77-9O","_links":{"self":[{"href":"https:\/\/oeilsportif.info\/index.php\/wp-json\/wp\/v2\/posts\/608","targetHints":{"allow":["GET"]}}],"collection":[{"href":"https:\/\/oeilsportif.info\/index.php\/wp-json\/wp\/v2\/posts"}],"about":[{"href":"https:\/\/oeilsportif.info\/index.php\/wp-json\/wp\/v2\/types\/post"}],"author":[{"embeddable":true,"href":"https:\/\/oeilsportif.info\/index.php\/wp-json\/wp\/v2\/users\/2"}],"replies":[{"embeddable":true,"href":"https:\/\/oeilsportif.info\/index.php\/wp-json\/wp\/v2\/comments?post=608"}],"version-history":[{"count":0,"href":"https:\/\/oeilsportif.info\/index.php\/wp-json\/wp\/v2\/posts\/608\/revisions"}],"wp:featuredmedia":[{"embeddable":true,"href":"https:\/\/oeilsportif.info\/index.php\/wp-json\/wp\/v2\/media\/609"}],"wp:attachment":[{"href":"https:\/\/oeilsportif.info\/index.php\/wp-json\/wp\/v2\/media?parent=608"}],"wp:term":[{"taxonomy":"category","embeddable":true,"href":"https:\/\/oeilsportif.info\/index.php\/wp-json\/wp\/v2\/categories?post=608"},{"taxonomy":"post_tag","embeddable":true,"href":"https:\/\/oeilsportif.info\/index.php\/wp-json\/wp\/v2\/tags?post=608"}],"curies":[{"name":"wp","href":"https:\/\/api.w.org\/{rel}","templated":true}]}}