{"id":595,"date":"2022-06-01T01:32:09","date_gmt":"2022-06-01T01:32:09","guid":{"rendered":"https:\/\/oeilsportif.info\/index.php\/?p=595"},"modified":"2022-06-01T01:32:09","modified_gmt":"2022-06-01T01:32:09","slug":"liverpool-un-adieu-de-sadio-mane-qui-filerait-vers-le-bayern","status":"publish","type":"post","link":"https:\/\/oeilsportif.info\/index.php\/liverpool-un-adieu-de-sadio-mane-qui-filerait-vers-le-bayern\/","title":{"rendered":"Liverpool : Un adieu de Sadio Man\u00e9 qui filerait vers le Bayern!"},"content":{"rendered":"<p>Sadio Man\u00e9 (30 ans, 51 matchs et 23 buts toutes comp\u00e9titions cette saison) aurait bien disput\u00e9 son dernier match avec Liverpool contre le Real Madrid (0-1), samedi, en finale de la Ligue des Champions.<\/p>\n<p>Apr\u00e8s la d\u00e9faite, l&rsquo;ailier s\u00e9n\u00e9galais a r\u00e9alis\u00e9 un discours d&rsquo;adieu \u00e0 ses partenaires.<\/p>\n<p><strong>\u00ab\u00a0Je tiens \u00e0 remercier les fans pour tout et le coach aussi. Je souhaite \u00e0 cette \u00e9quipe tout le meilleur du monde\u00a0\u00bb<\/strong>, a l\u00e2ch\u00e9 le champion d&rsquo;Afrique dans des propos repris par la presse anglaise.<\/p>\n<p>Sous contrat jusqu&rsquo;en juin 2023, Man\u00e9 devrait poursuivre sa carri\u00e8re au Bayern Munich d\u00e8s la saison prochaine.<\/p>\n<p><strong>MoussavouBilla<\/strong><\/p>\n","protected":false},"excerpt":{"rendered":"<p>Sadio Man\u00e9 (30 ans, 51 matchs et 23 buts toutes comp\u00e9titions cette saison) aurait bien disput\u00e9 son dernier match avec Liverpool contre le Real Madrid (0-1), samedi, en finale de la Ligue des Champions. Apr\u00e8s la d\u00e9faite, l&rsquo;ailier s\u00e9n\u00e9galais a r\u00e9alis\u00e9 un discours d&rsquo;adieu \u00e0 ses partenaires. \u00ab\u00a0Je tiens \u00e0 remercier les fans pour tout [&hellip;]<\/p>\n","protected":false},"author":2,"featured_media":596,"comment_status":"closed","ping_status":"open","sticky":false,"template":"","format":"standard","meta":{"_jetpack_memberships_contains_paid_content":false,"footnotes":"","jetpack_publicize_message":"","jetpack_publicize_feature_enabled":true,"jetpack_social_post_already_shared":true,"jetpack_social_options":{"image_generator_settings":{"template":"highway","default_image_id":0,"font":"","enabled":false},"version":2}},"categories":[5],"tags":[],"class_list":{"0":"post-595","1":"post","2":"type-post","3":"status-publish","4":"format-standard","5":"has-post-thumbnail","7":"category-football"},"yoast_head":"<!-- This site is optimized with the Yoast SEO plugin v27.4 - https:\/\/yoast.com\/product\/yoast-seo-wordpress\/ -->\n<title>Liverpool : Un adieu de Sadio Man\u00e9 qui filerait vers le Bayern! - le regard du sportif<\/title>\n<meta name=\"robots\" content=\"index, follow, max-snippet:-1, max-image-preview:large, max-video-preview:-1\" \/>\n<link rel=\"canonical\" href=\"https:\/\/oeilsportif.info\/index.php\/liverpool-un-adieu-de-sadio-mane-qui-filerait-vers-le-bayern\/\" \/>\n<meta property=\"og:locale\" content=\"fr_FR\" \/>\n<meta property=\"og:type\" content=\"article\" \/>\n<meta property=\"og:title\" content=\"Liverpool : Un adieu de Sadio Man\u00e9 qui filerait vers le Bayern! - le regard du sportif\" \/>\n<meta property=\"og:description\" content=\"Sadio Man\u00e9 (30 ans, 51 matchs et 23 buts toutes comp\u00e9titions cette saison) aurait bien disput\u00e9 son dernier match avec Liverpool contre le Real Madrid (0-1), samedi, en finale de la Ligue des Champions. Apr\u00e8s la d\u00e9faite, l&rsquo;ailier s\u00e9n\u00e9galais a r\u00e9alis\u00e9 un discours d&rsquo;adieu \u00e0 ses partenaires. \u00ab\u00a0Je tiens \u00e0 remercier les fans pour tout [&hellip;]\" \/>\n<meta property=\"og:url\" content=\"https:\/\/oeilsportif.info\/index.php\/liverpool-un-adieu-de-sadio-mane-qui-filerait-vers-le-bayern\/\" \/>\n<meta property=\"og:site_name\" content=\"le regard du sportif\" \/>\n<meta property=\"article:published_time\" content=\"2022-06-01T01:32:09+00:00\" \/>\n<meta property=\"og:image\" content=\"https:\/\/oeilsportif.info\/wp-content\/uploads\/2022\/06\/FB_IMG_1654046973690.jpg\" \/>\n\t<meta property=\"og:image:width\" content=\"504\" \/>\n\t<meta property=\"og:image:height\" content=\"707\" \/>\n\t<meta property=\"og:image:type\" content=\"image\/jpeg\" \/>\n<meta name=\"author\" content=\"L&#039;Equipe de la R\u00e9daction\" \/>\n<meta name=\"twitter:label1\" content=\"\u00c9crit par\" \/>\n\t<meta name=\"twitter:data1\" content=\"L&#039;Equipe de la R\u00e9daction\" \/>\n\t<meta name=\"twitter:label2\" content=\"Dur\u00e9e de lecture estim\u00e9e\" \/>\n\t<meta name=\"twitter:data2\" content=\"1 minute\" \/>\n<script type=\"application\/ld+json\" class=\"yoast-schema-graph\">{\"@context\":\"https:\\\/\\\/schema.org\",\"@graph\":[{\"@type\":\"Article\",\"@id\":\"https:\\\/\\\/oeilsportif.info\\\/index.php\\\/liverpool-un-adieu-de-sadio-mane-qui-filerait-vers-le-bayern\\\/#article\",\"isPartOf\":{\"@id\":\"https:\\\/\\\/oeilsportif.info\\\/index.php\\\/liverpool-un-adieu-de-sadio-mane-qui-filerait-vers-le-bayern\\\/\"},\"author\":{\"name\":\"L'Equipe de la R\u00e9daction\",\"@id\":\"https:\\\/\\\/oeilsportif.info\\\/#\\\/schema\\\/person\\\/cfbded294aa6095f7d96608d7905e9a1\"},\"headline\":\"Liverpool : Un adieu de Sadio Man\u00e9 qui filerait vers le Bayern!\",\"datePublished\":\"2022-06-01T01:32:09+00:00\",\"mainEntityOfPage\":{\"@id\":\"https:\\\/\\\/oeilsportif.info\\\/index.php\\\/liverpool-un-adieu-de-sadio-mane-qui-filerait-vers-le-bayern\\\/\"},\"wordCount\":117,\"image\":{\"@id\":\"https:\\\/\\\/oeilsportif.info\\\/index.php\\\/liverpool-un-adieu-de-sadio-mane-qui-filerait-vers-le-bayern\\\/#primaryimage\"},\"thumbnailUrl\":\"https:\\\/\\\/i0.wp.com\\\/oeilsportif.info\\\/wp-content\\\/uploads\\\/2022\\\/06\\\/FB_IMG_1654046973690.jpg?fit=504%2C707&ssl=1\",\"articleSection\":[\"Football\"],\"inLanguage\":\"fr-FR\"},{\"@type\":\"WebPage\",\"@id\":\"https:\\\/\\\/oeilsportif.info\\\/index.php\\\/liverpool-un-adieu-de-sadio-mane-qui-filerait-vers-le-bayern\\\/\",\"url\":\"https:\\\/\\\/oeilsportif.info\\\/index.php\\\/liverpool-un-adieu-de-sadio-mane-qui-filerait-vers-le-bayern\\\/\",\"name\":\"Liverpool : Un adieu de Sadio Man\u00e9 qui filerait vers le Bayern! - le regard du sportif\",\"isPartOf\":{\"@id\":\"https:\\\/\\\/oeilsportif.info\\\/#website\"},\"primaryImageOfPage\":{\"@id\":\"https:\\\/\\\/oeilsportif.info\\\/index.php\\\/liverpool-un-adieu-de-sadio-mane-qui-filerait-vers-le-bayern\\\/#primaryimage\"},\"image\":{\"@id\":\"https:\\\/\\\/oeilsportif.info\\\/index.php\\\/liverpool-un-adieu-de-sadio-mane-qui-filerait-vers-le-bayern\\\/#primaryimage\"},\"thumbnailUrl\":\"https:\\\/\\\/i0.wp.com\\\/oeilsportif.info\\\/wp-content\\\/uploads\\\/2022\\\/06\\\/FB_IMG_1654046973690.jpg?fit=504%2C707&ssl=1\",\"datePublished\":\"2022-06-01T01:32:09+00:00\",\"author\":{\"@id\":\"https:\\\/\\\/oeilsportif.info\\\/#\\\/schema\\\/person\\\/cfbded294aa6095f7d96608d7905e9a1\"},\"inLanguage\":\"fr-FR\",\"potentialAction\":[{\"@type\":\"ReadAction\",\"target\":[\"https:\\\/\\\/oeilsportif.info\\\/index.php\\\/liverpool-un-adieu-de-sadio-mane-qui-filerait-vers-le-bayern\\\/\"]}]},{\"@type\":\"ImageObject\",\"inLanguage\":\"fr-FR\",\"@id\":\"https:\\\/\\\/oeilsportif.info\\\/index.php\\\/liverpool-un-adieu-de-sadio-mane-qui-filerait-vers-le-bayern\\\/#primaryimage\",\"url\":\"https:\\\/\\\/i0.wp.com\\\/oeilsportif.info\\\/wp-content\\\/uploads\\\/2022\\\/06\\\/FB_IMG_1654046973690.jpg?fit=504%2C707&ssl=1\",\"contentUrl\":\"https:\\\/\\\/i0.wp.com\\\/oeilsportif.info\\\/wp-content\\\/uploads\\\/2022\\\/06\\\/FB_IMG_1654046973690.jpg?fit=504%2C707&ssl=1\",\"width\":504,\"height\":707},{\"@type\":\"WebSite\",\"@id\":\"https:\\\/\\\/oeilsportif.info\\\/#website\",\"url\":\"https:\\\/\\\/oeilsportif.info\\\/\",\"name\":\"le regard du sportif\",\"description\":\"\",\"potentialAction\":[{\"@type\":\"SearchAction\",\"target\":{\"@type\":\"EntryPoint\",\"urlTemplate\":\"https:\\\/\\\/oeilsportif.info\\\/?s={search_term_string}\"},\"query-input\":{\"@type\":\"PropertyValueSpecification\",\"valueRequired\":true,\"valueName\":\"search_term_string\"}}],\"inLanguage\":\"fr-FR\"},{\"@type\":\"Person\",\"@id\":\"https:\\\/\\\/oeilsportif.info\\\/#\\\/schema\\\/person\\\/cfbded294aa6095f7d96608d7905e9a1\",\"name\":\"L'Equipe de la R\u00e9daction\",\"image\":{\"@type\":\"ImageObject\",\"inLanguage\":\"fr-FR\",\"@id\":\"https:\\\/\\\/oeilsportif.info\\\/wp-content\\\/uploads\\\/2025\\\/07\\\/cropped-cropped-logo-os-96x96.jpeg\",\"url\":\"https:\\\/\\\/oeilsportif.info\\\/wp-content\\\/uploads\\\/2025\\\/07\\\/cropped-cropped-logo-os-96x96.jpeg\",\"contentUrl\":\"https:\\\/\\\/oeilsportif.info\\\/wp-content\\\/uploads\\\/2025\\\/07\\\/cropped-cropped-logo-os-96x96.jpeg\",\"caption\":\"L'Equipe de la R\u00e9daction\"},\"url\":\"https:\\\/\\\/oeilsportif.info\\\/index.php\\\/author\\\/tawel\\\/\"}]}<\/script>\n<!-- \/ Yoast SEO plugin. -->","yoast_head_json":{"title":"Liverpool : Un adieu de Sadio Man\u00e9 qui filerait vers le Bayern! - le regard du sportif","robots":{"index":"index","follow":"follow","max-snippet":"max-snippet:-1","max-image-preview":"max-image-preview:large","max-video-preview":"max-video-preview:-1"},"canonical":"https:\/\/oeilsportif.info\/index.php\/liverpool-un-adieu-de-sadio-mane-qui-filerait-vers-le-bayern\/","og_locale":"fr_FR","og_type":"article","og_title":"Liverpool : Un adieu de Sadio Man\u00e9 qui filerait vers le Bayern! - le regard du sportif","og_description":"Sadio Man\u00e9 (30 ans, 51 matchs et 23 buts toutes comp\u00e9titions cette saison) aurait bien disput\u00e9 son dernier match avec Liverpool contre le Real Madrid (0-1), samedi, en finale de la Ligue des Champions. Apr\u00e8s la d\u00e9faite, l&rsquo;ailier s\u00e9n\u00e9galais a r\u00e9alis\u00e9 un discours d&rsquo;adieu \u00e0 ses partenaires. \u00ab\u00a0Je tiens \u00e0 remercier les fans pour tout [&hellip;]","og_url":"https:\/\/oeilsportif.info\/index.php\/liverpool-un-adieu-de-sadio-mane-qui-filerait-vers-le-bayern\/","og_site_name":"le regard du sportif","article_published_time":"2022-06-01T01:32:09+00:00","og_image":[{"width":504,"height":707,"url":"https:\/\/oeilsportif.info\/wp-content\/uploads\/2022\/06\/FB_IMG_1654046973690.jpg","type":"image\/jpeg"}],"author":"L'Equipe de la R\u00e9daction","twitter_misc":{"\u00c9crit par":"L'Equipe de la R\u00e9daction","Dur\u00e9e de lecture estim\u00e9e":"1 minute"},"schema":{"@context":"https:\/\/schema.org","@graph":[{"@type":"Article","@id":"https:\/\/oeilsportif.info\/index.php\/liverpool-un-adieu-de-sadio-mane-qui-filerait-vers-le-bayern\/#article","isPartOf":{"@id":"https:\/\/oeilsportif.info\/index.php\/liverpool-un-adieu-de-sadio-mane-qui-filerait-vers-le-bayern\/"},"author":{"name":"L'Equipe de la R\u00e9daction","@id":"https:\/\/oeilsportif.info\/#\/schema\/person\/cfbded294aa6095f7d96608d7905e9a1"},"headline":"Liverpool : Un adieu de Sadio Man\u00e9 qui filerait vers le Bayern!","datePublished":"2022-06-01T01:32:09+00:00","mainEntityOfPage":{"@id":"https:\/\/oeilsportif.info\/index.php\/liverpool-un-adieu-de-sadio-mane-qui-filerait-vers-le-bayern\/"},"wordCount":117,"image":{"@id":"https:\/\/oeilsportif.info\/index.php\/liverpool-un-adieu-de-sadio-mane-qui-filerait-vers-le-bayern\/#primaryimage"},"thumbnailUrl":"https:\/\/i0.wp.com\/oeilsportif.info\/wp-content\/uploads\/2022\/06\/FB_IMG_1654046973690.jpg?fit=504%2C707&ssl=1","articleSection":["Football"],"inLanguage":"fr-FR"},{"@type":"WebPage","@id":"https:\/\/oeilsportif.info\/index.php\/liverpool-un-adieu-de-sadio-mane-qui-filerait-vers-le-bayern\/","url":"https:\/\/oeilsportif.info\/index.php\/liverpool-un-adieu-de-sadio-mane-qui-filerait-vers-le-bayern\/","name":"Liverpool : Un adieu de Sadio Man\u00e9 qui filerait vers le Bayern! - le regard du sportif","isPartOf":{"@id":"https:\/\/oeilsportif.info\/#website"},"primaryImageOfPage":{"@id":"https:\/\/oeilsportif.info\/index.php\/liverpool-un-adieu-de-sadio-mane-qui-filerait-vers-le-bayern\/#primaryimage"},"image":{"@id":"https:\/\/oeilsportif.info\/index.php\/liverpool-un-adieu-de-sadio-mane-qui-filerait-vers-le-bayern\/#primaryimage"},"thumbnailUrl":"https:\/\/i0.wp.com\/oeilsportif.info\/wp-content\/uploads\/2022\/06\/FB_IMG_1654046973690.jpg?fit=504%2C707&ssl=1","datePublished":"2022-06-01T01:32:09+00:00","author":{"@id":"https:\/\/oeilsportif.info\/#\/schema\/person\/cfbded294aa6095f7d96608d7905e9a1"},"inLanguage":"fr-FR","potentialAction":[{"@type":"ReadAction","target":["https:\/\/oeilsportif.info\/index.php\/liverpool-un-adieu-de-sadio-mane-qui-filerait-vers-le-bayern\/"]}]},{"@type":"ImageObject","inLanguage":"fr-FR","@id":"https:\/\/oeilsportif.info\/index.php\/liverpool-un-adieu-de-sadio-mane-qui-filerait-vers-le-bayern\/#primaryimage","url":"https:\/\/i0.wp.com\/oeilsportif.info\/wp-content\/uploads\/2022\/06\/FB_IMG_1654046973690.jpg?fit=504%2C707&ssl=1","contentUrl":"https:\/\/i0.wp.com\/oeilsportif.info\/wp-content\/uploads\/2022\/06\/FB_IMG_1654046973690.jpg?fit=504%2C707&ssl=1","width":504,"height":707},{"@type":"WebSite","@id":"https:\/\/oeilsportif.info\/#website","url":"https:\/\/oeilsportif.info\/","name":"le regard du sportif","description":"","potentialAction":[{"@type":"SearchAction","target":{"@type":"EntryPoint","urlTemplate":"https:\/\/oeilsportif.info\/?s={search_term_string}"},"query-input":{"@type":"PropertyValueSpecification","valueRequired":true,"valueName":"search_term_string"}}],"inLanguage":"fr-FR"},{"@type":"Person","@id":"https:\/\/oeilsportif.info\/#\/schema\/person\/cfbded294aa6095f7d96608d7905e9a1","name":"L'Equipe de la R\u00e9daction","image":{"@type":"ImageObject","inLanguage":"fr-FR","@id":"https:\/\/oeilsportif.info\/wp-content\/uploads\/2025\/07\/cropped-cropped-logo-os-96x96.jpeg","url":"https:\/\/oeilsportif.info\/wp-content\/uploads\/2025\/07\/cropped-cropped-logo-os-96x96.jpeg","contentUrl":"https:\/\/oeilsportif.info\/wp-content\/uploads\/2025\/07\/cropped-cropped-logo-os-96x96.jpeg","caption":"L'Equipe de la R\u00e9daction"},"url":"https:\/\/oeilsportif.info\/index.php\/author\/tawel\/"}]}},"jetpack_publicize_connections":[],"jetpack_featured_media_url":"https:\/\/i0.wp.com\/oeilsportif.info\/wp-content\/uploads\/2022\/06\/FB_IMG_1654046973690.jpg?fit=504%2C707&ssl=1","jetpack-related-posts":[],"jetpack_sharing_enabled":true,"jetpack_likes_enabled":true,"jetpack_shortlink":"https:\/\/wp.me\/pgFE77-9B","_links":{"self":[{"href":"https:\/\/oeilsportif.info\/index.php\/wp-json\/wp\/v2\/posts\/595","targetHints":{"allow":["GET"]}}],"collection":[{"href":"https:\/\/oeilsportif.info\/index.php\/wp-json\/wp\/v2\/posts"}],"about":[{"href":"https:\/\/oeilsportif.info\/index.php\/wp-json\/wp\/v2\/types\/post"}],"author":[{"embeddable":true,"href":"https:\/\/oeilsportif.info\/index.php\/wp-json\/wp\/v2\/users\/2"}],"replies":[{"embeddable":true,"href":"https:\/\/oeilsportif.info\/index.php\/wp-json\/wp\/v2\/comments?post=595"}],"version-history":[{"count":0,"href":"https:\/\/oeilsportif.info\/index.php\/wp-json\/wp\/v2\/posts\/595\/revisions"}],"wp:featuredmedia":[{"embeddable":true,"href":"https:\/\/oeilsportif.info\/index.php\/wp-json\/wp\/v2\/media\/596"}],"wp:attachment":[{"href":"https:\/\/oeilsportif.info\/index.php\/wp-json\/wp\/v2\/media?parent=595"}],"wp:term":[{"taxonomy":"category","embeddable":true,"href":"https:\/\/oeilsportif.info\/index.php\/wp-json\/wp\/v2\/categories?post=595"},{"taxonomy":"post_tag","embeddable":true,"href":"https:\/\/oeilsportif.info\/index.php\/wp-json\/wp\/v2\/tags?post=595"}],"curies":[{"name":"wp","href":"https:\/\/api.w.org\/{rel}","templated":true}]}}