{"id":592,"date":"2022-05-31T22:38:55","date_gmt":"2022-05-31T22:38:55","guid":{"rendered":"https:\/\/oeilsportif.info\/index.php\/?p=592"},"modified":"2022-05-31T22:38:55","modified_gmt":"2022-05-31T22:38:55","slug":"elim-can-2023-frustre-par-patrice-beaumelle-amad-diallo-decide-de-ne-plus-jouer-pour-la-cote-divoire","status":"publish","type":"post","link":"https:\/\/oeilsportif.info\/index.php\/elim-can-2023-frustre-par-patrice-beaumelle-amad-diallo-decide-de-ne-plus-jouer-pour-la-cote-divoire\/","title":{"rendered":"Elim. CAN 2023 : Frustr\u00e9 par Patrice Beaumelle, Amad Diallo d\u00e9cide de ne plus jouer pour la C\u00f4te d\u2019Ivoire !"},"content":{"rendered":"<p>Amad Diallo a d\u00e9cid\u00e9 de ne plus d\u00e9fendre les couleurs de la C\u00f4te d\u2019Ivoire. C&rsquo;est ce qu&rsquo;a fait savoir le gaucher pr\u00eat\u00e9 par Manchester United aux Glasgow Rangers (Ecosse) aux nouveaux dirigeants de la F\u00e9d\u00e9ration Ivoirienne de Football. Pr\u00e9sent \u00e0 Abidjan et sollicit\u00e9 par le staff des \u00c9l\u00e9phants, Diallo a d\u00e9clin\u00e9 sa convocation.<\/p>\n<p>Selon nos informations, le joueur de 19 ans en veut \u00e0 Patrice Beaumelle qui l&rsquo;a royalement ignor\u00e9 apr\u00e8s ses bons d\u00e9buts avec les \u00c9l\u00e9phants. \u00ab\u00a0Amad n&rsquo;a surtout pas dig\u00e9r\u00e9 sa non-convocation pour la CAN. Il estime qu&rsquo;il n&rsquo;a pas b\u00e9n\u00e9fici\u00e9 du soutien du coach (Patrice Beaumelle) alors qu&rsquo;il traversait des moments difficiles en club, lui qui avait toujours r\u00e9pondu \u00e0 l&rsquo;appel du pays chez les A ou les Espoirs\u00a0\u00bb, souffle un proche du joueur.<\/p>\n<p>Comme Agbadou et Seko Fofana, Amad Diallo a donc lui aussi d\u00e9cid\u00e9 de prendre ses distances avec l&rsquo;\u00e9quipe nationale afin de protester contre la gestion de Beaumelle qui n&rsquo;est pourtant plus sur le banc ivoirien.<\/p>\n<p><strong>Jean-David Kokola pour\u00a0 SportMania.ci<\/strong><\/p>\n","protected":false},"excerpt":{"rendered":"<p>Amad Diallo a d\u00e9cid\u00e9 de ne plus d\u00e9fendre les couleurs de la C\u00f4te d\u2019Ivoire. C&rsquo;est ce qu&rsquo;a fait savoir le gaucher pr\u00eat\u00e9 par Manchester United aux Glasgow Rangers (Ecosse) aux nouveaux dirigeants de la F\u00e9d\u00e9ration Ivoirienne de Football. Pr\u00e9sent \u00e0 Abidjan et sollicit\u00e9 par le staff des \u00c9l\u00e9phants, Diallo a d\u00e9clin\u00e9 sa convocation. Selon nos [&hellip;]<\/p>\n","protected":false},"author":2,"featured_media":593,"comment_status":"closed","ping_status":"open","sticky":false,"template":"","format":"standard","meta":{"_jetpack_memberships_contains_paid_content":false,"footnotes":"","jetpack_publicize_message":"","jetpack_publicize_feature_enabled":true,"jetpack_social_post_already_shared":true,"jetpack_social_options":{"image_generator_settings":{"template":"highway","default_image_id":0,"font":"","enabled":false},"version":2}},"categories":[5],"tags":[],"class_list":{"0":"post-592","1":"post","2":"type-post","3":"status-publish","4":"format-standard","5":"has-post-thumbnail","7":"category-football"},"yoast_head":"<!-- This site is optimized with the Yoast SEO plugin v27.4 - https:\/\/yoast.com\/product\/yoast-seo-wordpress\/ -->\n<title>Elim. CAN 2023 : Frustr\u00e9 par Patrice Beaumelle, Amad Diallo d\u00e9cide de ne plus jouer pour la C\u00f4te d\u2019Ivoire ! - le regard du sportif<\/title>\n<meta name=\"robots\" content=\"index, follow, max-snippet:-1, max-image-preview:large, max-video-preview:-1\" \/>\n<link rel=\"canonical\" href=\"https:\/\/oeilsportif.info\/index.php\/elim-can-2023-frustre-par-patrice-beaumelle-amad-diallo-decide-de-ne-plus-jouer-pour-la-cote-divoire\/\" \/>\n<meta property=\"og:locale\" content=\"fr_FR\" \/>\n<meta property=\"og:type\" content=\"article\" \/>\n<meta property=\"og:title\" content=\"Elim. CAN 2023 : Frustr\u00e9 par Patrice Beaumelle, Amad Diallo d\u00e9cide de ne plus jouer pour la C\u00f4te d\u2019Ivoire ! - le regard du sportif\" \/>\n<meta property=\"og:description\" content=\"Amad Diallo a d\u00e9cid\u00e9 de ne plus d\u00e9fendre les couleurs de la C\u00f4te d\u2019Ivoire. C&rsquo;est ce qu&rsquo;a fait savoir le gaucher pr\u00eat\u00e9 par Manchester United aux Glasgow Rangers (Ecosse) aux nouveaux dirigeants de la F\u00e9d\u00e9ration Ivoirienne de Football. Pr\u00e9sent \u00e0 Abidjan et sollicit\u00e9 par le staff des \u00c9l\u00e9phants, Diallo a d\u00e9clin\u00e9 sa convocation. Selon nos [&hellip;]\" \/>\n<meta property=\"og:url\" content=\"https:\/\/oeilsportif.info\/index.php\/elim-can-2023-frustre-par-patrice-beaumelle-amad-diallo-decide-de-ne-plus-jouer-pour-la-cote-divoire\/\" \/>\n<meta property=\"og:site_name\" content=\"le regard du sportif\" \/>\n<meta property=\"article:published_time\" content=\"2022-05-31T22:38:55+00:00\" \/>\n<meta property=\"og:image\" content=\"https:\/\/oeilsportif.info\/wp-content\/uploads\/2022\/05\/FB_IMG_1654036655505.jpg\" \/>\n\t<meta property=\"og:image:width\" content=\"1080\" \/>\n\t<meta property=\"og:image:height\" content=\"720\" \/>\n\t<meta property=\"og:image:type\" content=\"image\/jpeg\" \/>\n<meta name=\"author\" content=\"L&#039;Equipe de la R\u00e9daction\" \/>\n<meta name=\"twitter:label1\" content=\"\u00c9crit par\" \/>\n\t<meta name=\"twitter:data1\" content=\"L&#039;Equipe de la R\u00e9daction\" \/>\n\t<meta name=\"twitter:label2\" content=\"Dur\u00e9e de lecture estim\u00e9e\" \/>\n\t<meta name=\"twitter:data2\" content=\"1 minute\" \/>\n<script type=\"application\/ld+json\" class=\"yoast-schema-graph\">{\"@context\":\"https:\\\/\\\/schema.org\",\"@graph\":[{\"@type\":\"Article\",\"@id\":\"https:\\\/\\\/oeilsportif.info\\\/index.php\\\/elim-can-2023-frustre-par-patrice-beaumelle-amad-diallo-decide-de-ne-plus-jouer-pour-la-cote-divoire\\\/#article\",\"isPartOf\":{\"@id\":\"https:\\\/\\\/oeilsportif.info\\\/index.php\\\/elim-can-2023-frustre-par-patrice-beaumelle-amad-diallo-decide-de-ne-plus-jouer-pour-la-cote-divoire\\\/\"},\"author\":{\"name\":\"L'Equipe de la R\u00e9daction\",\"@id\":\"https:\\\/\\\/oeilsportif.info\\\/#\\\/schema\\\/person\\\/cfbded294aa6095f7d96608d7905e9a1\"},\"headline\":\"Elim. CAN 2023 : Frustr\u00e9 par Patrice Beaumelle, Amad Diallo d\u00e9cide de ne plus jouer pour la C\u00f4te d\u2019Ivoire !\",\"datePublished\":\"2022-05-31T22:38:55+00:00\",\"mainEntityOfPage\":{\"@id\":\"https:\\\/\\\/oeilsportif.info\\\/index.php\\\/elim-can-2023-frustre-par-patrice-beaumelle-amad-diallo-decide-de-ne-plus-jouer-pour-la-cote-divoire\\\/\"},\"wordCount\":211,\"image\":{\"@id\":\"https:\\\/\\\/oeilsportif.info\\\/index.php\\\/elim-can-2023-frustre-par-patrice-beaumelle-amad-diallo-decide-de-ne-plus-jouer-pour-la-cote-divoire\\\/#primaryimage\"},\"thumbnailUrl\":\"https:\\\/\\\/i0.wp.com\\\/oeilsportif.info\\\/wp-content\\\/uploads\\\/2022\\\/05\\\/FB_IMG_1654036655505.jpg?fit=1080%2C720&ssl=1\",\"articleSection\":[\"Football\"],\"inLanguage\":\"fr-FR\"},{\"@type\":\"WebPage\",\"@id\":\"https:\\\/\\\/oeilsportif.info\\\/index.php\\\/elim-can-2023-frustre-par-patrice-beaumelle-amad-diallo-decide-de-ne-plus-jouer-pour-la-cote-divoire\\\/\",\"url\":\"https:\\\/\\\/oeilsportif.info\\\/index.php\\\/elim-can-2023-frustre-par-patrice-beaumelle-amad-diallo-decide-de-ne-plus-jouer-pour-la-cote-divoire\\\/\",\"name\":\"Elim. CAN 2023 : Frustr\u00e9 par Patrice Beaumelle, Amad Diallo d\u00e9cide de ne plus jouer pour la C\u00f4te d\u2019Ivoire ! - le regard du sportif\",\"isPartOf\":{\"@id\":\"https:\\\/\\\/oeilsportif.info\\\/#website\"},\"primaryImageOfPage\":{\"@id\":\"https:\\\/\\\/oeilsportif.info\\\/index.php\\\/elim-can-2023-frustre-par-patrice-beaumelle-amad-diallo-decide-de-ne-plus-jouer-pour-la-cote-divoire\\\/#primaryimage\"},\"image\":{\"@id\":\"https:\\\/\\\/oeilsportif.info\\\/index.php\\\/elim-can-2023-frustre-par-patrice-beaumelle-amad-diallo-decide-de-ne-plus-jouer-pour-la-cote-divoire\\\/#primaryimage\"},\"thumbnailUrl\":\"https:\\\/\\\/i0.wp.com\\\/oeilsportif.info\\\/wp-content\\\/uploads\\\/2022\\\/05\\\/FB_IMG_1654036655505.jpg?fit=1080%2C720&ssl=1\",\"datePublished\":\"2022-05-31T22:38:55+00:00\",\"author\":{\"@id\":\"https:\\\/\\\/oeilsportif.info\\\/#\\\/schema\\\/person\\\/cfbded294aa6095f7d96608d7905e9a1\"},\"inLanguage\":\"fr-FR\",\"potentialAction\":[{\"@type\":\"ReadAction\",\"target\":[\"https:\\\/\\\/oeilsportif.info\\\/index.php\\\/elim-can-2023-frustre-par-patrice-beaumelle-amad-diallo-decide-de-ne-plus-jouer-pour-la-cote-divoire\\\/\"]}]},{\"@type\":\"ImageObject\",\"inLanguage\":\"fr-FR\",\"@id\":\"https:\\\/\\\/oeilsportif.info\\\/index.php\\\/elim-can-2023-frustre-par-patrice-beaumelle-amad-diallo-decide-de-ne-plus-jouer-pour-la-cote-divoire\\\/#primaryimage\",\"url\":\"https:\\\/\\\/i0.wp.com\\\/oeilsportif.info\\\/wp-content\\\/uploads\\\/2022\\\/05\\\/FB_IMG_1654036655505.jpg?fit=1080%2C720&ssl=1\",\"contentUrl\":\"https:\\\/\\\/i0.wp.com\\\/oeilsportif.info\\\/wp-content\\\/uploads\\\/2022\\\/05\\\/FB_IMG_1654036655505.jpg?fit=1080%2C720&ssl=1\",\"width\":1080,\"height\":720},{\"@type\":\"WebSite\",\"@id\":\"https:\\\/\\\/oeilsportif.info\\\/#website\",\"url\":\"https:\\\/\\\/oeilsportif.info\\\/\",\"name\":\"le regard du sportif\",\"description\":\"\",\"potentialAction\":[{\"@type\":\"SearchAction\",\"target\":{\"@type\":\"EntryPoint\",\"urlTemplate\":\"https:\\\/\\\/oeilsportif.info\\\/?s={search_term_string}\"},\"query-input\":{\"@type\":\"PropertyValueSpecification\",\"valueRequired\":true,\"valueName\":\"search_term_string\"}}],\"inLanguage\":\"fr-FR\"},{\"@type\":\"Person\",\"@id\":\"https:\\\/\\\/oeilsportif.info\\\/#\\\/schema\\\/person\\\/cfbded294aa6095f7d96608d7905e9a1\",\"name\":\"L'Equipe de la R\u00e9daction\",\"image\":{\"@type\":\"ImageObject\",\"inLanguage\":\"fr-FR\",\"@id\":\"https:\\\/\\\/oeilsportif.info\\\/wp-content\\\/uploads\\\/2025\\\/07\\\/cropped-cropped-logo-os-96x96.jpeg\",\"url\":\"https:\\\/\\\/oeilsportif.info\\\/wp-content\\\/uploads\\\/2025\\\/07\\\/cropped-cropped-logo-os-96x96.jpeg\",\"contentUrl\":\"https:\\\/\\\/oeilsportif.info\\\/wp-content\\\/uploads\\\/2025\\\/07\\\/cropped-cropped-logo-os-96x96.jpeg\",\"caption\":\"L'Equipe de la R\u00e9daction\"},\"url\":\"https:\\\/\\\/oeilsportif.info\\\/index.php\\\/author\\\/tawel\\\/\"}]}<\/script>\n<!-- \/ Yoast SEO plugin. -->","yoast_head_json":{"title":"Elim. CAN 2023 : Frustr\u00e9 par Patrice Beaumelle, Amad Diallo d\u00e9cide de ne plus jouer pour la C\u00f4te d\u2019Ivoire ! - le regard du sportif","robots":{"index":"index","follow":"follow","max-snippet":"max-snippet:-1","max-image-preview":"max-image-preview:large","max-video-preview":"max-video-preview:-1"},"canonical":"https:\/\/oeilsportif.info\/index.php\/elim-can-2023-frustre-par-patrice-beaumelle-amad-diallo-decide-de-ne-plus-jouer-pour-la-cote-divoire\/","og_locale":"fr_FR","og_type":"article","og_title":"Elim. CAN 2023 : Frustr\u00e9 par Patrice Beaumelle, Amad Diallo d\u00e9cide de ne plus jouer pour la C\u00f4te d\u2019Ivoire ! - le regard du sportif","og_description":"Amad Diallo a d\u00e9cid\u00e9 de ne plus d\u00e9fendre les couleurs de la C\u00f4te d\u2019Ivoire. C&rsquo;est ce qu&rsquo;a fait savoir le gaucher pr\u00eat\u00e9 par Manchester United aux Glasgow Rangers (Ecosse) aux nouveaux dirigeants de la F\u00e9d\u00e9ration Ivoirienne de Football. Pr\u00e9sent \u00e0 Abidjan et sollicit\u00e9 par le staff des \u00c9l\u00e9phants, Diallo a d\u00e9clin\u00e9 sa convocation. Selon nos [&hellip;]","og_url":"https:\/\/oeilsportif.info\/index.php\/elim-can-2023-frustre-par-patrice-beaumelle-amad-diallo-decide-de-ne-plus-jouer-pour-la-cote-divoire\/","og_site_name":"le regard du sportif","article_published_time":"2022-05-31T22:38:55+00:00","og_image":[{"width":1080,"height":720,"url":"https:\/\/oeilsportif.info\/wp-content\/uploads\/2022\/05\/FB_IMG_1654036655505.jpg","type":"image\/jpeg"}],"author":"L'Equipe de la R\u00e9daction","twitter_misc":{"\u00c9crit par":"L'Equipe de la R\u00e9daction","Dur\u00e9e de lecture estim\u00e9e":"1 minute"},"schema":{"@context":"https:\/\/schema.org","@graph":[{"@type":"Article","@id":"https:\/\/oeilsportif.info\/index.php\/elim-can-2023-frustre-par-patrice-beaumelle-amad-diallo-decide-de-ne-plus-jouer-pour-la-cote-divoire\/#article","isPartOf":{"@id":"https:\/\/oeilsportif.info\/index.php\/elim-can-2023-frustre-par-patrice-beaumelle-amad-diallo-decide-de-ne-plus-jouer-pour-la-cote-divoire\/"},"author":{"name":"L'Equipe de la R\u00e9daction","@id":"https:\/\/oeilsportif.info\/#\/schema\/person\/cfbded294aa6095f7d96608d7905e9a1"},"headline":"Elim. CAN 2023 : Frustr\u00e9 par Patrice Beaumelle, Amad Diallo d\u00e9cide de ne plus jouer pour la C\u00f4te d\u2019Ivoire !","datePublished":"2022-05-31T22:38:55+00:00","mainEntityOfPage":{"@id":"https:\/\/oeilsportif.info\/index.php\/elim-can-2023-frustre-par-patrice-beaumelle-amad-diallo-decide-de-ne-plus-jouer-pour-la-cote-divoire\/"},"wordCount":211,"image":{"@id":"https:\/\/oeilsportif.info\/index.php\/elim-can-2023-frustre-par-patrice-beaumelle-amad-diallo-decide-de-ne-plus-jouer-pour-la-cote-divoire\/#primaryimage"},"thumbnailUrl":"https:\/\/i0.wp.com\/oeilsportif.info\/wp-content\/uploads\/2022\/05\/FB_IMG_1654036655505.jpg?fit=1080%2C720&ssl=1","articleSection":["Football"],"inLanguage":"fr-FR"},{"@type":"WebPage","@id":"https:\/\/oeilsportif.info\/index.php\/elim-can-2023-frustre-par-patrice-beaumelle-amad-diallo-decide-de-ne-plus-jouer-pour-la-cote-divoire\/","url":"https:\/\/oeilsportif.info\/index.php\/elim-can-2023-frustre-par-patrice-beaumelle-amad-diallo-decide-de-ne-plus-jouer-pour-la-cote-divoire\/","name":"Elim. CAN 2023 : Frustr\u00e9 par Patrice Beaumelle, Amad Diallo d\u00e9cide de ne plus jouer pour la C\u00f4te d\u2019Ivoire ! - le regard du sportif","isPartOf":{"@id":"https:\/\/oeilsportif.info\/#website"},"primaryImageOfPage":{"@id":"https:\/\/oeilsportif.info\/index.php\/elim-can-2023-frustre-par-patrice-beaumelle-amad-diallo-decide-de-ne-plus-jouer-pour-la-cote-divoire\/#primaryimage"},"image":{"@id":"https:\/\/oeilsportif.info\/index.php\/elim-can-2023-frustre-par-patrice-beaumelle-amad-diallo-decide-de-ne-plus-jouer-pour-la-cote-divoire\/#primaryimage"},"thumbnailUrl":"https:\/\/i0.wp.com\/oeilsportif.info\/wp-content\/uploads\/2022\/05\/FB_IMG_1654036655505.jpg?fit=1080%2C720&ssl=1","datePublished":"2022-05-31T22:38:55+00:00","author":{"@id":"https:\/\/oeilsportif.info\/#\/schema\/person\/cfbded294aa6095f7d96608d7905e9a1"},"inLanguage":"fr-FR","potentialAction":[{"@type":"ReadAction","target":["https:\/\/oeilsportif.info\/index.php\/elim-can-2023-frustre-par-patrice-beaumelle-amad-diallo-decide-de-ne-plus-jouer-pour-la-cote-divoire\/"]}]},{"@type":"ImageObject","inLanguage":"fr-FR","@id":"https:\/\/oeilsportif.info\/index.php\/elim-can-2023-frustre-par-patrice-beaumelle-amad-diallo-decide-de-ne-plus-jouer-pour-la-cote-divoire\/#primaryimage","url":"https:\/\/i0.wp.com\/oeilsportif.info\/wp-content\/uploads\/2022\/05\/FB_IMG_1654036655505.jpg?fit=1080%2C720&ssl=1","contentUrl":"https:\/\/i0.wp.com\/oeilsportif.info\/wp-content\/uploads\/2022\/05\/FB_IMG_1654036655505.jpg?fit=1080%2C720&ssl=1","width":1080,"height":720},{"@type":"WebSite","@id":"https:\/\/oeilsportif.info\/#website","url":"https:\/\/oeilsportif.info\/","name":"le regard du sportif","description":"","potentialAction":[{"@type":"SearchAction","target":{"@type":"EntryPoint","urlTemplate":"https:\/\/oeilsportif.info\/?s={search_term_string}"},"query-input":{"@type":"PropertyValueSpecification","valueRequired":true,"valueName":"search_term_string"}}],"inLanguage":"fr-FR"},{"@type":"Person","@id":"https:\/\/oeilsportif.info\/#\/schema\/person\/cfbded294aa6095f7d96608d7905e9a1","name":"L'Equipe de la R\u00e9daction","image":{"@type":"ImageObject","inLanguage":"fr-FR","@id":"https:\/\/oeilsportif.info\/wp-content\/uploads\/2025\/07\/cropped-cropped-logo-os-96x96.jpeg","url":"https:\/\/oeilsportif.info\/wp-content\/uploads\/2025\/07\/cropped-cropped-logo-os-96x96.jpeg","contentUrl":"https:\/\/oeilsportif.info\/wp-content\/uploads\/2025\/07\/cropped-cropped-logo-os-96x96.jpeg","caption":"L'Equipe de la R\u00e9daction"},"url":"https:\/\/oeilsportif.info\/index.php\/author\/tawel\/"}]}},"jetpack_publicize_connections":[],"jetpack_featured_media_url":"https:\/\/i0.wp.com\/oeilsportif.info\/wp-content\/uploads\/2022\/05\/FB_IMG_1654036655505.jpg?fit=1080%2C720&ssl=1","jetpack-related-posts":[],"jetpack_sharing_enabled":true,"jetpack_likes_enabled":true,"jetpack_shortlink":"https:\/\/wp.me\/pgFE77-9y","_links":{"self":[{"href":"https:\/\/oeilsportif.info\/index.php\/wp-json\/wp\/v2\/posts\/592","targetHints":{"allow":["GET"]}}],"collection":[{"href":"https:\/\/oeilsportif.info\/index.php\/wp-json\/wp\/v2\/posts"}],"about":[{"href":"https:\/\/oeilsportif.info\/index.php\/wp-json\/wp\/v2\/types\/post"}],"author":[{"embeddable":true,"href":"https:\/\/oeilsportif.info\/index.php\/wp-json\/wp\/v2\/users\/2"}],"replies":[{"embeddable":true,"href":"https:\/\/oeilsportif.info\/index.php\/wp-json\/wp\/v2\/comments?post=592"}],"version-history":[{"count":0,"href":"https:\/\/oeilsportif.info\/index.php\/wp-json\/wp\/v2\/posts\/592\/revisions"}],"wp:featuredmedia":[{"embeddable":true,"href":"https:\/\/oeilsportif.info\/index.php\/wp-json\/wp\/v2\/media\/593"}],"wp:attachment":[{"href":"https:\/\/oeilsportif.info\/index.php\/wp-json\/wp\/v2\/media?parent=592"}],"wp:term":[{"taxonomy":"category","embeddable":true,"href":"https:\/\/oeilsportif.info\/index.php\/wp-json\/wp\/v2\/categories?post=592"},{"taxonomy":"post_tag","embeddable":true,"href":"https:\/\/oeilsportif.info\/index.php\/wp-json\/wp\/v2\/tags?post=592"}],"curies":[{"name":"wp","href":"https:\/\/api.w.org\/{rel}","templated":true}]}}