{"id":581,"date":"2022-05-31T22:05:49","date_gmt":"2022-05-31T22:05:49","guid":{"rendered":"https:\/\/oeilsportif.info\/index.php\/?p=581"},"modified":"2022-05-31T22:05:49","modified_gmt":"2022-05-31T22:05:49","slug":"le-comite-executif-de-la-feguihand-est-il-serieux","status":"publish","type":"post","link":"https:\/\/oeilsportif.info\/index.php\/le-comite-executif-de-la-feguihand-est-il-serieux\/","title":{"rendered":"LE COMIT\u00c9 EX\u00c9CUTIF DE LA FEGUIHAND EST-IL S\u00c9RIEUX ?"},"content":{"rendered":"<p>Pour noyer le poisson, Mamadouba Paye Camara et ses vice-pr\u00e9sidents \u00e9voquent lors d\u2019une r\u00e9union hier, le probl\u00e8me de dipl\u00f4mes pour \u00e9carter certains membres du staff technique. Sauf que ce m\u00eame Mamadouba Paye Camara annon\u00e7ait le 11 f\u00e9vrier dernier autre chose( d\u00e9claration ci-dessous).<\/p>\n<p>-En plus si c\u2019\u00e9tait \u00e0 cause de dipl\u00f4mes, pourquoi Cl\u00e9mentine Mara est s\u00e9lectionneur adjointe chez les U-17 ?<br \/>\nPourquoi le staff de Lansana Dinalo Camara n\u2019est pas concern\u00e9 ?<br \/>\n&#8211; Comment est-ce possible de diriger la CAN et ne pas pouvoir diriger le mondial ? Pourtant ce sont toutes des comp\u00e9titions sous coupole de l\u2019IHF. ( la FEGUIHAND dit que c\u2019est pas possible pourtant elle l\u2019a fait, c\u2019est bizarre non). Plus grave, Paye et son \u00e9quipe veulent nous faire croire qu\u2019ils n\u2019ont pas encore mis en place un nouveau staff technique pour l\u2019\u00e9quipe junior. Ce qui n\u2019est pas vrai. Le staff est d\u00e9j\u00e0 compos\u00e9. Mamadouba Aboubacar Camara m\u00e9decin est d\u00e9j\u00e0 \u00e0 Conakry en provenance du Maroc, Jean Louis Leblond arrive demain le 1er juin \u00e0 Conakry avec d\u2019autres joueuses selon mes sources.<\/p>\n<p>L\u2019\u00e9quipe a commenc\u00e9 les entra\u00eenements depuis maintenant deux mois, rench\u00e9rissent-elles. On est en mesure alors de se poser la question : de qui se moquent Mamadouba Paye Camara et ses b\u00e9ni-oui-oui ?<\/p>\n<p>Esp\u00e9rons qu\u2019ils corrigent tr\u00e8s rapidement le tir en revenant \u00e0 la raison.<\/p>\n<p><strong>David Tchopnn Bangoura<\/strong><\/p>\n","protected":false},"excerpt":{"rendered":"<p>Pour noyer le poisson, Mamadouba Paye Camara et ses vice-pr\u00e9sidents \u00e9voquent lors d\u2019une r\u00e9union hier, le probl\u00e8me de dipl\u00f4mes pour \u00e9carter certains membres du staff technique. Sauf que ce m\u00eame Mamadouba Paye Camara annon\u00e7ait le 11 f\u00e9vrier dernier autre chose( d\u00e9claration ci-dessous). -En plus si c\u2019\u00e9tait \u00e0 cause de dipl\u00f4mes, pourquoi Cl\u00e9mentine Mara est s\u00e9lectionneur [&hellip;]<\/p>\n","protected":false},"author":2,"featured_media":582,"comment_status":"closed","ping_status":"open","sticky":false,"template":"","format":"standard","meta":{"_jetpack_memberships_contains_paid_content":false,"footnotes":"","jetpack_publicize_message":"","jetpack_publicize_feature_enabled":true,"jetpack_social_post_already_shared":true,"jetpack_social_options":{"image_generator_settings":{"template":"highway","default_image_id":0,"font":"","enabled":false},"version":2}},"categories":[6],"tags":[],"class_list":{"0":"post-581","1":"post","2":"type-post","3":"status-publish","4":"format-standard","5":"has-post-thumbnail","7":"category-handball"},"yoast_head":"<!-- This site is optimized with the Yoast SEO plugin v27.4 - https:\/\/yoast.com\/product\/yoast-seo-wordpress\/ -->\n<title>LE COMIT\u00c9 EX\u00c9CUTIF DE LA FEGUIHAND EST-IL S\u00c9RIEUX ? - le regard du sportif<\/title>\n<meta name=\"robots\" content=\"index, follow, max-snippet:-1, max-image-preview:large, max-video-preview:-1\" \/>\n<link rel=\"canonical\" href=\"https:\/\/oeilsportif.info\/index.php\/le-comite-executif-de-la-feguihand-est-il-serieux\/\" \/>\n<meta property=\"og:locale\" content=\"fr_FR\" \/>\n<meta property=\"og:type\" content=\"article\" \/>\n<meta property=\"og:title\" content=\"LE COMIT\u00c9 EX\u00c9CUTIF DE LA FEGUIHAND EST-IL S\u00c9RIEUX ? - le regard du sportif\" \/>\n<meta property=\"og:description\" content=\"Pour noyer le poisson, Mamadouba Paye Camara et ses vice-pr\u00e9sidents \u00e9voquent lors d\u2019une r\u00e9union hier, le probl\u00e8me de dipl\u00f4mes pour \u00e9carter certains membres du staff technique. Sauf que ce m\u00eame Mamadouba Paye Camara annon\u00e7ait le 11 f\u00e9vrier dernier autre chose( d\u00e9claration ci-dessous). -En plus si c\u2019\u00e9tait \u00e0 cause de dipl\u00f4mes, pourquoi Cl\u00e9mentine Mara est s\u00e9lectionneur [&hellip;]\" \/>\n<meta property=\"og:url\" content=\"https:\/\/oeilsportif.info\/index.php\/le-comite-executif-de-la-feguihand-est-il-serieux\/\" \/>\n<meta property=\"og:site_name\" content=\"le regard du sportif\" \/>\n<meta property=\"article:published_time\" content=\"2022-05-31T22:05:49+00:00\" \/>\n<meta property=\"og:image\" content=\"https:\/\/oeilsportif.info\/wp-content\/uploads\/2022\/05\/FB_IMG_1654025870293.jpg\" \/>\n\t<meta property=\"og:image:width\" content=\"1080\" \/>\n\t<meta property=\"og:image:height\" content=\"720\" \/>\n\t<meta property=\"og:image:type\" content=\"image\/jpeg\" \/>\n<meta name=\"author\" content=\"L&#039;Equipe de la R\u00e9daction\" \/>\n<meta name=\"twitter:label1\" content=\"\u00c9crit par\" \/>\n\t<meta name=\"twitter:data1\" content=\"L&#039;Equipe de la R\u00e9daction\" \/>\n\t<meta name=\"twitter:label2\" content=\"Dur\u00e9e de lecture estim\u00e9e\" \/>\n\t<meta name=\"twitter:data2\" content=\"2 minutes\" \/>\n<script type=\"application\/ld+json\" class=\"yoast-schema-graph\">{\"@context\":\"https:\\\/\\\/schema.org\",\"@graph\":[{\"@type\":\"Article\",\"@id\":\"https:\\\/\\\/oeilsportif.info\\\/index.php\\\/le-comite-executif-de-la-feguihand-est-il-serieux\\\/#article\",\"isPartOf\":{\"@id\":\"https:\\\/\\\/oeilsportif.info\\\/index.php\\\/le-comite-executif-de-la-feguihand-est-il-serieux\\\/\"},\"author\":{\"name\":\"L'Equipe de la R\u00e9daction\",\"@id\":\"https:\\\/\\\/oeilsportif.info\\\/#\\\/schema\\\/person\\\/cfbded294aa6095f7d96608d7905e9a1\"},\"headline\":\"LE COMIT\u00c9 EX\u00c9CUTIF DE LA FEGUIHAND EST-IL S\u00c9RIEUX ?\",\"datePublished\":\"2022-05-31T22:05:49+00:00\",\"mainEntityOfPage\":{\"@id\":\"https:\\\/\\\/oeilsportif.info\\\/index.php\\\/le-comite-executif-de-la-feguihand-est-il-serieux\\\/\"},\"wordCount\":254,\"image\":{\"@id\":\"https:\\\/\\\/oeilsportif.info\\\/index.php\\\/le-comite-executif-de-la-feguihand-est-il-serieux\\\/#primaryimage\"},\"thumbnailUrl\":\"https:\\\/\\\/i0.wp.com\\\/oeilsportif.info\\\/wp-content\\\/uploads\\\/2022\\\/05\\\/FB_IMG_1654025870293.jpg?fit=1080%2C720&ssl=1\",\"articleSection\":[\"Handball\"],\"inLanguage\":\"fr-FR\"},{\"@type\":\"WebPage\",\"@id\":\"https:\\\/\\\/oeilsportif.info\\\/index.php\\\/le-comite-executif-de-la-feguihand-est-il-serieux\\\/\",\"url\":\"https:\\\/\\\/oeilsportif.info\\\/index.php\\\/le-comite-executif-de-la-feguihand-est-il-serieux\\\/\",\"name\":\"LE COMIT\u00c9 EX\u00c9CUTIF DE LA FEGUIHAND EST-IL S\u00c9RIEUX ? - le regard du sportif\",\"isPartOf\":{\"@id\":\"https:\\\/\\\/oeilsportif.info\\\/#website\"},\"primaryImageOfPage\":{\"@id\":\"https:\\\/\\\/oeilsportif.info\\\/index.php\\\/le-comite-executif-de-la-feguihand-est-il-serieux\\\/#primaryimage\"},\"image\":{\"@id\":\"https:\\\/\\\/oeilsportif.info\\\/index.php\\\/le-comite-executif-de-la-feguihand-est-il-serieux\\\/#primaryimage\"},\"thumbnailUrl\":\"https:\\\/\\\/i0.wp.com\\\/oeilsportif.info\\\/wp-content\\\/uploads\\\/2022\\\/05\\\/FB_IMG_1654025870293.jpg?fit=1080%2C720&ssl=1\",\"datePublished\":\"2022-05-31T22:05:49+00:00\",\"author\":{\"@id\":\"https:\\\/\\\/oeilsportif.info\\\/#\\\/schema\\\/person\\\/cfbded294aa6095f7d96608d7905e9a1\"},\"inLanguage\":\"fr-FR\",\"potentialAction\":[{\"@type\":\"ReadAction\",\"target\":[\"https:\\\/\\\/oeilsportif.info\\\/index.php\\\/le-comite-executif-de-la-feguihand-est-il-serieux\\\/\"]}]},{\"@type\":\"ImageObject\",\"inLanguage\":\"fr-FR\",\"@id\":\"https:\\\/\\\/oeilsportif.info\\\/index.php\\\/le-comite-executif-de-la-feguihand-est-il-serieux\\\/#primaryimage\",\"url\":\"https:\\\/\\\/i0.wp.com\\\/oeilsportif.info\\\/wp-content\\\/uploads\\\/2022\\\/05\\\/FB_IMG_1654025870293.jpg?fit=1080%2C720&ssl=1\",\"contentUrl\":\"https:\\\/\\\/i0.wp.com\\\/oeilsportif.info\\\/wp-content\\\/uploads\\\/2022\\\/05\\\/FB_IMG_1654025870293.jpg?fit=1080%2C720&ssl=1\",\"width\":1080,\"height\":720},{\"@type\":\"WebSite\",\"@id\":\"https:\\\/\\\/oeilsportif.info\\\/#website\",\"url\":\"https:\\\/\\\/oeilsportif.info\\\/\",\"name\":\"le regard du sportif\",\"description\":\"\",\"potentialAction\":[{\"@type\":\"SearchAction\",\"target\":{\"@type\":\"EntryPoint\",\"urlTemplate\":\"https:\\\/\\\/oeilsportif.info\\\/?s={search_term_string}\"},\"query-input\":{\"@type\":\"PropertyValueSpecification\",\"valueRequired\":true,\"valueName\":\"search_term_string\"}}],\"inLanguage\":\"fr-FR\"},{\"@type\":\"Person\",\"@id\":\"https:\\\/\\\/oeilsportif.info\\\/#\\\/schema\\\/person\\\/cfbded294aa6095f7d96608d7905e9a1\",\"name\":\"L'Equipe de la R\u00e9daction\",\"image\":{\"@type\":\"ImageObject\",\"inLanguage\":\"fr-FR\",\"@id\":\"https:\\\/\\\/oeilsportif.info\\\/wp-content\\\/uploads\\\/2025\\\/07\\\/cropped-cropped-logo-os-96x96.jpeg\",\"url\":\"https:\\\/\\\/oeilsportif.info\\\/wp-content\\\/uploads\\\/2025\\\/07\\\/cropped-cropped-logo-os-96x96.jpeg\",\"contentUrl\":\"https:\\\/\\\/oeilsportif.info\\\/wp-content\\\/uploads\\\/2025\\\/07\\\/cropped-cropped-logo-os-96x96.jpeg\",\"caption\":\"L'Equipe de la R\u00e9daction\"},\"url\":\"https:\\\/\\\/oeilsportif.info\\\/index.php\\\/author\\\/tawel\\\/\"}]}<\/script>\n<!-- \/ Yoast SEO plugin. -->","yoast_head_json":{"title":"LE COMIT\u00c9 EX\u00c9CUTIF DE LA FEGUIHAND EST-IL S\u00c9RIEUX ? - le regard du sportif","robots":{"index":"index","follow":"follow","max-snippet":"max-snippet:-1","max-image-preview":"max-image-preview:large","max-video-preview":"max-video-preview:-1"},"canonical":"https:\/\/oeilsportif.info\/index.php\/le-comite-executif-de-la-feguihand-est-il-serieux\/","og_locale":"fr_FR","og_type":"article","og_title":"LE COMIT\u00c9 EX\u00c9CUTIF DE LA FEGUIHAND EST-IL S\u00c9RIEUX ? - le regard du sportif","og_description":"Pour noyer le poisson, Mamadouba Paye Camara et ses vice-pr\u00e9sidents \u00e9voquent lors d\u2019une r\u00e9union hier, le probl\u00e8me de dipl\u00f4mes pour \u00e9carter certains membres du staff technique. Sauf que ce m\u00eame Mamadouba Paye Camara annon\u00e7ait le 11 f\u00e9vrier dernier autre chose( d\u00e9claration ci-dessous). -En plus si c\u2019\u00e9tait \u00e0 cause de dipl\u00f4mes, pourquoi Cl\u00e9mentine Mara est s\u00e9lectionneur [&hellip;]","og_url":"https:\/\/oeilsportif.info\/index.php\/le-comite-executif-de-la-feguihand-est-il-serieux\/","og_site_name":"le regard du sportif","article_published_time":"2022-05-31T22:05:49+00:00","og_image":[{"width":1080,"height":720,"url":"https:\/\/oeilsportif.info\/wp-content\/uploads\/2022\/05\/FB_IMG_1654025870293.jpg","type":"image\/jpeg"}],"author":"L'Equipe de la R\u00e9daction","twitter_misc":{"\u00c9crit par":"L'Equipe de la R\u00e9daction","Dur\u00e9e de lecture estim\u00e9e":"2 minutes"},"schema":{"@context":"https:\/\/schema.org","@graph":[{"@type":"Article","@id":"https:\/\/oeilsportif.info\/index.php\/le-comite-executif-de-la-feguihand-est-il-serieux\/#article","isPartOf":{"@id":"https:\/\/oeilsportif.info\/index.php\/le-comite-executif-de-la-feguihand-est-il-serieux\/"},"author":{"name":"L'Equipe de la R\u00e9daction","@id":"https:\/\/oeilsportif.info\/#\/schema\/person\/cfbded294aa6095f7d96608d7905e9a1"},"headline":"LE COMIT\u00c9 EX\u00c9CUTIF DE LA FEGUIHAND EST-IL S\u00c9RIEUX ?","datePublished":"2022-05-31T22:05:49+00:00","mainEntityOfPage":{"@id":"https:\/\/oeilsportif.info\/index.php\/le-comite-executif-de-la-feguihand-est-il-serieux\/"},"wordCount":254,"image":{"@id":"https:\/\/oeilsportif.info\/index.php\/le-comite-executif-de-la-feguihand-est-il-serieux\/#primaryimage"},"thumbnailUrl":"https:\/\/i0.wp.com\/oeilsportif.info\/wp-content\/uploads\/2022\/05\/FB_IMG_1654025870293.jpg?fit=1080%2C720&ssl=1","articleSection":["Handball"],"inLanguage":"fr-FR"},{"@type":"WebPage","@id":"https:\/\/oeilsportif.info\/index.php\/le-comite-executif-de-la-feguihand-est-il-serieux\/","url":"https:\/\/oeilsportif.info\/index.php\/le-comite-executif-de-la-feguihand-est-il-serieux\/","name":"LE COMIT\u00c9 EX\u00c9CUTIF DE LA FEGUIHAND EST-IL S\u00c9RIEUX ? - le regard du sportif","isPartOf":{"@id":"https:\/\/oeilsportif.info\/#website"},"primaryImageOfPage":{"@id":"https:\/\/oeilsportif.info\/index.php\/le-comite-executif-de-la-feguihand-est-il-serieux\/#primaryimage"},"image":{"@id":"https:\/\/oeilsportif.info\/index.php\/le-comite-executif-de-la-feguihand-est-il-serieux\/#primaryimage"},"thumbnailUrl":"https:\/\/i0.wp.com\/oeilsportif.info\/wp-content\/uploads\/2022\/05\/FB_IMG_1654025870293.jpg?fit=1080%2C720&ssl=1","datePublished":"2022-05-31T22:05:49+00:00","author":{"@id":"https:\/\/oeilsportif.info\/#\/schema\/person\/cfbded294aa6095f7d96608d7905e9a1"},"inLanguage":"fr-FR","potentialAction":[{"@type":"ReadAction","target":["https:\/\/oeilsportif.info\/index.php\/le-comite-executif-de-la-feguihand-est-il-serieux\/"]}]},{"@type":"ImageObject","inLanguage":"fr-FR","@id":"https:\/\/oeilsportif.info\/index.php\/le-comite-executif-de-la-feguihand-est-il-serieux\/#primaryimage","url":"https:\/\/i0.wp.com\/oeilsportif.info\/wp-content\/uploads\/2022\/05\/FB_IMG_1654025870293.jpg?fit=1080%2C720&ssl=1","contentUrl":"https:\/\/i0.wp.com\/oeilsportif.info\/wp-content\/uploads\/2022\/05\/FB_IMG_1654025870293.jpg?fit=1080%2C720&ssl=1","width":1080,"height":720},{"@type":"WebSite","@id":"https:\/\/oeilsportif.info\/#website","url":"https:\/\/oeilsportif.info\/","name":"le regard du sportif","description":"","potentialAction":[{"@type":"SearchAction","target":{"@type":"EntryPoint","urlTemplate":"https:\/\/oeilsportif.info\/?s={search_term_string}"},"query-input":{"@type":"PropertyValueSpecification","valueRequired":true,"valueName":"search_term_string"}}],"inLanguage":"fr-FR"},{"@type":"Person","@id":"https:\/\/oeilsportif.info\/#\/schema\/person\/cfbded294aa6095f7d96608d7905e9a1","name":"L'Equipe de la R\u00e9daction","image":{"@type":"ImageObject","inLanguage":"fr-FR","@id":"https:\/\/oeilsportif.info\/wp-content\/uploads\/2025\/07\/cropped-cropped-logo-os-96x96.jpeg","url":"https:\/\/oeilsportif.info\/wp-content\/uploads\/2025\/07\/cropped-cropped-logo-os-96x96.jpeg","contentUrl":"https:\/\/oeilsportif.info\/wp-content\/uploads\/2025\/07\/cropped-cropped-logo-os-96x96.jpeg","caption":"L'Equipe de la R\u00e9daction"},"url":"https:\/\/oeilsportif.info\/index.php\/author\/tawel\/"}]}},"jetpack_publicize_connections":[],"jetpack_featured_media_url":"https:\/\/i0.wp.com\/oeilsportif.info\/wp-content\/uploads\/2022\/05\/FB_IMG_1654025870293.jpg?fit=1080%2C720&ssl=1","jetpack-related-posts":[],"jetpack_sharing_enabled":true,"jetpack_likes_enabled":true,"jetpack_shortlink":"https:\/\/wp.me\/pgFE77-9n","_links":{"self":[{"href":"https:\/\/oeilsportif.info\/index.php\/wp-json\/wp\/v2\/posts\/581","targetHints":{"allow":["GET"]}}],"collection":[{"href":"https:\/\/oeilsportif.info\/index.php\/wp-json\/wp\/v2\/posts"}],"about":[{"href":"https:\/\/oeilsportif.info\/index.php\/wp-json\/wp\/v2\/types\/post"}],"author":[{"embeddable":true,"href":"https:\/\/oeilsportif.info\/index.php\/wp-json\/wp\/v2\/users\/2"}],"replies":[{"embeddable":true,"href":"https:\/\/oeilsportif.info\/index.php\/wp-json\/wp\/v2\/comments?post=581"}],"version-history":[{"count":0,"href":"https:\/\/oeilsportif.info\/index.php\/wp-json\/wp\/v2\/posts\/581\/revisions"}],"wp:featuredmedia":[{"embeddable":true,"href":"https:\/\/oeilsportif.info\/index.php\/wp-json\/wp\/v2\/media\/582"}],"wp:attachment":[{"href":"https:\/\/oeilsportif.info\/index.php\/wp-json\/wp\/v2\/media?parent=581"}],"wp:term":[{"taxonomy":"category","embeddable":true,"href":"https:\/\/oeilsportif.info\/index.php\/wp-json\/wp\/v2\/categories?post=581"},{"taxonomy":"post_tag","embeddable":true,"href":"https:\/\/oeilsportif.info\/index.php\/wp-json\/wp\/v2\/tags?post=581"}],"curies":[{"name":"wp","href":"https:\/\/api.w.org\/{rel}","templated":true}]}}