{"id":551,"date":"2022-05-30T21:52:02","date_gmt":"2022-05-30T21:52:02","guid":{"rendered":"https:\/\/oeilsportif.info\/index.php\/?p=551"},"modified":"2022-05-30T21:52:02","modified_gmt":"2022-05-30T21:52:02","slug":"athletisme-allyson-felix-se-prepare-a-la-retraite-sans-regret","status":"publish","type":"post","link":"https:\/\/oeilsportif.info\/index.php\/athletisme-allyson-felix-se-prepare-a-la-retraite-sans-regret\/","title":{"rendered":"Athl\u00e9tisme. Allyson Felix se pr\u00e9pare \u00e0 la retraite \u00ab sans regret \u00bb"},"content":{"rendered":"<p>L\u2019Am\u00e9ricaine Allyson Felix, athl\u00e8te f\u00e9minine la plus titr\u00e9e de l\u2019histoire, qui a annonc\u00e9 en avril sa retraite en fin de saison, a d\u00e9clar\u00e9 lundi qu\u2019elle abordait la fin de sa carri\u00e8re sportive \u00ab sans regret \u00bb.<\/p>\n<p>Allyson s\u2019est exprim\u00e9e sur sa future retraite en conf\u00e9rence de presse : \u00ab <strong>Il y a toujours des choses que j\u2019aurais aim\u00e9 faire mieux ou diff\u00e9remment, mais quand je regarde en arri\u00e8re, je n\u2019ai pas de regret \u00bb,<\/strong> a d\u00e9clar\u00e9 la sprinteuse de 36 ans, Allyson Felix, devant les m\u00e9dias \u00e0 la veille du meeting d\u2019Ostrava, en R\u00e9publique tch\u00e8que, o\u00f9 elle s\u2019alignera sur 200 m.<br \/>\nApr\u00e8s l\u2019annonce de sa retraite, le 13 avril, la star de l\u2019athl\u00e9tisme a promis de profiter avant tout de sa derni\u00e8re saison, \u00e9voquant une \u00ab approche compl\u00e8tement diff\u00e9rente \u00bb du sport, m\u00eame si l\u2019esprit de la comp\u00e9tition reste intact. \u00ab <strong>Je n\u2019ai abord\u00e9 ce sport que d\u2019une seule fa\u00e7on, c\u2019est donc un peu difficile d\u2019essayer de le voir comme un moyen de s\u2019amuser tout le temps \u00bb<\/strong>, a-t-elle comment\u00e9.<\/p>\n<p>Athl\u00e8te la plus titr\u00e9e de l\u2019histoire<br \/>\nAvec 11 m\u00e9dailles olympiques, dont la derni\u00e8re \u00e0 Tokyo en 2021, auxquelles s\u2019ajoutent les 18 glan\u00e9es aux Mondiaux, dont sept dans des \u00e9preuves individuelles, la Californienne est l\u2019athl\u00e8te est la plus titr\u00e9e de l\u2019histoire de son sport.<\/p>\n<p>Felix se dit concentr\u00e9e sur le dernier gros challenge de sa carri\u00e8re qu\u2019elle esp\u00e8re finir en beaut\u00e9 \u00e0 Eugene, dans l\u2019Oregon, o\u00f9 se tiendront les Mondiaux en plein air en juillet.<\/p>\n<p>\u00ab <strong>Je suis tellement impatiente, cela fait tellement longtemps (que nous les attendons) et nous allons donc enfin les voir organis\u00e9s aux \u00c9tats-Unis \u00bb,<\/strong> s\u2019est-elle r\u00e9jouie \u00e0 propos de l\u2019\u00e9v\u00e9nement.<\/p>\n<p>\u00ab <strong>Je participerai aux s\u00e9lections am\u00e9ricaines (en juin) pour ma derni\u00e8re participation \u00e9galement \u00bb,<\/strong> a-t-elle poursuivi, pr\u00e9cisant toutefois que ses attentes vis-\u00e0-vis des Mondiaux \u00e9taient modestes.<\/p>\n<p>\u00c0 la fin de sa carri\u00e8re, Felix compte passer plus de temps avec sa fille Camryn, n\u00e9e en 2018, continuer \u00e0 d\u00e9fendre les athl\u00e8tes f\u00e9minines et \u00e0 diriger sa soci\u00e9t\u00e9 de chaussures Saysh avec son fr\u00e8re.<\/p>\n<p>Source : Ouste France<\/p>\n","protected":false},"excerpt":{"rendered":"<p>L\u2019Am\u00e9ricaine Allyson Felix, athl\u00e8te f\u00e9minine la plus titr\u00e9e de l\u2019histoire, qui a annonc\u00e9 en avril sa retraite en fin de saison, a d\u00e9clar\u00e9 lundi qu\u2019elle abordait la fin de sa carri\u00e8re sportive \u00ab sans regret \u00bb. Allyson s\u2019est exprim\u00e9e sur sa future retraite en conf\u00e9rence de presse : \u00ab Il y a toujours des choses [&hellip;]<\/p>\n","protected":false},"author":2,"featured_media":552,"comment_status":"closed","ping_status":"open","sticky":false,"template":"","format":"standard","meta":{"_jetpack_memberships_contains_paid_content":false,"footnotes":"","jetpack_publicize_message":"","jetpack_publicize_feature_enabled":true,"jetpack_social_post_already_shared":true,"jetpack_social_options":{"image_generator_settings":{"template":"highway","default_image_id":0,"font":"","enabled":false},"version":2}},"categories":[11],"tags":[],"class_list":{"0":"post-551","1":"post","2":"type-post","3":"status-publish","4":"format-standard","5":"has-post-thumbnail","7":"category-athletisme"},"yoast_head":"<!-- This site is optimized with the Yoast SEO plugin v27.4 - https:\/\/yoast.com\/product\/yoast-seo-wordpress\/ -->\n<title>Athl\u00e9tisme. Allyson Felix se pr\u00e9pare \u00e0 la retraite \u00ab sans regret \u00bb - le regard du sportif<\/title>\n<meta name=\"robots\" content=\"index, follow, max-snippet:-1, max-image-preview:large, max-video-preview:-1\" \/>\n<link rel=\"canonical\" href=\"https:\/\/oeilsportif.info\/index.php\/athletisme-allyson-felix-se-prepare-a-la-retraite-sans-regret\/\" \/>\n<meta property=\"og:locale\" content=\"fr_FR\" \/>\n<meta property=\"og:type\" content=\"article\" \/>\n<meta property=\"og:title\" content=\"Athl\u00e9tisme. Allyson Felix se pr\u00e9pare \u00e0 la retraite \u00ab sans regret \u00bb - le regard du sportif\" \/>\n<meta property=\"og:description\" content=\"L\u2019Am\u00e9ricaine Allyson Felix, athl\u00e8te f\u00e9minine la plus titr\u00e9e de l\u2019histoire, qui a annonc\u00e9 en avril sa retraite en fin de saison, a d\u00e9clar\u00e9 lundi qu\u2019elle abordait la fin de sa carri\u00e8re sportive \u00ab sans regret \u00bb. Allyson s\u2019est exprim\u00e9e sur sa future retraite en conf\u00e9rence de presse : \u00ab Il y a toujours des choses [&hellip;]\" \/>\n<meta property=\"og:url\" content=\"https:\/\/oeilsportif.info\/index.php\/athletisme-allyson-felix-se-prepare-a-la-retraite-sans-regret\/\" \/>\n<meta property=\"og:site_name\" content=\"le regard du sportif\" \/>\n<meta property=\"article:published_time\" content=\"2022-05-30T21:52:02+00:00\" \/>\n<meta property=\"og:image\" content=\"https:\/\/oeilsportif.info\/wp-content\/uploads\/2022\/05\/MjAyMjA1OWFhOTg2ZmM3MDY0ZDYwNTE3YmQ4MWJjM2RjNTIyNDU.jpeg\" \/>\n\t<meta property=\"og:image:width\" content=\"320\" \/>\n\t<meta property=\"og:image:height\" content=\"180\" \/>\n\t<meta property=\"og:image:type\" content=\"image\/jpeg\" \/>\n<meta name=\"author\" content=\"L&#039;Equipe de la R\u00e9daction\" \/>\n<meta name=\"twitter:label1\" content=\"\u00c9crit par\" \/>\n\t<meta name=\"twitter:data1\" content=\"L&#039;Equipe de la R\u00e9daction\" \/>\n\t<meta name=\"twitter:label2\" content=\"Dur\u00e9e de lecture estim\u00e9e\" \/>\n\t<meta name=\"twitter:data2\" content=\"2 minutes\" \/>\n<script type=\"application\/ld+json\" class=\"yoast-schema-graph\">{\"@context\":\"https:\\\/\\\/schema.org\",\"@graph\":[{\"@type\":\"Article\",\"@id\":\"https:\\\/\\\/oeilsportif.info\\\/index.php\\\/athletisme-allyson-felix-se-prepare-a-la-retraite-sans-regret\\\/#article\",\"isPartOf\":{\"@id\":\"https:\\\/\\\/oeilsportif.info\\\/index.php\\\/athletisme-allyson-felix-se-prepare-a-la-retraite-sans-regret\\\/\"},\"author\":{\"name\":\"L'Equipe de la R\u00e9daction\",\"@id\":\"https:\\\/\\\/oeilsportif.info\\\/#\\\/schema\\\/person\\\/cfbded294aa6095f7d96608d7905e9a1\"},\"headline\":\"Athl\u00e9tisme. Allyson Felix se pr\u00e9pare \u00e0 la retraite \u00ab sans regret \u00bb\",\"datePublished\":\"2022-05-30T21:52:02+00:00\",\"mainEntityOfPage\":{\"@id\":\"https:\\\/\\\/oeilsportif.info\\\/index.php\\\/athletisme-allyson-felix-se-prepare-a-la-retraite-sans-regret\\\/\"},\"wordCount\":394,\"image\":{\"@id\":\"https:\\\/\\\/oeilsportif.info\\\/index.php\\\/athletisme-allyson-felix-se-prepare-a-la-retraite-sans-regret\\\/#primaryimage\"},\"thumbnailUrl\":\"https:\\\/\\\/i0.wp.com\\\/oeilsportif.info\\\/wp-content\\\/uploads\\\/2022\\\/05\\\/MjAyMjA1OWFhOTg2ZmM3MDY0ZDYwNTE3YmQ4MWJjM2RjNTIyNDU.jpeg?fit=320%2C180&ssl=1\",\"articleSection\":[\"Athl\u00e9tisme\"],\"inLanguage\":\"fr-FR\"},{\"@type\":\"WebPage\",\"@id\":\"https:\\\/\\\/oeilsportif.info\\\/index.php\\\/athletisme-allyson-felix-se-prepare-a-la-retraite-sans-regret\\\/\",\"url\":\"https:\\\/\\\/oeilsportif.info\\\/index.php\\\/athletisme-allyson-felix-se-prepare-a-la-retraite-sans-regret\\\/\",\"name\":\"Athl\u00e9tisme. Allyson Felix se pr\u00e9pare \u00e0 la retraite \u00ab sans regret \u00bb - le regard du sportif\",\"isPartOf\":{\"@id\":\"https:\\\/\\\/oeilsportif.info\\\/#website\"},\"primaryImageOfPage\":{\"@id\":\"https:\\\/\\\/oeilsportif.info\\\/index.php\\\/athletisme-allyson-felix-se-prepare-a-la-retraite-sans-regret\\\/#primaryimage\"},\"image\":{\"@id\":\"https:\\\/\\\/oeilsportif.info\\\/index.php\\\/athletisme-allyson-felix-se-prepare-a-la-retraite-sans-regret\\\/#primaryimage\"},\"thumbnailUrl\":\"https:\\\/\\\/i0.wp.com\\\/oeilsportif.info\\\/wp-content\\\/uploads\\\/2022\\\/05\\\/MjAyMjA1OWFhOTg2ZmM3MDY0ZDYwNTE3YmQ4MWJjM2RjNTIyNDU.jpeg?fit=320%2C180&ssl=1\",\"datePublished\":\"2022-05-30T21:52:02+00:00\",\"author\":{\"@id\":\"https:\\\/\\\/oeilsportif.info\\\/#\\\/schema\\\/person\\\/cfbded294aa6095f7d96608d7905e9a1\"},\"inLanguage\":\"fr-FR\",\"potentialAction\":[{\"@type\":\"ReadAction\",\"target\":[\"https:\\\/\\\/oeilsportif.info\\\/index.php\\\/athletisme-allyson-felix-se-prepare-a-la-retraite-sans-regret\\\/\"]}]},{\"@type\":\"ImageObject\",\"inLanguage\":\"fr-FR\",\"@id\":\"https:\\\/\\\/oeilsportif.info\\\/index.php\\\/athletisme-allyson-felix-se-prepare-a-la-retraite-sans-regret\\\/#primaryimage\",\"url\":\"https:\\\/\\\/i0.wp.com\\\/oeilsportif.info\\\/wp-content\\\/uploads\\\/2022\\\/05\\\/MjAyMjA1OWFhOTg2ZmM3MDY0ZDYwNTE3YmQ4MWJjM2RjNTIyNDU.jpeg?fit=320%2C180&ssl=1\",\"contentUrl\":\"https:\\\/\\\/i0.wp.com\\\/oeilsportif.info\\\/wp-content\\\/uploads\\\/2022\\\/05\\\/MjAyMjA1OWFhOTg2ZmM3MDY0ZDYwNTE3YmQ4MWJjM2RjNTIyNDU.jpeg?fit=320%2C180&ssl=1\",\"width\":320,\"height\":180},{\"@type\":\"WebSite\",\"@id\":\"https:\\\/\\\/oeilsportif.info\\\/#website\",\"url\":\"https:\\\/\\\/oeilsportif.info\\\/\",\"name\":\"le regard du sportif\",\"description\":\"\",\"potentialAction\":[{\"@type\":\"SearchAction\",\"target\":{\"@type\":\"EntryPoint\",\"urlTemplate\":\"https:\\\/\\\/oeilsportif.info\\\/?s={search_term_string}\"},\"query-input\":{\"@type\":\"PropertyValueSpecification\",\"valueRequired\":true,\"valueName\":\"search_term_string\"}}],\"inLanguage\":\"fr-FR\"},{\"@type\":\"Person\",\"@id\":\"https:\\\/\\\/oeilsportif.info\\\/#\\\/schema\\\/person\\\/cfbded294aa6095f7d96608d7905e9a1\",\"name\":\"L'Equipe de la R\u00e9daction\",\"image\":{\"@type\":\"ImageObject\",\"inLanguage\":\"fr-FR\",\"@id\":\"https:\\\/\\\/oeilsportif.info\\\/wp-content\\\/uploads\\\/2025\\\/07\\\/cropped-cropped-logo-os-96x96.jpeg\",\"url\":\"https:\\\/\\\/oeilsportif.info\\\/wp-content\\\/uploads\\\/2025\\\/07\\\/cropped-cropped-logo-os-96x96.jpeg\",\"contentUrl\":\"https:\\\/\\\/oeilsportif.info\\\/wp-content\\\/uploads\\\/2025\\\/07\\\/cropped-cropped-logo-os-96x96.jpeg\",\"caption\":\"L'Equipe de la R\u00e9daction\"},\"url\":\"https:\\\/\\\/oeilsportif.info\\\/index.php\\\/author\\\/tawel\\\/\"}]}<\/script>\n<!-- \/ Yoast SEO plugin. -->","yoast_head_json":{"title":"Athl\u00e9tisme. Allyson Felix se pr\u00e9pare \u00e0 la retraite \u00ab sans regret \u00bb - le regard du sportif","robots":{"index":"index","follow":"follow","max-snippet":"max-snippet:-1","max-image-preview":"max-image-preview:large","max-video-preview":"max-video-preview:-1"},"canonical":"https:\/\/oeilsportif.info\/index.php\/athletisme-allyson-felix-se-prepare-a-la-retraite-sans-regret\/","og_locale":"fr_FR","og_type":"article","og_title":"Athl\u00e9tisme. Allyson Felix se pr\u00e9pare \u00e0 la retraite \u00ab sans regret \u00bb - le regard du sportif","og_description":"L\u2019Am\u00e9ricaine Allyson Felix, athl\u00e8te f\u00e9minine la plus titr\u00e9e de l\u2019histoire, qui a annonc\u00e9 en avril sa retraite en fin de saison, a d\u00e9clar\u00e9 lundi qu\u2019elle abordait la fin de sa carri\u00e8re sportive \u00ab sans regret \u00bb. Allyson s\u2019est exprim\u00e9e sur sa future retraite en conf\u00e9rence de presse : \u00ab Il y a toujours des choses [&hellip;]","og_url":"https:\/\/oeilsportif.info\/index.php\/athletisme-allyson-felix-se-prepare-a-la-retraite-sans-regret\/","og_site_name":"le regard du sportif","article_published_time":"2022-05-30T21:52:02+00:00","og_image":[{"width":320,"height":180,"url":"https:\/\/oeilsportif.info\/wp-content\/uploads\/2022\/05\/MjAyMjA1OWFhOTg2ZmM3MDY0ZDYwNTE3YmQ4MWJjM2RjNTIyNDU.jpeg","type":"image\/jpeg"}],"author":"L'Equipe de la R\u00e9daction","twitter_misc":{"\u00c9crit par":"L'Equipe de la R\u00e9daction","Dur\u00e9e de lecture estim\u00e9e":"2 minutes"},"schema":{"@context":"https:\/\/schema.org","@graph":[{"@type":"Article","@id":"https:\/\/oeilsportif.info\/index.php\/athletisme-allyson-felix-se-prepare-a-la-retraite-sans-regret\/#article","isPartOf":{"@id":"https:\/\/oeilsportif.info\/index.php\/athletisme-allyson-felix-se-prepare-a-la-retraite-sans-regret\/"},"author":{"name":"L'Equipe de la R\u00e9daction","@id":"https:\/\/oeilsportif.info\/#\/schema\/person\/cfbded294aa6095f7d96608d7905e9a1"},"headline":"Athl\u00e9tisme. Allyson Felix se pr\u00e9pare \u00e0 la retraite \u00ab sans regret \u00bb","datePublished":"2022-05-30T21:52:02+00:00","mainEntityOfPage":{"@id":"https:\/\/oeilsportif.info\/index.php\/athletisme-allyson-felix-se-prepare-a-la-retraite-sans-regret\/"},"wordCount":394,"image":{"@id":"https:\/\/oeilsportif.info\/index.php\/athletisme-allyson-felix-se-prepare-a-la-retraite-sans-regret\/#primaryimage"},"thumbnailUrl":"https:\/\/i0.wp.com\/oeilsportif.info\/wp-content\/uploads\/2022\/05\/MjAyMjA1OWFhOTg2ZmM3MDY0ZDYwNTE3YmQ4MWJjM2RjNTIyNDU.jpeg?fit=320%2C180&ssl=1","articleSection":["Athl\u00e9tisme"],"inLanguage":"fr-FR"},{"@type":"WebPage","@id":"https:\/\/oeilsportif.info\/index.php\/athletisme-allyson-felix-se-prepare-a-la-retraite-sans-regret\/","url":"https:\/\/oeilsportif.info\/index.php\/athletisme-allyson-felix-se-prepare-a-la-retraite-sans-regret\/","name":"Athl\u00e9tisme. Allyson Felix se pr\u00e9pare \u00e0 la retraite \u00ab sans regret \u00bb - le regard du sportif","isPartOf":{"@id":"https:\/\/oeilsportif.info\/#website"},"primaryImageOfPage":{"@id":"https:\/\/oeilsportif.info\/index.php\/athletisme-allyson-felix-se-prepare-a-la-retraite-sans-regret\/#primaryimage"},"image":{"@id":"https:\/\/oeilsportif.info\/index.php\/athletisme-allyson-felix-se-prepare-a-la-retraite-sans-regret\/#primaryimage"},"thumbnailUrl":"https:\/\/i0.wp.com\/oeilsportif.info\/wp-content\/uploads\/2022\/05\/MjAyMjA1OWFhOTg2ZmM3MDY0ZDYwNTE3YmQ4MWJjM2RjNTIyNDU.jpeg?fit=320%2C180&ssl=1","datePublished":"2022-05-30T21:52:02+00:00","author":{"@id":"https:\/\/oeilsportif.info\/#\/schema\/person\/cfbded294aa6095f7d96608d7905e9a1"},"inLanguage":"fr-FR","potentialAction":[{"@type":"ReadAction","target":["https:\/\/oeilsportif.info\/index.php\/athletisme-allyson-felix-se-prepare-a-la-retraite-sans-regret\/"]}]},{"@type":"ImageObject","inLanguage":"fr-FR","@id":"https:\/\/oeilsportif.info\/index.php\/athletisme-allyson-felix-se-prepare-a-la-retraite-sans-regret\/#primaryimage","url":"https:\/\/i0.wp.com\/oeilsportif.info\/wp-content\/uploads\/2022\/05\/MjAyMjA1OWFhOTg2ZmM3MDY0ZDYwNTE3YmQ4MWJjM2RjNTIyNDU.jpeg?fit=320%2C180&ssl=1","contentUrl":"https:\/\/i0.wp.com\/oeilsportif.info\/wp-content\/uploads\/2022\/05\/MjAyMjA1OWFhOTg2ZmM3MDY0ZDYwNTE3YmQ4MWJjM2RjNTIyNDU.jpeg?fit=320%2C180&ssl=1","width":320,"height":180},{"@type":"WebSite","@id":"https:\/\/oeilsportif.info\/#website","url":"https:\/\/oeilsportif.info\/","name":"le regard du sportif","description":"","potentialAction":[{"@type":"SearchAction","target":{"@type":"EntryPoint","urlTemplate":"https:\/\/oeilsportif.info\/?s={search_term_string}"},"query-input":{"@type":"PropertyValueSpecification","valueRequired":true,"valueName":"search_term_string"}}],"inLanguage":"fr-FR"},{"@type":"Person","@id":"https:\/\/oeilsportif.info\/#\/schema\/person\/cfbded294aa6095f7d96608d7905e9a1","name":"L'Equipe de la R\u00e9daction","image":{"@type":"ImageObject","inLanguage":"fr-FR","@id":"https:\/\/oeilsportif.info\/wp-content\/uploads\/2025\/07\/cropped-cropped-logo-os-96x96.jpeg","url":"https:\/\/oeilsportif.info\/wp-content\/uploads\/2025\/07\/cropped-cropped-logo-os-96x96.jpeg","contentUrl":"https:\/\/oeilsportif.info\/wp-content\/uploads\/2025\/07\/cropped-cropped-logo-os-96x96.jpeg","caption":"L'Equipe de la R\u00e9daction"},"url":"https:\/\/oeilsportif.info\/index.php\/author\/tawel\/"}]}},"jetpack_publicize_connections":[],"jetpack_featured_media_url":"https:\/\/i0.wp.com\/oeilsportif.info\/wp-content\/uploads\/2022\/05\/MjAyMjA1OWFhOTg2ZmM3MDY0ZDYwNTE3YmQ4MWJjM2RjNTIyNDU.jpeg?fit=320%2C180&ssl=1","jetpack-related-posts":[],"jetpack_sharing_enabled":true,"jetpack_likes_enabled":true,"jetpack_shortlink":"https:\/\/wp.me\/pgFE77-8T","_links":{"self":[{"href":"https:\/\/oeilsportif.info\/index.php\/wp-json\/wp\/v2\/posts\/551","targetHints":{"allow":["GET"]}}],"collection":[{"href":"https:\/\/oeilsportif.info\/index.php\/wp-json\/wp\/v2\/posts"}],"about":[{"href":"https:\/\/oeilsportif.info\/index.php\/wp-json\/wp\/v2\/types\/post"}],"author":[{"embeddable":true,"href":"https:\/\/oeilsportif.info\/index.php\/wp-json\/wp\/v2\/users\/2"}],"replies":[{"embeddable":true,"href":"https:\/\/oeilsportif.info\/index.php\/wp-json\/wp\/v2\/comments?post=551"}],"version-history":[{"count":0,"href":"https:\/\/oeilsportif.info\/index.php\/wp-json\/wp\/v2\/posts\/551\/revisions"}],"wp:featuredmedia":[{"embeddable":true,"href":"https:\/\/oeilsportif.info\/index.php\/wp-json\/wp\/v2\/media\/552"}],"wp:attachment":[{"href":"https:\/\/oeilsportif.info\/index.php\/wp-json\/wp\/v2\/media?parent=551"}],"wp:term":[{"taxonomy":"category","embeddable":true,"href":"https:\/\/oeilsportif.info\/index.php\/wp-json\/wp\/v2\/categories?post=551"},{"taxonomy":"post_tag","embeddable":true,"href":"https:\/\/oeilsportif.info\/index.php\/wp-json\/wp\/v2\/tags?post=551"}],"curies":[{"name":"wp","href":"https:\/\/api.w.org\/{rel}","templated":true}]}}