{"id":545,"date":"2022-05-30T19:20:52","date_gmt":"2022-05-30T19:20:52","guid":{"rendered":"https:\/\/oeilsportif.info\/index.php\/?p=545"},"modified":"2022-05-30T19:20:52","modified_gmt":"2022-05-30T19:20:52","slug":"communique-fin-de-contrat-de-brefo-mensah","status":"publish","type":"post","link":"https:\/\/oeilsportif.info\/index.php\/communique-fin-de-contrat-de-brefo-mensah\/","title":{"rendered":"COMMUNIQU\u00c9 : FIN DE CONTRAT DE BREFO MENSAH !"},"content":{"rendered":"<p><strong>La Direction du Horoya Athletic Club informe l\u2019ensemble de ses supporters de sa s\u00e9paration avec son milieu de terrain ghan\u00e9en Brefo MENSAH.<\/strong><\/p>\n<p>Arriv\u00e9 au club en juin 2015 en provenance de l\u2019ASEC Mimosas, Brefo MENSAH s\u2019est rapidement d\u00e9marqu\u00e9 \u00e0 travers sa technique et son excellente lecture de jeu. Milieu de terrain tr\u00e8s \u00e9l\u00e9gant, il fut l\u2019artisan principal de la campagne 2017\/2018 des Matamkas en Ligue des Champions africaine. En fin de contrat, le club n\u2019a pas souhait\u00e9 renouveler son bail.<\/p>\n<p>Apr\u00e8s sept (7) longues ann\u00e9es, \u00ab Brefnho \u00bb quitte le club en v\u00e9ritable l\u00e9gende qui a remport\u00e9 sept (7) titres de Champion de Guin\u00e9e, trois (3) Coupes de Guin\u00e9e et deux (2) Super Coupes de Guin\u00e9e.<\/p>\n<p>Le Horoya Athletic Club tient \u00e0 remercier Brefo MENSAH pour son professionnalisme et pour toutes les belles prouesses qu\u2019il a accompli sous le maillot rouge et blanc. Nous lui souhaitons de meilleures aventures pour la suite de sa carri\u00e8re.<\/p>\n<p><strong>Horoya AC. Com<\/strong><\/p>\n","protected":false},"excerpt":{"rendered":"<p>La Direction du Horoya Athletic Club informe l\u2019ensemble de ses supporters de sa s\u00e9paration avec son milieu de terrain ghan\u00e9en Brefo MENSAH. Arriv\u00e9 au club en juin 2015 en provenance de l\u2019ASEC Mimosas, Brefo MENSAH s\u2019est rapidement d\u00e9marqu\u00e9 \u00e0 travers sa technique et son excellente lecture de jeu. Milieu de terrain tr\u00e8s \u00e9l\u00e9gant, il fut [&hellip;]<\/p>\n","protected":false},"author":2,"featured_media":546,"comment_status":"closed","ping_status":"open","sticky":false,"template":"","format":"standard","meta":{"_jetpack_memberships_contains_paid_content":false,"footnotes":"","jetpack_publicize_message":"","jetpack_publicize_feature_enabled":true,"jetpack_social_post_already_shared":true,"jetpack_social_options":{"image_generator_settings":{"template":"highway","default_image_id":0,"font":"","enabled":false},"version":2}},"categories":[5],"tags":[],"class_list":{"0":"post-545","1":"post","2":"type-post","3":"status-publish","4":"format-standard","5":"has-post-thumbnail","7":"category-football"},"yoast_head":"<!-- This site is optimized with the Yoast SEO plugin v27.4 - https:\/\/yoast.com\/product\/yoast-seo-wordpress\/ -->\n<title>COMMUNIQU\u00c9 : FIN DE CONTRAT DE BREFO MENSAH ! - le regard du sportif<\/title>\n<meta name=\"robots\" content=\"index, follow, max-snippet:-1, max-image-preview:large, max-video-preview:-1\" \/>\n<link rel=\"canonical\" href=\"https:\/\/oeilsportif.info\/index.php\/communique-fin-de-contrat-de-brefo-mensah\/\" \/>\n<meta property=\"og:locale\" content=\"fr_FR\" \/>\n<meta property=\"og:type\" content=\"article\" \/>\n<meta property=\"og:title\" content=\"COMMUNIQU\u00c9 : FIN DE CONTRAT DE BREFO MENSAH ! - le regard du sportif\" \/>\n<meta property=\"og:description\" content=\"La Direction du Horoya Athletic Club informe l\u2019ensemble de ses supporters de sa s\u00e9paration avec son milieu de terrain ghan\u00e9en Brefo MENSAH. Arriv\u00e9 au club en juin 2015 en provenance de l\u2019ASEC Mimosas, Brefo MENSAH s\u2019est rapidement d\u00e9marqu\u00e9 \u00e0 travers sa technique et son excellente lecture de jeu. Milieu de terrain tr\u00e8s \u00e9l\u00e9gant, il fut [&hellip;]\" \/>\n<meta property=\"og:url\" content=\"https:\/\/oeilsportif.info\/index.php\/communique-fin-de-contrat-de-brefo-mensah\/\" \/>\n<meta property=\"og:site_name\" content=\"le regard du sportif\" \/>\n<meta property=\"article:published_time\" content=\"2022-05-30T19:20:52+00:00\" \/>\n<meta property=\"og:image\" content=\"https:\/\/oeilsportif.info\/wp-content\/uploads\/2022\/05\/FB_IMG_1653938003631.jpg\" \/>\n\t<meta property=\"og:image:width\" content=\"1080\" \/>\n\t<meta property=\"og:image:height\" content=\"1351\" \/>\n\t<meta property=\"og:image:type\" content=\"image\/jpeg\" \/>\n<meta name=\"author\" content=\"L&#039;Equipe de la R\u00e9daction\" \/>\n<meta name=\"twitter:label1\" content=\"\u00c9crit par\" \/>\n\t<meta name=\"twitter:data1\" content=\"L&#039;Equipe de la R\u00e9daction\" \/>\n\t<meta name=\"twitter:label2\" content=\"Dur\u00e9e de lecture estim\u00e9e\" \/>\n\t<meta name=\"twitter:data2\" content=\"1 minute\" \/>\n<script type=\"application\/ld+json\" class=\"yoast-schema-graph\">{\"@context\":\"https:\\\/\\\/schema.org\",\"@graph\":[{\"@type\":\"Article\",\"@id\":\"https:\\\/\\\/oeilsportif.info\\\/index.php\\\/communique-fin-de-contrat-de-brefo-mensah\\\/#article\",\"isPartOf\":{\"@id\":\"https:\\\/\\\/oeilsportif.info\\\/index.php\\\/communique-fin-de-contrat-de-brefo-mensah\\\/\"},\"author\":{\"name\":\"L'Equipe de la R\u00e9daction\",\"@id\":\"https:\\\/\\\/oeilsportif.info\\\/#\\\/schema\\\/person\\\/cfbded294aa6095f7d96608d7905e9a1\"},\"headline\":\"COMMUNIQU\u00c9 : FIN DE CONTRAT DE BREFO MENSAH !\",\"datePublished\":\"2022-05-30T19:20:52+00:00\",\"mainEntityOfPage\":{\"@id\":\"https:\\\/\\\/oeilsportif.info\\\/index.php\\\/communique-fin-de-contrat-de-brefo-mensah\\\/\"},\"wordCount\":174,\"image\":{\"@id\":\"https:\\\/\\\/oeilsportif.info\\\/index.php\\\/communique-fin-de-contrat-de-brefo-mensah\\\/#primaryimage\"},\"thumbnailUrl\":\"https:\\\/\\\/i0.wp.com\\\/oeilsportif.info\\\/wp-content\\\/uploads\\\/2022\\\/05\\\/FB_IMG_1653938003631.jpg?fit=1080%2C1351&ssl=1\",\"articleSection\":[\"Football\"],\"inLanguage\":\"fr-FR\"},{\"@type\":\"WebPage\",\"@id\":\"https:\\\/\\\/oeilsportif.info\\\/index.php\\\/communique-fin-de-contrat-de-brefo-mensah\\\/\",\"url\":\"https:\\\/\\\/oeilsportif.info\\\/index.php\\\/communique-fin-de-contrat-de-brefo-mensah\\\/\",\"name\":\"COMMUNIQU\u00c9 : FIN DE CONTRAT DE BREFO MENSAH ! - le regard du sportif\",\"isPartOf\":{\"@id\":\"https:\\\/\\\/oeilsportif.info\\\/#website\"},\"primaryImageOfPage\":{\"@id\":\"https:\\\/\\\/oeilsportif.info\\\/index.php\\\/communique-fin-de-contrat-de-brefo-mensah\\\/#primaryimage\"},\"image\":{\"@id\":\"https:\\\/\\\/oeilsportif.info\\\/index.php\\\/communique-fin-de-contrat-de-brefo-mensah\\\/#primaryimage\"},\"thumbnailUrl\":\"https:\\\/\\\/i0.wp.com\\\/oeilsportif.info\\\/wp-content\\\/uploads\\\/2022\\\/05\\\/FB_IMG_1653938003631.jpg?fit=1080%2C1351&ssl=1\",\"datePublished\":\"2022-05-30T19:20:52+00:00\",\"author\":{\"@id\":\"https:\\\/\\\/oeilsportif.info\\\/#\\\/schema\\\/person\\\/cfbded294aa6095f7d96608d7905e9a1\"},\"inLanguage\":\"fr-FR\",\"potentialAction\":[{\"@type\":\"ReadAction\",\"target\":[\"https:\\\/\\\/oeilsportif.info\\\/index.php\\\/communique-fin-de-contrat-de-brefo-mensah\\\/\"]}]},{\"@type\":\"ImageObject\",\"inLanguage\":\"fr-FR\",\"@id\":\"https:\\\/\\\/oeilsportif.info\\\/index.php\\\/communique-fin-de-contrat-de-brefo-mensah\\\/#primaryimage\",\"url\":\"https:\\\/\\\/i0.wp.com\\\/oeilsportif.info\\\/wp-content\\\/uploads\\\/2022\\\/05\\\/FB_IMG_1653938003631.jpg?fit=1080%2C1351&ssl=1\",\"contentUrl\":\"https:\\\/\\\/i0.wp.com\\\/oeilsportif.info\\\/wp-content\\\/uploads\\\/2022\\\/05\\\/FB_IMG_1653938003631.jpg?fit=1080%2C1351&ssl=1\",\"width\":1080,\"height\":1351},{\"@type\":\"WebSite\",\"@id\":\"https:\\\/\\\/oeilsportif.info\\\/#website\",\"url\":\"https:\\\/\\\/oeilsportif.info\\\/\",\"name\":\"le regard du sportif\",\"description\":\"\",\"potentialAction\":[{\"@type\":\"SearchAction\",\"target\":{\"@type\":\"EntryPoint\",\"urlTemplate\":\"https:\\\/\\\/oeilsportif.info\\\/?s={search_term_string}\"},\"query-input\":{\"@type\":\"PropertyValueSpecification\",\"valueRequired\":true,\"valueName\":\"search_term_string\"}}],\"inLanguage\":\"fr-FR\"},{\"@type\":\"Person\",\"@id\":\"https:\\\/\\\/oeilsportif.info\\\/#\\\/schema\\\/person\\\/cfbded294aa6095f7d96608d7905e9a1\",\"name\":\"L'Equipe de la R\u00e9daction\",\"image\":{\"@type\":\"ImageObject\",\"inLanguage\":\"fr-FR\",\"@id\":\"https:\\\/\\\/oeilsportif.info\\\/wp-content\\\/uploads\\\/2025\\\/07\\\/cropped-cropped-logo-os-96x96.jpeg\",\"url\":\"https:\\\/\\\/oeilsportif.info\\\/wp-content\\\/uploads\\\/2025\\\/07\\\/cropped-cropped-logo-os-96x96.jpeg\",\"contentUrl\":\"https:\\\/\\\/oeilsportif.info\\\/wp-content\\\/uploads\\\/2025\\\/07\\\/cropped-cropped-logo-os-96x96.jpeg\",\"caption\":\"L'Equipe de la R\u00e9daction\"},\"url\":\"https:\\\/\\\/oeilsportif.info\\\/index.php\\\/author\\\/tawel\\\/\"}]}<\/script>\n<!-- \/ Yoast SEO plugin. -->","yoast_head_json":{"title":"COMMUNIQU\u00c9 : FIN DE CONTRAT DE BREFO MENSAH ! - le regard du sportif","robots":{"index":"index","follow":"follow","max-snippet":"max-snippet:-1","max-image-preview":"max-image-preview:large","max-video-preview":"max-video-preview:-1"},"canonical":"https:\/\/oeilsportif.info\/index.php\/communique-fin-de-contrat-de-brefo-mensah\/","og_locale":"fr_FR","og_type":"article","og_title":"COMMUNIQU\u00c9 : FIN DE CONTRAT DE BREFO MENSAH ! - le regard du sportif","og_description":"La Direction du Horoya Athletic Club informe l\u2019ensemble de ses supporters de sa s\u00e9paration avec son milieu de terrain ghan\u00e9en Brefo MENSAH. Arriv\u00e9 au club en juin 2015 en provenance de l\u2019ASEC Mimosas, Brefo MENSAH s\u2019est rapidement d\u00e9marqu\u00e9 \u00e0 travers sa technique et son excellente lecture de jeu. Milieu de terrain tr\u00e8s \u00e9l\u00e9gant, il fut [&hellip;]","og_url":"https:\/\/oeilsportif.info\/index.php\/communique-fin-de-contrat-de-brefo-mensah\/","og_site_name":"le regard du sportif","article_published_time":"2022-05-30T19:20:52+00:00","og_image":[{"width":1080,"height":1351,"url":"https:\/\/oeilsportif.info\/wp-content\/uploads\/2022\/05\/FB_IMG_1653938003631.jpg","type":"image\/jpeg"}],"author":"L'Equipe de la R\u00e9daction","twitter_misc":{"\u00c9crit par":"L'Equipe de la R\u00e9daction","Dur\u00e9e de lecture estim\u00e9e":"1 minute"},"schema":{"@context":"https:\/\/schema.org","@graph":[{"@type":"Article","@id":"https:\/\/oeilsportif.info\/index.php\/communique-fin-de-contrat-de-brefo-mensah\/#article","isPartOf":{"@id":"https:\/\/oeilsportif.info\/index.php\/communique-fin-de-contrat-de-brefo-mensah\/"},"author":{"name":"L'Equipe de la R\u00e9daction","@id":"https:\/\/oeilsportif.info\/#\/schema\/person\/cfbded294aa6095f7d96608d7905e9a1"},"headline":"COMMUNIQU\u00c9 : FIN DE CONTRAT DE BREFO MENSAH !","datePublished":"2022-05-30T19:20:52+00:00","mainEntityOfPage":{"@id":"https:\/\/oeilsportif.info\/index.php\/communique-fin-de-contrat-de-brefo-mensah\/"},"wordCount":174,"image":{"@id":"https:\/\/oeilsportif.info\/index.php\/communique-fin-de-contrat-de-brefo-mensah\/#primaryimage"},"thumbnailUrl":"https:\/\/i0.wp.com\/oeilsportif.info\/wp-content\/uploads\/2022\/05\/FB_IMG_1653938003631.jpg?fit=1080%2C1351&ssl=1","articleSection":["Football"],"inLanguage":"fr-FR"},{"@type":"WebPage","@id":"https:\/\/oeilsportif.info\/index.php\/communique-fin-de-contrat-de-brefo-mensah\/","url":"https:\/\/oeilsportif.info\/index.php\/communique-fin-de-contrat-de-brefo-mensah\/","name":"COMMUNIQU\u00c9 : FIN DE CONTRAT DE BREFO MENSAH ! - le regard du sportif","isPartOf":{"@id":"https:\/\/oeilsportif.info\/#website"},"primaryImageOfPage":{"@id":"https:\/\/oeilsportif.info\/index.php\/communique-fin-de-contrat-de-brefo-mensah\/#primaryimage"},"image":{"@id":"https:\/\/oeilsportif.info\/index.php\/communique-fin-de-contrat-de-brefo-mensah\/#primaryimage"},"thumbnailUrl":"https:\/\/i0.wp.com\/oeilsportif.info\/wp-content\/uploads\/2022\/05\/FB_IMG_1653938003631.jpg?fit=1080%2C1351&ssl=1","datePublished":"2022-05-30T19:20:52+00:00","author":{"@id":"https:\/\/oeilsportif.info\/#\/schema\/person\/cfbded294aa6095f7d96608d7905e9a1"},"inLanguage":"fr-FR","potentialAction":[{"@type":"ReadAction","target":["https:\/\/oeilsportif.info\/index.php\/communique-fin-de-contrat-de-brefo-mensah\/"]}]},{"@type":"ImageObject","inLanguage":"fr-FR","@id":"https:\/\/oeilsportif.info\/index.php\/communique-fin-de-contrat-de-brefo-mensah\/#primaryimage","url":"https:\/\/i0.wp.com\/oeilsportif.info\/wp-content\/uploads\/2022\/05\/FB_IMG_1653938003631.jpg?fit=1080%2C1351&ssl=1","contentUrl":"https:\/\/i0.wp.com\/oeilsportif.info\/wp-content\/uploads\/2022\/05\/FB_IMG_1653938003631.jpg?fit=1080%2C1351&ssl=1","width":1080,"height":1351},{"@type":"WebSite","@id":"https:\/\/oeilsportif.info\/#website","url":"https:\/\/oeilsportif.info\/","name":"le regard du sportif","description":"","potentialAction":[{"@type":"SearchAction","target":{"@type":"EntryPoint","urlTemplate":"https:\/\/oeilsportif.info\/?s={search_term_string}"},"query-input":{"@type":"PropertyValueSpecification","valueRequired":true,"valueName":"search_term_string"}}],"inLanguage":"fr-FR"},{"@type":"Person","@id":"https:\/\/oeilsportif.info\/#\/schema\/person\/cfbded294aa6095f7d96608d7905e9a1","name":"L'Equipe de la R\u00e9daction","image":{"@type":"ImageObject","inLanguage":"fr-FR","@id":"https:\/\/oeilsportif.info\/wp-content\/uploads\/2025\/07\/cropped-cropped-logo-os-96x96.jpeg","url":"https:\/\/oeilsportif.info\/wp-content\/uploads\/2025\/07\/cropped-cropped-logo-os-96x96.jpeg","contentUrl":"https:\/\/oeilsportif.info\/wp-content\/uploads\/2025\/07\/cropped-cropped-logo-os-96x96.jpeg","caption":"L'Equipe de la R\u00e9daction"},"url":"https:\/\/oeilsportif.info\/index.php\/author\/tawel\/"}]}},"jetpack_publicize_connections":[],"jetpack_featured_media_url":"https:\/\/i0.wp.com\/oeilsportif.info\/wp-content\/uploads\/2022\/05\/FB_IMG_1653938003631.jpg?fit=1080%2C1351&ssl=1","jetpack-related-posts":[],"jetpack_sharing_enabled":true,"jetpack_likes_enabled":true,"jetpack_shortlink":"https:\/\/wp.me\/pgFE77-8N","_links":{"self":[{"href":"https:\/\/oeilsportif.info\/index.php\/wp-json\/wp\/v2\/posts\/545","targetHints":{"allow":["GET"]}}],"collection":[{"href":"https:\/\/oeilsportif.info\/index.php\/wp-json\/wp\/v2\/posts"}],"about":[{"href":"https:\/\/oeilsportif.info\/index.php\/wp-json\/wp\/v2\/types\/post"}],"author":[{"embeddable":true,"href":"https:\/\/oeilsportif.info\/index.php\/wp-json\/wp\/v2\/users\/2"}],"replies":[{"embeddable":true,"href":"https:\/\/oeilsportif.info\/index.php\/wp-json\/wp\/v2\/comments?post=545"}],"version-history":[{"count":0,"href":"https:\/\/oeilsportif.info\/index.php\/wp-json\/wp\/v2\/posts\/545\/revisions"}],"wp:featuredmedia":[{"embeddable":true,"href":"https:\/\/oeilsportif.info\/index.php\/wp-json\/wp\/v2\/media\/546"}],"wp:attachment":[{"href":"https:\/\/oeilsportif.info\/index.php\/wp-json\/wp\/v2\/media?parent=545"}],"wp:term":[{"taxonomy":"category","embeddable":true,"href":"https:\/\/oeilsportif.info\/index.php\/wp-json\/wp\/v2\/categories?post=545"},{"taxonomy":"post_tag","embeddable":true,"href":"https:\/\/oeilsportif.info\/index.php\/wp-json\/wp\/v2\/tags?post=545"}],"curies":[{"name":"wp","href":"https:\/\/api.w.org\/{rel}","templated":true}]}}